{"id":54502,"date":"2023-11-23T14:39:39","date_gmt":"2023-11-23T14:39:39","guid":{"rendered":"https:\/\/www.africa-press.net\/tchad\/politique\/le-cnt-examine-la-loi-damnistie-generale-post-insurrection"},"modified":"2023-11-23T16:23:41","modified_gmt":"2023-11-23T16:23:41","slug":"le-cnt-examine-la-loi-damnistie-generale-post-insurrection","status":"publish","type":"post","link":"https:\/\/www.africa-press.net\/tchad\/politique\/le-cnt-examine-la-loi-damnistie-generale-post-insurrection","title":{"rendered":"Le CNT examine la loi d\u2019amnistie g\u00e9n\u00e9rale post-insurrection"},"content":{"rendered":"<p><span style=\"color: #ff6600\"><strong>Africa-Press &#8211; Tchad. <\/strong><\/span>Selon le gouvernement, l&rsquo;initiative fait suite aux troubles civils provoque\u0301s par l&rsquo;opposition aux re\u0301sultats du Dialogue National Inclusif et Souverain, qui ont entrai\u0302ne\u0301 de multiples infractions et des pertes en vies humaines. Certains des individus implique\u0301s ont e\u0301te\u0301 arre\u0302te\u0301s, juge\u0301s et condamne\u0301s, tandis que d&rsquo;autres sont en fuite. Le projet de loi avait e\u0301te\u0301 pre\u0301sente\u0301 et adopte\u0301 lors du dernier conseil des ministres.<\/p>\n<p>Un accord, signe\u0301 a\u0300 Kinshasa avec l&rsquo;appui du facilitateur de la Communaute\u0301 E\u0301conomique des E\u0301tats de l&rsquo;Afrique Centrale (CEEAC), le Pre\u0301sident congolais Fe\u0301lix Tshisekedi, sous-tend cette de\u0301marche d&rsquo;amnistie. Elle pre\u0301voit la cessation des poursuites judiciaires contre les civils et militaires concerne\u0301s, inde\u0301pendamment du statut de leur condamnation.<\/p>\n<p>Cette loi constitue une mesure d\u2019apaisement du gouvernement de transition, refle\u0301tant une volonte\u0301 de re\u0301conciliation nationale et d\u2019abandon des poursuites pour consolider l&rsquo;unite\u0301 du pays.<\/p>\n<p><strong>Pour plus d&rsquo;informations et d&rsquo;analyses sur la <a href=\"https:\/\/www.africa-press.net\/tchad\">Tchad<\/a>, suivez <a href=\"https:\/\/www.africa-press.net\/\">Africa-Press<\/a><\/strong><\/p>\n","protected":false},"excerpt":{"rendered":"<p>Africa-Press &#8211; Tchad. Selon le gouvernement, l&rsquo;initiative fait suite aux troubles civils provoque\u0301s par l&rsquo;opposition aux re\u0301sultats du Dialogue National Inclusif et Souverain, qui ont entrai\u0302ne\u0301 de multiples infractions et des pertes en vies humaines. Certains des individus implique\u0301s ont e\u0301te\u0301 arre\u0302te\u0301s, juge\u0301s et condamne\u0301s, tandis que d&rsquo;autres sont en fuite. Le projet de loi [&hellip;]<\/p>\n","protected":false},"author":82,"featured_media":54500,"comment_status":"open","ping_status":"closed","sticky":false,"template":"","format":"standard","meta":{"footnotes":""},"categories":[2,10],"tags":[37,292,29],"class_list":["post-54502","post","type-post","status-publish","format-standard","has-post-thumbnail","hentry","category-politique","category-toutes-les-actualites","tag-africa-press","tag-africa-press-tchad","tag-tchad"],"yoast_head":"<!-- This site is optimized with the Yoast SEO Premium plugin v26.1 (Yoast SEO v27.0) - https:\/\/yoast.com\/product\/yoast-seo-premium-wordpress\/ -->\n<title>Le CNT examine la loi d\u2019amnistie g\u00e9n\u00e9rale post-insurrection - tchad<\/title>\n<meta name=\"description\" content=\"Selon le gouvernement, l&#039;initiative fait suite aux troubles civils provoque\u0301s par l&#039;opposition aux re\u0301sultats du Dialogu ...\" \/>\n<meta name=\"robots\" content=\"index, follow, max-snippet:-1, max-image-preview:large, max-video-preview:-1\" \/>\n<link rel=\"canonical\" href=\"https:\/\/www.africa-press.net\/tchad\/politique\/le-cnt-examine-la-loi-damnistie-generale-post-insurrection\" \/>\n<meta property=\"og:locale\" content=\"fr_FR\" \/>\n<meta property=\"og:type\" content=\"article\" \/>\n<meta property=\"og:title\" content=\"Le CNT examine la loi d\u2019amnistie g\u00e9n\u00e9rale post-insurrection\" \/>\n<meta property=\"og:description\" content=\"Selon le gouvernement, l&#039;initiative fait suite aux troubles civils provoque\u0301s par l&#039;opposition aux re\u0301sultats du Dialogu ...\" \/>\n<meta property=\"og:url\" content=\"https:\/\/www.africa-press.net\/tchad\/politique\/le-cnt-examine-la-loi-damnistie-generale-post-insurrection\" \/>\n<meta property=\"og:site_name\" content=\"tchad\" \/>\n<meta property=\"article:published_time\" content=\"2023-11-23T14:39:39+00:00\" \/>\n<meta property=\"article:modified_time\" content=\"2023-11-23T16:23:41+00:00\" \/>\n<meta property=\"og:image\" content=\"https:\/\/static.africa-press.net\/tchad\/sites\/41\/2023\/11\/sm_1700743956.176113.jpg\" \/>\n\t<meta property=\"og:image:width\" content=\"1024\" \/>\n\t<meta property=\"og:image:height\" content=\"683\" \/>\n\t<meta property=\"og:image:type\" content=\"image\/jpeg\" \/>\n<meta name=\"author\" content=\"cfeditorfr\" \/>\n<meta name=\"twitter:card\" content=\"summary_large_image\" \/>\n<meta name=\"twitter:label1\" content=\"\u00c9crit par\" \/>\n\t<meta name=\"twitter:data1\" content=\"cfeditorfr\" \/>\n\t<meta name=\"twitter:label2\" content=\"Dur\u00e9e de lecture estim\u00e9e\" \/>\n\t<meta name=\"twitter:data2\" content=\"1 minute\" \/>\n<script type=\"application\/ld+json\" class=\"yoast-schema-graph\">{\"@context\":\"https:\/\/schema.org\",\"@graph\":[{\"@type\":\"Article\",\"@id\":\"https:\/\/www.africa-press.net\/tchad\/politique\/le-cnt-examine-la-loi-damnistie-generale-post-insurrection#article\",\"isPartOf\":{\"@id\":\"https:\/\/www.africa-press.net\/tchad\/politique\/le-cnt-examine-la-loi-damnistie-generale-post-insurrection\"},\"author\":{\"name\":\"cfeditorfr\",\"@id\":\"https:\/\/www.africa-press.net\/tchad\/#\/schema\/person\/2b1cf3cd81a31e3cd26889ca66d677f1\"},\"headline\":\"Le CNT examine la loi d\u2019amnistie g\u00e9n\u00e9rale post-insurrection\",\"datePublished\":\"2023-11-23T14:39:39+00:00\",\"dateModified\":\"2023-11-23T16:23:41+00:00\",\"mainEntityOfPage\":{\"@id\":\"https:\/\/www.africa-press.net\/tchad\/politique\/le-cnt-examine-la-loi-damnistie-generale-post-insurrection\"},\"wordCount\":191,\"commentCount\":0,\"image\":{\"@id\":\"https:\/\/www.africa-press.net\/tchad\/politique\/le-cnt-examine-la-loi-damnistie-generale-post-insurrection#primaryimage\"},\"thumbnailUrl\":\"https:\/\/static.africa-press.net\/tchad\/sites\/41\/2023\/11\/sm_1700743956.176113.jpg\",\"keywords\":[\"Africa Press\",\"Africa Press-Tchad\",\"Tchad\"],\"articleSection\":[\"Politique\",\"Toutes les actualit\u00e9s\"],\"inLanguage\":\"fr-FR\",\"potentialAction\":[{\"@type\":\"CommentAction\",\"name\":\"Comment\",\"target\":[\"https:\/\/www.africa-press.net\/tchad\/politique\/le-cnt-examine-la-loi-damnistie-generale-post-insurrection#respond\"]}]},{\"@type\":\"WebPage\",\"@id\":\"https:\/\/www.africa-press.net\/tchad\/politique\/le-cnt-examine-la-loi-damnistie-generale-post-insurrection\",\"url\":\"https:\/\/www.africa-press.net\/tchad\/politique\/le-cnt-examine-la-loi-damnistie-generale-post-insurrection\",\"name\":\"Le CNT examine la loi d\u2019amnistie g\u00e9n\u00e9rale post-insurrection - tchad\",\"isPartOf\":{\"@id\":\"https:\/\/www.africa-press.net\/tchad\/#website\"},\"primaryImageOfPage\":{\"@id\":\"https:\/\/www.africa-press.net\/tchad\/politique\/le-cnt-examine-la-loi-damnistie-generale-post-insurrection#primaryimage\"},\"image\":{\"@id\":\"https:\/\/www.africa-press.net\/tchad\/politique\/le-cnt-examine-la-loi-damnistie-generale-post-insurrection#primaryimage\"},\"thumbnailUrl\":\"https:\/\/static.africa-press.net\/tchad\/sites\/41\/2023\/11\/sm_1700743956.176113.jpg\",\"datePublished\":\"2023-11-23T14:39:39+00:00\",\"dateModified\":\"2023-11-23T16:23:41+00:00\",\"author\":{\"@id\":\"https:\/\/www.africa-press.net\/tchad\/#\/schema\/person\/2b1cf3cd81a31e3cd26889ca66d677f1\"},\"description\":\"Selon le gouvernement, l'initiative fait suite aux troubles civils provoque\u0301s par l'opposition aux re\u0301sultats du Dialogu ...\",\"breadcrumb\":{\"@id\":\"https:\/\/www.africa-press.net\/tchad\/politique\/le-cnt-examine-la-loi-damnistie-generale-post-insurrection#breadcrumb\"},\"inLanguage\":\"fr-FR\",\"potentialAction\":[{\"@type\":\"ReadAction\",\"target\":[\"https:\/\/www.africa-press.net\/tchad\/politique\/le-cnt-examine-la-loi-damnistie-generale-post-insurrection\"]}]},{\"@type\":\"ImageObject\",\"inLanguage\":\"fr-FR\",\"@id\":\"https:\/\/www.africa-press.net\/tchad\/politique\/le-cnt-examine-la-loi-damnistie-generale-post-insurrection#primaryimage\",\"url\":\"https:\/\/static.africa-press.net\/tchad\/sites\/41\/2023\/11\/sm_1700743956.176113.jpg\",\"contentUrl\":\"https:\/\/static.africa-press.net\/tchad\/sites\/41\/2023\/11\/sm_1700743956.176113.jpg\",\"width\":1024,\"height\":683,\"caption\":\"Le CNT examine la loi d\u2019amnistie g\u00e9n\u00e9rale post-insurrection\"},{\"@type\":\"BreadcrumbList\",\"@id\":\"https:\/\/www.africa-press.net\/tchad\/politique\/le-cnt-examine-la-loi-damnistie-generale-post-insurrection#breadcrumb\",\"itemListElement\":[{\"@type\":\"ListItem\",\"position\":1,\"name\":\"Accueil\",\"item\":\"https:\/\/www.africa-press.net\/tchad\/\"},{\"@type\":\"ListItem\",\"position\":2,\"name\":\"Le CNT examine la loi d\u2019amnistie g\u00e9n\u00e9rale post-insurrection\"}]},{\"@type\":\"WebSite\",\"@id\":\"https:\/\/www.africa-press.net\/tchad\/#website\",\"url\":\"https:\/\/www.africa-press.net\/tchad\/\",\"name\":\"tchad\",\"description\":\"Just another Africa News Agency Sites site\",\"potentialAction\":[{\"@type\":\"SearchAction\",\"target\":{\"@type\":\"EntryPoint\",\"urlTemplate\":\"https:\/\/www.africa-press.net\/tchad\/?s={search_term_string}\"},\"query-input\":{\"@type\":\"PropertyValueSpecification\",\"valueRequired\":true,\"valueName\":\"search_term_string\"}}],\"inLanguage\":\"fr-FR\"},{\"@type\":\"Person\",\"@id\":\"https:\/\/www.africa-press.net\/tchad\/#\/schema\/person\/2b1cf3cd81a31e3cd26889ca66d677f1\",\"name\":\"cfeditorfr\"}]}<\/script>\n<!-- \/ Yoast SEO Premium plugin. -->","yoast_head_json":{"title":"Le CNT examine la loi d\u2019amnistie g\u00e9n\u00e9rale post-insurrection - tchad","description":"Selon le gouvernement, l'initiative fait suite aux troubles civils provoque\u0301s par l'opposition aux re\u0301sultats du Dialogu ...","robots":{"index":"index","follow":"follow","max-snippet":"max-snippet:-1","max-image-preview":"max-image-preview:large","max-video-preview":"max-video-preview:-1"},"canonical":"https:\/\/www.africa-press.net\/tchad\/politique\/le-cnt-examine-la-loi-damnistie-generale-post-insurrection","og_locale":"fr_FR","og_type":"article","og_title":"Le CNT examine la loi d\u2019amnistie g\u00e9n\u00e9rale post-insurrection","og_description":"Selon le gouvernement, l'initiative fait suite aux troubles civils provoque\u0301s par l'opposition aux re\u0301sultats du Dialogu ...","og_url":"https:\/\/www.africa-press.net\/tchad\/politique\/le-cnt-examine-la-loi-damnistie-generale-post-insurrection","og_site_name":"tchad","article_published_time":"2023-11-23T14:39:39+00:00","article_modified_time":"2023-11-23T16:23:41+00:00","og_image":[{"width":1024,"height":683,"url":"https:\/\/static.africa-press.net\/tchad\/sites\/41\/2023\/11\/sm_1700743956.176113.jpg","type":"image\/jpeg"}],"author":"cfeditorfr","twitter_card":"summary_large_image","twitter_misc":{"\u00c9crit par":"cfeditorfr","Dur\u00e9e de lecture estim\u00e9e":"1 minute"},"schema":{"@context":"https:\/\/schema.org","@graph":[{"@type":"Article","@id":"https:\/\/www.africa-press.net\/tchad\/politique\/le-cnt-examine-la-loi-damnistie-generale-post-insurrection#article","isPartOf":{"@id":"https:\/\/www.africa-press.net\/tchad\/politique\/le-cnt-examine-la-loi-damnistie-generale-post-insurrection"},"author":{"name":"cfeditorfr","@id":"https:\/\/www.africa-press.net\/tchad\/#\/schema\/person\/2b1cf3cd81a31e3cd26889ca66d677f1"},"headline":"Le CNT examine la loi d\u2019amnistie g\u00e9n\u00e9rale post-insurrection","datePublished":"2023-11-23T14:39:39+00:00","dateModified":"2023-11-23T16:23:41+00:00","mainEntityOfPage":{"@id":"https:\/\/www.africa-press.net\/tchad\/politique\/le-cnt-examine-la-loi-damnistie-generale-post-insurrection"},"wordCount":191,"commentCount":0,"image":{"@id":"https:\/\/www.africa-press.net\/tchad\/politique\/le-cnt-examine-la-loi-damnistie-generale-post-insurrection#primaryimage"},"thumbnailUrl":"https:\/\/static.africa-press.net\/tchad\/sites\/41\/2023\/11\/sm_1700743956.176113.jpg","keywords":["Africa Press","Africa Press-Tchad","Tchad"],"articleSection":["Politique","Toutes les actualit\u00e9s"],"inLanguage":"fr-FR","potentialAction":[{"@type":"CommentAction","name":"Comment","target":["https:\/\/www.africa-press.net\/tchad\/politique\/le-cnt-examine-la-loi-damnistie-generale-post-insurrection#respond"]}]},{"@type":"WebPage","@id":"https:\/\/www.africa-press.net\/tchad\/politique\/le-cnt-examine-la-loi-damnistie-generale-post-insurrection","url":"https:\/\/www.africa-press.net\/tchad\/politique\/le-cnt-examine-la-loi-damnistie-generale-post-insurrection","name":"Le CNT examine la loi d\u2019amnistie g\u00e9n\u00e9rale post-insurrection - tchad","isPartOf":{"@id":"https:\/\/www.africa-press.net\/tchad\/#website"},"primaryImageOfPage":{"@id":"https:\/\/www.africa-press.net\/tchad\/politique\/le-cnt-examine-la-loi-damnistie-generale-post-insurrection#primaryimage"},"image":{"@id":"https:\/\/www.africa-press.net\/tchad\/politique\/le-cnt-examine-la-loi-damnistie-generale-post-insurrection#primaryimage"},"thumbnailUrl":"https:\/\/static.africa-press.net\/tchad\/sites\/41\/2023\/11\/sm_1700743956.176113.jpg","datePublished":"2023-11-23T14:39:39+00:00","dateModified":"2023-11-23T16:23:41+00:00","author":{"@id":"https:\/\/www.africa-press.net\/tchad\/#\/schema\/person\/2b1cf3cd81a31e3cd26889ca66d677f1"},"description":"Selon le gouvernement, l'initiative fait suite aux troubles civils provoque\u0301s par l'opposition aux re\u0301sultats du Dialogu ...","breadcrumb":{"@id":"https:\/\/www.africa-press.net\/tchad\/politique\/le-cnt-examine-la-loi-damnistie-generale-post-insurrection#breadcrumb"},"inLanguage":"fr-FR","potentialAction":[{"@type":"ReadAction","target":["https:\/\/www.africa-press.net\/tchad\/politique\/le-cnt-examine-la-loi-damnistie-generale-post-insurrection"]}]},{"@type":"ImageObject","inLanguage":"fr-FR","@id":"https:\/\/www.africa-press.net\/tchad\/politique\/le-cnt-examine-la-loi-damnistie-generale-post-insurrection#primaryimage","url":"https:\/\/static.africa-press.net\/tchad\/sites\/41\/2023\/11\/sm_1700743956.176113.jpg","contentUrl":"https:\/\/static.africa-press.net\/tchad\/sites\/41\/2023\/11\/sm_1700743956.176113.jpg","width":1024,"height":683,"caption":"Le CNT examine la loi d\u2019amnistie g\u00e9n\u00e9rale post-insurrection"},{"@type":"BreadcrumbList","@id":"https:\/\/www.africa-press.net\/tchad\/politique\/le-cnt-examine-la-loi-damnistie-generale-post-insurrection#breadcrumb","itemListElement":[{"@type":"ListItem","position":1,"name":"Accueil","item":"https:\/\/www.africa-press.net\/tchad\/"},{"@type":"ListItem","position":2,"name":"Le CNT examine la loi d\u2019amnistie g\u00e9n\u00e9rale post-insurrection"}]},{"@type":"WebSite","@id":"https:\/\/www.africa-press.net\/tchad\/#website","url":"https:\/\/www.africa-press.net\/tchad\/","name":"tchad","description":"Just another Africa News Agency Sites site","potentialAction":[{"@type":"SearchAction","target":{"@type":"EntryPoint","urlTemplate":"https:\/\/www.africa-press.net\/tchad\/?s={search_term_string}"},"query-input":{"@type":"PropertyValueSpecification","valueRequired":true,"valueName":"search_term_string"}}],"inLanguage":"fr-FR"},{"@type":"Person","@id":"https:\/\/www.africa-press.net\/tchad\/#\/schema\/person\/2b1cf3cd81a31e3cd26889ca66d677f1","name":"cfeditorfr"}]}},"_links":{"self":[{"href":"https:\/\/www.africa-press.net\/tchad\/wp-json\/wp\/v2\/posts\/54502","targetHints":{"allow":["GET"]}}],"collection":[{"href":"https:\/\/www.africa-press.net\/tchad\/wp-json\/wp\/v2\/posts"}],"about":[{"href":"https:\/\/www.africa-press.net\/tchad\/wp-json\/wp\/v2\/types\/post"}],"author":[{"embeddable":true,"href":"https:\/\/www.africa-press.net\/tchad\/wp-json\/wp\/v2\/users\/82"}],"replies":[{"embeddable":true,"href":"https:\/\/www.africa-press.net\/tchad\/wp-json\/wp\/v2\/comments?post=54502"}],"version-history":[{"count":0,"href":"https:\/\/www.africa-press.net\/tchad\/wp-json\/wp\/v2\/posts\/54502\/revisions"}],"wp:featuredmedia":[{"embeddable":true,"href":"https:\/\/www.africa-press.net\/tchad\/wp-json\/wp\/v2\/media\/54500"}],"wp:attachment":[{"href":"https:\/\/www.africa-press.net\/tchad\/wp-json\/wp\/v2\/media?parent=54502"}],"wp:term":[{"taxonomy":"category","embeddable":true,"href":"https:\/\/www.africa-press.net\/tchad\/wp-json\/wp\/v2\/categories?post=54502"},{"taxonomy":"post_tag","embeddable":true,"href":"https:\/\/www.africa-press.net\/tchad\/wp-json\/wp\/v2\/tags?post=54502"}],"curies":[{"name":"wp","href":"https:\/\/api.w.org\/{rel}","templated":true}]}}