{"id":54517,"date":"2023-11-24T06:37:20","date_gmt":"2023-11-24T06:37:20","guid":{"rendered":"https:\/\/www.africa-press.net\/tchad\/politique\/evenements-du-20-octobre-2022-amnistie-generale-pour-toutes-les-personnes-impliquees"},"modified":"2023-11-24T19:17:47","modified_gmt":"2023-11-24T19:17:47","slug":"evenements-du-20-octobre-2022-amnistie-generale-pour-toutes-les-personnes-impliquees","status":"publish","type":"post","link":"https:\/\/www.africa-press.net\/tchad\/politique\/evenements-du-20-octobre-2022-amnistie-generale-pour-toutes-les-personnes-impliquees","title":{"rendered":"Ev\u00e9nements du 20 octobre 2022 : amnistie g\u00e9n\u00e9rale pour toutes les personnes impliqu\u00e9es"},"content":{"rendered":"<p><span style=\"color: #ff6600\"><strong>Africa-Press &#8211; Tchad. <\/strong><\/span>Suite a\u0300 une me\u0301diation du pre\u0301sident de la Re\u0301publique de\u0301mocratique du Congo entre les autorite\u0301s tchadiennes et l&rsquo;opposition mene\u0301e par Succe\u0300s Masra<\/p>\n<p>Le Conseil national de la Transition (CNT) au Tchad a adopte\u0301 jeudi le projet de loi portant amnistie pour toutes les personnes implique\u0301es dans les e\u0301ve\u0301nements sanglants du 20 octobre 2022.<\/p>\n<p>C&rsquo;est ce qu&rsquo;a rapporte\u0301 le journal en ligne de re\u0301fe\u0301rence au Tchad \u00ab\u00a0alwihdainfo.com\u00a0\u00bb, pre\u0301cisant que ladite loi a e\u0301te\u0301 vote\u0301e par 145 membres du CNT, alors que 6 de\u0301pute\u0301s ont vote\u0301 contre et deux autres se sont abstenus.<\/p>\n<p>Cette amnistie intervient quelques semaines apre\u0300s le retour d&rsquo;exil de l&rsquo;opposant Succe\u0300s Masra, le 31 octobre dernier, suite a\u0300 une me\u0301diation du pre\u0301sident congolais Fe\u0301lix Tshisekedi.<\/p>\n<p>Pour rappel, le 20 octobre 2022, un grand nombre de Tchadiens avaient investi les rues de N&rsquo;Djamena et d&rsquo;autres villes pour protester contre la prolongation de la transition et le maintien au pouvoir de Mahamat De\u0301by Itno pour deux anne\u0301es supple\u0301mentaires.<\/p>\n<p>Ces manifestations ont e\u0301te\u0301 re\u0301prime\u0301es dans le sang, avec un bilan assez lourd de 73 morts selon les autorite\u0301s et plus de 200 morts selon les ONG.<\/p>\n<p>Au moins 600 manifestants ont e\u0301te\u0301 arre\u0302te\u0301s, dont la plupart e\u0301taient des mineurs, avant qu&rsquo;une partie ne soit libe\u0301re\u0301e et une autre gracie\u0301e.<\/p>\n<p><strong>Pour plus d&rsquo;informations et d&rsquo;analyses sur la <a href=\"https:\/\/www.africa-press.net\/tchad\">Tchad<\/a>, suivez <a href=\"https:\/\/www.africa-press.net\/\">Africa-Press<\/a><\/strong><\/p>\n","protected":false},"excerpt":{"rendered":"<p>Africa-Press &#8211; Tchad. Suite a\u0300 une me\u0301diation du pre\u0301sident de la Re\u0301publique de\u0301mocratique du Congo entre les autorite\u0301s tchadiennes et l&rsquo;opposition mene\u0301e par Succe\u0300s Masra Le Conseil national de la Transition (CNT) au Tchad a adopte\u0301 jeudi le projet de loi portant amnistie pour toutes les personnes implique\u0301es dans les e\u0301ve\u0301nements sanglants du 20 octobre [&hellip;]<\/p>\n","protected":false},"author":82,"featured_media":54516,"comment_status":"open","ping_status":"closed","sticky":false,"template":"","format":"standard","meta":{"footnotes":""},"categories":[2,426,20,10],"tags":[37,292,4442,4440,4441,29],"class_list":["post-54517","post","type-post","status-publish","format-standard","has-post-thumbnail","hentry","category-politique","category-to-homepage","category-top-nouvelles","category-toutes-les-actualites","tag-africa-press","tag-africa-press-tchad","tag-amnisti","tag-evenements-du-20-octobre-2022","tag-loi","tag-tchad"],"yoast_head":"<!-- This site is optimized with the Yoast SEO Premium plugin v26.1 (Yoast SEO v27.0) - https:\/\/yoast.com\/product\/yoast-seo-premium-wordpress\/ -->\n<title>Ev\u00e9nements du 20 octobre 2022 : amnistie g\u00e9n\u00e9rale pour toutes les personnes impliqu\u00e9es - tchad<\/title>\n<meta name=\"description\" content=\"Suite a\u0300 une me\u0301diation du pre\u0301sident de la Re\u0301publique de\u0301mocratique du Congo entre les autorite\u0301s tchadiennes et l&#039;opp ...\" \/>\n<meta name=\"robots\" content=\"index, follow, max-snippet:-1, max-image-preview:large, max-video-preview:-1\" \/>\n<link rel=\"canonical\" href=\"https:\/\/www.africa-press.net\/tchad\/politique\/evenements-du-20-octobre-2022-amnistie-generale-pour-toutes-les-personnes-impliquees\" \/>\n<meta property=\"og:locale\" content=\"fr_FR\" \/>\n<meta property=\"og:type\" content=\"article\" \/>\n<meta property=\"og:title\" content=\"Ev\u00e9nements du 20 octobre 2022 : amnistie g\u00e9n\u00e9rale pour toutes les personnes impliqu\u00e9es\" \/>\n<meta property=\"og:description\" content=\"Suite a\u0300 une me\u0301diation du pre\u0301sident de la Re\u0301publique de\u0301mocratique du Congo entre les autorite\u0301s tchadiennes et l&#039;opp ...\" \/>\n<meta property=\"og:url\" content=\"https:\/\/www.africa-press.net\/tchad\/politique\/evenements-du-20-octobre-2022-amnistie-generale-pour-toutes-les-personnes-impliquees\" \/>\n<meta property=\"og:site_name\" content=\"tchad\" \/>\n<meta property=\"article:published_time\" content=\"2023-11-24T06:37:20+00:00\" \/>\n<meta property=\"article:modified_time\" content=\"2023-11-24T19:17:47+00:00\" \/>\n<meta property=\"og:image\" content=\"https:\/\/static.africa-press.net\/tchad\/sites\/41\/2023\/11\/sm_1700796893.949377.jpg\" \/>\n\t<meta property=\"og:image:width\" content=\"864\" \/>\n\t<meta property=\"og:image:height\" content=\"486\" \/>\n\t<meta property=\"og:image:type\" content=\"image\/jpeg\" \/>\n<meta name=\"author\" content=\"cfeditorfr\" \/>\n<meta name=\"twitter:card\" content=\"summary_large_image\" \/>\n<meta name=\"twitter:label1\" content=\"\u00c9crit par\" \/>\n\t<meta name=\"twitter:data1\" content=\"cfeditorfr\" \/>\n\t<meta name=\"twitter:label2\" content=\"Dur\u00e9e de lecture estim\u00e9e\" \/>\n\t<meta name=\"twitter:data2\" content=\"2 minutes\" \/>\n<script type=\"application\/ld+json\" class=\"yoast-schema-graph\">{\"@context\":\"https:\/\/schema.org\",\"@graph\":[{\"@type\":\"Article\",\"@id\":\"https:\/\/www.africa-press.net\/tchad\/politique\/evenements-du-20-octobre-2022-amnistie-generale-pour-toutes-les-personnes-impliquees#article\",\"isPartOf\":{\"@id\":\"https:\/\/www.africa-press.net\/tchad\/politique\/evenements-du-20-octobre-2022-amnistie-generale-pour-toutes-les-personnes-impliquees\"},\"author\":{\"name\":\"cfeditorfr\",\"@id\":\"https:\/\/www.africa-press.net\/tchad\/#\/schema\/person\/2b1cf3cd81a31e3cd26889ca66d677f1\"},\"headline\":\"Ev\u00e9nements du 20 octobre 2022 : amnistie g\u00e9n\u00e9rale pour toutes les personnes impliqu\u00e9es\",\"datePublished\":\"2023-11-24T06:37:20+00:00\",\"dateModified\":\"2023-11-24T19:17:47+00:00\",\"mainEntityOfPage\":{\"@id\":\"https:\/\/www.africa-press.net\/tchad\/politique\/evenements-du-20-octobre-2022-amnistie-generale-pour-toutes-les-personnes-impliquees\"},\"wordCount\":272,\"commentCount\":0,\"image\":{\"@id\":\"https:\/\/www.africa-press.net\/tchad\/politique\/evenements-du-20-octobre-2022-amnistie-generale-pour-toutes-les-personnes-impliquees#primaryimage\"},\"thumbnailUrl\":\"https:\/\/static.africa-press.net\/tchad\/sites\/41\/2023\/11\/sm_1700796893.949377.jpg\",\"keywords\":[\"Africa Press\",\"Africa Press-Tchad\",\"Amnisti\",\"Ev\u00e9nements du 20 octobre 2022\",\"loi\",\"Tchad\"],\"articleSection\":[\"Politique\",\"to-homepage\",\"Top Nouvelles\",\"Toutes les actualit\u00e9s\"],\"inLanguage\":\"fr-FR\",\"potentialAction\":[{\"@type\":\"CommentAction\",\"name\":\"Comment\",\"target\":[\"https:\/\/www.africa-press.net\/tchad\/politique\/evenements-du-20-octobre-2022-amnistie-generale-pour-toutes-les-personnes-impliquees#respond\"]}]},{\"@type\":\"WebPage\",\"@id\":\"https:\/\/www.africa-press.net\/tchad\/politique\/evenements-du-20-octobre-2022-amnistie-generale-pour-toutes-les-personnes-impliquees\",\"url\":\"https:\/\/www.africa-press.net\/tchad\/politique\/evenements-du-20-octobre-2022-amnistie-generale-pour-toutes-les-personnes-impliquees\",\"name\":\"Ev\u00e9nements du 20 octobre 2022 : amnistie g\u00e9n\u00e9rale pour toutes les personnes impliqu\u00e9es - tchad\",\"isPartOf\":{\"@id\":\"https:\/\/www.africa-press.net\/tchad\/#website\"},\"primaryImageOfPage\":{\"@id\":\"https:\/\/www.africa-press.net\/tchad\/politique\/evenements-du-20-octobre-2022-amnistie-generale-pour-toutes-les-personnes-impliquees#primaryimage\"},\"image\":{\"@id\":\"https:\/\/www.africa-press.net\/tchad\/politique\/evenements-du-20-octobre-2022-amnistie-generale-pour-toutes-les-personnes-impliquees#primaryimage\"},\"thumbnailUrl\":\"https:\/\/static.africa-press.net\/tchad\/sites\/41\/2023\/11\/sm_1700796893.949377.jpg\",\"datePublished\":\"2023-11-24T06:37:20+00:00\",\"dateModified\":\"2023-11-24T19:17:47+00:00\",\"author\":{\"@id\":\"https:\/\/www.africa-press.net\/tchad\/#\/schema\/person\/2b1cf3cd81a31e3cd26889ca66d677f1\"},\"description\":\"Suite a\u0300 une me\u0301diation du pre\u0301sident de la Re\u0301publique de\u0301mocratique du Congo entre les autorite\u0301s tchadiennes et l'opp ...\",\"breadcrumb\":{\"@id\":\"https:\/\/www.africa-press.net\/tchad\/politique\/evenements-du-20-octobre-2022-amnistie-generale-pour-toutes-les-personnes-impliquees#breadcrumb\"},\"inLanguage\":\"fr-FR\",\"potentialAction\":[{\"@type\":\"ReadAction\",\"target\":[\"https:\/\/www.africa-press.net\/tchad\/politique\/evenements-du-20-octobre-2022-amnistie-generale-pour-toutes-les-personnes-impliquees\"]}]},{\"@type\":\"ImageObject\",\"inLanguage\":\"fr-FR\",\"@id\":\"https:\/\/www.africa-press.net\/tchad\/politique\/evenements-du-20-octobre-2022-amnistie-generale-pour-toutes-les-personnes-impliquees#primaryimage\",\"url\":\"https:\/\/static.africa-press.net\/tchad\/sites\/41\/2023\/11\/sm_1700796893.949377.jpg\",\"contentUrl\":\"https:\/\/static.africa-press.net\/tchad\/sites\/41\/2023\/11\/sm_1700796893.949377.jpg\",\"width\":864,\"height\":486,\"caption\":\"Ev\u00e9nements du 20 octobre 2022 : amnistie g\u00e9n\u00e9rale pour toutes les personnes impliqu\u00e9es\"},{\"@type\":\"BreadcrumbList\",\"@id\":\"https:\/\/www.africa-press.net\/tchad\/politique\/evenements-du-20-octobre-2022-amnistie-generale-pour-toutes-les-personnes-impliquees#breadcrumb\",\"itemListElement\":[{\"@type\":\"ListItem\",\"position\":1,\"name\":\"Accueil\",\"item\":\"https:\/\/www.africa-press.net\/tchad\/\"},{\"@type\":\"ListItem\",\"position\":2,\"name\":\"Ev\u00e9nements du 20 octobre 2022 : amnistie g\u00e9n\u00e9rale pour toutes les personnes impliqu\u00e9es\"}]},{\"@type\":\"WebSite\",\"@id\":\"https:\/\/www.africa-press.net\/tchad\/#website\",\"url\":\"https:\/\/www.africa-press.net\/tchad\/\",\"name\":\"tchad\",\"description\":\"Just another Africa News Agency Sites site\",\"potentialAction\":[{\"@type\":\"SearchAction\",\"target\":{\"@type\":\"EntryPoint\",\"urlTemplate\":\"https:\/\/www.africa-press.net\/tchad\/?s={search_term_string}\"},\"query-input\":{\"@type\":\"PropertyValueSpecification\",\"valueRequired\":true,\"valueName\":\"search_term_string\"}}],\"inLanguage\":\"fr-FR\"},{\"@type\":\"Person\",\"@id\":\"https:\/\/www.africa-press.net\/tchad\/#\/schema\/person\/2b1cf3cd81a31e3cd26889ca66d677f1\",\"name\":\"cfeditorfr\"}]}<\/script>\n<!-- \/ Yoast SEO Premium plugin. -->","yoast_head_json":{"title":"Ev\u00e9nements du 20 octobre 2022 : amnistie g\u00e9n\u00e9rale pour toutes les personnes impliqu\u00e9es - tchad","description":"Suite a\u0300 une me\u0301diation du pre\u0301sident de la Re\u0301publique de\u0301mocratique du Congo entre les autorite\u0301s tchadiennes et l'opp ...","robots":{"index":"index","follow":"follow","max-snippet":"max-snippet:-1","max-image-preview":"max-image-preview:large","max-video-preview":"max-video-preview:-1"},"canonical":"https:\/\/www.africa-press.net\/tchad\/politique\/evenements-du-20-octobre-2022-amnistie-generale-pour-toutes-les-personnes-impliquees","og_locale":"fr_FR","og_type":"article","og_title":"Ev\u00e9nements du 20 octobre 2022 : amnistie g\u00e9n\u00e9rale pour toutes les personnes impliqu\u00e9es","og_description":"Suite a\u0300 une me\u0301diation du pre\u0301sident de la Re\u0301publique de\u0301mocratique du Congo entre les autorite\u0301s tchadiennes et l'opp ...","og_url":"https:\/\/www.africa-press.net\/tchad\/politique\/evenements-du-20-octobre-2022-amnistie-generale-pour-toutes-les-personnes-impliquees","og_site_name":"tchad","article_published_time":"2023-11-24T06:37:20+00:00","article_modified_time":"2023-11-24T19:17:47+00:00","og_image":[{"width":864,"height":486,"url":"https:\/\/static.africa-press.net\/tchad\/sites\/41\/2023\/11\/sm_1700796893.949377.jpg","type":"image\/jpeg"}],"author":"cfeditorfr","twitter_card":"summary_large_image","twitter_misc":{"\u00c9crit par":"cfeditorfr","Dur\u00e9e de lecture estim\u00e9e":"2 minutes"},"schema":{"@context":"https:\/\/schema.org","@graph":[{"@type":"Article","@id":"https:\/\/www.africa-press.net\/tchad\/politique\/evenements-du-20-octobre-2022-amnistie-generale-pour-toutes-les-personnes-impliquees#article","isPartOf":{"@id":"https:\/\/www.africa-press.net\/tchad\/politique\/evenements-du-20-octobre-2022-amnistie-generale-pour-toutes-les-personnes-impliquees"},"author":{"name":"cfeditorfr","@id":"https:\/\/www.africa-press.net\/tchad\/#\/schema\/person\/2b1cf3cd81a31e3cd26889ca66d677f1"},"headline":"Ev\u00e9nements du 20 octobre 2022 : amnistie g\u00e9n\u00e9rale pour toutes les personnes impliqu\u00e9es","datePublished":"2023-11-24T06:37:20+00:00","dateModified":"2023-11-24T19:17:47+00:00","mainEntityOfPage":{"@id":"https:\/\/www.africa-press.net\/tchad\/politique\/evenements-du-20-octobre-2022-amnistie-generale-pour-toutes-les-personnes-impliquees"},"wordCount":272,"commentCount":0,"image":{"@id":"https:\/\/www.africa-press.net\/tchad\/politique\/evenements-du-20-octobre-2022-amnistie-generale-pour-toutes-les-personnes-impliquees#primaryimage"},"thumbnailUrl":"https:\/\/static.africa-press.net\/tchad\/sites\/41\/2023\/11\/sm_1700796893.949377.jpg","keywords":["Africa Press","Africa Press-Tchad","Amnisti","Ev\u00e9nements du 20 octobre 2022","loi","Tchad"],"articleSection":["Politique","to-homepage","Top Nouvelles","Toutes les actualit\u00e9s"],"inLanguage":"fr-FR","potentialAction":[{"@type":"CommentAction","name":"Comment","target":["https:\/\/www.africa-press.net\/tchad\/politique\/evenements-du-20-octobre-2022-amnistie-generale-pour-toutes-les-personnes-impliquees#respond"]}]},{"@type":"WebPage","@id":"https:\/\/www.africa-press.net\/tchad\/politique\/evenements-du-20-octobre-2022-amnistie-generale-pour-toutes-les-personnes-impliquees","url":"https:\/\/www.africa-press.net\/tchad\/politique\/evenements-du-20-octobre-2022-amnistie-generale-pour-toutes-les-personnes-impliquees","name":"Ev\u00e9nements du 20 octobre 2022 : amnistie g\u00e9n\u00e9rale pour toutes les personnes impliqu\u00e9es - tchad","isPartOf":{"@id":"https:\/\/www.africa-press.net\/tchad\/#website"},"primaryImageOfPage":{"@id":"https:\/\/www.africa-press.net\/tchad\/politique\/evenements-du-20-octobre-2022-amnistie-generale-pour-toutes-les-personnes-impliquees#primaryimage"},"image":{"@id":"https:\/\/www.africa-press.net\/tchad\/politique\/evenements-du-20-octobre-2022-amnistie-generale-pour-toutes-les-personnes-impliquees#primaryimage"},"thumbnailUrl":"https:\/\/static.africa-press.net\/tchad\/sites\/41\/2023\/11\/sm_1700796893.949377.jpg","datePublished":"2023-11-24T06:37:20+00:00","dateModified":"2023-11-24T19:17:47+00:00","author":{"@id":"https:\/\/www.africa-press.net\/tchad\/#\/schema\/person\/2b1cf3cd81a31e3cd26889ca66d677f1"},"description":"Suite a\u0300 une me\u0301diation du pre\u0301sident de la Re\u0301publique de\u0301mocratique du Congo entre les autorite\u0301s tchadiennes et l'opp ...","breadcrumb":{"@id":"https:\/\/www.africa-press.net\/tchad\/politique\/evenements-du-20-octobre-2022-amnistie-generale-pour-toutes-les-personnes-impliquees#breadcrumb"},"inLanguage":"fr-FR","potentialAction":[{"@type":"ReadAction","target":["https:\/\/www.africa-press.net\/tchad\/politique\/evenements-du-20-octobre-2022-amnistie-generale-pour-toutes-les-personnes-impliquees"]}]},{"@type":"ImageObject","inLanguage":"fr-FR","@id":"https:\/\/www.africa-press.net\/tchad\/politique\/evenements-du-20-octobre-2022-amnistie-generale-pour-toutes-les-personnes-impliquees#primaryimage","url":"https:\/\/static.africa-press.net\/tchad\/sites\/41\/2023\/11\/sm_1700796893.949377.jpg","contentUrl":"https:\/\/static.africa-press.net\/tchad\/sites\/41\/2023\/11\/sm_1700796893.949377.jpg","width":864,"height":486,"caption":"Ev\u00e9nements du 20 octobre 2022 : amnistie g\u00e9n\u00e9rale pour toutes les personnes impliqu\u00e9es"},{"@type":"BreadcrumbList","@id":"https:\/\/www.africa-press.net\/tchad\/politique\/evenements-du-20-octobre-2022-amnistie-generale-pour-toutes-les-personnes-impliquees#breadcrumb","itemListElement":[{"@type":"ListItem","position":1,"name":"Accueil","item":"https:\/\/www.africa-press.net\/tchad\/"},{"@type":"ListItem","position":2,"name":"Ev\u00e9nements du 20 octobre 2022 : amnistie g\u00e9n\u00e9rale pour toutes les personnes impliqu\u00e9es"}]},{"@type":"WebSite","@id":"https:\/\/www.africa-press.net\/tchad\/#website","url":"https:\/\/www.africa-press.net\/tchad\/","name":"tchad","description":"Just another Africa News Agency Sites site","potentialAction":[{"@type":"SearchAction","target":{"@type":"EntryPoint","urlTemplate":"https:\/\/www.africa-press.net\/tchad\/?s={search_term_string}"},"query-input":{"@type":"PropertyValueSpecification","valueRequired":true,"valueName":"search_term_string"}}],"inLanguage":"fr-FR"},{"@type":"Person","@id":"https:\/\/www.africa-press.net\/tchad\/#\/schema\/person\/2b1cf3cd81a31e3cd26889ca66d677f1","name":"cfeditorfr"}]}},"_links":{"self":[{"href":"https:\/\/www.africa-press.net\/tchad\/wp-json\/wp\/v2\/posts\/54517","targetHints":{"allow":["GET"]}}],"collection":[{"href":"https:\/\/www.africa-press.net\/tchad\/wp-json\/wp\/v2\/posts"}],"about":[{"href":"https:\/\/www.africa-press.net\/tchad\/wp-json\/wp\/v2\/types\/post"}],"author":[{"embeddable":true,"href":"https:\/\/www.africa-press.net\/tchad\/wp-json\/wp\/v2\/users\/82"}],"replies":[{"embeddable":true,"href":"https:\/\/www.africa-press.net\/tchad\/wp-json\/wp\/v2\/comments?post=54517"}],"version-history":[{"count":0,"href":"https:\/\/www.africa-press.net\/tchad\/wp-json\/wp\/v2\/posts\/54517\/revisions"}],"wp:featuredmedia":[{"embeddable":true,"href":"https:\/\/www.africa-press.net\/tchad\/wp-json\/wp\/v2\/media\/54516"}],"wp:attachment":[{"href":"https:\/\/www.africa-press.net\/tchad\/wp-json\/wp\/v2\/media?parent=54517"}],"wp:term":[{"taxonomy":"category","embeddable":true,"href":"https:\/\/www.africa-press.net\/tchad\/wp-json\/wp\/v2\/categories?post=54517"},{"taxonomy":"post_tag","embeddable":true,"href":"https:\/\/www.africa-press.net\/tchad\/wp-json\/wp\/v2\/tags?post=54517"}],"curies":[{"name":"wp","href":"https:\/\/api.w.org\/{rel}","templated":true}]}}