{"id":54522,"date":"2023-11-24T06:40:17","date_gmt":"2023-11-24T06:40:17","guid":{"rendered":"https:\/\/www.africa-press.net\/tchad\/politique\/la-politique-africaine-demmanuel-macron-dans-le-viseur-des-deputes"},"modified":"2023-11-24T06:40:17","modified_gmt":"2023-11-24T06:40:17","slug":"la-politique-africaine-demmanuel-macron-dans-le-viseur-des-deputes","status":"publish","type":"post","link":"https:\/\/www.africa-press.net\/tchad\/dossiers\/la-politique-africaine-demmanuel-macron-dans-le-viseur-des-deputes","title":{"rendered":"La politique africaine d\u2019Emmanuel Macron dans le viseur des d\u00e9put\u00e9s"},"content":{"rendered":"<p><b>Olorin Maquindus<\/b><\/p>\n<p><span style=\"color: #ff6600\"><strong>Africa-Press &#8211; Tchad. <\/strong><\/span>L\u2019e\u0301change est suffisamment rare pour e\u0302tre souligne\u0301. Mardi 21 novembre, au soir, un de\u0301bat sur la strate\u0301gie diplomatique de la France en Afrique s\u2019est tenu a\u0300 l\u2019Assemble\u0301e nationale entre les de\u0301pute\u0301s et deux ministres du gouvernement. Les diffe\u0301rentes prises de parole se sont appuye\u0301es sur la trentaine de propositions e\u0301labore\u0301es par les de\u0301pute\u0301s Bruno Fuchs (MoDem) et Miche\u0300le Tabarot (LR) dans un rapport de la mission d\u2019information parlementaire pre\u0301sente\u0301 mercredi 8 novembre, qui alertait sur la doctrine \u00ab illisible \u00bb de la France en Afrique.<\/p>\n<p>En introduction, la ministre de l\u2019Europe et des affaires e\u0301trange\u0300res, Catherine Colonna, a appele\u0301 a\u0300 \u00ab ba\u0302tir des partenariats respectueux et responsables dans lesquels chacun assume ses inte\u0301re\u0302ts re\u0301ciproques \u00bb. Dans le contexte de remise en cause des positions que Paris croyait e\u0301tablies, la cheffe de la diplomatie a assure\u0301 que la politique franc\u0327aise sur le continent africain \u00ab porte ses fruits \u00bb, tout en jugeant \u00ab le\u0301gitimes les questionnements qu\u2019ont pu susciter les diffe\u0301rentes crises qui se sont succe\u0301de\u0301 au Sahel \u00bb.<\/p>\n<p>Tandis que les soldats franc\u0327ais de\u0301ploye\u0301s au Niger sont \u00ab en cours de rapatriement \u00bb, comme s\u2019y est re\u0301solu Emmanuel Macron le 24 septembre sous la contrainte des putschistes au pouvoir a\u0300 Niamey, le ministre des arme\u0301es, Se\u0301bastien Lecornu, a pour sa part insiste\u0301 sur le risque terroriste que \u00ab fait peser la situation au Sahel \u00bb sur l\u2019Europe, bien qu\u2019aucun attentat n\u2019a e\u0301te\u0301 commandite\u0301 depuis cette re\u0301gion, et sur le \u00ab risque migratoire \u00bb qui la menacerait.<\/p>\n<p>Sortir la politique e\u0301trange\u0300re du domaine re\u0301serve\u0301 du chef de l\u2019Etat Soucieuse de ne pas \u00ab re\u0301duire l\u2019Afrique au seul Sahel \u00bb, Catherine Colonna a notamment mis en avant le rapport pilote\u0301 par Vincent Duclert sur la part de responsabilite\u0301 de la France dans le ge\u0301nocide des Tutsi au Rwanda en 1994 et les efforts de restitution d\u2019objets d\u2019arts africains.<\/p>\n<p>Seule personnalite\u0301 politique de premier plan a\u0300 e\u0302tre venue s\u2019exprimer dans l\u2019he\u0301micycle, Marine Le Pen a de\u0301nonce\u0301 \u00ab l\u2019absence de politique africaine de la France \u00bb. \u00ab Sous Emmanuel Macron, a souligne\u0301 la pre\u0301sidente du groupe Rassemblement national a\u0300 l\u2019Assemble\u0301e, cette politique a disparu dans un magma d\u2019erreurs, d\u2019incohe\u0301rences et de contradictions, dont la sinistre me\u0301saventure nige\u0301rienne de ces derniers mois aura e\u0301te\u0301 le point d\u2019orgue. \u00bb<\/p>\n<p>Miche\u0300le Tabarot, de\u0301pute\u0301e LR et core\u0301dactrice du rapport de 175 pages qui pre\u0301conise un \u00ab changement de style \u00bb, a aussi e\u0301pingle\u0301 les me\u0301dias publics a\u0300 qui elle reproche d\u2019e\u0302tre \u00ab malgre\u0301 eux \u00bb une caisse de re\u0301sonance des discours antifranc\u0327ais sur le continent. La de\u0301pute\u0301e de la 9e circonscription des Alpes-Maritimes estime en outre que la politique du gouvernement souffre du \u00ab pe\u0301che\u0301 originel du discours de Ouagadougou qui pre\u0301tendait tout re\u0301inventer et qui a clairement e\u0301choue\u0301 \u00bb. \u00ab Il faut ae\u0301rer la politique e\u0301trange\u0300re, ouvrir le domaine re\u0301serve\u0301 pour en faire un domaine partage\u0301 \u00bb, a-t-elle ajoute\u0301, en proposant qu\u2019au moins deux de\u0301bats parlementaires sur l\u2019Afrique se tiennent chaque anne\u0301e.<\/p>\n<p>Re\u0301former la politique des visas et l\u2019aide au de\u0301veloppement La critique de la concentration des de\u0301cisions a\u0300 l\u2019Elyse\u0301e et le manque de concertation dans l\u2019action du gouvernement re\u0301sonnent aussi de l\u2019autre co\u0302te\u0301 de l\u2019he\u0301micycle. Plusieurs de\u0301pute\u0301s de gauche ont notamment appele\u0301 a\u0300 renforcer le ro\u0302le des parlementaires dans l\u2019e\u0301laboration de la politique e\u0301trange\u0300re franc\u0327aise, a\u0300 l\u2019image d\u2019Anna Pic (Socialistes et apparente\u0301s) qui a plaide\u0301 pour une \u00ab de\u0301centralisation de\u0301cisionnelle \u00bb.<\/p>\n<p>Me\u0302me son de cloche au sein de La France insoumise qui, par la voix d\u2019Arnaud Le Gall, a sugge\u0301re\u0301 d\u2019en \u00ab finir avec la tradition des de\u0301bats erratiques et purement formels, puisqu\u2019ils ne sont suivis d\u2019aucun vote \u00bb.<\/p>\n<p>En re\u0301sonance avec le rapport de la mission d\u2019information parlementaire, plusieurs recommandations ont ainsi surgi du de\u0301bat, notamment sur la ne\u0301cessaire re\u0301forme en profondeur de l\u2019aide publique au de\u0301veloppement, la remise a\u0300 plat de la politique des visas, perc\u0327ue comme \u00ab humiliante \u00bb par les e\u0301lites africaines, et la fin annonce\u0301e du franc CFA.<\/p>\n<p><b>Source: Le Monde.fr<\/b><\/p>\n<p><strong>Pour plus d&rsquo;informations et d&rsquo;analyses sur la <a href=\"https:\/\/www.africa-press.net\/tchad\">Tchad<\/a>, suivez <a href=\"https:\/\/www.africa-press.net\/\">Africa-Press<\/a><\/strong><\/p>\n","protected":false},"excerpt":{"rendered":"<p>Olorin Maquindus Africa-Press &#8211; Tchad. L\u2019e\u0301change est suffisamment rare pour e\u0302tre souligne\u0301. Mardi 21 novembre, au soir, un de\u0301bat sur la strate\u0301gie diplomatique de la France en Afrique s\u2019est tenu a\u0300 l\u2019Assemble\u0301e nationale entre les de\u0301pute\u0301s et deux ministres du gouvernement. Les diffe\u0301rentes prises de parole se sont appuye\u0301es sur la trentaine de propositions e\u0301labore\u0301es [&hellip;]<\/p>\n","protected":false},"author":82,"featured_media":54520,"comment_status":"open","ping_status":"closed","sticky":false,"template":"","format":"standard","meta":{"footnotes":""},"categories":[7,10],"tags":[37,292,29],"class_list":["post-54522","post","type-post","status-publish","format-standard","has-post-thumbnail","hentry","category-dossiers","category-toutes-les-actualites","tag-africa-press","tag-africa-press-tchad","tag-tchad"],"yoast_head":"<!-- This site is optimized with the Yoast SEO Premium plugin v26.1 (Yoast SEO v27.0) - https:\/\/yoast.com\/product\/yoast-seo-premium-wordpress\/ -->\n<title>La politique africaine d\u2019Emmanuel Macron dans le viseur des d\u00e9put\u00e9s - tchad<\/title>\n<meta name=\"robots\" content=\"index, follow, max-snippet:-1, max-image-preview:large, max-video-preview:-1\" \/>\n<link rel=\"canonical\" href=\"https:\/\/www.africa-press.net\/tchad\/politique\/la-politique-africaine-demmanuel-macron-dans-le-viseur-des-deputes\" \/>\n<meta property=\"og:locale\" content=\"fr_FR\" \/>\n<meta property=\"og:type\" content=\"article\" \/>\n<meta property=\"og:title\" content=\"La politique africaine d\u2019Emmanuel Macron dans le viseur des d\u00e9put\u00e9s\" \/>\n<meta property=\"og:description\" content=\"Olorin Maquindus Africa-Press &#8211; Tchad. L\u2019e\u0301change est suffisamment rare pour e\u0302tre souligne\u0301. Mardi 21 novembre, au soir, un de\u0301bat sur la strate\u0301gie diplomatique de la France en Afrique s\u2019est tenu a\u0300 l\u2019Assemble\u0301e nationale entre les de\u0301pute\u0301s et deux ministres du gouvernement. Les diffe\u0301rentes prises de parole se sont appuye\u0301es sur la trentaine de propositions e\u0301labore\u0301es [&hellip;]\" \/>\n<meta property=\"og:url\" content=\"https:\/\/www.africa-press.net\/tchad\/politique\/la-politique-africaine-demmanuel-macron-dans-le-viseur-des-deputes\" \/>\n<meta property=\"og:site_name\" content=\"tchad\" \/>\n<meta property=\"article:published_time\" content=\"2023-11-24T06:40:17+00:00\" \/>\n<meta name=\"author\" content=\"cfeditorfr\" \/>\n<meta name=\"twitter:card\" content=\"summary_large_image\" \/>\n<meta name=\"twitter:label1\" content=\"\u00c9crit par\" \/>\n\t<meta name=\"twitter:data1\" content=\"cfeditorfr\" \/>\n\t<meta name=\"twitter:label2\" content=\"Dur\u00e9e de lecture estim\u00e9e\" \/>\n\t<meta name=\"twitter:data2\" content=\"4 minutes\" \/>\n<script type=\"application\/ld+json\" class=\"yoast-schema-graph\">{\"@context\":\"https:\/\/schema.org\",\"@graph\":[{\"@type\":\"Article\",\"@id\":\"https:\/\/www.africa-press.net\/tchad\/politique\/la-politique-africaine-demmanuel-macron-dans-le-viseur-des-deputes#article\",\"isPartOf\":{\"@id\":\"https:\/\/www.africa-press.net\/tchad\/politique\/la-politique-africaine-demmanuel-macron-dans-le-viseur-des-deputes\"},\"author\":{\"name\":\"cfeditorfr\",\"@id\":\"https:\/\/www.africa-press.net\/tchad\/#\/schema\/person\/2b1cf3cd81a31e3cd26889ca66d677f1\"},\"headline\":\"La politique africaine d\u2019Emmanuel Macron dans le viseur des d\u00e9put\u00e9s\",\"datePublished\":\"2023-11-24T06:40:17+00:00\",\"mainEntityOfPage\":{\"@id\":\"https:\/\/www.africa-press.net\/tchad\/politique\/la-politique-africaine-demmanuel-macron-dans-le-viseur-des-deputes\"},\"wordCount\":778,\"commentCount\":0,\"image\":{\"@id\":\"https:\/\/www.africa-press.net\/tchad\/politique\/la-politique-africaine-demmanuel-macron-dans-le-viseur-des-deputes#primaryimage\"},\"thumbnailUrl\":\"https:\/\/static.africa-press.net\/tchad\/sites\/41\/2023\/11\/sm_1700797975.688754.jpg\",\"keywords\":[\"Africa Press\",\"Africa Press-Tchad\",\"Tchad\"],\"articleSection\":[\"Dossiers\",\"Toutes les actualit\u00e9s\"],\"inLanguage\":\"fr-FR\",\"potentialAction\":[{\"@type\":\"CommentAction\",\"name\":\"Comment\",\"target\":[\"https:\/\/www.africa-press.net\/tchad\/politique\/la-politique-africaine-demmanuel-macron-dans-le-viseur-des-deputes#respond\"]}]},{\"@type\":\"WebPage\",\"@id\":\"https:\/\/www.africa-press.net\/tchad\/politique\/la-politique-africaine-demmanuel-macron-dans-le-viseur-des-deputes\",\"url\":\"https:\/\/www.africa-press.net\/tchad\/politique\/la-politique-africaine-demmanuel-macron-dans-le-viseur-des-deputes\",\"name\":\"La politique africaine d\u2019Emmanuel Macron dans le viseur des d\u00e9put\u00e9s - tchad\",\"isPartOf\":{\"@id\":\"https:\/\/www.africa-press.net\/tchad\/#website\"},\"primaryImageOfPage\":{\"@id\":\"https:\/\/www.africa-press.net\/tchad\/politique\/la-politique-africaine-demmanuel-macron-dans-le-viseur-des-deputes#primaryimage\"},\"image\":{\"@id\":\"https:\/\/www.africa-press.net\/tchad\/politique\/la-politique-africaine-demmanuel-macron-dans-le-viseur-des-deputes#primaryimage\"},\"thumbnailUrl\":\"https:\/\/static.africa-press.net\/tchad\/sites\/41\/2023\/11\/sm_1700797975.688754.jpg\",\"datePublished\":\"2023-11-24T06:40:17+00:00\",\"author\":{\"@id\":\"https:\/\/www.africa-press.net\/tchad\/#\/schema\/person\/2b1cf3cd81a31e3cd26889ca66d677f1\"},\"breadcrumb\":{\"@id\":\"https:\/\/www.africa-press.net\/tchad\/politique\/la-politique-africaine-demmanuel-macron-dans-le-viseur-des-deputes#breadcrumb\"},\"inLanguage\":\"fr-FR\",\"potentialAction\":[{\"@type\":\"ReadAction\",\"target\":[\"https:\/\/www.africa-press.net\/tchad\/politique\/la-politique-africaine-demmanuel-macron-dans-le-viseur-des-deputes\"]}]},{\"@type\":\"ImageObject\",\"inLanguage\":\"fr-FR\",\"@id\":\"https:\/\/www.africa-press.net\/tchad\/politique\/la-politique-africaine-demmanuel-macron-dans-le-viseur-des-deputes#primaryimage\",\"url\":\"https:\/\/static.africa-press.net\/tchad\/sites\/41\/2023\/11\/sm_1700797975.688754.jpg\",\"contentUrl\":\"https:\/\/static.africa-press.net\/tchad\/sites\/41\/2023\/11\/sm_1700797975.688754.jpg\",\"width\":1440,\"height\":960,\"caption\":\"La politique africaine d\u2019Emmanuel Macron dans le viseur des d\u00e9put\u00e9s\"},{\"@type\":\"BreadcrumbList\",\"@id\":\"https:\/\/www.africa-press.net\/tchad\/politique\/la-politique-africaine-demmanuel-macron-dans-le-viseur-des-deputes#breadcrumb\",\"itemListElement\":[{\"@type\":\"ListItem\",\"position\":1,\"name\":\"Accueil\",\"item\":\"https:\/\/www.africa-press.net\/tchad\/\"},{\"@type\":\"ListItem\",\"position\":2,\"name\":\"La politique africaine d\u2019Emmanuel Macron dans le viseur des d\u00e9put\u00e9s\"}]},{\"@type\":\"WebSite\",\"@id\":\"https:\/\/www.africa-press.net\/tchad\/#website\",\"url\":\"https:\/\/www.africa-press.net\/tchad\/\",\"name\":\"tchad\",\"description\":\"Just another Africa News Agency Sites site\",\"potentialAction\":[{\"@type\":\"SearchAction\",\"target\":{\"@type\":\"EntryPoint\",\"urlTemplate\":\"https:\/\/www.africa-press.net\/tchad\/?s={search_term_string}\"},\"query-input\":{\"@type\":\"PropertyValueSpecification\",\"valueRequired\":true,\"valueName\":\"search_term_string\"}}],\"inLanguage\":\"fr-FR\"},{\"@type\":\"Person\",\"@id\":\"https:\/\/www.africa-press.net\/tchad\/#\/schema\/person\/2b1cf3cd81a31e3cd26889ca66d677f1\",\"name\":\"cfeditorfr\"}]}<\/script>\n<!-- \/ Yoast SEO Premium plugin. -->","yoast_head_json":{"title":"La politique africaine d\u2019Emmanuel Macron dans le viseur des d\u00e9put\u00e9s - tchad","robots":{"index":"index","follow":"follow","max-snippet":"max-snippet:-1","max-image-preview":"max-image-preview:large","max-video-preview":"max-video-preview:-1"},"canonical":"https:\/\/www.africa-press.net\/tchad\/politique\/la-politique-africaine-demmanuel-macron-dans-le-viseur-des-deputes","og_locale":"fr_FR","og_type":"article","og_title":"La politique africaine d\u2019Emmanuel Macron dans le viseur des d\u00e9put\u00e9s","og_description":"Olorin Maquindus Africa-Press &#8211; Tchad. L\u2019e\u0301change est suffisamment rare pour e\u0302tre souligne\u0301. Mardi 21 novembre, au soir, un de\u0301bat sur la strate\u0301gie diplomatique de la France en Afrique s\u2019est tenu a\u0300 l\u2019Assemble\u0301e nationale entre les de\u0301pute\u0301s et deux ministres du gouvernement. Les diffe\u0301rentes prises de parole se sont appuye\u0301es sur la trentaine de propositions e\u0301labore\u0301es [&hellip;]","og_url":"https:\/\/www.africa-press.net\/tchad\/politique\/la-politique-africaine-demmanuel-macron-dans-le-viseur-des-deputes","og_site_name":"tchad","article_published_time":"2023-11-24T06:40:17+00:00","author":"cfeditorfr","twitter_card":"summary_large_image","twitter_misc":{"\u00c9crit par":"cfeditorfr","Dur\u00e9e de lecture estim\u00e9e":"4 minutes"},"schema":{"@context":"https:\/\/schema.org","@graph":[{"@type":"Article","@id":"https:\/\/www.africa-press.net\/tchad\/politique\/la-politique-africaine-demmanuel-macron-dans-le-viseur-des-deputes#article","isPartOf":{"@id":"https:\/\/www.africa-press.net\/tchad\/politique\/la-politique-africaine-demmanuel-macron-dans-le-viseur-des-deputes"},"author":{"name":"cfeditorfr","@id":"https:\/\/www.africa-press.net\/tchad\/#\/schema\/person\/2b1cf3cd81a31e3cd26889ca66d677f1"},"headline":"La politique africaine d\u2019Emmanuel Macron dans le viseur des d\u00e9put\u00e9s","datePublished":"2023-11-24T06:40:17+00:00","mainEntityOfPage":{"@id":"https:\/\/www.africa-press.net\/tchad\/politique\/la-politique-africaine-demmanuel-macron-dans-le-viseur-des-deputes"},"wordCount":778,"commentCount":0,"image":{"@id":"https:\/\/www.africa-press.net\/tchad\/politique\/la-politique-africaine-demmanuel-macron-dans-le-viseur-des-deputes#primaryimage"},"thumbnailUrl":"https:\/\/static.africa-press.net\/tchad\/sites\/41\/2023\/11\/sm_1700797975.688754.jpg","keywords":["Africa Press","Africa Press-Tchad","Tchad"],"articleSection":["Dossiers","Toutes les actualit\u00e9s"],"inLanguage":"fr-FR","potentialAction":[{"@type":"CommentAction","name":"Comment","target":["https:\/\/www.africa-press.net\/tchad\/politique\/la-politique-africaine-demmanuel-macron-dans-le-viseur-des-deputes#respond"]}]},{"@type":"WebPage","@id":"https:\/\/www.africa-press.net\/tchad\/politique\/la-politique-africaine-demmanuel-macron-dans-le-viseur-des-deputes","url":"https:\/\/www.africa-press.net\/tchad\/politique\/la-politique-africaine-demmanuel-macron-dans-le-viseur-des-deputes","name":"La politique africaine d\u2019Emmanuel Macron dans le viseur des d\u00e9put\u00e9s - tchad","isPartOf":{"@id":"https:\/\/www.africa-press.net\/tchad\/#website"},"primaryImageOfPage":{"@id":"https:\/\/www.africa-press.net\/tchad\/politique\/la-politique-africaine-demmanuel-macron-dans-le-viseur-des-deputes#primaryimage"},"image":{"@id":"https:\/\/www.africa-press.net\/tchad\/politique\/la-politique-africaine-demmanuel-macron-dans-le-viseur-des-deputes#primaryimage"},"thumbnailUrl":"https:\/\/static.africa-press.net\/tchad\/sites\/41\/2023\/11\/sm_1700797975.688754.jpg","datePublished":"2023-11-24T06:40:17+00:00","author":{"@id":"https:\/\/www.africa-press.net\/tchad\/#\/schema\/person\/2b1cf3cd81a31e3cd26889ca66d677f1"},"breadcrumb":{"@id":"https:\/\/www.africa-press.net\/tchad\/politique\/la-politique-africaine-demmanuel-macron-dans-le-viseur-des-deputes#breadcrumb"},"inLanguage":"fr-FR","potentialAction":[{"@type":"ReadAction","target":["https:\/\/www.africa-press.net\/tchad\/politique\/la-politique-africaine-demmanuel-macron-dans-le-viseur-des-deputes"]}]},{"@type":"ImageObject","inLanguage":"fr-FR","@id":"https:\/\/www.africa-press.net\/tchad\/politique\/la-politique-africaine-demmanuel-macron-dans-le-viseur-des-deputes#primaryimage","url":"https:\/\/static.africa-press.net\/tchad\/sites\/41\/2023\/11\/sm_1700797975.688754.jpg","contentUrl":"https:\/\/static.africa-press.net\/tchad\/sites\/41\/2023\/11\/sm_1700797975.688754.jpg","width":1440,"height":960,"caption":"La politique africaine d\u2019Emmanuel Macron dans le viseur des d\u00e9put\u00e9s"},{"@type":"BreadcrumbList","@id":"https:\/\/www.africa-press.net\/tchad\/politique\/la-politique-africaine-demmanuel-macron-dans-le-viseur-des-deputes#breadcrumb","itemListElement":[{"@type":"ListItem","position":1,"name":"Accueil","item":"https:\/\/www.africa-press.net\/tchad\/"},{"@type":"ListItem","position":2,"name":"La politique africaine d\u2019Emmanuel Macron dans le viseur des d\u00e9put\u00e9s"}]},{"@type":"WebSite","@id":"https:\/\/www.africa-press.net\/tchad\/#website","url":"https:\/\/www.africa-press.net\/tchad\/","name":"tchad","description":"Just another Africa News Agency Sites site","potentialAction":[{"@type":"SearchAction","target":{"@type":"EntryPoint","urlTemplate":"https:\/\/www.africa-press.net\/tchad\/?s={search_term_string}"},"query-input":{"@type":"PropertyValueSpecification","valueRequired":true,"valueName":"search_term_string"}}],"inLanguage":"fr-FR"},{"@type":"Person","@id":"https:\/\/www.africa-press.net\/tchad\/#\/schema\/person\/2b1cf3cd81a31e3cd26889ca66d677f1","name":"cfeditorfr"}]}},"_links":{"self":[{"href":"https:\/\/www.africa-press.net\/tchad\/wp-json\/wp\/v2\/posts\/54522","targetHints":{"allow":["GET"]}}],"collection":[{"href":"https:\/\/www.africa-press.net\/tchad\/wp-json\/wp\/v2\/posts"}],"about":[{"href":"https:\/\/www.africa-press.net\/tchad\/wp-json\/wp\/v2\/types\/post"}],"author":[{"embeddable":true,"href":"https:\/\/www.africa-press.net\/tchad\/wp-json\/wp\/v2\/users\/82"}],"replies":[{"embeddable":true,"href":"https:\/\/www.africa-press.net\/tchad\/wp-json\/wp\/v2\/comments?post=54522"}],"version-history":[{"count":0,"href":"https:\/\/www.africa-press.net\/tchad\/wp-json\/wp\/v2\/posts\/54522\/revisions"}],"wp:featuredmedia":[{"embeddable":true,"href":"https:\/\/www.africa-press.net\/tchad\/wp-json\/wp\/v2\/media\/54520"}],"wp:attachment":[{"href":"https:\/\/www.africa-press.net\/tchad\/wp-json\/wp\/v2\/media?parent=54522"}],"wp:term":[{"taxonomy":"category","embeddable":true,"href":"https:\/\/www.africa-press.net\/tchad\/wp-json\/wp\/v2\/categories?post=54522"},{"taxonomy":"post_tag","embeddable":true,"href":"https:\/\/www.africa-press.net\/tchad\/wp-json\/wp\/v2\/tags?post=54522"}],"curies":[{"name":"wp","href":"https:\/\/api.w.org\/{rel}","templated":true}]}}