{"id":54525,"date":"2023-11-24T06:41:35","date_gmt":"2023-11-24T06:41:35","guid":{"rendered":"https:\/\/www.africa-press.net\/tchad\/politique\/paludisme-la-vaccination-a-grande-echelle-en-afrique-va-bientot-commencer-affirme-lalliance-du-vaccin"},"modified":"2023-11-24T19:48:59","modified_gmt":"2023-11-24T19:48:59","slug":"paludisme-la-vaccination-a-grande-echelle-en-afrique-va-bientot-commencer-affirme-lalliance-du-vaccin","status":"publish","type":"post","link":"https:\/\/www.africa-press.net\/tchad\/toutes-les-actualites\/paludisme-la-vaccination-a-grande-echelle-en-afrique-va-bientot-commencer-affirme-lalliance-du-vaccin","title":{"rendered":"Paludisme\u00a0: la vaccination \u00e0 grande \u00e9chelle en Afrique \u00ab\u00a0va bient\u00f4t commencer\u00a0\u00bb, affirme l\u2019Alliance du vaccin"},"content":{"rendered":"<p><span style=\"color: #ff6600\"><strong>Africa-Press &#8211; Tchad. <\/strong><\/span>La vaccination contre le paludisme dans les zones les plus a\u0300 risque du continent africain \u00ab va biento\u0302t commencer \u00bb, a annonce\u0301 mercredi 22 novembre l\u2019Alliance du vaccin (Gavi), apre\u0300s l\u2019arrive\u0301e de centaines de milliers de doses au Cameroun.<\/p>\n<p>\u00ab L\u2019arrive\u0301e, la nuit dernie\u0300re a\u0300 l\u2019ae\u0301roport de Yaounde\u0301, au Cameroun, de 331 200 doses du vaccin RTS,S, premier vaccin antipaludique recommande\u0301 par l\u2019OMS, marque le de\u0301but des livraisons vers les pays qui n\u2019avaient pas participe\u0301 au programme pilote de vaccination \u00bb, a indique\u0301 l\u2019organisation base\u0301e a\u0300 Gene\u0300ve dans un communique\u0301. Cette livraison repre\u0301sente une \u00ab e\u0301tape historique vers la vaccination a\u0300 plus grande e\u0301chelle contre l\u2019une des maladies les plus meurtrie\u0300res chez les enfants africains \u00bb, ajoute-t-elle.<\/p>\n<p>Cause\u0301 par un parasite transmis par certains types de moustiques, le paludisme reste un redoutable fle\u0301au a\u0300 cause notamment d\u2019une re\u0301sistance croissante aux traitements. En 2021, 247 millions de cas ont e\u0301te\u0301 recense\u0301s dans le monde et 619 000 patients en sont morts. Cette maladie frappe surtout le continent africain, qui comptait en 2021 quelque 95 % des cas dans le monde et 96 % des de\u0301ce\u0300s.<\/p>\n<p>Selon Gavi, plusieurs pays en sont maintenant a\u0300 l\u2019e\u0301tape finale de pre\u0301paration pour l\u2019introduction du vaccin antipaludique dans leurs programmes de vaccination de routine et les premie\u0300res doses devraient e\u0302tre administre\u0301es au cours du premier trimestre 2024. \u00ab Ce pourrait e\u0302tre un tournant de\u0301cisif dans notre combat contre le paludisme \u00bb, a commente\u0301 dans un communique\u0301 la directrice ge\u0301ne\u0301rale de l\u2019Unicef, Catherine Russell, comparant l\u2019introduction du vaccin a\u0300 \u00ab l\u2019entre\u0301e sur le terrain du meilleur joueur \u00bb.<\/p>\n<p>Un second vaccin en \u00ab pre\u0301qualification \u00bb Le Burkina Faso, le Liberia, le Niger et la Sierra Leone devraient recevoir 1,7 million de doses du vaccin RTS,S dans les semaines qui viennent. D\u2019autres pays africains devraient e\u0301galement en recevoir dans les mois a\u0300 venir. Ces livraisons marquent la fin de la phase pilote de la vaccination antipaludique, coordonne\u0301e par l\u2019Organisation mondiale de la sante\u0301 et finance\u0301e par Gavi, le Fonds mondial et Unitaid. Les doses ont e\u0301te\u0301 donne\u0301es par GSK, le fabricant du vaccin RTS,S.<\/p>\n<p>Dans ce cadre, le Ghana, le Kenya et le Malawi ont pu administrer depuis 2019 le vaccin dans certains districts, selon un sche\u0301ma a\u0300 quatre doses qui de\u0301bute vers l\u2019a\u0302ge de 5 mois. Plus de 2 millions d\u2019enfants ont e\u0301te\u0301 vaccine\u0301s dans ces trois pays africains, entrai\u0302nant une \u00ab baisse spectaculaire \u00bb de la mortalite\u0301, selon Gavi, ainsi qu\u2019une re\u0301duction substantielle des formes graves du paludisme et des hospitalisations.<\/p>\n<p>L\u2019OMS a re\u0301cemment recommande\u0301 un second vaccin pour les enfants contre le paludisme, le R21, fabrique\u0301 par le Serum Institute of India (SII). Il fait encore l\u2019objet d\u2019un autre examen par l\u2019OMS en vue de sa \u00ab pre\u0301qualification \u00bb afin que l\u2019Unicef et Gavi puissent l\u2019utiliser dans leurs programmes.<\/p>\n<p><strong>Pour plus d&rsquo;informations et d&rsquo;analyses sur la <a href=\"https:\/\/www.africa-press.net\/tchad\">Tchad<\/a>, suivez <a href=\"https:\/\/www.africa-press.net\/\">Africa-Press<\/a><\/strong><\/p>\n","protected":false},"excerpt":{"rendered":"<p>Africa-Press &#8211; Tchad. La vaccination contre le paludisme dans les zones les plus a\u0300 risque du continent africain \u00ab va biento\u0302t commencer \u00bb, a annonce\u0301 mercredi 22 novembre l\u2019Alliance du vaccin (Gavi), apre\u0300s l\u2019arrive\u0301e de centaines de milliers de doses au Cameroun. \u00ab L\u2019arrive\u0301e, la nuit dernie\u0300re a\u0300 l\u2019ae\u0301roport de Yaounde\u0301, au Cameroun, de 331 [&hellip;]<\/p>\n","protected":false},"author":82,"featured_media":54523,"comment_status":"open","ping_status":"closed","sticky":false,"template":"","format":"standard","meta":{"footnotes":""},"categories":[21,10],"tags":[37,292,29],"class_list":["post-54525","post","type-post","status-publish","format-standard","has-post-thumbnail","hentry","category-communaute","category-toutes-les-actualites","tag-africa-press","tag-africa-press-tchad","tag-tchad"],"yoast_head":"<!-- This site is optimized with the Yoast SEO Premium plugin v26.1 (Yoast SEO v27.0) - https:\/\/yoast.com\/product\/yoast-seo-premium-wordpress\/ -->\n<title>Paludisme\u00a0: la vaccination \u00e0 grande \u00e9chelle en Afrique \u00ab\u00a0va bient\u00f4t commencer\u00a0\u00bb, affirme l\u2019Alliance du vaccin - tchad<\/title>\n<meta name=\"description\" content=\"La vaccination contre le paludisme dans les zones les plus a\u0300 risque du continent africain \u00ab va biento\u0302t commencer \u00bb, a ...\" \/>\n<meta name=\"robots\" content=\"index, follow, max-snippet:-1, max-image-preview:large, max-video-preview:-1\" \/>\n<link rel=\"canonical\" href=\"https:\/\/www.africa-press.net\/tchad\/toutes-les-actualites\/paludisme-la-vaccination-a-grande-echelle-en-afrique-va-bientot-commencer-affirme-lalliance-du-vaccin\" \/>\n<meta property=\"og:locale\" content=\"fr_FR\" \/>\n<meta property=\"og:type\" content=\"article\" \/>\n<meta property=\"og:title\" content=\"Paludisme\u00a0: la vaccination \u00e0 grande \u00e9chelle en Afrique \u00ab\u00a0va bient\u00f4t commencer\u00a0\u00bb, affirme l\u2019Alliance du vaccin\" \/>\n<meta property=\"og:description\" content=\"La vaccination contre le paludisme dans les zones les plus a\u0300 risque du continent africain \u00ab va biento\u0302t commencer \u00bb, a ...\" \/>\n<meta property=\"og:url\" content=\"https:\/\/www.africa-press.net\/tchad\/toutes-les-actualites\/paludisme-la-vaccination-a-grande-echelle-en-afrique-va-bientot-commencer-affirme-lalliance-du-vaccin\" \/>\n<meta property=\"og:site_name\" content=\"tchad\" \/>\n<meta property=\"article:published_time\" content=\"2023-11-24T06:41:35+00:00\" \/>\n<meta property=\"article:modified_time\" content=\"2023-11-24T19:48:59+00:00\" \/>\n<meta property=\"og:image\" content=\"https:\/\/static.africa-press.net\/tchad\/sites\/41\/2023\/11\/sm_1700798193.669398.jpg\" \/>\n\t<meta property=\"og:image:width\" content=\"1440\" \/>\n\t<meta property=\"og:image:height\" content=\"960\" \/>\n\t<meta property=\"og:image:type\" content=\"image\/jpeg\" \/>\n<meta name=\"author\" content=\"cfeditorfr\" \/>\n<meta name=\"twitter:card\" content=\"summary_large_image\" \/>\n<meta name=\"twitter:label1\" content=\"\u00c9crit par\" \/>\n\t<meta name=\"twitter:data1\" content=\"cfeditorfr\" \/>\n\t<meta name=\"twitter:label2\" content=\"Dur\u00e9e de lecture estim\u00e9e\" \/>\n\t<meta name=\"twitter:data2\" content=\"3 minutes\" \/>\n<script type=\"application\/ld+json\" class=\"yoast-schema-graph\">{\"@context\":\"https:\/\/schema.org\",\"@graph\":[{\"@type\":\"Article\",\"@id\":\"https:\/\/www.africa-press.net\/tchad\/toutes-les-actualites\/paludisme-la-vaccination-a-grande-echelle-en-afrique-va-bientot-commencer-affirme-lalliance-du-vaccin#article\",\"isPartOf\":{\"@id\":\"https:\/\/www.africa-press.net\/tchad\/toutes-les-actualites\/paludisme-la-vaccination-a-grande-echelle-en-afrique-va-bientot-commencer-affirme-lalliance-du-vaccin\"},\"author\":{\"name\":\"cfeditorfr\",\"@id\":\"https:\/\/www.africa-press.net\/tchad\/#\/schema\/person\/2b1cf3cd81a31e3cd26889ca66d677f1\"},\"headline\":\"Paludisme\u00a0: la vaccination \u00e0 grande \u00e9chelle en Afrique \u00ab\u00a0va bient\u00f4t commencer\u00a0\u00bb, affirme l\u2019Alliance du vaccin\",\"datePublished\":\"2023-11-24T06:41:35+00:00\",\"dateModified\":\"2023-11-24T19:48:59+00:00\",\"mainEntityOfPage\":{\"@id\":\"https:\/\/www.africa-press.net\/tchad\/toutes-les-actualites\/paludisme-la-vaccination-a-grande-echelle-en-afrique-va-bientot-commencer-affirme-lalliance-du-vaccin\"},\"wordCount\":534,\"commentCount\":0,\"image\":{\"@id\":\"https:\/\/www.africa-press.net\/tchad\/toutes-les-actualites\/paludisme-la-vaccination-a-grande-echelle-en-afrique-va-bientot-commencer-affirme-lalliance-du-vaccin#primaryimage\"},\"thumbnailUrl\":\"https:\/\/static.africa-press.net\/tchad\/sites\/41\/2023\/11\/sm_1700798193.669398.jpg\",\"keywords\":[\"Africa Press\",\"Africa Press-Tchad\",\"Tchad\"],\"articleSection\":[\"Communaut\u00e9\",\"Toutes les actualit\u00e9s\"],\"inLanguage\":\"fr-FR\",\"potentialAction\":[{\"@type\":\"CommentAction\",\"name\":\"Comment\",\"target\":[\"https:\/\/www.africa-press.net\/tchad\/toutes-les-actualites\/paludisme-la-vaccination-a-grande-echelle-en-afrique-va-bientot-commencer-affirme-lalliance-du-vaccin#respond\"]}]},{\"@type\":\"WebPage\",\"@id\":\"https:\/\/www.africa-press.net\/tchad\/toutes-les-actualites\/paludisme-la-vaccination-a-grande-echelle-en-afrique-va-bientot-commencer-affirme-lalliance-du-vaccin\",\"url\":\"https:\/\/www.africa-press.net\/tchad\/toutes-les-actualites\/paludisme-la-vaccination-a-grande-echelle-en-afrique-va-bientot-commencer-affirme-lalliance-du-vaccin\",\"name\":\"Paludisme\u00a0: la vaccination \u00e0 grande \u00e9chelle en Afrique \u00ab\u00a0va bient\u00f4t commencer\u00a0\u00bb, affirme l\u2019Alliance du vaccin - tchad\",\"isPartOf\":{\"@id\":\"https:\/\/www.africa-press.net\/tchad\/#website\"},\"primaryImageOfPage\":{\"@id\":\"https:\/\/www.africa-press.net\/tchad\/toutes-les-actualites\/paludisme-la-vaccination-a-grande-echelle-en-afrique-va-bientot-commencer-affirme-lalliance-du-vaccin#primaryimage\"},\"image\":{\"@id\":\"https:\/\/www.africa-press.net\/tchad\/toutes-les-actualites\/paludisme-la-vaccination-a-grande-echelle-en-afrique-va-bientot-commencer-affirme-lalliance-du-vaccin#primaryimage\"},\"thumbnailUrl\":\"https:\/\/static.africa-press.net\/tchad\/sites\/41\/2023\/11\/sm_1700798193.669398.jpg\",\"datePublished\":\"2023-11-24T06:41:35+00:00\",\"dateModified\":\"2023-11-24T19:48:59+00:00\",\"author\":{\"@id\":\"https:\/\/www.africa-press.net\/tchad\/#\/schema\/person\/2b1cf3cd81a31e3cd26889ca66d677f1\"},\"description\":\"La vaccination contre le paludisme dans les zones les plus a\u0300 risque du continent africain \u00ab va biento\u0302t commencer \u00bb, a ...\",\"breadcrumb\":{\"@id\":\"https:\/\/www.africa-press.net\/tchad\/toutes-les-actualites\/paludisme-la-vaccination-a-grande-echelle-en-afrique-va-bientot-commencer-affirme-lalliance-du-vaccin#breadcrumb\"},\"inLanguage\":\"fr-FR\",\"potentialAction\":[{\"@type\":\"ReadAction\",\"target\":[\"https:\/\/www.africa-press.net\/tchad\/toutes-les-actualites\/paludisme-la-vaccination-a-grande-echelle-en-afrique-va-bientot-commencer-affirme-lalliance-du-vaccin\"]}]},{\"@type\":\"ImageObject\",\"inLanguage\":\"fr-FR\",\"@id\":\"https:\/\/www.africa-press.net\/tchad\/toutes-les-actualites\/paludisme-la-vaccination-a-grande-echelle-en-afrique-va-bientot-commencer-affirme-lalliance-du-vaccin#primaryimage\",\"url\":\"https:\/\/static.africa-press.net\/tchad\/sites\/41\/2023\/11\/sm_1700798193.669398.jpg\",\"contentUrl\":\"https:\/\/static.africa-press.net\/tchad\/sites\/41\/2023\/11\/sm_1700798193.669398.jpg\",\"width\":1440,\"height\":960,\"caption\":\"Paludisme\u00a0: la vaccination \u00e0 grande \u00e9chelle en Afrique \u00ab\u00a0va bient\u00f4t commencer\u00a0\u00bb, affirme l\u2019Alliance du vaccin\"},{\"@type\":\"BreadcrumbList\",\"@id\":\"https:\/\/www.africa-press.net\/tchad\/toutes-les-actualites\/paludisme-la-vaccination-a-grande-echelle-en-afrique-va-bientot-commencer-affirme-lalliance-du-vaccin#breadcrumb\",\"itemListElement\":[{\"@type\":\"ListItem\",\"position\":1,\"name\":\"Accueil\",\"item\":\"https:\/\/www.africa-press.net\/tchad\/\"},{\"@type\":\"ListItem\",\"position\":2,\"name\":\"Paludisme\u00a0: la vaccination \u00e0 grande \u00e9chelle en Afrique \u00ab\u00a0va bient\u00f4t commencer\u00a0\u00bb, affirme l\u2019Alliance du vaccin\"}]},{\"@type\":\"WebSite\",\"@id\":\"https:\/\/www.africa-press.net\/tchad\/#website\",\"url\":\"https:\/\/www.africa-press.net\/tchad\/\",\"name\":\"tchad\",\"description\":\"Just another Africa News Agency Sites site\",\"potentialAction\":[{\"@type\":\"SearchAction\",\"target\":{\"@type\":\"EntryPoint\",\"urlTemplate\":\"https:\/\/www.africa-press.net\/tchad\/?s={search_term_string}\"},\"query-input\":{\"@type\":\"PropertyValueSpecification\",\"valueRequired\":true,\"valueName\":\"search_term_string\"}}],\"inLanguage\":\"fr-FR\"},{\"@type\":\"Person\",\"@id\":\"https:\/\/www.africa-press.net\/tchad\/#\/schema\/person\/2b1cf3cd81a31e3cd26889ca66d677f1\",\"name\":\"cfeditorfr\"}]}<\/script>\n<!-- \/ Yoast SEO Premium plugin. -->","yoast_head_json":{"title":"Paludisme\u00a0: la vaccination \u00e0 grande \u00e9chelle en Afrique \u00ab\u00a0va bient\u00f4t commencer\u00a0\u00bb, affirme l\u2019Alliance du vaccin - tchad","description":"La vaccination contre le paludisme dans les zones les plus a\u0300 risque du continent africain \u00ab va biento\u0302t commencer \u00bb, a ...","robots":{"index":"index","follow":"follow","max-snippet":"max-snippet:-1","max-image-preview":"max-image-preview:large","max-video-preview":"max-video-preview:-1"},"canonical":"https:\/\/www.africa-press.net\/tchad\/toutes-les-actualites\/paludisme-la-vaccination-a-grande-echelle-en-afrique-va-bientot-commencer-affirme-lalliance-du-vaccin","og_locale":"fr_FR","og_type":"article","og_title":"Paludisme\u00a0: la vaccination \u00e0 grande \u00e9chelle en Afrique \u00ab\u00a0va bient\u00f4t commencer\u00a0\u00bb, affirme l\u2019Alliance du vaccin","og_description":"La vaccination contre le paludisme dans les zones les plus a\u0300 risque du continent africain \u00ab va biento\u0302t commencer \u00bb, a ...","og_url":"https:\/\/www.africa-press.net\/tchad\/toutes-les-actualites\/paludisme-la-vaccination-a-grande-echelle-en-afrique-va-bientot-commencer-affirme-lalliance-du-vaccin","og_site_name":"tchad","article_published_time":"2023-11-24T06:41:35+00:00","article_modified_time":"2023-11-24T19:48:59+00:00","og_image":[{"width":1440,"height":960,"url":"https:\/\/static.africa-press.net\/tchad\/sites\/41\/2023\/11\/sm_1700798193.669398.jpg","type":"image\/jpeg"}],"author":"cfeditorfr","twitter_card":"summary_large_image","twitter_misc":{"\u00c9crit par":"cfeditorfr","Dur\u00e9e de lecture estim\u00e9e":"3 minutes"},"schema":{"@context":"https:\/\/schema.org","@graph":[{"@type":"Article","@id":"https:\/\/www.africa-press.net\/tchad\/toutes-les-actualites\/paludisme-la-vaccination-a-grande-echelle-en-afrique-va-bientot-commencer-affirme-lalliance-du-vaccin#article","isPartOf":{"@id":"https:\/\/www.africa-press.net\/tchad\/toutes-les-actualites\/paludisme-la-vaccination-a-grande-echelle-en-afrique-va-bientot-commencer-affirme-lalliance-du-vaccin"},"author":{"name":"cfeditorfr","@id":"https:\/\/www.africa-press.net\/tchad\/#\/schema\/person\/2b1cf3cd81a31e3cd26889ca66d677f1"},"headline":"Paludisme\u00a0: la vaccination \u00e0 grande \u00e9chelle en Afrique \u00ab\u00a0va bient\u00f4t commencer\u00a0\u00bb, affirme l\u2019Alliance du vaccin","datePublished":"2023-11-24T06:41:35+00:00","dateModified":"2023-11-24T19:48:59+00:00","mainEntityOfPage":{"@id":"https:\/\/www.africa-press.net\/tchad\/toutes-les-actualites\/paludisme-la-vaccination-a-grande-echelle-en-afrique-va-bientot-commencer-affirme-lalliance-du-vaccin"},"wordCount":534,"commentCount":0,"image":{"@id":"https:\/\/www.africa-press.net\/tchad\/toutes-les-actualites\/paludisme-la-vaccination-a-grande-echelle-en-afrique-va-bientot-commencer-affirme-lalliance-du-vaccin#primaryimage"},"thumbnailUrl":"https:\/\/static.africa-press.net\/tchad\/sites\/41\/2023\/11\/sm_1700798193.669398.jpg","keywords":["Africa Press","Africa Press-Tchad","Tchad"],"articleSection":["Communaut\u00e9","Toutes les actualit\u00e9s"],"inLanguage":"fr-FR","potentialAction":[{"@type":"CommentAction","name":"Comment","target":["https:\/\/www.africa-press.net\/tchad\/toutes-les-actualites\/paludisme-la-vaccination-a-grande-echelle-en-afrique-va-bientot-commencer-affirme-lalliance-du-vaccin#respond"]}]},{"@type":"WebPage","@id":"https:\/\/www.africa-press.net\/tchad\/toutes-les-actualites\/paludisme-la-vaccination-a-grande-echelle-en-afrique-va-bientot-commencer-affirme-lalliance-du-vaccin","url":"https:\/\/www.africa-press.net\/tchad\/toutes-les-actualites\/paludisme-la-vaccination-a-grande-echelle-en-afrique-va-bientot-commencer-affirme-lalliance-du-vaccin","name":"Paludisme\u00a0: la vaccination \u00e0 grande \u00e9chelle en Afrique \u00ab\u00a0va bient\u00f4t commencer\u00a0\u00bb, affirme l\u2019Alliance du vaccin - tchad","isPartOf":{"@id":"https:\/\/www.africa-press.net\/tchad\/#website"},"primaryImageOfPage":{"@id":"https:\/\/www.africa-press.net\/tchad\/toutes-les-actualites\/paludisme-la-vaccination-a-grande-echelle-en-afrique-va-bientot-commencer-affirme-lalliance-du-vaccin#primaryimage"},"image":{"@id":"https:\/\/www.africa-press.net\/tchad\/toutes-les-actualites\/paludisme-la-vaccination-a-grande-echelle-en-afrique-va-bientot-commencer-affirme-lalliance-du-vaccin#primaryimage"},"thumbnailUrl":"https:\/\/static.africa-press.net\/tchad\/sites\/41\/2023\/11\/sm_1700798193.669398.jpg","datePublished":"2023-11-24T06:41:35+00:00","dateModified":"2023-11-24T19:48:59+00:00","author":{"@id":"https:\/\/www.africa-press.net\/tchad\/#\/schema\/person\/2b1cf3cd81a31e3cd26889ca66d677f1"},"description":"La vaccination contre le paludisme dans les zones les plus a\u0300 risque du continent africain \u00ab va biento\u0302t commencer \u00bb, a ...","breadcrumb":{"@id":"https:\/\/www.africa-press.net\/tchad\/toutes-les-actualites\/paludisme-la-vaccination-a-grande-echelle-en-afrique-va-bientot-commencer-affirme-lalliance-du-vaccin#breadcrumb"},"inLanguage":"fr-FR","potentialAction":[{"@type":"ReadAction","target":["https:\/\/www.africa-press.net\/tchad\/toutes-les-actualites\/paludisme-la-vaccination-a-grande-echelle-en-afrique-va-bientot-commencer-affirme-lalliance-du-vaccin"]}]},{"@type":"ImageObject","inLanguage":"fr-FR","@id":"https:\/\/www.africa-press.net\/tchad\/toutes-les-actualites\/paludisme-la-vaccination-a-grande-echelle-en-afrique-va-bientot-commencer-affirme-lalliance-du-vaccin#primaryimage","url":"https:\/\/static.africa-press.net\/tchad\/sites\/41\/2023\/11\/sm_1700798193.669398.jpg","contentUrl":"https:\/\/static.africa-press.net\/tchad\/sites\/41\/2023\/11\/sm_1700798193.669398.jpg","width":1440,"height":960,"caption":"Paludisme\u00a0: la vaccination \u00e0 grande \u00e9chelle en Afrique \u00ab\u00a0va bient\u00f4t commencer\u00a0\u00bb, affirme l\u2019Alliance du vaccin"},{"@type":"BreadcrumbList","@id":"https:\/\/www.africa-press.net\/tchad\/toutes-les-actualites\/paludisme-la-vaccination-a-grande-echelle-en-afrique-va-bientot-commencer-affirme-lalliance-du-vaccin#breadcrumb","itemListElement":[{"@type":"ListItem","position":1,"name":"Accueil","item":"https:\/\/www.africa-press.net\/tchad\/"},{"@type":"ListItem","position":2,"name":"Paludisme\u00a0: la vaccination \u00e0 grande \u00e9chelle en Afrique \u00ab\u00a0va bient\u00f4t commencer\u00a0\u00bb, affirme l\u2019Alliance du vaccin"}]},{"@type":"WebSite","@id":"https:\/\/www.africa-press.net\/tchad\/#website","url":"https:\/\/www.africa-press.net\/tchad\/","name":"tchad","description":"Just another Africa News Agency Sites site","potentialAction":[{"@type":"SearchAction","target":{"@type":"EntryPoint","urlTemplate":"https:\/\/www.africa-press.net\/tchad\/?s={search_term_string}"},"query-input":{"@type":"PropertyValueSpecification","valueRequired":true,"valueName":"search_term_string"}}],"inLanguage":"fr-FR"},{"@type":"Person","@id":"https:\/\/www.africa-press.net\/tchad\/#\/schema\/person\/2b1cf3cd81a31e3cd26889ca66d677f1","name":"cfeditorfr"}]}},"_links":{"self":[{"href":"https:\/\/www.africa-press.net\/tchad\/wp-json\/wp\/v2\/posts\/54525","targetHints":{"allow":["GET"]}}],"collection":[{"href":"https:\/\/www.africa-press.net\/tchad\/wp-json\/wp\/v2\/posts"}],"about":[{"href":"https:\/\/www.africa-press.net\/tchad\/wp-json\/wp\/v2\/types\/post"}],"author":[{"embeddable":true,"href":"https:\/\/www.africa-press.net\/tchad\/wp-json\/wp\/v2\/users\/82"}],"replies":[{"embeddable":true,"href":"https:\/\/www.africa-press.net\/tchad\/wp-json\/wp\/v2\/comments?post=54525"}],"version-history":[{"count":0,"href":"https:\/\/www.africa-press.net\/tchad\/wp-json\/wp\/v2\/posts\/54525\/revisions"}],"wp:featuredmedia":[{"embeddable":true,"href":"https:\/\/www.africa-press.net\/tchad\/wp-json\/wp\/v2\/media\/54523"}],"wp:attachment":[{"href":"https:\/\/www.africa-press.net\/tchad\/wp-json\/wp\/v2\/media?parent=54525"}],"wp:term":[{"taxonomy":"category","embeddable":true,"href":"https:\/\/www.africa-press.net\/tchad\/wp-json\/wp\/v2\/categories?post=54525"},{"taxonomy":"post_tag","embeddable":true,"href":"https:\/\/www.africa-press.net\/tchad\/wp-json\/wp\/v2\/tags?post=54525"}],"curies":[{"name":"wp","href":"https:\/\/api.w.org\/{rel}","templated":true}]}}