{"id":54536,"date":"2023-11-24T18:30:34","date_gmt":"2023-11-24T18:30:34","guid":{"rendered":"https:\/\/www.africa-press.net\/tchad\/politique\/lambassade-du-maroc-au-tchad-renforce-les-liens-avec-les-medias-locaux"},"modified":"2023-11-24T18:30:34","modified_gmt":"2023-11-24T18:30:34","slug":"lambassade-du-maroc-au-tchad-renforce-les-liens-avec-les-medias-locaux","status":"publish","type":"post","link":"https:\/\/www.africa-press.net\/tchad\/politique\/lambassade-du-maroc-au-tchad-renforce-les-liens-avec-les-medias-locaux","title":{"rendered":"\u200bL\u2019Ambassade du Maroc au Tchad renforce les liens avec les m\u00e9dias locaux"},"content":{"rendered":"<p><span style=\"color: #ff6600\"><strong>Africa-Press &#8211; Tchad. <\/strong><\/span>L\u2019occasion a e\u0301te\u0301 saisie par l\u2019Ambassadeur pour partager les avance\u0301es du Maroc en matie\u0300re de de\u0301veloppement et de coope\u0301ration bilate\u0301rale et multilate\u0301rale. L\u2019e\u0301ve\u0301nement a e\u0301te\u0301 perc\u0327u non seulement comme un geste de courtoisie mais aussi comme une affirmation de la conviction de l\u2019Ambassadeur dans la comple\u0301mentarite\u0301 entre la diplomatie et la communication, compte tenu de sa formation a\u0300 l\u2019Institut Supe\u0301rieur du Journalisme au Maroc.<\/p>\n<p>Un an apre\u0300s la dernie\u0300re rencontre qui avait suivi l&rsquo;e\u0301pope\u0301e des Lions de l&rsquo;Atlas a\u0300 la Coupe du Monde 2022, l\u2019Ambassadeur a exprime\u0301 son de\u0301sir de faire de ce de\u0301jeuner un rendez-vous annuel d\u2019e\u0301change et de fraternite\u0301. Il a e\u0301galement mis en avant l&rsquo;initiative propose\u0301e par Sa Majeste\u0301 le Roi Mohammed VI lors du 48e\u0300me anniversaire de la marche verte, pour favoriser l&rsquo;acce\u0300s des E\u0301tats du Sahel a\u0300 l&rsquo;Oce\u0301an Atlantique, une vision strate\u0301gique qui implique des partenariats renforce\u0301s pour re\u0301pondre aux de\u0301fis de la re\u0301gion sahe\u0301lienne.<\/p>\n<p>En soulignant les be\u0301ne\u0301fices potentiels pour les pays du Sahel et le Tchad en particulier, l\u2019Ambassadeur Erroja a invite\u0301 les me\u0301dias et les spe\u0301cialistes a\u0300 s&rsquo;approprier et promouvoir le contenu et la perspective du Discours Royal, insistant sur l&rsquo;importance de la contribution des diffe\u0301rentes organisations et acteurs re\u0301gionaux et internationaux a\u0300 ce projet d\u2019envergure.<\/p>\n<p><strong>Pour plus d&rsquo;informations et d&rsquo;analyses sur la <a href=\"https:\/\/www.africa-press.net\/tchad\">Tchad<\/a>, suivez <a href=\"https:\/\/www.africa-press.net\/\">Africa-Press<\/a><\/strong><\/p>\n","protected":false},"excerpt":{"rendered":"<p>Africa-Press &#8211; Tchad. L\u2019occasion a e\u0301te\u0301 saisie par l\u2019Ambassadeur pour partager les avance\u0301es du Maroc en matie\u0300re de de\u0301veloppement et de coope\u0301ration bilate\u0301rale et multilate\u0301rale. L\u2019e\u0301ve\u0301nement a e\u0301te\u0301 perc\u0327u non seulement comme un geste de courtoisie mais aussi comme une affirmation de la conviction de l\u2019Ambassadeur dans la comple\u0301mentarite\u0301 entre la diplomatie et la communication, [&hellip;]<\/p>\n","protected":false},"author":82,"featured_media":54535,"comment_status":"open","ping_status":"closed","sticky":false,"template":"","format":"standard","meta":{"footnotes":""},"categories":[2,20,10],"tags":[37,292,29],"class_list":["post-54536","post","type-post","status-publish","format-standard","has-post-thumbnail","hentry","category-politique","category-top-nouvelles","category-toutes-les-actualites","tag-africa-press","tag-africa-press-tchad","tag-tchad"],"yoast_head":"<!-- This site is optimized with the Yoast SEO Premium plugin v26.1 (Yoast SEO v27.0) - https:\/\/yoast.com\/product\/yoast-seo-premium-wordpress\/ -->\n<title>\u200bL\u2019Ambassade du Maroc au Tchad renforce les liens avec les m\u00e9dias locaux - tchad<\/title>\n<meta name=\"robots\" content=\"index, follow, max-snippet:-1, max-image-preview:large, max-video-preview:-1\" \/>\n<link rel=\"canonical\" href=\"https:\/\/www.africa-press.net\/tchad\/politique\/lambassade-du-maroc-au-tchad-renforce-les-liens-avec-les-medias-locaux\" \/>\n<meta property=\"og:locale\" content=\"fr_FR\" \/>\n<meta property=\"og:type\" content=\"article\" \/>\n<meta property=\"og:title\" content=\"\u200bL\u2019Ambassade du Maroc au Tchad renforce les liens avec les m\u00e9dias locaux\" \/>\n<meta property=\"og:description\" content=\"Africa-Press &#8211; Tchad. L\u2019occasion a e\u0301te\u0301 saisie par l\u2019Ambassadeur pour partager les avance\u0301es du Maroc en matie\u0300re de de\u0301veloppement et de coope\u0301ration bilate\u0301rale et multilate\u0301rale. L\u2019e\u0301ve\u0301nement a e\u0301te\u0301 perc\u0327u non seulement comme un geste de courtoisie mais aussi comme une affirmation de la conviction de l\u2019Ambassadeur dans la comple\u0301mentarite\u0301 entre la diplomatie et la communication, [&hellip;]\" \/>\n<meta property=\"og:url\" content=\"https:\/\/www.africa-press.net\/tchad\/politique\/lambassade-du-maroc-au-tchad-renforce-les-liens-avec-les-medias-locaux\" \/>\n<meta property=\"og:site_name\" content=\"tchad\" \/>\n<meta property=\"article:published_time\" content=\"2023-11-24T18:30:34+00:00\" \/>\n<meta name=\"author\" content=\"cfeditorfr\" \/>\n<meta name=\"twitter:card\" content=\"summary_large_image\" \/>\n<meta name=\"twitter:label1\" content=\"\u00c9crit par\" \/>\n\t<meta name=\"twitter:data1\" content=\"cfeditorfr\" \/>\n\t<meta name=\"twitter:label2\" content=\"Dur\u00e9e de lecture estim\u00e9e\" \/>\n\t<meta name=\"twitter:data2\" content=\"1 minute\" \/>\n<script type=\"application\/ld+json\" class=\"yoast-schema-graph\">{\"@context\":\"https:\/\/schema.org\",\"@graph\":[{\"@type\":\"Article\",\"@id\":\"https:\/\/www.africa-press.net\/tchad\/politique\/lambassade-du-maroc-au-tchad-renforce-les-liens-avec-les-medias-locaux#article\",\"isPartOf\":{\"@id\":\"https:\/\/www.africa-press.net\/tchad\/politique\/lambassade-du-maroc-au-tchad-renforce-les-liens-avec-les-medias-locaux\"},\"author\":{\"name\":\"cfeditorfr\",\"@id\":\"https:\/\/www.africa-press.net\/tchad\/#\/schema\/person\/2b1cf3cd81a31e3cd26889ca66d677f1\"},\"headline\":\"\u200bL\u2019Ambassade du Maroc au Tchad renforce les liens avec les m\u00e9dias locaux\",\"datePublished\":\"2023-11-24T18:30:34+00:00\",\"mainEntityOfPage\":{\"@id\":\"https:\/\/www.africa-press.net\/tchad\/politique\/lambassade-du-maroc-au-tchad-renforce-les-liens-avec-les-medias-locaux\"},\"wordCount\":286,\"commentCount\":0,\"image\":{\"@id\":\"https:\/\/www.africa-press.net\/tchad\/politique\/lambassade-du-maroc-au-tchad-renforce-les-liens-avec-les-medias-locaux#primaryimage\"},\"thumbnailUrl\":\"https:\/\/static.africa-press.net\/tchad\/sites\/41\/2023\/11\/sm_1700839694.767922.jpg\",\"keywords\":[\"Africa Press\",\"Africa Press-Tchad\",\"Tchad\"],\"articleSection\":[\"Politique\",\"Top Nouvelles\",\"Toutes les actualit\u00e9s\"],\"inLanguage\":\"fr-FR\",\"potentialAction\":[{\"@type\":\"CommentAction\",\"name\":\"Comment\",\"target\":[\"https:\/\/www.africa-press.net\/tchad\/politique\/lambassade-du-maroc-au-tchad-renforce-les-liens-avec-les-medias-locaux#respond\"]}]},{\"@type\":\"WebPage\",\"@id\":\"https:\/\/www.africa-press.net\/tchad\/politique\/lambassade-du-maroc-au-tchad-renforce-les-liens-avec-les-medias-locaux\",\"url\":\"https:\/\/www.africa-press.net\/tchad\/politique\/lambassade-du-maroc-au-tchad-renforce-les-liens-avec-les-medias-locaux\",\"name\":\"\u200bL\u2019Ambassade du Maroc au Tchad renforce les liens avec les m\u00e9dias locaux - tchad\",\"isPartOf\":{\"@id\":\"https:\/\/www.africa-press.net\/tchad\/#website\"},\"primaryImageOfPage\":{\"@id\":\"https:\/\/www.africa-press.net\/tchad\/politique\/lambassade-du-maroc-au-tchad-renforce-les-liens-avec-les-medias-locaux#primaryimage\"},\"image\":{\"@id\":\"https:\/\/www.africa-press.net\/tchad\/politique\/lambassade-du-maroc-au-tchad-renforce-les-liens-avec-les-medias-locaux#primaryimage\"},\"thumbnailUrl\":\"https:\/\/static.africa-press.net\/tchad\/sites\/41\/2023\/11\/sm_1700839694.767922.jpg\",\"datePublished\":\"2023-11-24T18:30:34+00:00\",\"author\":{\"@id\":\"https:\/\/www.africa-press.net\/tchad\/#\/schema\/person\/2b1cf3cd81a31e3cd26889ca66d677f1\"},\"breadcrumb\":{\"@id\":\"https:\/\/www.africa-press.net\/tchad\/politique\/lambassade-du-maroc-au-tchad-renforce-les-liens-avec-les-medias-locaux#breadcrumb\"},\"inLanguage\":\"fr-FR\",\"potentialAction\":[{\"@type\":\"ReadAction\",\"target\":[\"https:\/\/www.africa-press.net\/tchad\/politique\/lambassade-du-maroc-au-tchad-renforce-les-liens-avec-les-medias-locaux\"]}]},{\"@type\":\"ImageObject\",\"inLanguage\":\"fr-FR\",\"@id\":\"https:\/\/www.africa-press.net\/tchad\/politique\/lambassade-du-maroc-au-tchad-renforce-les-liens-avec-les-medias-locaux#primaryimage\",\"url\":\"https:\/\/static.africa-press.net\/tchad\/sites\/41\/2023\/11\/sm_1700839694.767922.jpg\",\"contentUrl\":\"https:\/\/static.africa-press.net\/tchad\/sites\/41\/2023\/11\/sm_1700839694.767922.jpg\",\"width\":1080,\"height\":809,\"caption\":\"\u200bL\u2019Ambassade du Maroc au Tchad renforce les liens avec les m\u00e9dias locaux\"},{\"@type\":\"BreadcrumbList\",\"@id\":\"https:\/\/www.africa-press.net\/tchad\/politique\/lambassade-du-maroc-au-tchad-renforce-les-liens-avec-les-medias-locaux#breadcrumb\",\"itemListElement\":[{\"@type\":\"ListItem\",\"position\":1,\"name\":\"Accueil\",\"item\":\"https:\/\/www.africa-press.net\/tchad\/\"},{\"@type\":\"ListItem\",\"position\":2,\"name\":\"\u200bL\u2019Ambassade du Maroc au Tchad renforce les liens avec les m\u00e9dias locaux\"}]},{\"@type\":\"WebSite\",\"@id\":\"https:\/\/www.africa-press.net\/tchad\/#website\",\"url\":\"https:\/\/www.africa-press.net\/tchad\/\",\"name\":\"tchad\",\"description\":\"Just another Africa News Agency Sites site\",\"potentialAction\":[{\"@type\":\"SearchAction\",\"target\":{\"@type\":\"EntryPoint\",\"urlTemplate\":\"https:\/\/www.africa-press.net\/tchad\/?s={search_term_string}\"},\"query-input\":{\"@type\":\"PropertyValueSpecification\",\"valueRequired\":true,\"valueName\":\"search_term_string\"}}],\"inLanguage\":\"fr-FR\"},{\"@type\":\"Person\",\"@id\":\"https:\/\/www.africa-press.net\/tchad\/#\/schema\/person\/2b1cf3cd81a31e3cd26889ca66d677f1\",\"name\":\"cfeditorfr\"}]}<\/script>\n<!-- \/ Yoast SEO Premium plugin. -->","yoast_head_json":{"title":"\u200bL\u2019Ambassade du Maroc au Tchad renforce les liens avec les m\u00e9dias locaux - tchad","robots":{"index":"index","follow":"follow","max-snippet":"max-snippet:-1","max-image-preview":"max-image-preview:large","max-video-preview":"max-video-preview:-1"},"canonical":"https:\/\/www.africa-press.net\/tchad\/politique\/lambassade-du-maroc-au-tchad-renforce-les-liens-avec-les-medias-locaux","og_locale":"fr_FR","og_type":"article","og_title":"\u200bL\u2019Ambassade du Maroc au Tchad renforce les liens avec les m\u00e9dias locaux","og_description":"Africa-Press &#8211; Tchad. L\u2019occasion a e\u0301te\u0301 saisie par l\u2019Ambassadeur pour partager les avance\u0301es du Maroc en matie\u0300re de de\u0301veloppement et de coope\u0301ration bilate\u0301rale et multilate\u0301rale. L\u2019e\u0301ve\u0301nement a e\u0301te\u0301 perc\u0327u non seulement comme un geste de courtoisie mais aussi comme une affirmation de la conviction de l\u2019Ambassadeur dans la comple\u0301mentarite\u0301 entre la diplomatie et la communication, [&hellip;]","og_url":"https:\/\/www.africa-press.net\/tchad\/politique\/lambassade-du-maroc-au-tchad-renforce-les-liens-avec-les-medias-locaux","og_site_name":"tchad","article_published_time":"2023-11-24T18:30:34+00:00","author":"cfeditorfr","twitter_card":"summary_large_image","twitter_misc":{"\u00c9crit par":"cfeditorfr","Dur\u00e9e de lecture estim\u00e9e":"1 minute"},"schema":{"@context":"https:\/\/schema.org","@graph":[{"@type":"Article","@id":"https:\/\/www.africa-press.net\/tchad\/politique\/lambassade-du-maroc-au-tchad-renforce-les-liens-avec-les-medias-locaux#article","isPartOf":{"@id":"https:\/\/www.africa-press.net\/tchad\/politique\/lambassade-du-maroc-au-tchad-renforce-les-liens-avec-les-medias-locaux"},"author":{"name":"cfeditorfr","@id":"https:\/\/www.africa-press.net\/tchad\/#\/schema\/person\/2b1cf3cd81a31e3cd26889ca66d677f1"},"headline":"\u200bL\u2019Ambassade du Maroc au Tchad renforce les liens avec les m\u00e9dias locaux","datePublished":"2023-11-24T18:30:34+00:00","mainEntityOfPage":{"@id":"https:\/\/www.africa-press.net\/tchad\/politique\/lambassade-du-maroc-au-tchad-renforce-les-liens-avec-les-medias-locaux"},"wordCount":286,"commentCount":0,"image":{"@id":"https:\/\/www.africa-press.net\/tchad\/politique\/lambassade-du-maroc-au-tchad-renforce-les-liens-avec-les-medias-locaux#primaryimage"},"thumbnailUrl":"https:\/\/static.africa-press.net\/tchad\/sites\/41\/2023\/11\/sm_1700839694.767922.jpg","keywords":["Africa Press","Africa Press-Tchad","Tchad"],"articleSection":["Politique","Top Nouvelles","Toutes les actualit\u00e9s"],"inLanguage":"fr-FR","potentialAction":[{"@type":"CommentAction","name":"Comment","target":["https:\/\/www.africa-press.net\/tchad\/politique\/lambassade-du-maroc-au-tchad-renforce-les-liens-avec-les-medias-locaux#respond"]}]},{"@type":"WebPage","@id":"https:\/\/www.africa-press.net\/tchad\/politique\/lambassade-du-maroc-au-tchad-renforce-les-liens-avec-les-medias-locaux","url":"https:\/\/www.africa-press.net\/tchad\/politique\/lambassade-du-maroc-au-tchad-renforce-les-liens-avec-les-medias-locaux","name":"\u200bL\u2019Ambassade du Maroc au Tchad renforce les liens avec les m\u00e9dias locaux - tchad","isPartOf":{"@id":"https:\/\/www.africa-press.net\/tchad\/#website"},"primaryImageOfPage":{"@id":"https:\/\/www.africa-press.net\/tchad\/politique\/lambassade-du-maroc-au-tchad-renforce-les-liens-avec-les-medias-locaux#primaryimage"},"image":{"@id":"https:\/\/www.africa-press.net\/tchad\/politique\/lambassade-du-maroc-au-tchad-renforce-les-liens-avec-les-medias-locaux#primaryimage"},"thumbnailUrl":"https:\/\/static.africa-press.net\/tchad\/sites\/41\/2023\/11\/sm_1700839694.767922.jpg","datePublished":"2023-11-24T18:30:34+00:00","author":{"@id":"https:\/\/www.africa-press.net\/tchad\/#\/schema\/person\/2b1cf3cd81a31e3cd26889ca66d677f1"},"breadcrumb":{"@id":"https:\/\/www.africa-press.net\/tchad\/politique\/lambassade-du-maroc-au-tchad-renforce-les-liens-avec-les-medias-locaux#breadcrumb"},"inLanguage":"fr-FR","potentialAction":[{"@type":"ReadAction","target":["https:\/\/www.africa-press.net\/tchad\/politique\/lambassade-du-maroc-au-tchad-renforce-les-liens-avec-les-medias-locaux"]}]},{"@type":"ImageObject","inLanguage":"fr-FR","@id":"https:\/\/www.africa-press.net\/tchad\/politique\/lambassade-du-maroc-au-tchad-renforce-les-liens-avec-les-medias-locaux#primaryimage","url":"https:\/\/static.africa-press.net\/tchad\/sites\/41\/2023\/11\/sm_1700839694.767922.jpg","contentUrl":"https:\/\/static.africa-press.net\/tchad\/sites\/41\/2023\/11\/sm_1700839694.767922.jpg","width":1080,"height":809,"caption":"\u200bL\u2019Ambassade du Maroc au Tchad renforce les liens avec les m\u00e9dias locaux"},{"@type":"BreadcrumbList","@id":"https:\/\/www.africa-press.net\/tchad\/politique\/lambassade-du-maroc-au-tchad-renforce-les-liens-avec-les-medias-locaux#breadcrumb","itemListElement":[{"@type":"ListItem","position":1,"name":"Accueil","item":"https:\/\/www.africa-press.net\/tchad\/"},{"@type":"ListItem","position":2,"name":"\u200bL\u2019Ambassade du Maroc au Tchad renforce les liens avec les m\u00e9dias locaux"}]},{"@type":"WebSite","@id":"https:\/\/www.africa-press.net\/tchad\/#website","url":"https:\/\/www.africa-press.net\/tchad\/","name":"tchad","description":"Just another Africa News Agency Sites site","potentialAction":[{"@type":"SearchAction","target":{"@type":"EntryPoint","urlTemplate":"https:\/\/www.africa-press.net\/tchad\/?s={search_term_string}"},"query-input":{"@type":"PropertyValueSpecification","valueRequired":true,"valueName":"search_term_string"}}],"inLanguage":"fr-FR"},{"@type":"Person","@id":"https:\/\/www.africa-press.net\/tchad\/#\/schema\/person\/2b1cf3cd81a31e3cd26889ca66d677f1","name":"cfeditorfr"}]}},"_links":{"self":[{"href":"https:\/\/www.africa-press.net\/tchad\/wp-json\/wp\/v2\/posts\/54536","targetHints":{"allow":["GET"]}}],"collection":[{"href":"https:\/\/www.africa-press.net\/tchad\/wp-json\/wp\/v2\/posts"}],"about":[{"href":"https:\/\/www.africa-press.net\/tchad\/wp-json\/wp\/v2\/types\/post"}],"author":[{"embeddable":true,"href":"https:\/\/www.africa-press.net\/tchad\/wp-json\/wp\/v2\/users\/82"}],"replies":[{"embeddable":true,"href":"https:\/\/www.africa-press.net\/tchad\/wp-json\/wp\/v2\/comments?post=54536"}],"version-history":[{"count":0,"href":"https:\/\/www.africa-press.net\/tchad\/wp-json\/wp\/v2\/posts\/54536\/revisions"}],"wp:featuredmedia":[{"embeddable":true,"href":"https:\/\/www.africa-press.net\/tchad\/wp-json\/wp\/v2\/media\/54535"}],"wp:attachment":[{"href":"https:\/\/www.africa-press.net\/tchad\/wp-json\/wp\/v2\/media?parent=54536"}],"wp:term":[{"taxonomy":"category","embeddable":true,"href":"https:\/\/www.africa-press.net\/tchad\/wp-json\/wp\/v2\/categories?post=54536"},{"taxonomy":"post_tag","embeddable":true,"href":"https:\/\/www.africa-press.net\/tchad\/wp-json\/wp\/v2\/tags?post=54536"}],"curies":[{"name":"wp","href":"https:\/\/api.w.org\/{rel}","templated":true}]}}