{"id":54564,"date":"2023-11-25T16:45:52","date_gmt":"2023-11-25T16:45:52","guid":{"rendered":"https:\/\/www.africa-press.net\/tchad\/politique\/la-voix-du-peuple-une-nouvelle-association-pour-le-militantisme-citoyen-au-tchad"},"modified":"2023-11-25T17:30:21","modified_gmt":"2023-11-25T17:30:21","slug":"la-voix-du-peuple-une-nouvelle-association-pour-le-militantisme-citoyen-au-tchad","status":"publish","type":"post","link":"https:\/\/www.africa-press.net\/tchad\/toutes-les-actualites\/la-voix-du-peuple-une-nouvelle-association-pour-le-militantisme-citoyen-au-tchad","title":{"rendered":"\u00ab\u00a0La Voix du Peuple\u00a0\u00bb : une nouvelle association pour le militantisme citoyen au Tchad"},"content":{"rendered":"<p><span style=\"color: #ff6600\"><strong>Africa-Press &#8211; Tchad. <\/strong><\/span>Lors d&rsquo;un point de presse tenu le 23 novembre 2023, l&rsquo;Association \u00ab\u00a0La Voix du Peuple\u00a0\u00bb (AVP) a annonce\u0301 le lancement officiel de ses activite\u0301s a\u0300 la maison des me\u0301dias.<\/p>\n<p>Abakar Ali Koula, pre\u0301sident de l&rsquo;association, a pre\u0301sente\u0301 a\u0300 l&rsquo;opinion nationale et internationale les objectifs de l&rsquo;AVP face aux proble\u0300mes sociaux auxquels le peuple tchadien est confronte\u0301. Anime\u0301s par un esprit de participation citoyenne, les membres de l&rsquo;association ont de\u0301cide\u0301 de s&rsquo;engager activement dans la sensibilisation et la de\u0301fense des droits du peuple.<\/p>\n<p>L&rsquo;AVP se donne pour missions : De combattre la cherte\u0301 de la vie, la malversation financie\u0300re et l&rsquo;abus de pouvoir.<\/p>\n<p>De de\u0301fendre le droit d&rsquo;acce\u0300s du peuple a\u0300 l&rsquo;eau, a\u0300 l&rsquo;e\u0301lectricite\u0301, a\u0300 la sante\u0301 et a\u0300 l&rsquo;e\u0301ducation.<\/p>\n<p>De sensibiliser les citoyens a\u0300 de\u0301fendre leurs droits et connai\u0302tre leurs devoirs, a\u0300 promouvoir la cohabitation pacifique et le vivre ensemble.<\/p>\n<p>D&rsquo;apporter assistance et re\u0301aliser des actions solidaires envers les populations vulne\u0301rables, affecte\u0301es par des crises politiques, ethniques, e\u0301conomiques ou sociales, des guerres, des catastrophes naturelles, des menaces e\u0301cologiques ou toute autre situation d&rsquo;urgence ou de sous-de\u0301veloppement.<\/p>\n<p>De recueillir, d&rsquo;analyser et de proposer des solutions concre\u0300tes aupre\u0300s des populations, des me\u0301dias, des de\u0301cideurs publics et des partenaires de de\u0301veloppement par divers moyens d&rsquo;expression, dans le but d&rsquo;ame\u0301liorer les conditions de vie des Tchadiens.<\/p>\n<p>De participer a\u0300 la promotion de la citoyennete\u0301 et du volontariat.<\/p>\n<p>De contribuer a\u0300 la promotion et a\u0300 la protection des droits des consommateurs.<\/p>\n<p>Abakar Ali Koula a e\u0301galement e\u0301voque\u0301 les de\u0301fis actuels du Tchad, tels que la crise des re\u0301fugie\u0301s, la se\u0301cheresse imminente due a\u0300 la rarete\u0301 des pluies, et les difficulte\u0301s engendre\u0301es par la cherte\u0301 de la vie. L&rsquo;association \u00ab\u00a0La Voix du Peuple\u00a0\u00bb se positionne ainsi comme un acteur cle\u0301 dans la recherche de solutions a\u0300 ces proble\u0301matiques.<\/p>\n<p><strong>Pour plus d&rsquo;informations et d&rsquo;analyses sur la <a href=\"https:\/\/www.africa-press.net\/tchad\">Tchad<\/a>, suivez <a href=\"https:\/\/www.africa-press.net\/\">Africa-Press<\/a><\/strong><\/p>\n","protected":false},"excerpt":{"rendered":"<p>Africa-Press &#8211; Tchad. Lors d&rsquo;un point de presse tenu le 23 novembre 2023, l&rsquo;Association \u00ab\u00a0La Voix du Peuple\u00a0\u00bb (AVP) a annonce\u0301 le lancement officiel de ses activite\u0301s a\u0300 la maison des me\u0301dias. Abakar Ali Koula, pre\u0301sident de l&rsquo;association, a pre\u0301sente\u0301 a\u0300 l&rsquo;opinion nationale et internationale les objectifs de l&rsquo;AVP face aux proble\u0300mes sociaux auxquels le [&hellip;]<\/p>\n","protected":false},"author":82,"featured_media":54563,"comment_status":"open","ping_status":"closed","sticky":false,"template":"","format":"standard","meta":{"footnotes":""},"categories":[21,10],"tags":[37,292,29],"class_list":["post-54564","post","type-post","status-publish","format-standard","has-post-thumbnail","hentry","category-communaute","category-toutes-les-actualites","tag-africa-press","tag-africa-press-tchad","tag-tchad"],"yoast_head":"<!-- This site is optimized with the Yoast SEO Premium plugin v26.1 (Yoast SEO v27.0) - https:\/\/yoast.com\/product\/yoast-seo-premium-wordpress\/ -->\n<title>&quot;La Voix du Peuple&quot; : une nouvelle association pour le militantisme citoyen au Tchad - tchad<\/title>\n<meta name=\"description\" content=\"Lors d&#039;un point de presse tenu le 23 novembre 2023, l&#039;Association &quot;La Voix du Peuple&quot; (AVP) a annonce\u0301 le lancement offi ...\" \/>\n<meta name=\"robots\" content=\"index, follow, max-snippet:-1, max-image-preview:large, max-video-preview:-1\" \/>\n<link rel=\"canonical\" href=\"https:\/\/www.africa-press.net\/tchad\/toutes-les-actualites\/la-voix-du-peuple-une-nouvelle-association-pour-le-militantisme-citoyen-au-tchad\" \/>\n<meta property=\"og:locale\" content=\"fr_FR\" \/>\n<meta property=\"og:type\" content=\"article\" \/>\n<meta property=\"og:title\" content=\"&quot;La Voix du Peuple&quot; : une nouvelle association pour le militantisme citoyen au Tchad\" \/>\n<meta property=\"og:description\" content=\"Lors d&#039;un point de presse tenu le 23 novembre 2023, l&#039;Association &quot;La Voix du Peuple&quot; (AVP) a annonce\u0301 le lancement offi ...\" \/>\n<meta property=\"og:url\" content=\"https:\/\/www.africa-press.net\/tchad\/toutes-les-actualites\/la-voix-du-peuple-une-nouvelle-association-pour-le-militantisme-citoyen-au-tchad\" \/>\n<meta property=\"og:site_name\" content=\"tchad\" \/>\n<meta property=\"article:published_time\" content=\"2023-11-25T16:45:52+00:00\" \/>\n<meta property=\"article:modified_time\" content=\"2023-11-25T17:30:21+00:00\" \/>\n<meta property=\"og:image\" content=\"https:\/\/static.africa-press.net\/tchad\/sites\/41\/2023\/11\/sm_1700920691.059127.jpg\" \/>\n\t<meta property=\"og:image:width\" content=\"1040\" \/>\n\t<meta property=\"og:image:height\" content=\"780\" \/>\n\t<meta property=\"og:image:type\" content=\"image\/jpeg\" \/>\n<meta name=\"author\" content=\"cfeditorfr\" \/>\n<meta name=\"twitter:card\" content=\"summary_large_image\" \/>\n<meta name=\"twitter:label1\" content=\"\u00c9crit par\" \/>\n\t<meta name=\"twitter:data1\" content=\"cfeditorfr\" \/>\n\t<meta name=\"twitter:label2\" content=\"Dur\u00e9e de lecture estim\u00e9e\" \/>\n\t<meta name=\"twitter:data2\" content=\"2 minutes\" \/>\n<script type=\"application\/ld+json\" class=\"yoast-schema-graph\">{\"@context\":\"https:\/\/schema.org\",\"@graph\":[{\"@type\":\"Article\",\"@id\":\"https:\/\/www.africa-press.net\/tchad\/toutes-les-actualites\/la-voix-du-peuple-une-nouvelle-association-pour-le-militantisme-citoyen-au-tchad#article\",\"isPartOf\":{\"@id\":\"https:\/\/www.africa-press.net\/tchad\/toutes-les-actualites\/la-voix-du-peuple-une-nouvelle-association-pour-le-militantisme-citoyen-au-tchad\"},\"author\":{\"name\":\"cfeditorfr\",\"@id\":\"https:\/\/www.africa-press.net\/tchad\/#\/schema\/person\/2b1cf3cd81a31e3cd26889ca66d677f1\"},\"headline\":\"\u00ab\u00a0La Voix du Peuple\u00a0\u00bb : une nouvelle association pour le militantisme citoyen au Tchad\",\"datePublished\":\"2023-11-25T16:45:52+00:00\",\"dateModified\":\"2023-11-25T17:30:21+00:00\",\"mainEntityOfPage\":{\"@id\":\"https:\/\/www.africa-press.net\/tchad\/toutes-les-actualites\/la-voix-du-peuple-une-nouvelle-association-pour-le-militantisme-citoyen-au-tchad\"},\"wordCount\":372,\"commentCount\":0,\"image\":{\"@id\":\"https:\/\/www.africa-press.net\/tchad\/toutes-les-actualites\/la-voix-du-peuple-une-nouvelle-association-pour-le-militantisme-citoyen-au-tchad#primaryimage\"},\"thumbnailUrl\":\"https:\/\/static.africa-press.net\/tchad\/sites\/41\/2023\/11\/sm_1700920691.059127.jpg\",\"keywords\":[\"Africa Press\",\"Africa Press-Tchad\",\"Tchad\"],\"articleSection\":[\"Communaut\u00e9\",\"Toutes les actualit\u00e9s\"],\"inLanguage\":\"fr-FR\",\"potentialAction\":[{\"@type\":\"CommentAction\",\"name\":\"Comment\",\"target\":[\"https:\/\/www.africa-press.net\/tchad\/toutes-les-actualites\/la-voix-du-peuple-une-nouvelle-association-pour-le-militantisme-citoyen-au-tchad#respond\"]}]},{\"@type\":\"WebPage\",\"@id\":\"https:\/\/www.africa-press.net\/tchad\/toutes-les-actualites\/la-voix-du-peuple-une-nouvelle-association-pour-le-militantisme-citoyen-au-tchad\",\"url\":\"https:\/\/www.africa-press.net\/tchad\/toutes-les-actualites\/la-voix-du-peuple-une-nouvelle-association-pour-le-militantisme-citoyen-au-tchad\",\"name\":\"\\\"La Voix du Peuple\\\" : une nouvelle association pour le militantisme citoyen au Tchad - tchad\",\"isPartOf\":{\"@id\":\"https:\/\/www.africa-press.net\/tchad\/#website\"},\"primaryImageOfPage\":{\"@id\":\"https:\/\/www.africa-press.net\/tchad\/toutes-les-actualites\/la-voix-du-peuple-une-nouvelle-association-pour-le-militantisme-citoyen-au-tchad#primaryimage\"},\"image\":{\"@id\":\"https:\/\/www.africa-press.net\/tchad\/toutes-les-actualites\/la-voix-du-peuple-une-nouvelle-association-pour-le-militantisme-citoyen-au-tchad#primaryimage\"},\"thumbnailUrl\":\"https:\/\/static.africa-press.net\/tchad\/sites\/41\/2023\/11\/sm_1700920691.059127.jpg\",\"datePublished\":\"2023-11-25T16:45:52+00:00\",\"dateModified\":\"2023-11-25T17:30:21+00:00\",\"author\":{\"@id\":\"https:\/\/www.africa-press.net\/tchad\/#\/schema\/person\/2b1cf3cd81a31e3cd26889ca66d677f1\"},\"description\":\"Lors d'un point de presse tenu le 23 novembre 2023, l'Association \\\"La Voix du Peuple\\\" (AVP) a annonce\u0301 le lancement offi ...\",\"breadcrumb\":{\"@id\":\"https:\/\/www.africa-press.net\/tchad\/toutes-les-actualites\/la-voix-du-peuple-une-nouvelle-association-pour-le-militantisme-citoyen-au-tchad#breadcrumb\"},\"inLanguage\":\"fr-FR\",\"potentialAction\":[{\"@type\":\"ReadAction\",\"target\":[\"https:\/\/www.africa-press.net\/tchad\/toutes-les-actualites\/la-voix-du-peuple-une-nouvelle-association-pour-le-militantisme-citoyen-au-tchad\"]}]},{\"@type\":\"ImageObject\",\"inLanguage\":\"fr-FR\",\"@id\":\"https:\/\/www.africa-press.net\/tchad\/toutes-les-actualites\/la-voix-du-peuple-une-nouvelle-association-pour-le-militantisme-citoyen-au-tchad#primaryimage\",\"url\":\"https:\/\/static.africa-press.net\/tchad\/sites\/41\/2023\/11\/sm_1700920691.059127.jpg\",\"contentUrl\":\"https:\/\/static.africa-press.net\/tchad\/sites\/41\/2023\/11\/sm_1700920691.059127.jpg\",\"width\":1040,\"height\":780,\"caption\":\"\\\"La Voix du Peuple\\\" : une nouvelle association pour le militantisme citoyen au Tchad\"},{\"@type\":\"BreadcrumbList\",\"@id\":\"https:\/\/www.africa-press.net\/tchad\/toutes-les-actualites\/la-voix-du-peuple-une-nouvelle-association-pour-le-militantisme-citoyen-au-tchad#breadcrumb\",\"itemListElement\":[{\"@type\":\"ListItem\",\"position\":1,\"name\":\"Accueil\",\"item\":\"https:\/\/www.africa-press.net\/tchad\/\"},{\"@type\":\"ListItem\",\"position\":2,\"name\":\"&#8220;La Voix du Peuple&#8221; : une nouvelle association pour le militantisme citoyen au Tchad\"}]},{\"@type\":\"WebSite\",\"@id\":\"https:\/\/www.africa-press.net\/tchad\/#website\",\"url\":\"https:\/\/www.africa-press.net\/tchad\/\",\"name\":\"tchad\",\"description\":\"Just another Africa News Agency Sites site\",\"potentialAction\":[{\"@type\":\"SearchAction\",\"target\":{\"@type\":\"EntryPoint\",\"urlTemplate\":\"https:\/\/www.africa-press.net\/tchad\/?s={search_term_string}\"},\"query-input\":{\"@type\":\"PropertyValueSpecification\",\"valueRequired\":true,\"valueName\":\"search_term_string\"}}],\"inLanguage\":\"fr-FR\"},{\"@type\":\"Person\",\"@id\":\"https:\/\/www.africa-press.net\/tchad\/#\/schema\/person\/2b1cf3cd81a31e3cd26889ca66d677f1\",\"name\":\"cfeditorfr\"}]}<\/script>\n<!-- \/ Yoast SEO Premium plugin. -->","yoast_head_json":{"title":"\"La Voix du Peuple\" : une nouvelle association pour le militantisme citoyen au Tchad - tchad","description":"Lors d'un point de presse tenu le 23 novembre 2023, l'Association \"La Voix du Peuple\" (AVP) a annonce\u0301 le lancement offi ...","robots":{"index":"index","follow":"follow","max-snippet":"max-snippet:-1","max-image-preview":"max-image-preview:large","max-video-preview":"max-video-preview:-1"},"canonical":"https:\/\/www.africa-press.net\/tchad\/toutes-les-actualites\/la-voix-du-peuple-une-nouvelle-association-pour-le-militantisme-citoyen-au-tchad","og_locale":"fr_FR","og_type":"article","og_title":"\"La Voix du Peuple\" : une nouvelle association pour le militantisme citoyen au Tchad","og_description":"Lors d'un point de presse tenu le 23 novembre 2023, l'Association \"La Voix du Peuple\" (AVP) a annonce\u0301 le lancement offi ...","og_url":"https:\/\/www.africa-press.net\/tchad\/toutes-les-actualites\/la-voix-du-peuple-une-nouvelle-association-pour-le-militantisme-citoyen-au-tchad","og_site_name":"tchad","article_published_time":"2023-11-25T16:45:52+00:00","article_modified_time":"2023-11-25T17:30:21+00:00","og_image":[{"width":1040,"height":780,"url":"https:\/\/static.africa-press.net\/tchad\/sites\/41\/2023\/11\/sm_1700920691.059127.jpg","type":"image\/jpeg"}],"author":"cfeditorfr","twitter_card":"summary_large_image","twitter_misc":{"\u00c9crit par":"cfeditorfr","Dur\u00e9e de lecture estim\u00e9e":"2 minutes"},"schema":{"@context":"https:\/\/schema.org","@graph":[{"@type":"Article","@id":"https:\/\/www.africa-press.net\/tchad\/toutes-les-actualites\/la-voix-du-peuple-une-nouvelle-association-pour-le-militantisme-citoyen-au-tchad#article","isPartOf":{"@id":"https:\/\/www.africa-press.net\/tchad\/toutes-les-actualites\/la-voix-du-peuple-une-nouvelle-association-pour-le-militantisme-citoyen-au-tchad"},"author":{"name":"cfeditorfr","@id":"https:\/\/www.africa-press.net\/tchad\/#\/schema\/person\/2b1cf3cd81a31e3cd26889ca66d677f1"},"headline":"\u00ab\u00a0La Voix du Peuple\u00a0\u00bb : une nouvelle association pour le militantisme citoyen au Tchad","datePublished":"2023-11-25T16:45:52+00:00","dateModified":"2023-11-25T17:30:21+00:00","mainEntityOfPage":{"@id":"https:\/\/www.africa-press.net\/tchad\/toutes-les-actualites\/la-voix-du-peuple-une-nouvelle-association-pour-le-militantisme-citoyen-au-tchad"},"wordCount":372,"commentCount":0,"image":{"@id":"https:\/\/www.africa-press.net\/tchad\/toutes-les-actualites\/la-voix-du-peuple-une-nouvelle-association-pour-le-militantisme-citoyen-au-tchad#primaryimage"},"thumbnailUrl":"https:\/\/static.africa-press.net\/tchad\/sites\/41\/2023\/11\/sm_1700920691.059127.jpg","keywords":["Africa Press","Africa Press-Tchad","Tchad"],"articleSection":["Communaut\u00e9","Toutes les actualit\u00e9s"],"inLanguage":"fr-FR","potentialAction":[{"@type":"CommentAction","name":"Comment","target":["https:\/\/www.africa-press.net\/tchad\/toutes-les-actualites\/la-voix-du-peuple-une-nouvelle-association-pour-le-militantisme-citoyen-au-tchad#respond"]}]},{"@type":"WebPage","@id":"https:\/\/www.africa-press.net\/tchad\/toutes-les-actualites\/la-voix-du-peuple-une-nouvelle-association-pour-le-militantisme-citoyen-au-tchad","url":"https:\/\/www.africa-press.net\/tchad\/toutes-les-actualites\/la-voix-du-peuple-une-nouvelle-association-pour-le-militantisme-citoyen-au-tchad","name":"\"La Voix du Peuple\" : une nouvelle association pour le militantisme citoyen au Tchad - tchad","isPartOf":{"@id":"https:\/\/www.africa-press.net\/tchad\/#website"},"primaryImageOfPage":{"@id":"https:\/\/www.africa-press.net\/tchad\/toutes-les-actualites\/la-voix-du-peuple-une-nouvelle-association-pour-le-militantisme-citoyen-au-tchad#primaryimage"},"image":{"@id":"https:\/\/www.africa-press.net\/tchad\/toutes-les-actualites\/la-voix-du-peuple-une-nouvelle-association-pour-le-militantisme-citoyen-au-tchad#primaryimage"},"thumbnailUrl":"https:\/\/static.africa-press.net\/tchad\/sites\/41\/2023\/11\/sm_1700920691.059127.jpg","datePublished":"2023-11-25T16:45:52+00:00","dateModified":"2023-11-25T17:30:21+00:00","author":{"@id":"https:\/\/www.africa-press.net\/tchad\/#\/schema\/person\/2b1cf3cd81a31e3cd26889ca66d677f1"},"description":"Lors d'un point de presse tenu le 23 novembre 2023, l'Association \"La Voix du Peuple\" (AVP) a annonce\u0301 le lancement offi ...","breadcrumb":{"@id":"https:\/\/www.africa-press.net\/tchad\/toutes-les-actualites\/la-voix-du-peuple-une-nouvelle-association-pour-le-militantisme-citoyen-au-tchad#breadcrumb"},"inLanguage":"fr-FR","potentialAction":[{"@type":"ReadAction","target":["https:\/\/www.africa-press.net\/tchad\/toutes-les-actualites\/la-voix-du-peuple-une-nouvelle-association-pour-le-militantisme-citoyen-au-tchad"]}]},{"@type":"ImageObject","inLanguage":"fr-FR","@id":"https:\/\/www.africa-press.net\/tchad\/toutes-les-actualites\/la-voix-du-peuple-une-nouvelle-association-pour-le-militantisme-citoyen-au-tchad#primaryimage","url":"https:\/\/static.africa-press.net\/tchad\/sites\/41\/2023\/11\/sm_1700920691.059127.jpg","contentUrl":"https:\/\/static.africa-press.net\/tchad\/sites\/41\/2023\/11\/sm_1700920691.059127.jpg","width":1040,"height":780,"caption":"\"La Voix du Peuple\" : une nouvelle association pour le militantisme citoyen au Tchad"},{"@type":"BreadcrumbList","@id":"https:\/\/www.africa-press.net\/tchad\/toutes-les-actualites\/la-voix-du-peuple-une-nouvelle-association-pour-le-militantisme-citoyen-au-tchad#breadcrumb","itemListElement":[{"@type":"ListItem","position":1,"name":"Accueil","item":"https:\/\/www.africa-press.net\/tchad\/"},{"@type":"ListItem","position":2,"name":"&#8220;La Voix du Peuple&#8221; : une nouvelle association pour le militantisme citoyen au Tchad"}]},{"@type":"WebSite","@id":"https:\/\/www.africa-press.net\/tchad\/#website","url":"https:\/\/www.africa-press.net\/tchad\/","name":"tchad","description":"Just another Africa News Agency Sites site","potentialAction":[{"@type":"SearchAction","target":{"@type":"EntryPoint","urlTemplate":"https:\/\/www.africa-press.net\/tchad\/?s={search_term_string}"},"query-input":{"@type":"PropertyValueSpecification","valueRequired":true,"valueName":"search_term_string"}}],"inLanguage":"fr-FR"},{"@type":"Person","@id":"https:\/\/www.africa-press.net\/tchad\/#\/schema\/person\/2b1cf3cd81a31e3cd26889ca66d677f1","name":"cfeditorfr"}]}},"_links":{"self":[{"href":"https:\/\/www.africa-press.net\/tchad\/wp-json\/wp\/v2\/posts\/54564","targetHints":{"allow":["GET"]}}],"collection":[{"href":"https:\/\/www.africa-press.net\/tchad\/wp-json\/wp\/v2\/posts"}],"about":[{"href":"https:\/\/www.africa-press.net\/tchad\/wp-json\/wp\/v2\/types\/post"}],"author":[{"embeddable":true,"href":"https:\/\/www.africa-press.net\/tchad\/wp-json\/wp\/v2\/users\/82"}],"replies":[{"embeddable":true,"href":"https:\/\/www.africa-press.net\/tchad\/wp-json\/wp\/v2\/comments?post=54564"}],"version-history":[{"count":0,"href":"https:\/\/www.africa-press.net\/tchad\/wp-json\/wp\/v2\/posts\/54564\/revisions"}],"wp:featuredmedia":[{"embeddable":true,"href":"https:\/\/www.africa-press.net\/tchad\/wp-json\/wp\/v2\/media\/54563"}],"wp:attachment":[{"href":"https:\/\/www.africa-press.net\/tchad\/wp-json\/wp\/v2\/media?parent=54564"}],"wp:term":[{"taxonomy":"category","embeddable":true,"href":"https:\/\/www.africa-press.net\/tchad\/wp-json\/wp\/v2\/categories?post=54564"},{"taxonomy":"post_tag","embeddable":true,"href":"https:\/\/www.africa-press.net\/tchad\/wp-json\/wp\/v2\/tags?post=54564"}],"curies":[{"name":"wp","href":"https:\/\/api.w.org\/{rel}","templated":true}]}}