{"id":54566,"date":"2023-11-25T16:29:27","date_gmt":"2023-11-25T16:29:27","guid":{"rendered":"https:\/\/www.africa-press.net\/tchad\/politique\/m2e-ecole-polytechnique-annonce-une-une-master-class-entrepreneuriale"},"modified":"2023-11-25T17:31:00","modified_gmt":"2023-11-25T17:31:00","slug":"m2e-ecole-polytechnique-annonce-une-une-master-class-entrepreneuriale","status":"publish","type":"post","link":"https:\/\/www.africa-press.net\/tchad\/economie\/m2e-ecole-polytechnique-annonce-une-une-master-class-entrepreneuriale","title":{"rendered":"M2E \u00c9cole Polytechnique annonce une une master class entrepreneuriale"},"content":{"rendered":"<p><span style=\"color: #ff6600\"><strong>Africa-Press &#8211; Tchad. <\/strong><\/span>M2E E\u0301cole Polytechnique, en partenariat avec le re\u0301pute\u0301 coach Simon Ouedraogo, a tenu une confe\u0301rence de presse a\u0300 la maison des me\u0301dias du Tchad pour annoncer la tenue d&rsquo;une formation intitule\u0301e \u00ab Master Class Entrepreneuriale \u00bb dans le pays.<\/p>\n<p>Le confe\u0301rencier, Simon Ouedraogo, a souligne\u0301 l&rsquo;importance de l&rsquo;initiative entrepreneuriale soutenue par des passionne\u0301s qui, gra\u0302ce a\u0300 leurs propres moyens, l&rsquo;ont invite\u0301 a\u0300 partager son expe\u0301rience. Il a mis en avant l&rsquo;importance de cette formation pour enrichir la jeunesse de\u0301sireuse d&rsquo;entreprendre, quel que soit le domaine, et de de\u0301velopper leurs compe\u0301tences personnelles.<\/p>\n<p>Simon Ouedraogo a e\u0301galement mentionne\u0301 un programme d&rsquo;alphabe\u0301tisation acce\u0301le\u0301re\u0301e conc\u0327u pour les jeunes non scolarise\u0301s, leur permettant d&rsquo;acque\u0301rir un niveau de connaissance e\u0301quivalent a\u0300 celui d&rsquo;un e\u0301le\u0300ve de CM2.<\/p>\n<p>La formation de\u0301butera le 25 novembre 2023 et s&rsquo;adressera aux commerc\u0327ants et travailleurs a\u0300 l&rsquo;ho\u0302tel Radisson Blu. Le 26 novembre, la session sera de\u0301die\u0301e aux e\u0301tudiants et a\u0300 tous ceux qui souhaitent de\u0301velopper leurs capacite\u0301s personnelles et professionnelles.<\/p>\n<p><strong>Pour plus d&rsquo;informations et d&rsquo;analyses sur la <a href=\"https:\/\/www.africa-press.net\/tchad\">Tchad<\/a>, suivez <a href=\"https:\/\/www.africa-press.net\/\">Africa-Press<\/a><\/strong><\/p>\n","protected":false},"excerpt":{"rendered":"<p>Africa-Press &#8211; Tchad. M2E E\u0301cole Polytechnique, en partenariat avec le re\u0301pute\u0301 coach Simon Ouedraogo, a tenu une confe\u0301rence de presse a\u0300 la maison des me\u0301dias du Tchad pour annoncer la tenue d&rsquo;une formation intitule\u0301e \u00ab Master Class Entrepreneuriale \u00bb dans le pays. Le confe\u0301rencier, Simon Ouedraogo, a souligne\u0301 l&rsquo;importance de l&rsquo;initiative entrepreneuriale soutenue par des [&hellip;]<\/p>\n","protected":false},"author":82,"featured_media":54565,"comment_status":"open","ping_status":"closed","sticky":false,"template":"","format":"standard","meta":{"footnotes":""},"categories":[3,10],"tags":[37,292,29],"class_list":["post-54566","post","type-post","status-publish","format-standard","has-post-thumbnail","hentry","category-economie","category-toutes-les-actualites","tag-africa-press","tag-africa-press-tchad","tag-tchad"],"yoast_head":"<!-- This site is optimized with the Yoast SEO Premium plugin v26.1 (Yoast SEO v27.0) - https:\/\/yoast.com\/product\/yoast-seo-premium-wordpress\/ -->\n<title>M2E \u00c9cole Polytechnique annonce une une master class entrepreneuriale - tchad<\/title>\n<meta name=\"description\" content=\"M2E E\u0301cole Polytechnique, en partenariat avec le re\u0301pute\u0301 coach Simon Ouedraogo, a tenu une confe\u0301rence de presse a\u0300 la ...\" \/>\n<meta name=\"robots\" content=\"index, follow, max-snippet:-1, max-image-preview:large, max-video-preview:-1\" \/>\n<link rel=\"canonical\" href=\"https:\/\/www.africa-press.net\/tchad\/economie\/m2e-ecole-polytechnique-annonce-une-une-master-class-entrepreneuriale\" \/>\n<meta property=\"og:locale\" content=\"fr_FR\" \/>\n<meta property=\"og:type\" content=\"article\" \/>\n<meta property=\"og:title\" content=\"M2E \u00c9cole Polytechnique annonce une une master class entrepreneuriale\" \/>\n<meta property=\"og:description\" content=\"M2E E\u0301cole Polytechnique, en partenariat avec le re\u0301pute\u0301 coach Simon Ouedraogo, a tenu une confe\u0301rence de presse a\u0300 la ...\" \/>\n<meta property=\"og:url\" content=\"https:\/\/www.africa-press.net\/tchad\/economie\/m2e-ecole-polytechnique-annonce-une-une-master-class-entrepreneuriale\" \/>\n<meta property=\"og:site_name\" content=\"tchad\" \/>\n<meta property=\"article:published_time\" content=\"2023-11-25T16:29:27+00:00\" \/>\n<meta property=\"article:modified_time\" content=\"2023-11-25T17:31:00+00:00\" \/>\n<meta property=\"og:image\" content=\"https:\/\/static.africa-press.net\/tchad\/sites\/41\/2023\/11\/sm_1700920728.421522.jpg\" \/>\n\t<meta property=\"og:image:width\" content=\"1024\" \/>\n\t<meta property=\"og:image:height\" content=\"768\" \/>\n\t<meta property=\"og:image:type\" content=\"image\/jpeg\" \/>\n<meta name=\"author\" content=\"cfeditorfr\" \/>\n<meta name=\"twitter:card\" content=\"summary_large_image\" \/>\n<meta name=\"twitter:label1\" content=\"\u00c9crit par\" \/>\n\t<meta name=\"twitter:data1\" content=\"cfeditorfr\" \/>\n\t<meta name=\"twitter:label2\" content=\"Dur\u00e9e de lecture estim\u00e9e\" \/>\n\t<meta name=\"twitter:data2\" content=\"1 minute\" \/>\n<script type=\"application\/ld+json\" class=\"yoast-schema-graph\">{\"@context\":\"https:\/\/schema.org\",\"@graph\":[{\"@type\":\"Article\",\"@id\":\"https:\/\/www.africa-press.net\/tchad\/economie\/m2e-ecole-polytechnique-annonce-une-une-master-class-entrepreneuriale#article\",\"isPartOf\":{\"@id\":\"https:\/\/www.africa-press.net\/tchad\/economie\/m2e-ecole-polytechnique-annonce-une-une-master-class-entrepreneuriale\"},\"author\":{\"name\":\"cfeditorfr\",\"@id\":\"https:\/\/www.africa-press.net\/tchad\/#\/schema\/person\/2b1cf3cd81a31e3cd26889ca66d677f1\"},\"headline\":\"M2E \u00c9cole Polytechnique annonce une une master class entrepreneuriale\",\"datePublished\":\"2023-11-25T16:29:27+00:00\",\"dateModified\":\"2023-11-25T17:31:00+00:00\",\"mainEntityOfPage\":{\"@id\":\"https:\/\/www.africa-press.net\/tchad\/economie\/m2e-ecole-polytechnique-annonce-une-une-master-class-entrepreneuriale\"},\"wordCount\":221,\"commentCount\":0,\"image\":{\"@id\":\"https:\/\/www.africa-press.net\/tchad\/economie\/m2e-ecole-polytechnique-annonce-une-une-master-class-entrepreneuriale#primaryimage\"},\"thumbnailUrl\":\"https:\/\/static.africa-press.net\/tchad\/sites\/41\/2023\/11\/sm_1700920728.421522.jpg\",\"keywords\":[\"Africa Press\",\"Africa Press-Tchad\",\"Tchad\"],\"articleSection\":[\"\u00c9conomie\",\"Toutes les actualit\u00e9s\"],\"inLanguage\":\"fr-FR\",\"potentialAction\":[{\"@type\":\"CommentAction\",\"name\":\"Comment\",\"target\":[\"https:\/\/www.africa-press.net\/tchad\/economie\/m2e-ecole-polytechnique-annonce-une-une-master-class-entrepreneuriale#respond\"]}]},{\"@type\":\"WebPage\",\"@id\":\"https:\/\/www.africa-press.net\/tchad\/economie\/m2e-ecole-polytechnique-annonce-une-une-master-class-entrepreneuriale\",\"url\":\"https:\/\/www.africa-press.net\/tchad\/economie\/m2e-ecole-polytechnique-annonce-une-une-master-class-entrepreneuriale\",\"name\":\"M2E \u00c9cole Polytechnique annonce une une master class entrepreneuriale - tchad\",\"isPartOf\":{\"@id\":\"https:\/\/www.africa-press.net\/tchad\/#website\"},\"primaryImageOfPage\":{\"@id\":\"https:\/\/www.africa-press.net\/tchad\/economie\/m2e-ecole-polytechnique-annonce-une-une-master-class-entrepreneuriale#primaryimage\"},\"image\":{\"@id\":\"https:\/\/www.africa-press.net\/tchad\/economie\/m2e-ecole-polytechnique-annonce-une-une-master-class-entrepreneuriale#primaryimage\"},\"thumbnailUrl\":\"https:\/\/static.africa-press.net\/tchad\/sites\/41\/2023\/11\/sm_1700920728.421522.jpg\",\"datePublished\":\"2023-11-25T16:29:27+00:00\",\"dateModified\":\"2023-11-25T17:31:00+00:00\",\"author\":{\"@id\":\"https:\/\/www.africa-press.net\/tchad\/#\/schema\/person\/2b1cf3cd81a31e3cd26889ca66d677f1\"},\"description\":\"M2E E\u0301cole Polytechnique, en partenariat avec le re\u0301pute\u0301 coach Simon Ouedraogo, a tenu une confe\u0301rence de presse a\u0300 la ...\",\"breadcrumb\":{\"@id\":\"https:\/\/www.africa-press.net\/tchad\/economie\/m2e-ecole-polytechnique-annonce-une-une-master-class-entrepreneuriale#breadcrumb\"},\"inLanguage\":\"fr-FR\",\"potentialAction\":[{\"@type\":\"ReadAction\",\"target\":[\"https:\/\/www.africa-press.net\/tchad\/economie\/m2e-ecole-polytechnique-annonce-une-une-master-class-entrepreneuriale\"]}]},{\"@type\":\"ImageObject\",\"inLanguage\":\"fr-FR\",\"@id\":\"https:\/\/www.africa-press.net\/tchad\/economie\/m2e-ecole-polytechnique-annonce-une-une-master-class-entrepreneuriale#primaryimage\",\"url\":\"https:\/\/static.africa-press.net\/tchad\/sites\/41\/2023\/11\/sm_1700920728.421522.jpg\",\"contentUrl\":\"https:\/\/static.africa-press.net\/tchad\/sites\/41\/2023\/11\/sm_1700920728.421522.jpg\",\"width\":1024,\"height\":768,\"caption\":\"M2E \u00c9cole Polytechnique annonce une une master class entrepreneuriale\"},{\"@type\":\"BreadcrumbList\",\"@id\":\"https:\/\/www.africa-press.net\/tchad\/economie\/m2e-ecole-polytechnique-annonce-une-une-master-class-entrepreneuriale#breadcrumb\",\"itemListElement\":[{\"@type\":\"ListItem\",\"position\":1,\"name\":\"Accueil\",\"item\":\"https:\/\/www.africa-press.net\/tchad\/\"},{\"@type\":\"ListItem\",\"position\":2,\"name\":\"M2E \u00c9cole Polytechnique annonce une une master class entrepreneuriale\"}]},{\"@type\":\"WebSite\",\"@id\":\"https:\/\/www.africa-press.net\/tchad\/#website\",\"url\":\"https:\/\/www.africa-press.net\/tchad\/\",\"name\":\"tchad\",\"description\":\"Just another Africa News Agency Sites site\",\"potentialAction\":[{\"@type\":\"SearchAction\",\"target\":{\"@type\":\"EntryPoint\",\"urlTemplate\":\"https:\/\/www.africa-press.net\/tchad\/?s={search_term_string}\"},\"query-input\":{\"@type\":\"PropertyValueSpecification\",\"valueRequired\":true,\"valueName\":\"search_term_string\"}}],\"inLanguage\":\"fr-FR\"},{\"@type\":\"Person\",\"@id\":\"https:\/\/www.africa-press.net\/tchad\/#\/schema\/person\/2b1cf3cd81a31e3cd26889ca66d677f1\",\"name\":\"cfeditorfr\"}]}<\/script>\n<!-- \/ Yoast SEO Premium plugin. -->","yoast_head_json":{"title":"M2E \u00c9cole Polytechnique annonce une une master class entrepreneuriale - tchad","description":"M2E E\u0301cole Polytechnique, en partenariat avec le re\u0301pute\u0301 coach Simon Ouedraogo, a tenu une confe\u0301rence de presse a\u0300 la ...","robots":{"index":"index","follow":"follow","max-snippet":"max-snippet:-1","max-image-preview":"max-image-preview:large","max-video-preview":"max-video-preview:-1"},"canonical":"https:\/\/www.africa-press.net\/tchad\/economie\/m2e-ecole-polytechnique-annonce-une-une-master-class-entrepreneuriale","og_locale":"fr_FR","og_type":"article","og_title":"M2E \u00c9cole Polytechnique annonce une une master class entrepreneuriale","og_description":"M2E E\u0301cole Polytechnique, en partenariat avec le re\u0301pute\u0301 coach Simon Ouedraogo, a tenu une confe\u0301rence de presse a\u0300 la ...","og_url":"https:\/\/www.africa-press.net\/tchad\/economie\/m2e-ecole-polytechnique-annonce-une-une-master-class-entrepreneuriale","og_site_name":"tchad","article_published_time":"2023-11-25T16:29:27+00:00","article_modified_time":"2023-11-25T17:31:00+00:00","og_image":[{"width":1024,"height":768,"url":"https:\/\/static.africa-press.net\/tchad\/sites\/41\/2023\/11\/sm_1700920728.421522.jpg","type":"image\/jpeg"}],"author":"cfeditorfr","twitter_card":"summary_large_image","twitter_misc":{"\u00c9crit par":"cfeditorfr","Dur\u00e9e de lecture estim\u00e9e":"1 minute"},"schema":{"@context":"https:\/\/schema.org","@graph":[{"@type":"Article","@id":"https:\/\/www.africa-press.net\/tchad\/economie\/m2e-ecole-polytechnique-annonce-une-une-master-class-entrepreneuriale#article","isPartOf":{"@id":"https:\/\/www.africa-press.net\/tchad\/economie\/m2e-ecole-polytechnique-annonce-une-une-master-class-entrepreneuriale"},"author":{"name":"cfeditorfr","@id":"https:\/\/www.africa-press.net\/tchad\/#\/schema\/person\/2b1cf3cd81a31e3cd26889ca66d677f1"},"headline":"M2E \u00c9cole Polytechnique annonce une une master class entrepreneuriale","datePublished":"2023-11-25T16:29:27+00:00","dateModified":"2023-11-25T17:31:00+00:00","mainEntityOfPage":{"@id":"https:\/\/www.africa-press.net\/tchad\/economie\/m2e-ecole-polytechnique-annonce-une-une-master-class-entrepreneuriale"},"wordCount":221,"commentCount":0,"image":{"@id":"https:\/\/www.africa-press.net\/tchad\/economie\/m2e-ecole-polytechnique-annonce-une-une-master-class-entrepreneuriale#primaryimage"},"thumbnailUrl":"https:\/\/static.africa-press.net\/tchad\/sites\/41\/2023\/11\/sm_1700920728.421522.jpg","keywords":["Africa Press","Africa Press-Tchad","Tchad"],"articleSection":["\u00c9conomie","Toutes les actualit\u00e9s"],"inLanguage":"fr-FR","potentialAction":[{"@type":"CommentAction","name":"Comment","target":["https:\/\/www.africa-press.net\/tchad\/economie\/m2e-ecole-polytechnique-annonce-une-une-master-class-entrepreneuriale#respond"]}]},{"@type":"WebPage","@id":"https:\/\/www.africa-press.net\/tchad\/economie\/m2e-ecole-polytechnique-annonce-une-une-master-class-entrepreneuriale","url":"https:\/\/www.africa-press.net\/tchad\/economie\/m2e-ecole-polytechnique-annonce-une-une-master-class-entrepreneuriale","name":"M2E \u00c9cole Polytechnique annonce une une master class entrepreneuriale - tchad","isPartOf":{"@id":"https:\/\/www.africa-press.net\/tchad\/#website"},"primaryImageOfPage":{"@id":"https:\/\/www.africa-press.net\/tchad\/economie\/m2e-ecole-polytechnique-annonce-une-une-master-class-entrepreneuriale#primaryimage"},"image":{"@id":"https:\/\/www.africa-press.net\/tchad\/economie\/m2e-ecole-polytechnique-annonce-une-une-master-class-entrepreneuriale#primaryimage"},"thumbnailUrl":"https:\/\/static.africa-press.net\/tchad\/sites\/41\/2023\/11\/sm_1700920728.421522.jpg","datePublished":"2023-11-25T16:29:27+00:00","dateModified":"2023-11-25T17:31:00+00:00","author":{"@id":"https:\/\/www.africa-press.net\/tchad\/#\/schema\/person\/2b1cf3cd81a31e3cd26889ca66d677f1"},"description":"M2E E\u0301cole Polytechnique, en partenariat avec le re\u0301pute\u0301 coach Simon Ouedraogo, a tenu une confe\u0301rence de presse a\u0300 la ...","breadcrumb":{"@id":"https:\/\/www.africa-press.net\/tchad\/economie\/m2e-ecole-polytechnique-annonce-une-une-master-class-entrepreneuriale#breadcrumb"},"inLanguage":"fr-FR","potentialAction":[{"@type":"ReadAction","target":["https:\/\/www.africa-press.net\/tchad\/economie\/m2e-ecole-polytechnique-annonce-une-une-master-class-entrepreneuriale"]}]},{"@type":"ImageObject","inLanguage":"fr-FR","@id":"https:\/\/www.africa-press.net\/tchad\/economie\/m2e-ecole-polytechnique-annonce-une-une-master-class-entrepreneuriale#primaryimage","url":"https:\/\/static.africa-press.net\/tchad\/sites\/41\/2023\/11\/sm_1700920728.421522.jpg","contentUrl":"https:\/\/static.africa-press.net\/tchad\/sites\/41\/2023\/11\/sm_1700920728.421522.jpg","width":1024,"height":768,"caption":"M2E \u00c9cole Polytechnique annonce une une master class entrepreneuriale"},{"@type":"BreadcrumbList","@id":"https:\/\/www.africa-press.net\/tchad\/economie\/m2e-ecole-polytechnique-annonce-une-une-master-class-entrepreneuriale#breadcrumb","itemListElement":[{"@type":"ListItem","position":1,"name":"Accueil","item":"https:\/\/www.africa-press.net\/tchad\/"},{"@type":"ListItem","position":2,"name":"M2E \u00c9cole Polytechnique annonce une une master class entrepreneuriale"}]},{"@type":"WebSite","@id":"https:\/\/www.africa-press.net\/tchad\/#website","url":"https:\/\/www.africa-press.net\/tchad\/","name":"tchad","description":"Just another Africa News Agency Sites site","potentialAction":[{"@type":"SearchAction","target":{"@type":"EntryPoint","urlTemplate":"https:\/\/www.africa-press.net\/tchad\/?s={search_term_string}"},"query-input":{"@type":"PropertyValueSpecification","valueRequired":true,"valueName":"search_term_string"}}],"inLanguage":"fr-FR"},{"@type":"Person","@id":"https:\/\/www.africa-press.net\/tchad\/#\/schema\/person\/2b1cf3cd81a31e3cd26889ca66d677f1","name":"cfeditorfr"}]}},"_links":{"self":[{"href":"https:\/\/www.africa-press.net\/tchad\/wp-json\/wp\/v2\/posts\/54566","targetHints":{"allow":["GET"]}}],"collection":[{"href":"https:\/\/www.africa-press.net\/tchad\/wp-json\/wp\/v2\/posts"}],"about":[{"href":"https:\/\/www.africa-press.net\/tchad\/wp-json\/wp\/v2\/types\/post"}],"author":[{"embeddable":true,"href":"https:\/\/www.africa-press.net\/tchad\/wp-json\/wp\/v2\/users\/82"}],"replies":[{"embeddable":true,"href":"https:\/\/www.africa-press.net\/tchad\/wp-json\/wp\/v2\/comments?post=54566"}],"version-history":[{"count":0,"href":"https:\/\/www.africa-press.net\/tchad\/wp-json\/wp\/v2\/posts\/54566\/revisions"}],"wp:featuredmedia":[{"embeddable":true,"href":"https:\/\/www.africa-press.net\/tchad\/wp-json\/wp\/v2\/media\/54565"}],"wp:attachment":[{"href":"https:\/\/www.africa-press.net\/tchad\/wp-json\/wp\/v2\/media?parent=54566"}],"wp:term":[{"taxonomy":"category","embeddable":true,"href":"https:\/\/www.africa-press.net\/tchad\/wp-json\/wp\/v2\/categories?post=54566"},{"taxonomy":"post_tag","embeddable":true,"href":"https:\/\/www.africa-press.net\/tchad\/wp-json\/wp\/v2\/tags?post=54566"}],"curies":[{"name":"wp","href":"https:\/\/api.w.org\/{rel}","templated":true}]}}