{"id":54592,"date":"2023-11-25T16:49:27","date_gmt":"2023-11-25T16:49:27","guid":{"rendered":"https:\/\/www.africa-press.net\/tchad\/politique\/youth-connekt-valorisation-de-lengagement-entrepreneurial-de-la-jeunesse"},"modified":"2023-11-25T17:35:10","modified_gmt":"2023-11-25T17:35:10","slug":"youth-connekt-valorisation-de-lengagement-entrepreneurial-de-la-jeunesse","status":"publish","type":"post","link":"https:\/\/www.africa-press.net\/tchad\/photo\/youth-connekt-valorisation-de-lengagement-entrepreneurial-de-la-jeunesse","title":{"rendered":"\u200bYouth Connekt  valorisation de l\u2019engagement entrepreneurial de la jeunesse"},"content":{"rendered":"<p><span style=\"color: #ff6600\"><strong>Africa-Press &#8211; Tchad. <\/strong><\/span>La coordinatrice de Youth Connekt Tchad, Madina Gombo Abdraman, a exprime\u0301 sa satisfaction suite aux deux jours de discussions productives et de renforcement des capacite\u0301s avec les jeunes entrepreneurs. Ces assises avaient pour objectif d\u2019e\u0301couter et de recueillir les aspirations de la jeunesse concernant le programme Youth Connekt.<\/p>\n<p>Madina Gombo Abdraman a souligne\u0301 l\u2019importance des e\u0301changes d&rsquo;ide\u0301es entre les jeunes entrepreneurs et a assure\u0301 que leurs pre\u0301occupations seraient prises en compte par l&rsquo;institution. Elle a par ailleurs affirme\u0301 que l&rsquo;engagement de Youth Connekt envers l\u2019autonomisation des jeunes a e\u0301te\u0301 de\u0301terminant pour le succe\u0300s du programme au Tchad.<\/p>\n\r\n                <style type=\"text\/css\">\r\n                    \r\n                    #td_uid_1_69ede775884f8  .td-doubleSlider-2 .td-item1 {\r\n                        background: url(https:\/\/static.africa-press.net\/tchad\/sites\/41\/2023\/11\/sm_1700921012.968731-80x60.jpg) 0 0 no-repeat;\r\n                    }\r\n                    #td_uid_1_69ede775884f8  .td-doubleSlider-2 .td-item2 {\r\n                        background: url(https:\/\/static.africa-press.net\/tchad\/sites\/41\/2023\/11\/sm_1700921024.830297-80x60.jpg) 0 0 no-repeat;\r\n                    }\r\n                <\/style>\r\n\r\n                <div id=\"td_uid_1_69ede775884f8\" class=\"td-gallery td-slide-on-2-columns\">\r\n                    <div class=\"post_td_gallery\">\r\n                        <div class=\"td-gallery-slide-top\">\r\n                           <div class=\"td-gallery-title\"><\/div>\r\n\r\n                            <div class=\"td-gallery-controls-wrapper\">\r\n                                <div class=\"td-gallery-slide-count\"><span class=\"td-gallery-slide-item-focus\">1<\/span> de 2<\/div>\r\n                                <div class=\"td-gallery-slide-prev-next-but\">\r\n                                    <i class = \"td-icon-left doubleSliderPrevButton\"><\/i>\r\n                                    <i class = \"td-icon-right doubleSliderNextButton\"><\/i>\r\n                                <\/div>\r\n                            <\/div>\r\n                        <\/div>\r\n\r\n                        <div class = \"td-doubleSlider-1 \">\r\n                            <div class = \"td-slider\">\r\n                                \r\n                    <div class = \"td-slide-item td-item1\">\r\n                        <figure class=\"td-slide-galery-figure td-slide-popup-gallery\">\r\n                            <a class=\"slide-gallery-image-link\" href=\"https:\/\/static.africa-press.net\/tchad\/sites\/41\/2023\/11\/sm_1700921012.968731.jpg\" title=\"sm_1700921012.968731\"  data-caption=\"\"  data-description=\"\">\r\n                                <img decoding=\"async\" src=\"https:\/\/static.africa-press.net\/tchad\/sites\/41\/2023\/11\/sm_1700921012.968731.jpg\" srcset=\"https:\/\/static.africa-press.net\/tchad\/sites\/41\/2023\/11\/sm_1700921012.968731.jpg 870w, https:\/\/static.africa-press.net\/tchad\/sites\/41\/2023\/11\/sm_1700921012.968731-300x215.jpg 300w, https:\/\/static.africa-press.net\/tchad\/sites\/41\/2023\/11\/sm_1700921012.968731-768x551.jpg 768w\" sizes=\"(max-width: 870px) 100vw, 870px\" alt=\"\">\r\n                            <\/a>\r\n                            \r\n                        <\/figure>\r\n                    <\/div>\r\n                    <div class = \"td-slide-item td-item2\">\r\n                        <figure class=\"td-slide-galery-figure td-slide-popup-gallery\">\r\n                            <a class=\"slide-gallery-image-link\" href=\"https:\/\/static.africa-press.net\/tchad\/sites\/41\/2023\/11\/sm_1700921024.830297.jpg\" title=\"sm_1700921024.830297\"  data-caption=\"\"  data-description=\"\">\r\n                                <img decoding=\"async\" src=\"https:\/\/static.africa-press.net\/tchad\/sites\/41\/2023\/11\/sm_1700921024.830297.jpg\" srcset=\"https:\/\/static.africa-press.net\/tchad\/sites\/41\/2023\/11\/sm_1700921024.830297.jpg 868w, https:\/\/static.africa-press.net\/tchad\/sites\/41\/2023\/11\/sm_1700921024.830297-300x135.jpg 300w, https:\/\/static.africa-press.net\/tchad\/sites\/41\/2023\/11\/sm_1700921024.830297-768x346.jpg 768w\" sizes=\"(max-width: 868px) 100vw, 868px\" alt=\"\">\r\n                            <\/a>\r\n                            \r\n                        <\/figure>\r\n                    <\/div>\r\n                            <\/div>\r\n                        <\/div>\r\n\r\n                        <div class = \"td-doubleSlider-2\">\r\n                            <div class = \"td-slider\">\r\n                                \r\n                    <div class = \"td-button td-item1\">\r\n                        <div class = \"td-border\"><\/div>\r\n                    <\/div>\r\n                    <div class = \"td-button td-item2\">\r\n                        <div class = \"td-border\"><\/div>\r\n                    <\/div>\r\n                            <\/div>\r\n                        <\/div>\r\n\r\n                    <\/div>\r\n\r\n                <\/div>\r\n                \n<p><strong>Pour plus d&rsquo;informations et d&rsquo;analyses sur la <a href=\"https:\/\/www.africa-press.net\/tchad\">Tchad<\/a>, suivez <a href=\"https:\/\/www.africa-press.net\/\">Africa-Press<\/a><\/strong><\/p>\n","protected":false},"excerpt":{"rendered":"<p>Africa-Press &#8211; Tchad. La coordinatrice de Youth Connekt Tchad, Madina Gombo Abdraman, a exprime\u0301 sa satisfaction suite aux deux jours de discussions productives et de renforcement des capacite\u0301s avec les jeunes entrepreneurs. Ces assises avaient pour objectif d\u2019e\u0301couter et de recueillir les aspirations de la jeunesse concernant le programme Youth Connekt. Madina Gombo Abdraman a [&hellip;]<\/p>\n","protected":false},"author":82,"featured_media":54591,"comment_status":"open","ping_status":"closed","sticky":false,"template":"","format":"standard","meta":{"footnotes":""},"categories":[21,8,10],"tags":[37,292,29],"class_list":["post-54592","post","type-post","status-publish","format-standard","has-post-thumbnail","hentry","category-communaute","category-photo","category-toutes-les-actualites","tag-africa-press","tag-africa-press-tchad","tag-tchad"],"yoast_head":"<!-- This site is optimized with the Yoast SEO Premium plugin v26.1 (Yoast SEO v27.0) - https:\/\/yoast.com\/product\/yoast-seo-premium-wordpress\/ -->\n<title>\u200bYouth Connekt valorisation de l\u2019engagement entrepreneurial de la jeunesse - tchad<\/title>\n<meta name=\"description\" content=\"La coordinatrice de Youth Connekt Tchad, Madina Gombo Abdraman, a exprime\u0301 sa satisfaction suite aux deux jours de discu ...\" \/>\n<meta name=\"robots\" content=\"index, follow, max-snippet:-1, max-image-preview:large, max-video-preview:-1\" \/>\n<link rel=\"canonical\" href=\"https:\/\/www.africa-press.net\/tchad\/photo\/youth-connekt-valorisation-de-lengagement-entrepreneurial-de-la-jeunesse\" \/>\n<meta property=\"og:locale\" content=\"fr_FR\" \/>\n<meta property=\"og:type\" content=\"article\" \/>\n<meta property=\"og:title\" content=\"\u200bYouth Connekt valorisation de l\u2019engagement entrepreneurial de la jeunesse\" \/>\n<meta property=\"og:description\" content=\"La coordinatrice de Youth Connekt Tchad, Madina Gombo Abdraman, a exprime\u0301 sa satisfaction suite aux deux jours de discu ...\" \/>\n<meta property=\"og:url\" content=\"https:\/\/www.africa-press.net\/tchad\/photo\/youth-connekt-valorisation-de-lengagement-entrepreneurial-de-la-jeunesse\" \/>\n<meta property=\"og:site_name\" content=\"tchad\" \/>\n<meta property=\"article:published_time\" content=\"2023-11-25T16:49:27+00:00\" \/>\n<meta property=\"article:modified_time\" content=\"2023-11-25T17:35:10+00:00\" \/>\n<meta property=\"og:image\" content=\"https:\/\/static.africa-press.net\/tchad\/sites\/41\/2023\/11\/sm_1700921042.470315.jpg\" \/>\n\t<meta property=\"og:image:width\" content=\"1060\" \/>\n\t<meta property=\"og:image:height\" content=\"760\" \/>\n\t<meta property=\"og:image:type\" content=\"image\/jpeg\" \/>\n<meta name=\"author\" content=\"cfeditorfr\" \/>\n<meta name=\"twitter:card\" content=\"summary_large_image\" \/>\n<meta name=\"twitter:label1\" content=\"\u00c9crit par\" \/>\n\t<meta name=\"twitter:data1\" content=\"cfeditorfr\" \/>\n\t<meta name=\"twitter:label2\" content=\"Dur\u00e9e de lecture estim\u00e9e\" \/>\n\t<meta name=\"twitter:data2\" content=\"1 minute\" \/>\n<script type=\"application\/ld+json\" class=\"yoast-schema-graph\">{\"@context\":\"https:\/\/schema.org\",\"@graph\":[{\"@type\":\"Article\",\"@id\":\"https:\/\/www.africa-press.net\/tchad\/photo\/youth-connekt-valorisation-de-lengagement-entrepreneurial-de-la-jeunesse#article\",\"isPartOf\":{\"@id\":\"https:\/\/www.africa-press.net\/tchad\/photo\/youth-connekt-valorisation-de-lengagement-entrepreneurial-de-la-jeunesse\"},\"author\":{\"name\":\"cfeditorfr\",\"@id\":\"https:\/\/www.africa-press.net\/tchad\/#\/schema\/person\/2b1cf3cd81a31e3cd26889ca66d677f1\"},\"headline\":\"\u200bYouth Connekt valorisation de l\u2019engagement entrepreneurial de la jeunesse\",\"datePublished\":\"2023-11-25T16:49:27+00:00\",\"dateModified\":\"2023-11-25T17:35:10+00:00\",\"mainEntityOfPage\":{\"@id\":\"https:\/\/www.africa-press.net\/tchad\/photo\/youth-connekt-valorisation-de-lengagement-entrepreneurial-de-la-jeunesse\"},\"wordCount\":146,\"commentCount\":0,\"image\":{\"@id\":\"https:\/\/www.africa-press.net\/tchad\/photo\/youth-connekt-valorisation-de-lengagement-entrepreneurial-de-la-jeunesse#primaryimage\"},\"thumbnailUrl\":\"https:\/\/static.africa-press.net\/tchad\/sites\/41\/2023\/11\/sm_1700921042.470315.jpg\",\"keywords\":[\"Africa Press\",\"Africa Press-Tchad\",\"Tchad\"],\"articleSection\":[\"Communaut\u00e9\",\"Photo\",\"Toutes les actualit\u00e9s\"],\"inLanguage\":\"fr-FR\",\"potentialAction\":[{\"@type\":\"CommentAction\",\"name\":\"Comment\",\"target\":[\"https:\/\/www.africa-press.net\/tchad\/photo\/youth-connekt-valorisation-de-lengagement-entrepreneurial-de-la-jeunesse#respond\"]}]},{\"@type\":\"WebPage\",\"@id\":\"https:\/\/www.africa-press.net\/tchad\/photo\/youth-connekt-valorisation-de-lengagement-entrepreneurial-de-la-jeunesse\",\"url\":\"https:\/\/www.africa-press.net\/tchad\/photo\/youth-connekt-valorisation-de-lengagement-entrepreneurial-de-la-jeunesse\",\"name\":\"\u200bYouth Connekt valorisation de l\u2019engagement entrepreneurial de la jeunesse - tchad\",\"isPartOf\":{\"@id\":\"https:\/\/www.africa-press.net\/tchad\/#website\"},\"primaryImageOfPage\":{\"@id\":\"https:\/\/www.africa-press.net\/tchad\/photo\/youth-connekt-valorisation-de-lengagement-entrepreneurial-de-la-jeunesse#primaryimage\"},\"image\":{\"@id\":\"https:\/\/www.africa-press.net\/tchad\/photo\/youth-connekt-valorisation-de-lengagement-entrepreneurial-de-la-jeunesse#primaryimage\"},\"thumbnailUrl\":\"https:\/\/static.africa-press.net\/tchad\/sites\/41\/2023\/11\/sm_1700921042.470315.jpg\",\"datePublished\":\"2023-11-25T16:49:27+00:00\",\"dateModified\":\"2023-11-25T17:35:10+00:00\",\"author\":{\"@id\":\"https:\/\/www.africa-press.net\/tchad\/#\/schema\/person\/2b1cf3cd81a31e3cd26889ca66d677f1\"},\"description\":\"La coordinatrice de Youth Connekt Tchad, Madina Gombo Abdraman, a exprime\u0301 sa satisfaction suite aux deux jours de discu ...\",\"breadcrumb\":{\"@id\":\"https:\/\/www.africa-press.net\/tchad\/photo\/youth-connekt-valorisation-de-lengagement-entrepreneurial-de-la-jeunesse#breadcrumb\"},\"inLanguage\":\"fr-FR\",\"potentialAction\":[{\"@type\":\"ReadAction\",\"target\":[\"https:\/\/www.africa-press.net\/tchad\/photo\/youth-connekt-valorisation-de-lengagement-entrepreneurial-de-la-jeunesse\"]}]},{\"@type\":\"ImageObject\",\"inLanguage\":\"fr-FR\",\"@id\":\"https:\/\/www.africa-press.net\/tchad\/photo\/youth-connekt-valorisation-de-lengagement-entrepreneurial-de-la-jeunesse#primaryimage\",\"url\":\"https:\/\/static.africa-press.net\/tchad\/sites\/41\/2023\/11\/sm_1700921042.470315.jpg\",\"contentUrl\":\"https:\/\/static.africa-press.net\/tchad\/sites\/41\/2023\/11\/sm_1700921042.470315.jpg\",\"width\":1060,\"height\":760,\"caption\":\"\u200bYouth Connekt valorisation de l\u2019engagement entrepreneurial de la jeunesse\"},{\"@type\":\"BreadcrumbList\",\"@id\":\"https:\/\/www.africa-press.net\/tchad\/photo\/youth-connekt-valorisation-de-lengagement-entrepreneurial-de-la-jeunesse#breadcrumb\",\"itemListElement\":[{\"@type\":\"ListItem\",\"position\":1,\"name\":\"Accueil\",\"item\":\"https:\/\/www.africa-press.net\/tchad\/\"},{\"@type\":\"ListItem\",\"position\":2,\"name\":\"\u200bYouth Connekt valorisation de l\u2019engagement entrepreneurial de la jeunesse\"}]},{\"@type\":\"WebSite\",\"@id\":\"https:\/\/www.africa-press.net\/tchad\/#website\",\"url\":\"https:\/\/www.africa-press.net\/tchad\/\",\"name\":\"tchad\",\"description\":\"Just another Africa News Agency Sites site\",\"potentialAction\":[{\"@type\":\"SearchAction\",\"target\":{\"@type\":\"EntryPoint\",\"urlTemplate\":\"https:\/\/www.africa-press.net\/tchad\/?s={search_term_string}\"},\"query-input\":{\"@type\":\"PropertyValueSpecification\",\"valueRequired\":true,\"valueName\":\"search_term_string\"}}],\"inLanguage\":\"fr-FR\"},{\"@type\":\"Person\",\"@id\":\"https:\/\/www.africa-press.net\/tchad\/#\/schema\/person\/2b1cf3cd81a31e3cd26889ca66d677f1\",\"name\":\"cfeditorfr\"}]}<\/script>\n<!-- \/ Yoast SEO Premium plugin. -->","yoast_head_json":{"title":"\u200bYouth Connekt valorisation de l\u2019engagement entrepreneurial de la jeunesse - tchad","description":"La coordinatrice de Youth Connekt Tchad, Madina Gombo Abdraman, a exprime\u0301 sa satisfaction suite aux deux jours de discu ...","robots":{"index":"index","follow":"follow","max-snippet":"max-snippet:-1","max-image-preview":"max-image-preview:large","max-video-preview":"max-video-preview:-1"},"canonical":"https:\/\/www.africa-press.net\/tchad\/photo\/youth-connekt-valorisation-de-lengagement-entrepreneurial-de-la-jeunesse","og_locale":"fr_FR","og_type":"article","og_title":"\u200bYouth Connekt valorisation de l\u2019engagement entrepreneurial de la jeunesse","og_description":"La coordinatrice de Youth Connekt Tchad, Madina Gombo Abdraman, a exprime\u0301 sa satisfaction suite aux deux jours de discu ...","og_url":"https:\/\/www.africa-press.net\/tchad\/photo\/youth-connekt-valorisation-de-lengagement-entrepreneurial-de-la-jeunesse","og_site_name":"tchad","article_published_time":"2023-11-25T16:49:27+00:00","article_modified_time":"2023-11-25T17:35:10+00:00","og_image":[{"width":1060,"height":760,"url":"https:\/\/static.africa-press.net\/tchad\/sites\/41\/2023\/11\/sm_1700921042.470315.jpg","type":"image\/jpeg"}],"author":"cfeditorfr","twitter_card":"summary_large_image","twitter_misc":{"\u00c9crit par":"cfeditorfr","Dur\u00e9e de lecture estim\u00e9e":"1 minute"},"schema":{"@context":"https:\/\/schema.org","@graph":[{"@type":"Article","@id":"https:\/\/www.africa-press.net\/tchad\/photo\/youth-connekt-valorisation-de-lengagement-entrepreneurial-de-la-jeunesse#article","isPartOf":{"@id":"https:\/\/www.africa-press.net\/tchad\/photo\/youth-connekt-valorisation-de-lengagement-entrepreneurial-de-la-jeunesse"},"author":{"name":"cfeditorfr","@id":"https:\/\/www.africa-press.net\/tchad\/#\/schema\/person\/2b1cf3cd81a31e3cd26889ca66d677f1"},"headline":"\u200bYouth Connekt valorisation de l\u2019engagement entrepreneurial de la jeunesse","datePublished":"2023-11-25T16:49:27+00:00","dateModified":"2023-11-25T17:35:10+00:00","mainEntityOfPage":{"@id":"https:\/\/www.africa-press.net\/tchad\/photo\/youth-connekt-valorisation-de-lengagement-entrepreneurial-de-la-jeunesse"},"wordCount":146,"commentCount":0,"image":{"@id":"https:\/\/www.africa-press.net\/tchad\/photo\/youth-connekt-valorisation-de-lengagement-entrepreneurial-de-la-jeunesse#primaryimage"},"thumbnailUrl":"https:\/\/static.africa-press.net\/tchad\/sites\/41\/2023\/11\/sm_1700921042.470315.jpg","keywords":["Africa Press","Africa Press-Tchad","Tchad"],"articleSection":["Communaut\u00e9","Photo","Toutes les actualit\u00e9s"],"inLanguage":"fr-FR","potentialAction":[{"@type":"CommentAction","name":"Comment","target":["https:\/\/www.africa-press.net\/tchad\/photo\/youth-connekt-valorisation-de-lengagement-entrepreneurial-de-la-jeunesse#respond"]}]},{"@type":"WebPage","@id":"https:\/\/www.africa-press.net\/tchad\/photo\/youth-connekt-valorisation-de-lengagement-entrepreneurial-de-la-jeunesse","url":"https:\/\/www.africa-press.net\/tchad\/photo\/youth-connekt-valorisation-de-lengagement-entrepreneurial-de-la-jeunesse","name":"\u200bYouth Connekt valorisation de l\u2019engagement entrepreneurial de la jeunesse - tchad","isPartOf":{"@id":"https:\/\/www.africa-press.net\/tchad\/#website"},"primaryImageOfPage":{"@id":"https:\/\/www.africa-press.net\/tchad\/photo\/youth-connekt-valorisation-de-lengagement-entrepreneurial-de-la-jeunesse#primaryimage"},"image":{"@id":"https:\/\/www.africa-press.net\/tchad\/photo\/youth-connekt-valorisation-de-lengagement-entrepreneurial-de-la-jeunesse#primaryimage"},"thumbnailUrl":"https:\/\/static.africa-press.net\/tchad\/sites\/41\/2023\/11\/sm_1700921042.470315.jpg","datePublished":"2023-11-25T16:49:27+00:00","dateModified":"2023-11-25T17:35:10+00:00","author":{"@id":"https:\/\/www.africa-press.net\/tchad\/#\/schema\/person\/2b1cf3cd81a31e3cd26889ca66d677f1"},"description":"La coordinatrice de Youth Connekt Tchad, Madina Gombo Abdraman, a exprime\u0301 sa satisfaction suite aux deux jours de discu ...","breadcrumb":{"@id":"https:\/\/www.africa-press.net\/tchad\/photo\/youth-connekt-valorisation-de-lengagement-entrepreneurial-de-la-jeunesse#breadcrumb"},"inLanguage":"fr-FR","potentialAction":[{"@type":"ReadAction","target":["https:\/\/www.africa-press.net\/tchad\/photo\/youth-connekt-valorisation-de-lengagement-entrepreneurial-de-la-jeunesse"]}]},{"@type":"ImageObject","inLanguage":"fr-FR","@id":"https:\/\/www.africa-press.net\/tchad\/photo\/youth-connekt-valorisation-de-lengagement-entrepreneurial-de-la-jeunesse#primaryimage","url":"https:\/\/static.africa-press.net\/tchad\/sites\/41\/2023\/11\/sm_1700921042.470315.jpg","contentUrl":"https:\/\/static.africa-press.net\/tchad\/sites\/41\/2023\/11\/sm_1700921042.470315.jpg","width":1060,"height":760,"caption":"\u200bYouth Connekt valorisation de l\u2019engagement entrepreneurial de la jeunesse"},{"@type":"BreadcrumbList","@id":"https:\/\/www.africa-press.net\/tchad\/photo\/youth-connekt-valorisation-de-lengagement-entrepreneurial-de-la-jeunesse#breadcrumb","itemListElement":[{"@type":"ListItem","position":1,"name":"Accueil","item":"https:\/\/www.africa-press.net\/tchad\/"},{"@type":"ListItem","position":2,"name":"\u200bYouth Connekt valorisation de l\u2019engagement entrepreneurial de la jeunesse"}]},{"@type":"WebSite","@id":"https:\/\/www.africa-press.net\/tchad\/#website","url":"https:\/\/www.africa-press.net\/tchad\/","name":"tchad","description":"Just another Africa News Agency Sites site","potentialAction":[{"@type":"SearchAction","target":{"@type":"EntryPoint","urlTemplate":"https:\/\/www.africa-press.net\/tchad\/?s={search_term_string}"},"query-input":{"@type":"PropertyValueSpecification","valueRequired":true,"valueName":"search_term_string"}}],"inLanguage":"fr-FR"},{"@type":"Person","@id":"https:\/\/www.africa-press.net\/tchad\/#\/schema\/person\/2b1cf3cd81a31e3cd26889ca66d677f1","name":"cfeditorfr"}]}},"_links":{"self":[{"href":"https:\/\/www.africa-press.net\/tchad\/wp-json\/wp\/v2\/posts\/54592","targetHints":{"allow":["GET"]}}],"collection":[{"href":"https:\/\/www.africa-press.net\/tchad\/wp-json\/wp\/v2\/posts"}],"about":[{"href":"https:\/\/www.africa-press.net\/tchad\/wp-json\/wp\/v2\/types\/post"}],"author":[{"embeddable":true,"href":"https:\/\/www.africa-press.net\/tchad\/wp-json\/wp\/v2\/users\/82"}],"replies":[{"embeddable":true,"href":"https:\/\/www.africa-press.net\/tchad\/wp-json\/wp\/v2\/comments?post=54592"}],"version-history":[{"count":0,"href":"https:\/\/www.africa-press.net\/tchad\/wp-json\/wp\/v2\/posts\/54592\/revisions"}],"wp:featuredmedia":[{"embeddable":true,"href":"https:\/\/www.africa-press.net\/tchad\/wp-json\/wp\/v2\/media\/54591"}],"wp:attachment":[{"href":"https:\/\/www.africa-press.net\/tchad\/wp-json\/wp\/v2\/media?parent=54592"}],"wp:term":[{"taxonomy":"category","embeddable":true,"href":"https:\/\/www.africa-press.net\/tchad\/wp-json\/wp\/v2\/categories?post=54592"},{"taxonomy":"post_tag","embeddable":true,"href":"https:\/\/www.africa-press.net\/tchad\/wp-json\/wp\/v2\/tags?post=54592"}],"curies":[{"name":"wp","href":"https:\/\/api.w.org\/{rel}","templated":true}]}}