{"id":54611,"date":"2023-11-25T17:15:14","date_gmt":"2023-11-25T17:15:14","guid":{"rendered":"https:\/\/www.africa-press.net\/tchad\/politique\/accord-cadre-entre-le-ministere-de-lagriculture-et-la-chambre-de-commerce"},"modified":"2023-11-25T17:53:21","modified_gmt":"2023-11-25T17:53:21","slug":"accord-cadre-entre-le-ministere-de-lagriculture-et-la-chambre-de-commerce","status":"publish","type":"post","link":"https:\/\/www.africa-press.net\/tchad\/economie\/accord-cadre-entre-le-ministere-de-lagriculture-et-la-chambre-de-commerce","title":{"rendered":"accord-cadre entre le minist\u00e8re de l\u2019Agriculture et la Chambre de commerce"},"content":{"rendered":"<p><span style=\"color: #ff6600\"><strong>Africa-Press &#8211; Tchad. <\/strong><\/span>Une ce\u0301re\u0301monie de signature d&rsquo;un protocole d&rsquo;accord a eu lieu ce 24 novembre 2023 a\u0300 la Chambre de Commerce, d&rsquo;Industrie, d&rsquo;Agriculture, des Mines et d&rsquo;Artisanat (CCIAMA), entre le ministe\u0300re de la Production, de l&rsquo;Industrie et de la Transformation Agricole (MPTA) et la CCIAMA.<\/p>\n<p>Lors de son allocution, le pre\u0301sident de la CCIAMA, Ali Adji Mahamat Seid, a rappele\u0301 que les deux institutions s&rsquo;engagent dans une collaboration a\u0300 long terme pour unir leurs efforts quotidiennement.<\/p>\n<p>Cet accord manifeste la volonte\u0301 du gouvernement et de la CCIAMA de promouvoir le secteur prive\u0301 en cherchant des opportunite\u0301s d&rsquo;investissement pour de\u0301velopper les activite\u0301s e\u0301conomiques au Tchad.<\/p>\n<p>Le ministre de la Production et de la Transformation Agricole, Laoukein Kourayo Medard, a souligne\u0301 que son ministe\u0300re soutiendra la CCIAMA dans la structuration des filie\u0300res et l&rsquo;encadrement des ope\u0301rateurs e\u0301conomiques dans l&rsquo;agriculture, l&rsquo;identification des acteurs pour des partenariats, la mise a\u0300 disposition d&rsquo;experts pour la formation, la fourniture de centres d&rsquo;expe\u0301rimentation et\/ou de formation, la de\u0301fense des inte\u0301re\u0302ts aupre\u0300s des institutions publiques et partenaires techniques et financiers, ainsi que le soutien a\u0300 l&rsquo;acquisition de mate\u0301riel.<\/p>\n<p>Cet accord-cadre favorisera l&rsquo;application de la loi d&rsquo;orientation agricole et les discussions sur la \u00ab mutation et performance du secteur agricole au Tchad ; ro\u0302le du secteur prive\u0301 \u00bb, en lien avec les journe\u0301es de la semaine du monde rural.<\/p>\n<p><strong>Pour plus d&rsquo;informations et d&rsquo;analyses sur la <a href=\"https:\/\/www.africa-press.net\/tchad\">Tchad<\/a>, suivez <a href=\"https:\/\/www.africa-press.net\/\">Africa-Press<\/a><\/strong><\/p>\n","protected":false},"excerpt":{"rendered":"<p>Africa-Press &#8211; Tchad. Une ce\u0301re\u0301monie de signature d&rsquo;un protocole d&rsquo;accord a eu lieu ce 24 novembre 2023 a\u0300 la Chambre de Commerce, d&rsquo;Industrie, d&rsquo;Agriculture, des Mines et d&rsquo;Artisanat (CCIAMA), entre le ministe\u0300re de la Production, de l&rsquo;Industrie et de la Transformation Agricole (MPTA) et la CCIAMA. Lors de son allocution, le pre\u0301sident de la CCIAMA, [&hellip;]<\/p>\n","protected":false},"author":82,"featured_media":54610,"comment_status":"open","ping_status":"closed","sticky":false,"template":"","format":"standard","meta":{"footnotes":""},"categories":[3,10],"tags":[37,292,29],"class_list":["post-54611","post","type-post","status-publish","format-standard","has-post-thumbnail","hentry","category-economie","category-toutes-les-actualites","tag-africa-press","tag-africa-press-tchad","tag-tchad"],"yoast_head":"<!-- This site is optimized with the Yoast SEO Premium plugin v26.1 (Yoast SEO v27.0) - https:\/\/yoast.com\/product\/yoast-seo-premium-wordpress\/ -->\n<title>accord-cadre entre le minist\u00e8re de l\u2019Agriculture et la Chambre de commerce - tchad<\/title>\n<meta name=\"description\" content=\"Une ce\u0301re\u0301monie de signature d&#039;un protocole d&#039;accord a eu lieu ce 24 novembre 2023 a\u0300 la Chambre de Commerce, d&#039;Industri ...\" \/>\n<meta name=\"robots\" content=\"index, follow, max-snippet:-1, max-image-preview:large, max-video-preview:-1\" \/>\n<link rel=\"canonical\" href=\"https:\/\/www.africa-press.net\/tchad\/economie\/accord-cadre-entre-le-ministere-de-lagriculture-et-la-chambre-de-commerce\" \/>\n<meta property=\"og:locale\" content=\"fr_FR\" \/>\n<meta property=\"og:type\" content=\"article\" \/>\n<meta property=\"og:title\" content=\"accord-cadre entre le minist\u00e8re de l\u2019Agriculture et la Chambre de commerce\" \/>\n<meta property=\"og:description\" content=\"Une ce\u0301re\u0301monie de signature d&#039;un protocole d&#039;accord a eu lieu ce 24 novembre 2023 a\u0300 la Chambre de Commerce, d&#039;Industri ...\" \/>\n<meta property=\"og:url\" content=\"https:\/\/www.africa-press.net\/tchad\/economie\/accord-cadre-entre-le-ministere-de-lagriculture-et-la-chambre-de-commerce\" \/>\n<meta property=\"og:site_name\" content=\"tchad\" \/>\n<meta property=\"article:published_time\" content=\"2023-11-25T17:15:14+00:00\" \/>\n<meta property=\"article:modified_time\" content=\"2023-11-25T17:53:21+00:00\" \/>\n<meta property=\"og:image\" content=\"https:\/\/static.africa-press.net\/tchad\/sites\/41\/2023\/11\/sm_1700922132.387379.jpg\" \/>\n\t<meta property=\"og:image:width\" content=\"1280\" \/>\n\t<meta property=\"og:image:height\" content=\"720\" \/>\n\t<meta property=\"og:image:type\" content=\"image\/jpeg\" \/>\n<meta name=\"author\" content=\"cfeditorfr\" \/>\n<meta name=\"twitter:card\" content=\"summary_large_image\" \/>\n<meta name=\"twitter:label1\" content=\"\u00c9crit par\" \/>\n\t<meta name=\"twitter:data1\" content=\"cfeditorfr\" \/>\n\t<meta name=\"twitter:label2\" content=\"Dur\u00e9e de lecture estim\u00e9e\" \/>\n\t<meta name=\"twitter:data2\" content=\"1 minute\" \/>\n<script type=\"application\/ld+json\" class=\"yoast-schema-graph\">{\"@context\":\"https:\/\/schema.org\",\"@graph\":[{\"@type\":\"Article\",\"@id\":\"https:\/\/www.africa-press.net\/tchad\/economie\/accord-cadre-entre-le-ministere-de-lagriculture-et-la-chambre-de-commerce#article\",\"isPartOf\":{\"@id\":\"https:\/\/www.africa-press.net\/tchad\/economie\/accord-cadre-entre-le-ministere-de-lagriculture-et-la-chambre-de-commerce\"},\"author\":{\"name\":\"cfeditorfr\",\"@id\":\"https:\/\/www.africa-press.net\/tchad\/#\/schema\/person\/2b1cf3cd81a31e3cd26889ca66d677f1\"},\"headline\":\"accord-cadre entre le minist\u00e8re de l\u2019Agriculture et la Chambre de commerce\",\"datePublished\":\"2023-11-25T17:15:14+00:00\",\"dateModified\":\"2023-11-25T17:53:21+00:00\",\"mainEntityOfPage\":{\"@id\":\"https:\/\/www.africa-press.net\/tchad\/economie\/accord-cadre-entre-le-ministere-de-lagriculture-et-la-chambre-de-commerce\"},\"wordCount\":278,\"commentCount\":0,\"image\":{\"@id\":\"https:\/\/www.africa-press.net\/tchad\/economie\/accord-cadre-entre-le-ministere-de-lagriculture-et-la-chambre-de-commerce#primaryimage\"},\"thumbnailUrl\":\"https:\/\/static.africa-press.net\/tchad\/sites\/41\/2023\/11\/sm_1700922132.387379.jpg\",\"keywords\":[\"Africa Press\",\"Africa Press-Tchad\",\"Tchad\"],\"articleSection\":[\"\u00c9conomie\",\"Toutes les actualit\u00e9s\"],\"inLanguage\":\"fr-FR\",\"potentialAction\":[{\"@type\":\"CommentAction\",\"name\":\"Comment\",\"target\":[\"https:\/\/www.africa-press.net\/tchad\/economie\/accord-cadre-entre-le-ministere-de-lagriculture-et-la-chambre-de-commerce#respond\"]}]},{\"@type\":\"WebPage\",\"@id\":\"https:\/\/www.africa-press.net\/tchad\/economie\/accord-cadre-entre-le-ministere-de-lagriculture-et-la-chambre-de-commerce\",\"url\":\"https:\/\/www.africa-press.net\/tchad\/economie\/accord-cadre-entre-le-ministere-de-lagriculture-et-la-chambre-de-commerce\",\"name\":\"accord-cadre entre le minist\u00e8re de l\u2019Agriculture et la Chambre de commerce - tchad\",\"isPartOf\":{\"@id\":\"https:\/\/www.africa-press.net\/tchad\/#website\"},\"primaryImageOfPage\":{\"@id\":\"https:\/\/www.africa-press.net\/tchad\/economie\/accord-cadre-entre-le-ministere-de-lagriculture-et-la-chambre-de-commerce#primaryimage\"},\"image\":{\"@id\":\"https:\/\/www.africa-press.net\/tchad\/economie\/accord-cadre-entre-le-ministere-de-lagriculture-et-la-chambre-de-commerce#primaryimage\"},\"thumbnailUrl\":\"https:\/\/static.africa-press.net\/tchad\/sites\/41\/2023\/11\/sm_1700922132.387379.jpg\",\"datePublished\":\"2023-11-25T17:15:14+00:00\",\"dateModified\":\"2023-11-25T17:53:21+00:00\",\"author\":{\"@id\":\"https:\/\/www.africa-press.net\/tchad\/#\/schema\/person\/2b1cf3cd81a31e3cd26889ca66d677f1\"},\"description\":\"Une ce\u0301re\u0301monie de signature d'un protocole d'accord a eu lieu ce 24 novembre 2023 a\u0300 la Chambre de Commerce, d'Industri ...\",\"breadcrumb\":{\"@id\":\"https:\/\/www.africa-press.net\/tchad\/economie\/accord-cadre-entre-le-ministere-de-lagriculture-et-la-chambre-de-commerce#breadcrumb\"},\"inLanguage\":\"fr-FR\",\"potentialAction\":[{\"@type\":\"ReadAction\",\"target\":[\"https:\/\/www.africa-press.net\/tchad\/economie\/accord-cadre-entre-le-ministere-de-lagriculture-et-la-chambre-de-commerce\"]}]},{\"@type\":\"ImageObject\",\"inLanguage\":\"fr-FR\",\"@id\":\"https:\/\/www.africa-press.net\/tchad\/economie\/accord-cadre-entre-le-ministere-de-lagriculture-et-la-chambre-de-commerce#primaryimage\",\"url\":\"https:\/\/static.africa-press.net\/tchad\/sites\/41\/2023\/11\/sm_1700922132.387379.jpg\",\"contentUrl\":\"https:\/\/static.africa-press.net\/tchad\/sites\/41\/2023\/11\/sm_1700922132.387379.jpg\",\"width\":1280,\"height\":720,\"caption\":\"accord-cadre entre le minist\u00e8re de l\u2019Agriculture et la Chambre de commerce\"},{\"@type\":\"BreadcrumbList\",\"@id\":\"https:\/\/www.africa-press.net\/tchad\/economie\/accord-cadre-entre-le-ministere-de-lagriculture-et-la-chambre-de-commerce#breadcrumb\",\"itemListElement\":[{\"@type\":\"ListItem\",\"position\":1,\"name\":\"Accueil\",\"item\":\"https:\/\/www.africa-press.net\/tchad\/\"},{\"@type\":\"ListItem\",\"position\":2,\"name\":\"accord-cadre entre le minist\u00e8re de l\u2019Agriculture et la Chambre de commerce\"}]},{\"@type\":\"WebSite\",\"@id\":\"https:\/\/www.africa-press.net\/tchad\/#website\",\"url\":\"https:\/\/www.africa-press.net\/tchad\/\",\"name\":\"tchad\",\"description\":\"Just another Africa News Agency Sites site\",\"potentialAction\":[{\"@type\":\"SearchAction\",\"target\":{\"@type\":\"EntryPoint\",\"urlTemplate\":\"https:\/\/www.africa-press.net\/tchad\/?s={search_term_string}\"},\"query-input\":{\"@type\":\"PropertyValueSpecification\",\"valueRequired\":true,\"valueName\":\"search_term_string\"}}],\"inLanguage\":\"fr-FR\"},{\"@type\":\"Person\",\"@id\":\"https:\/\/www.africa-press.net\/tchad\/#\/schema\/person\/2b1cf3cd81a31e3cd26889ca66d677f1\",\"name\":\"cfeditorfr\"}]}<\/script>\n<!-- \/ Yoast SEO Premium plugin. -->","yoast_head_json":{"title":"accord-cadre entre le minist\u00e8re de l\u2019Agriculture et la Chambre de commerce - tchad","description":"Une ce\u0301re\u0301monie de signature d'un protocole d'accord a eu lieu ce 24 novembre 2023 a\u0300 la Chambre de Commerce, d'Industri ...","robots":{"index":"index","follow":"follow","max-snippet":"max-snippet:-1","max-image-preview":"max-image-preview:large","max-video-preview":"max-video-preview:-1"},"canonical":"https:\/\/www.africa-press.net\/tchad\/economie\/accord-cadre-entre-le-ministere-de-lagriculture-et-la-chambre-de-commerce","og_locale":"fr_FR","og_type":"article","og_title":"accord-cadre entre le minist\u00e8re de l\u2019Agriculture et la Chambre de commerce","og_description":"Une ce\u0301re\u0301monie de signature d'un protocole d'accord a eu lieu ce 24 novembre 2023 a\u0300 la Chambre de Commerce, d'Industri ...","og_url":"https:\/\/www.africa-press.net\/tchad\/economie\/accord-cadre-entre-le-ministere-de-lagriculture-et-la-chambre-de-commerce","og_site_name":"tchad","article_published_time":"2023-11-25T17:15:14+00:00","article_modified_time":"2023-11-25T17:53:21+00:00","og_image":[{"width":1280,"height":720,"url":"https:\/\/static.africa-press.net\/tchad\/sites\/41\/2023\/11\/sm_1700922132.387379.jpg","type":"image\/jpeg"}],"author":"cfeditorfr","twitter_card":"summary_large_image","twitter_misc":{"\u00c9crit par":"cfeditorfr","Dur\u00e9e de lecture estim\u00e9e":"1 minute"},"schema":{"@context":"https:\/\/schema.org","@graph":[{"@type":"Article","@id":"https:\/\/www.africa-press.net\/tchad\/economie\/accord-cadre-entre-le-ministere-de-lagriculture-et-la-chambre-de-commerce#article","isPartOf":{"@id":"https:\/\/www.africa-press.net\/tchad\/economie\/accord-cadre-entre-le-ministere-de-lagriculture-et-la-chambre-de-commerce"},"author":{"name":"cfeditorfr","@id":"https:\/\/www.africa-press.net\/tchad\/#\/schema\/person\/2b1cf3cd81a31e3cd26889ca66d677f1"},"headline":"accord-cadre entre le minist\u00e8re de l\u2019Agriculture et la Chambre de commerce","datePublished":"2023-11-25T17:15:14+00:00","dateModified":"2023-11-25T17:53:21+00:00","mainEntityOfPage":{"@id":"https:\/\/www.africa-press.net\/tchad\/economie\/accord-cadre-entre-le-ministere-de-lagriculture-et-la-chambre-de-commerce"},"wordCount":278,"commentCount":0,"image":{"@id":"https:\/\/www.africa-press.net\/tchad\/economie\/accord-cadre-entre-le-ministere-de-lagriculture-et-la-chambre-de-commerce#primaryimage"},"thumbnailUrl":"https:\/\/static.africa-press.net\/tchad\/sites\/41\/2023\/11\/sm_1700922132.387379.jpg","keywords":["Africa Press","Africa Press-Tchad","Tchad"],"articleSection":["\u00c9conomie","Toutes les actualit\u00e9s"],"inLanguage":"fr-FR","potentialAction":[{"@type":"CommentAction","name":"Comment","target":["https:\/\/www.africa-press.net\/tchad\/economie\/accord-cadre-entre-le-ministere-de-lagriculture-et-la-chambre-de-commerce#respond"]}]},{"@type":"WebPage","@id":"https:\/\/www.africa-press.net\/tchad\/economie\/accord-cadre-entre-le-ministere-de-lagriculture-et-la-chambre-de-commerce","url":"https:\/\/www.africa-press.net\/tchad\/economie\/accord-cadre-entre-le-ministere-de-lagriculture-et-la-chambre-de-commerce","name":"accord-cadre entre le minist\u00e8re de l\u2019Agriculture et la Chambre de commerce - tchad","isPartOf":{"@id":"https:\/\/www.africa-press.net\/tchad\/#website"},"primaryImageOfPage":{"@id":"https:\/\/www.africa-press.net\/tchad\/economie\/accord-cadre-entre-le-ministere-de-lagriculture-et-la-chambre-de-commerce#primaryimage"},"image":{"@id":"https:\/\/www.africa-press.net\/tchad\/economie\/accord-cadre-entre-le-ministere-de-lagriculture-et-la-chambre-de-commerce#primaryimage"},"thumbnailUrl":"https:\/\/static.africa-press.net\/tchad\/sites\/41\/2023\/11\/sm_1700922132.387379.jpg","datePublished":"2023-11-25T17:15:14+00:00","dateModified":"2023-11-25T17:53:21+00:00","author":{"@id":"https:\/\/www.africa-press.net\/tchad\/#\/schema\/person\/2b1cf3cd81a31e3cd26889ca66d677f1"},"description":"Une ce\u0301re\u0301monie de signature d'un protocole d'accord a eu lieu ce 24 novembre 2023 a\u0300 la Chambre de Commerce, d'Industri ...","breadcrumb":{"@id":"https:\/\/www.africa-press.net\/tchad\/economie\/accord-cadre-entre-le-ministere-de-lagriculture-et-la-chambre-de-commerce#breadcrumb"},"inLanguage":"fr-FR","potentialAction":[{"@type":"ReadAction","target":["https:\/\/www.africa-press.net\/tchad\/economie\/accord-cadre-entre-le-ministere-de-lagriculture-et-la-chambre-de-commerce"]}]},{"@type":"ImageObject","inLanguage":"fr-FR","@id":"https:\/\/www.africa-press.net\/tchad\/economie\/accord-cadre-entre-le-ministere-de-lagriculture-et-la-chambre-de-commerce#primaryimage","url":"https:\/\/static.africa-press.net\/tchad\/sites\/41\/2023\/11\/sm_1700922132.387379.jpg","contentUrl":"https:\/\/static.africa-press.net\/tchad\/sites\/41\/2023\/11\/sm_1700922132.387379.jpg","width":1280,"height":720,"caption":"accord-cadre entre le minist\u00e8re de l\u2019Agriculture et la Chambre de commerce"},{"@type":"BreadcrumbList","@id":"https:\/\/www.africa-press.net\/tchad\/economie\/accord-cadre-entre-le-ministere-de-lagriculture-et-la-chambre-de-commerce#breadcrumb","itemListElement":[{"@type":"ListItem","position":1,"name":"Accueil","item":"https:\/\/www.africa-press.net\/tchad\/"},{"@type":"ListItem","position":2,"name":"accord-cadre entre le minist\u00e8re de l\u2019Agriculture et la Chambre de commerce"}]},{"@type":"WebSite","@id":"https:\/\/www.africa-press.net\/tchad\/#website","url":"https:\/\/www.africa-press.net\/tchad\/","name":"tchad","description":"Just another Africa News Agency Sites site","potentialAction":[{"@type":"SearchAction","target":{"@type":"EntryPoint","urlTemplate":"https:\/\/www.africa-press.net\/tchad\/?s={search_term_string}"},"query-input":{"@type":"PropertyValueSpecification","valueRequired":true,"valueName":"search_term_string"}}],"inLanguage":"fr-FR"},{"@type":"Person","@id":"https:\/\/www.africa-press.net\/tchad\/#\/schema\/person\/2b1cf3cd81a31e3cd26889ca66d677f1","name":"cfeditorfr"}]}},"_links":{"self":[{"href":"https:\/\/www.africa-press.net\/tchad\/wp-json\/wp\/v2\/posts\/54611","targetHints":{"allow":["GET"]}}],"collection":[{"href":"https:\/\/www.africa-press.net\/tchad\/wp-json\/wp\/v2\/posts"}],"about":[{"href":"https:\/\/www.africa-press.net\/tchad\/wp-json\/wp\/v2\/types\/post"}],"author":[{"embeddable":true,"href":"https:\/\/www.africa-press.net\/tchad\/wp-json\/wp\/v2\/users\/82"}],"replies":[{"embeddable":true,"href":"https:\/\/www.africa-press.net\/tchad\/wp-json\/wp\/v2\/comments?post=54611"}],"version-history":[{"count":0,"href":"https:\/\/www.africa-press.net\/tchad\/wp-json\/wp\/v2\/posts\/54611\/revisions"}],"wp:featuredmedia":[{"embeddable":true,"href":"https:\/\/www.africa-press.net\/tchad\/wp-json\/wp\/v2\/media\/54610"}],"wp:attachment":[{"href":"https:\/\/www.africa-press.net\/tchad\/wp-json\/wp\/v2\/media?parent=54611"}],"wp:term":[{"taxonomy":"category","embeddable":true,"href":"https:\/\/www.africa-press.net\/tchad\/wp-json\/wp\/v2\/categories?post=54611"},{"taxonomy":"post_tag","embeddable":true,"href":"https:\/\/www.africa-press.net\/tchad\/wp-json\/wp\/v2\/tags?post=54611"}],"curies":[{"name":"wp","href":"https:\/\/api.w.org\/{rel}","templated":true}]}}