{"id":54656,"date":"2023-11-26T17:08:25","date_gmt":"2023-11-26T17:08:25","guid":{"rendered":"https:\/\/www.africa-press.net\/tchad\/politique\/adre-sengage-dans-la-prevention-des-conflits-la-jeunesse-au-coeur-de-la-table-ronde-du-cedpe"},"modified":"2023-11-26T18:08:35","modified_gmt":"2023-11-26T18:08:35","slug":"adre-sengage-dans-la-prevention-des-conflits-la-jeunesse-au-coeur-de-la-table-ronde-du-cedpe","status":"publish","type":"post","link":"https:\/\/www.africa-press.net\/tchad\/toutes-les-actualites\/adre-sengage-dans-la-prevention-des-conflits-la-jeunesse-au-coeur-de-la-table-ronde-du-cedpe","title":{"rendered":"Adr\u00e9 s&rsquo;engage dans la pr\u00e9vention des conflits, la jeunesse au c\u0153ur de la table-ronde du CEDPE"},"content":{"rendered":"<p><span style=\"color: #ff6600\"><strong>Africa-Press &#8211; Tchad. <\/strong><\/span>La ville d&rsquo;Adre\u0301 a e\u0301te\u0301 au centre d&rsquo;une mobilisation exceptionnelle de sa jeunesse le 20 novembre 2023, lors d&rsquo;une table-ronde organise\u0301e par le Centre d&rsquo;e\u0301tudes pour le de\u0301veloppement et la pre\u0301vention de l&rsquo;extre\u0301misme (CEDPE). La confe\u0301rence, tenue en cette localite\u0301 frontalie\u0300re du Soudan, a e\u0301te\u0301 de\u0301die\u0301e a\u0300 une campagne de sensibilisation sur les signaux pre\u0301curseurs de conflits et sur les me\u0301thodes de pre\u0301vention et de re\u0301solution.<\/p>\n<p>Ouverts par Mahamat Bourma, le maire d&rsquo;Adre\u0301, les travaux se sont concentre\u0301s sur l&rsquo;importance cruciale de s&rsquo;attaquer aux germes de la discorde pour maintenir la paix et la cohe\u0301sion sociale. Dr. Ahmat Yacoub Dabio, pre\u0301sident du CEDPE, a souligne\u0301 la vulne\u0301rabilite\u0301 des communaute\u0301s en absence d&rsquo;une action proactive face aux conflits. Il a rappele\u0301 que le CEDPE, en six ans d&rsquo;existence, est devenu un acteur cle\u0301 sur la sce\u0300ne internationale dans la lutte contre la radicalisation, l&rsquo;extre\u0301misme violent et la de\u0301stabilisation intercommunautaire.<\/p>\n<p>Le CEDPE, qui s&rsquo;implique activement dans la pre\u0301vention des conflits et la consolidation de la paix, a e\u0301te\u0301 invite\u0301 par le maire a\u0300 e\u0301tendre ses activite\u0301s e\u0301ducatives a\u0300 toute la jeunesse tchadienne, pour multiplier les chances d&rsquo;un de\u0301veloppement harmonieux et pacifique de la nation.<\/p>\n<p><strong>Pour plus d&rsquo;informations et d&rsquo;analyses sur la <a href=\"https:\/\/www.africa-press.net\/tchad\">Tchad<\/a>, suivez <a href=\"https:\/\/www.africa-press.net\/\">Africa-Press<\/a><\/strong><\/p>\n","protected":false},"excerpt":{"rendered":"<p>Africa-Press &#8211; Tchad. La ville d&rsquo;Adre\u0301 a e\u0301te\u0301 au centre d&rsquo;une mobilisation exceptionnelle de sa jeunesse le 20 novembre 2023, lors d&rsquo;une table-ronde organise\u0301e par le Centre d&rsquo;e\u0301tudes pour le de\u0301veloppement et la pre\u0301vention de l&rsquo;extre\u0301misme (CEDPE). La confe\u0301rence, tenue en cette localite\u0301 frontalie\u0300re du Soudan, a e\u0301te\u0301 de\u0301die\u0301e a\u0300 une campagne de sensibilisation sur [&hellip;]<\/p>\n","protected":false},"author":82,"featured_media":54655,"comment_status":"open","ping_status":"closed","sticky":false,"template":"","format":"standard","meta":{"footnotes":""},"categories":[21,10],"tags":[37,292,29],"class_list":["post-54656","post","type-post","status-publish","format-standard","has-post-thumbnail","hentry","category-communaute","category-toutes-les-actualites","tag-africa-press","tag-africa-press-tchad","tag-tchad"],"yoast_head":"<!-- This site is optimized with the Yoast SEO Premium plugin v26.1 (Yoast SEO v27.0) - https:\/\/yoast.com\/product\/yoast-seo-premium-wordpress\/ -->\n<title>Adr\u00e9 s&#039;engage dans la pr\u00e9vention des conflits, la jeunesse au c\u0153ur de la table-ronde du CEDPE - tchad<\/title>\n<meta name=\"description\" content=\"La ville d&#039;Adre\u0301 a e\u0301te\u0301 au centre d&#039;une mobilisation exceptionnelle de sa jeunesse le 20 novembre 2023, lors d&#039;une tabl ...\" \/>\n<meta name=\"robots\" content=\"index, follow, max-snippet:-1, max-image-preview:large, max-video-preview:-1\" \/>\n<link rel=\"canonical\" href=\"https:\/\/www.africa-press.net\/tchad\/toutes-les-actualites\/adre-sengage-dans-la-prevention-des-conflits-la-jeunesse-au-coeur-de-la-table-ronde-du-cedpe\" \/>\n<meta property=\"og:locale\" content=\"fr_FR\" \/>\n<meta property=\"og:type\" content=\"article\" \/>\n<meta property=\"og:title\" content=\"Adr\u00e9 s&#039;engage dans la pr\u00e9vention des conflits, la jeunesse au c\u0153ur de la table-ronde du CEDPE\" \/>\n<meta property=\"og:description\" content=\"La ville d&#039;Adre\u0301 a e\u0301te\u0301 au centre d&#039;une mobilisation exceptionnelle de sa jeunesse le 20 novembre 2023, lors d&#039;une tabl ...\" \/>\n<meta property=\"og:url\" content=\"https:\/\/www.africa-press.net\/tchad\/toutes-les-actualites\/adre-sengage-dans-la-prevention-des-conflits-la-jeunesse-au-coeur-de-la-table-ronde-du-cedpe\" \/>\n<meta property=\"og:site_name\" content=\"tchad\" \/>\n<meta property=\"article:published_time\" content=\"2023-11-26T17:08:25+00:00\" \/>\n<meta property=\"article:modified_time\" content=\"2023-11-26T18:08:35+00:00\" \/>\n<meta property=\"og:image\" content=\"https:\/\/static.africa-press.net\/tchad\/sites\/41\/2023\/11\/sm_1701009264.704923.jpg\" \/>\n\t<meta property=\"og:image:width\" content=\"1720\" \/>\n\t<meta property=\"og:image:height\" content=\"960\" \/>\n\t<meta property=\"og:image:type\" content=\"image\/jpeg\" \/>\n<meta name=\"author\" content=\"cfeditorfr\" \/>\n<meta name=\"twitter:card\" content=\"summary_large_image\" \/>\n<meta name=\"twitter:label1\" content=\"\u00c9crit par\" \/>\n\t<meta name=\"twitter:data1\" content=\"cfeditorfr\" \/>\n\t<meta name=\"twitter:label2\" content=\"Dur\u00e9e de lecture estim\u00e9e\" \/>\n\t<meta name=\"twitter:data2\" content=\"2 minutes\" \/>\n<script type=\"application\/ld+json\" class=\"yoast-schema-graph\">{\"@context\":\"https:\/\/schema.org\",\"@graph\":[{\"@type\":\"Article\",\"@id\":\"https:\/\/www.africa-press.net\/tchad\/toutes-les-actualites\/adre-sengage-dans-la-prevention-des-conflits-la-jeunesse-au-coeur-de-la-table-ronde-du-cedpe#article\",\"isPartOf\":{\"@id\":\"https:\/\/www.africa-press.net\/tchad\/toutes-les-actualites\/adre-sengage-dans-la-prevention-des-conflits-la-jeunesse-au-coeur-de-la-table-ronde-du-cedpe\"},\"author\":{\"name\":\"cfeditorfr\",\"@id\":\"https:\/\/www.africa-press.net\/tchad\/#\/schema\/person\/2b1cf3cd81a31e3cd26889ca66d677f1\"},\"headline\":\"Adr\u00e9 s&rsquo;engage dans la pr\u00e9vention des conflits, la jeunesse au c\u0153ur de la table-ronde du CEDPE\",\"datePublished\":\"2023-11-26T17:08:25+00:00\",\"dateModified\":\"2023-11-26T18:08:35+00:00\",\"mainEntityOfPage\":{\"@id\":\"https:\/\/www.africa-press.net\/tchad\/toutes-les-actualites\/adre-sengage-dans-la-prevention-des-conflits-la-jeunesse-au-coeur-de-la-table-ronde-du-cedpe\"},\"wordCount\":266,\"commentCount\":0,\"image\":{\"@id\":\"https:\/\/www.africa-press.net\/tchad\/toutes-les-actualites\/adre-sengage-dans-la-prevention-des-conflits-la-jeunesse-au-coeur-de-la-table-ronde-du-cedpe#primaryimage\"},\"thumbnailUrl\":\"https:\/\/static.africa-press.net\/tchad\/sites\/41\/2023\/11\/sm_1701009264.704923.jpg\",\"keywords\":[\"Africa Press\",\"Africa Press-Tchad\",\"Tchad\"],\"articleSection\":[\"Communaut\u00e9\",\"Toutes les actualit\u00e9s\"],\"inLanguage\":\"fr-FR\",\"potentialAction\":[{\"@type\":\"CommentAction\",\"name\":\"Comment\",\"target\":[\"https:\/\/www.africa-press.net\/tchad\/toutes-les-actualites\/adre-sengage-dans-la-prevention-des-conflits-la-jeunesse-au-coeur-de-la-table-ronde-du-cedpe#respond\"]}]},{\"@type\":\"WebPage\",\"@id\":\"https:\/\/www.africa-press.net\/tchad\/toutes-les-actualites\/adre-sengage-dans-la-prevention-des-conflits-la-jeunesse-au-coeur-de-la-table-ronde-du-cedpe\",\"url\":\"https:\/\/www.africa-press.net\/tchad\/toutes-les-actualites\/adre-sengage-dans-la-prevention-des-conflits-la-jeunesse-au-coeur-de-la-table-ronde-du-cedpe\",\"name\":\"Adr\u00e9 s'engage dans la pr\u00e9vention des conflits, la jeunesse au c\u0153ur de la table-ronde du CEDPE - tchad\",\"isPartOf\":{\"@id\":\"https:\/\/www.africa-press.net\/tchad\/#website\"},\"primaryImageOfPage\":{\"@id\":\"https:\/\/www.africa-press.net\/tchad\/toutes-les-actualites\/adre-sengage-dans-la-prevention-des-conflits-la-jeunesse-au-coeur-de-la-table-ronde-du-cedpe#primaryimage\"},\"image\":{\"@id\":\"https:\/\/www.africa-press.net\/tchad\/toutes-les-actualites\/adre-sengage-dans-la-prevention-des-conflits-la-jeunesse-au-coeur-de-la-table-ronde-du-cedpe#primaryimage\"},\"thumbnailUrl\":\"https:\/\/static.africa-press.net\/tchad\/sites\/41\/2023\/11\/sm_1701009264.704923.jpg\",\"datePublished\":\"2023-11-26T17:08:25+00:00\",\"dateModified\":\"2023-11-26T18:08:35+00:00\",\"author\":{\"@id\":\"https:\/\/www.africa-press.net\/tchad\/#\/schema\/person\/2b1cf3cd81a31e3cd26889ca66d677f1\"},\"description\":\"La ville d'Adre\u0301 a e\u0301te\u0301 au centre d'une mobilisation exceptionnelle de sa jeunesse le 20 novembre 2023, lors d'une tabl ...\",\"breadcrumb\":{\"@id\":\"https:\/\/www.africa-press.net\/tchad\/toutes-les-actualites\/adre-sengage-dans-la-prevention-des-conflits-la-jeunesse-au-coeur-de-la-table-ronde-du-cedpe#breadcrumb\"},\"inLanguage\":\"fr-FR\",\"potentialAction\":[{\"@type\":\"ReadAction\",\"target\":[\"https:\/\/www.africa-press.net\/tchad\/toutes-les-actualites\/adre-sengage-dans-la-prevention-des-conflits-la-jeunesse-au-coeur-de-la-table-ronde-du-cedpe\"]}]},{\"@type\":\"ImageObject\",\"inLanguage\":\"fr-FR\",\"@id\":\"https:\/\/www.africa-press.net\/tchad\/toutes-les-actualites\/adre-sengage-dans-la-prevention-des-conflits-la-jeunesse-au-coeur-de-la-table-ronde-du-cedpe#primaryimage\",\"url\":\"https:\/\/static.africa-press.net\/tchad\/sites\/41\/2023\/11\/sm_1701009264.704923.jpg\",\"contentUrl\":\"https:\/\/static.africa-press.net\/tchad\/sites\/41\/2023\/11\/sm_1701009264.704923.jpg\",\"width\":1720,\"height\":960,\"caption\":\"Adr\u00e9 s'engage dans la pr\u00e9vention des conflits, la jeunesse au c\u0153ur de la table-ronde du CEDPE\"},{\"@type\":\"BreadcrumbList\",\"@id\":\"https:\/\/www.africa-press.net\/tchad\/toutes-les-actualites\/adre-sengage-dans-la-prevention-des-conflits-la-jeunesse-au-coeur-de-la-table-ronde-du-cedpe#breadcrumb\",\"itemListElement\":[{\"@type\":\"ListItem\",\"position\":1,\"name\":\"Accueil\",\"item\":\"https:\/\/www.africa-press.net\/tchad\/\"},{\"@type\":\"ListItem\",\"position\":2,\"name\":\"Adr\u00e9 s&#8217;engage dans la pr\u00e9vention des conflits, la jeunesse au c\u0153ur de la table-ronde du CEDPE\"}]},{\"@type\":\"WebSite\",\"@id\":\"https:\/\/www.africa-press.net\/tchad\/#website\",\"url\":\"https:\/\/www.africa-press.net\/tchad\/\",\"name\":\"tchad\",\"description\":\"Just another Africa News Agency Sites site\",\"potentialAction\":[{\"@type\":\"SearchAction\",\"target\":{\"@type\":\"EntryPoint\",\"urlTemplate\":\"https:\/\/www.africa-press.net\/tchad\/?s={search_term_string}\"},\"query-input\":{\"@type\":\"PropertyValueSpecification\",\"valueRequired\":true,\"valueName\":\"search_term_string\"}}],\"inLanguage\":\"fr-FR\"},{\"@type\":\"Person\",\"@id\":\"https:\/\/www.africa-press.net\/tchad\/#\/schema\/person\/2b1cf3cd81a31e3cd26889ca66d677f1\",\"name\":\"cfeditorfr\"}]}<\/script>\n<!-- \/ Yoast SEO Premium plugin. -->","yoast_head_json":{"title":"Adr\u00e9 s'engage dans la pr\u00e9vention des conflits, la jeunesse au c\u0153ur de la table-ronde du CEDPE - tchad","description":"La ville d'Adre\u0301 a e\u0301te\u0301 au centre d'une mobilisation exceptionnelle de sa jeunesse le 20 novembre 2023, lors d'une tabl ...","robots":{"index":"index","follow":"follow","max-snippet":"max-snippet:-1","max-image-preview":"max-image-preview:large","max-video-preview":"max-video-preview:-1"},"canonical":"https:\/\/www.africa-press.net\/tchad\/toutes-les-actualites\/adre-sengage-dans-la-prevention-des-conflits-la-jeunesse-au-coeur-de-la-table-ronde-du-cedpe","og_locale":"fr_FR","og_type":"article","og_title":"Adr\u00e9 s'engage dans la pr\u00e9vention des conflits, la jeunesse au c\u0153ur de la table-ronde du CEDPE","og_description":"La ville d'Adre\u0301 a e\u0301te\u0301 au centre d'une mobilisation exceptionnelle de sa jeunesse le 20 novembre 2023, lors d'une tabl ...","og_url":"https:\/\/www.africa-press.net\/tchad\/toutes-les-actualites\/adre-sengage-dans-la-prevention-des-conflits-la-jeunesse-au-coeur-de-la-table-ronde-du-cedpe","og_site_name":"tchad","article_published_time":"2023-11-26T17:08:25+00:00","article_modified_time":"2023-11-26T18:08:35+00:00","og_image":[{"width":1720,"height":960,"url":"https:\/\/static.africa-press.net\/tchad\/sites\/41\/2023\/11\/sm_1701009264.704923.jpg","type":"image\/jpeg"}],"author":"cfeditorfr","twitter_card":"summary_large_image","twitter_misc":{"\u00c9crit par":"cfeditorfr","Dur\u00e9e de lecture estim\u00e9e":"2 minutes"},"schema":{"@context":"https:\/\/schema.org","@graph":[{"@type":"Article","@id":"https:\/\/www.africa-press.net\/tchad\/toutes-les-actualites\/adre-sengage-dans-la-prevention-des-conflits-la-jeunesse-au-coeur-de-la-table-ronde-du-cedpe#article","isPartOf":{"@id":"https:\/\/www.africa-press.net\/tchad\/toutes-les-actualites\/adre-sengage-dans-la-prevention-des-conflits-la-jeunesse-au-coeur-de-la-table-ronde-du-cedpe"},"author":{"name":"cfeditorfr","@id":"https:\/\/www.africa-press.net\/tchad\/#\/schema\/person\/2b1cf3cd81a31e3cd26889ca66d677f1"},"headline":"Adr\u00e9 s&rsquo;engage dans la pr\u00e9vention des conflits, la jeunesse au c\u0153ur de la table-ronde du CEDPE","datePublished":"2023-11-26T17:08:25+00:00","dateModified":"2023-11-26T18:08:35+00:00","mainEntityOfPage":{"@id":"https:\/\/www.africa-press.net\/tchad\/toutes-les-actualites\/adre-sengage-dans-la-prevention-des-conflits-la-jeunesse-au-coeur-de-la-table-ronde-du-cedpe"},"wordCount":266,"commentCount":0,"image":{"@id":"https:\/\/www.africa-press.net\/tchad\/toutes-les-actualites\/adre-sengage-dans-la-prevention-des-conflits-la-jeunesse-au-coeur-de-la-table-ronde-du-cedpe#primaryimage"},"thumbnailUrl":"https:\/\/static.africa-press.net\/tchad\/sites\/41\/2023\/11\/sm_1701009264.704923.jpg","keywords":["Africa Press","Africa Press-Tchad","Tchad"],"articleSection":["Communaut\u00e9","Toutes les actualit\u00e9s"],"inLanguage":"fr-FR","potentialAction":[{"@type":"CommentAction","name":"Comment","target":["https:\/\/www.africa-press.net\/tchad\/toutes-les-actualites\/adre-sengage-dans-la-prevention-des-conflits-la-jeunesse-au-coeur-de-la-table-ronde-du-cedpe#respond"]}]},{"@type":"WebPage","@id":"https:\/\/www.africa-press.net\/tchad\/toutes-les-actualites\/adre-sengage-dans-la-prevention-des-conflits-la-jeunesse-au-coeur-de-la-table-ronde-du-cedpe","url":"https:\/\/www.africa-press.net\/tchad\/toutes-les-actualites\/adre-sengage-dans-la-prevention-des-conflits-la-jeunesse-au-coeur-de-la-table-ronde-du-cedpe","name":"Adr\u00e9 s'engage dans la pr\u00e9vention des conflits, la jeunesse au c\u0153ur de la table-ronde du CEDPE - tchad","isPartOf":{"@id":"https:\/\/www.africa-press.net\/tchad\/#website"},"primaryImageOfPage":{"@id":"https:\/\/www.africa-press.net\/tchad\/toutes-les-actualites\/adre-sengage-dans-la-prevention-des-conflits-la-jeunesse-au-coeur-de-la-table-ronde-du-cedpe#primaryimage"},"image":{"@id":"https:\/\/www.africa-press.net\/tchad\/toutes-les-actualites\/adre-sengage-dans-la-prevention-des-conflits-la-jeunesse-au-coeur-de-la-table-ronde-du-cedpe#primaryimage"},"thumbnailUrl":"https:\/\/static.africa-press.net\/tchad\/sites\/41\/2023\/11\/sm_1701009264.704923.jpg","datePublished":"2023-11-26T17:08:25+00:00","dateModified":"2023-11-26T18:08:35+00:00","author":{"@id":"https:\/\/www.africa-press.net\/tchad\/#\/schema\/person\/2b1cf3cd81a31e3cd26889ca66d677f1"},"description":"La ville d'Adre\u0301 a e\u0301te\u0301 au centre d'une mobilisation exceptionnelle de sa jeunesse le 20 novembre 2023, lors d'une tabl ...","breadcrumb":{"@id":"https:\/\/www.africa-press.net\/tchad\/toutes-les-actualites\/adre-sengage-dans-la-prevention-des-conflits-la-jeunesse-au-coeur-de-la-table-ronde-du-cedpe#breadcrumb"},"inLanguage":"fr-FR","potentialAction":[{"@type":"ReadAction","target":["https:\/\/www.africa-press.net\/tchad\/toutes-les-actualites\/adre-sengage-dans-la-prevention-des-conflits-la-jeunesse-au-coeur-de-la-table-ronde-du-cedpe"]}]},{"@type":"ImageObject","inLanguage":"fr-FR","@id":"https:\/\/www.africa-press.net\/tchad\/toutes-les-actualites\/adre-sengage-dans-la-prevention-des-conflits-la-jeunesse-au-coeur-de-la-table-ronde-du-cedpe#primaryimage","url":"https:\/\/static.africa-press.net\/tchad\/sites\/41\/2023\/11\/sm_1701009264.704923.jpg","contentUrl":"https:\/\/static.africa-press.net\/tchad\/sites\/41\/2023\/11\/sm_1701009264.704923.jpg","width":1720,"height":960,"caption":"Adr\u00e9 s'engage dans la pr\u00e9vention des conflits, la jeunesse au c\u0153ur de la table-ronde du CEDPE"},{"@type":"BreadcrumbList","@id":"https:\/\/www.africa-press.net\/tchad\/toutes-les-actualites\/adre-sengage-dans-la-prevention-des-conflits-la-jeunesse-au-coeur-de-la-table-ronde-du-cedpe#breadcrumb","itemListElement":[{"@type":"ListItem","position":1,"name":"Accueil","item":"https:\/\/www.africa-press.net\/tchad\/"},{"@type":"ListItem","position":2,"name":"Adr\u00e9 s&#8217;engage dans la pr\u00e9vention des conflits, la jeunesse au c\u0153ur de la table-ronde du CEDPE"}]},{"@type":"WebSite","@id":"https:\/\/www.africa-press.net\/tchad\/#website","url":"https:\/\/www.africa-press.net\/tchad\/","name":"tchad","description":"Just another Africa News Agency Sites site","potentialAction":[{"@type":"SearchAction","target":{"@type":"EntryPoint","urlTemplate":"https:\/\/www.africa-press.net\/tchad\/?s={search_term_string}"},"query-input":{"@type":"PropertyValueSpecification","valueRequired":true,"valueName":"search_term_string"}}],"inLanguage":"fr-FR"},{"@type":"Person","@id":"https:\/\/www.africa-press.net\/tchad\/#\/schema\/person\/2b1cf3cd81a31e3cd26889ca66d677f1","name":"cfeditorfr"}]}},"_links":{"self":[{"href":"https:\/\/www.africa-press.net\/tchad\/wp-json\/wp\/v2\/posts\/54656","targetHints":{"allow":["GET"]}}],"collection":[{"href":"https:\/\/www.africa-press.net\/tchad\/wp-json\/wp\/v2\/posts"}],"about":[{"href":"https:\/\/www.africa-press.net\/tchad\/wp-json\/wp\/v2\/types\/post"}],"author":[{"embeddable":true,"href":"https:\/\/www.africa-press.net\/tchad\/wp-json\/wp\/v2\/users\/82"}],"replies":[{"embeddable":true,"href":"https:\/\/www.africa-press.net\/tchad\/wp-json\/wp\/v2\/comments?post=54656"}],"version-history":[{"count":0,"href":"https:\/\/www.africa-press.net\/tchad\/wp-json\/wp\/v2\/posts\/54656\/revisions"}],"wp:featuredmedia":[{"embeddable":true,"href":"https:\/\/www.africa-press.net\/tchad\/wp-json\/wp\/v2\/media\/54655"}],"wp:attachment":[{"href":"https:\/\/www.africa-press.net\/tchad\/wp-json\/wp\/v2\/media?parent=54656"}],"wp:term":[{"taxonomy":"category","embeddable":true,"href":"https:\/\/www.africa-press.net\/tchad\/wp-json\/wp\/v2\/categories?post=54656"},{"taxonomy":"post_tag","embeddable":true,"href":"https:\/\/www.africa-press.net\/tchad\/wp-json\/wp\/v2\/tags?post=54656"}],"curies":[{"name":"wp","href":"https:\/\/api.w.org\/{rel}","templated":true}]}}