{"id":54702,"date":"2023-11-27T12:36:00","date_gmt":"2023-11-27T12:36:00","guid":{"rendered":"https:\/\/www.africa-press.net\/tchad\/politique\/la-journee-du-28-novembre-2023-est-declaree-feriee-et-chomee"},"modified":"2023-11-27T13:31:13","modified_gmt":"2023-11-27T13:31:13","slug":"la-journee-du-28-novembre-2023-est-declaree-feriee-et-chomee","status":"publish","type":"post","link":"https:\/\/www.africa-press.net\/tchad\/politique\/la-journee-du-28-novembre-2023-est-declaree-feriee-et-chomee","title":{"rendered":"La journ\u00e9e du 28 novembre 2023 est d\u00e9clar\u00e9e f\u00e9ri\u00e9e et ch\u00f4m\u00e9e"},"content":{"rendered":"<p><span style=\"color: #ff6600\"><strong>Africa-Press &#8211; Tchad. <\/strong><\/span>Le Tchad comme\u0301more ce mardi 28 novembre 2023 le 65e\u0300me anniversaire de la proclamation de la Re\u0301publique. A\u0300 cette date, le Tchad a amorce\u0301 la marche vers l&rsquo;inde\u0301pendance proclame\u0301e en 1960.<\/p>\n<p>A\u0300 partir de 1900, le pays est conside\u0301re\u0301 comme un protectorat franc\u0327ais. Le Tchad est e\u0301rige\u0301 en colonie en 1920 dans le cadre de l&rsquo;Afrique-E\u0301quatoriale franc\u0327aise. Il sera la premie\u0300re colonie franc\u0327aise a\u0300 se rallier a\u0300 la France libre en 1940.<\/p>\n<p>En 1956, le Tchad passe a\u0300 une autonomie administrative relative. Un re\u0301fe\u0301rendum franc\u0327ais du 28 septembre 1958 va permettre aux territoires d&rsquo;outre-mer (colonies) de se prononcer pour l&rsquo;entre\u0301e dans la Communaute\u0301 ou l&rsquo;inde\u0301pendance. Seule la Guine\u0301e va choisir l&rsquo;inde\u0301pendance.<\/p>\n<p>Le 28 novembre 1958, le Tchad, qui dispose d\u2019un conseil de gouvernement et d\u2019une assemble\u0301e le\u0301gislative, devient une Re\u0301publique autonome tout en restant dans la communaute\u0301 franc\u0327aise.<\/p>\n<p><img loading=\"lazy\" decoding=\"async\" width=\"562\" height=\"680\" class=\"alignnone wp-image-54699 size-full\" src=\"https:\/\/static.africa-press.net\/tchad\/sites\/41\/2023\/11\/sm_1701079211.004517.jpg\" srcset=\"https:\/\/static.africa-press.net\/tchad\/sites\/41\/2023\/11\/sm_1701079211.004517.jpg 562w, https:\/\/static.africa-press.net\/tchad\/sites\/41\/2023\/11\/sm_1701079211.004517-248x300.jpg 248w\" sizes=\"auto, (max-width: 562px) 100vw, 562px\" \/><\/p>\n<p><strong>Pour plus d&rsquo;informations et d&rsquo;analyses sur la <a href=\"https:\/\/www.africa-press.net\/tchad\">Tchad<\/a>, suivez <a href=\"https:\/\/www.africa-press.net\/\">Africa-Press<\/a><\/strong><\/p>\n","protected":false},"excerpt":{"rendered":"<p>Africa-Press &#8211; Tchad. Le Tchad comme\u0301more ce mardi 28 novembre 2023 le 65e\u0300me anniversaire de la proclamation de la Re\u0301publique. A\u0300 cette date, le Tchad a amorce\u0301 la marche vers l&rsquo;inde\u0301pendance proclame\u0301e en 1960. A\u0300 partir de 1900, le pays est conside\u0301re\u0301 comme un protectorat franc\u0327ais. Le Tchad est e\u0301rige\u0301 en colonie en 1920 dans [&hellip;]<\/p>\n","protected":false},"author":82,"featured_media":54700,"comment_status":"open","ping_status":"closed","sticky":false,"template":"","format":"standard","meta":{"footnotes":""},"categories":[2,20,10],"tags":[37,292,29],"class_list":["post-54702","post","type-post","status-publish","format-standard","has-post-thumbnail","hentry","category-politique","category-top-nouvelles","category-toutes-les-actualites","tag-africa-press","tag-africa-press-tchad","tag-tchad"],"yoast_head":"<!-- This site is optimized with the Yoast SEO Premium plugin v26.1 (Yoast SEO v27.0) - https:\/\/yoast.com\/product\/yoast-seo-premium-wordpress\/ -->\n<title>La journ\u00e9e du 28 novembre 2023 est d\u00e9clar\u00e9e f\u00e9ri\u00e9e et ch\u00f4m\u00e9e - tchad<\/title>\n<meta name=\"description\" content=\"Le Tchad comme\u0301more ce mardi 28 novembre 2023 le 65e\u0300me anniversaire de la proclamation de la Re\u0301publique. A\u0300 cette date ...\" \/>\n<meta name=\"robots\" content=\"index, follow, max-snippet:-1, max-image-preview:large, max-video-preview:-1\" \/>\n<link rel=\"canonical\" href=\"https:\/\/www.africa-press.net\/tchad\/politique\/la-journee-du-28-novembre-2023-est-declaree-feriee-et-chomee\" \/>\n<meta property=\"og:locale\" content=\"fr_FR\" \/>\n<meta property=\"og:type\" content=\"article\" \/>\n<meta property=\"og:title\" content=\"La journ\u00e9e du 28 novembre 2023 est d\u00e9clar\u00e9e f\u00e9ri\u00e9e et ch\u00f4m\u00e9e\" \/>\n<meta property=\"og:description\" content=\"Le Tchad comme\u0301more ce mardi 28 novembre 2023 le 65e\u0300me anniversaire de la proclamation de la Re\u0301publique. A\u0300 cette date ...\" \/>\n<meta property=\"og:url\" content=\"https:\/\/www.africa-press.net\/tchad\/politique\/la-journee-du-28-novembre-2023-est-declaree-feriee-et-chomee\" \/>\n<meta property=\"og:site_name\" content=\"tchad\" \/>\n<meta property=\"article:published_time\" content=\"2023-11-27T12:36:00+00:00\" \/>\n<meta property=\"article:modified_time\" content=\"2023-11-27T13:31:13+00:00\" \/>\n<meta property=\"og:image\" content=\"https:\/\/static.africa-press.net\/tchad\/sites\/41\/2023\/11\/sm_1701079229.986387.jpg\" \/>\n\t<meta property=\"og:image:width\" content=\"715\" \/>\n\t<meta property=\"og:image:height\" content=\"331\" \/>\n\t<meta property=\"og:image:type\" content=\"image\/jpeg\" \/>\n<meta name=\"author\" content=\"cfeditorfr\" \/>\n<meta name=\"twitter:card\" content=\"summary_large_image\" \/>\n<meta name=\"twitter:label1\" content=\"\u00c9crit par\" \/>\n\t<meta name=\"twitter:data1\" content=\"cfeditorfr\" \/>\n\t<meta name=\"twitter:label2\" content=\"Dur\u00e9e de lecture estim\u00e9e\" \/>\n\t<meta name=\"twitter:data2\" content=\"1 minute\" \/>\n<script type=\"application\/ld+json\" class=\"yoast-schema-graph\">{\"@context\":\"https:\/\/schema.org\",\"@graph\":[{\"@type\":\"Article\",\"@id\":\"https:\/\/www.africa-press.net\/tchad\/politique\/la-journee-du-28-novembre-2023-est-declaree-feriee-et-chomee#article\",\"isPartOf\":{\"@id\":\"https:\/\/www.africa-press.net\/tchad\/politique\/la-journee-du-28-novembre-2023-est-declaree-feriee-et-chomee\"},\"author\":{\"name\":\"cfeditorfr\",\"@id\":\"https:\/\/www.africa-press.net\/tchad\/#\/schema\/person\/2b1cf3cd81a31e3cd26889ca66d677f1\"},\"headline\":\"La journ\u00e9e du 28 novembre 2023 est d\u00e9clar\u00e9e f\u00e9ri\u00e9e et ch\u00f4m\u00e9e\",\"datePublished\":\"2023-11-27T12:36:00+00:00\",\"dateModified\":\"2023-11-27T13:31:13+00:00\",\"mainEntityOfPage\":{\"@id\":\"https:\/\/www.africa-press.net\/tchad\/politique\/la-journee-du-28-novembre-2023-est-declaree-feriee-et-chomee\"},\"wordCount\":189,\"commentCount\":0,\"image\":{\"@id\":\"https:\/\/www.africa-press.net\/tchad\/politique\/la-journee-du-28-novembre-2023-est-declaree-feriee-et-chomee#primaryimage\"},\"thumbnailUrl\":\"https:\/\/static.africa-press.net\/tchad\/sites\/41\/2023\/11\/sm_1701079229.986387.jpg\",\"keywords\":[\"Africa Press\",\"Africa Press-Tchad\",\"Tchad\"],\"articleSection\":[\"Politique\",\"Top Nouvelles\",\"Toutes les actualit\u00e9s\"],\"inLanguage\":\"fr-FR\",\"potentialAction\":[{\"@type\":\"CommentAction\",\"name\":\"Comment\",\"target\":[\"https:\/\/www.africa-press.net\/tchad\/politique\/la-journee-du-28-novembre-2023-est-declaree-feriee-et-chomee#respond\"]}]},{\"@type\":\"WebPage\",\"@id\":\"https:\/\/www.africa-press.net\/tchad\/politique\/la-journee-du-28-novembre-2023-est-declaree-feriee-et-chomee\",\"url\":\"https:\/\/www.africa-press.net\/tchad\/politique\/la-journee-du-28-novembre-2023-est-declaree-feriee-et-chomee\",\"name\":\"La journ\u00e9e du 28 novembre 2023 est d\u00e9clar\u00e9e f\u00e9ri\u00e9e et ch\u00f4m\u00e9e - tchad\",\"isPartOf\":{\"@id\":\"https:\/\/www.africa-press.net\/tchad\/#website\"},\"primaryImageOfPage\":{\"@id\":\"https:\/\/www.africa-press.net\/tchad\/politique\/la-journee-du-28-novembre-2023-est-declaree-feriee-et-chomee#primaryimage\"},\"image\":{\"@id\":\"https:\/\/www.africa-press.net\/tchad\/politique\/la-journee-du-28-novembre-2023-est-declaree-feriee-et-chomee#primaryimage\"},\"thumbnailUrl\":\"https:\/\/static.africa-press.net\/tchad\/sites\/41\/2023\/11\/sm_1701079229.986387.jpg\",\"datePublished\":\"2023-11-27T12:36:00+00:00\",\"dateModified\":\"2023-11-27T13:31:13+00:00\",\"author\":{\"@id\":\"https:\/\/www.africa-press.net\/tchad\/#\/schema\/person\/2b1cf3cd81a31e3cd26889ca66d677f1\"},\"description\":\"Le Tchad comme\u0301more ce mardi 28 novembre 2023 le 65e\u0300me anniversaire de la proclamation de la Re\u0301publique. A\u0300 cette date ...\",\"breadcrumb\":{\"@id\":\"https:\/\/www.africa-press.net\/tchad\/politique\/la-journee-du-28-novembre-2023-est-declaree-feriee-et-chomee#breadcrumb\"},\"inLanguage\":\"fr-FR\",\"potentialAction\":[{\"@type\":\"ReadAction\",\"target\":[\"https:\/\/www.africa-press.net\/tchad\/politique\/la-journee-du-28-novembre-2023-est-declaree-feriee-et-chomee\"]}]},{\"@type\":\"ImageObject\",\"inLanguage\":\"fr-FR\",\"@id\":\"https:\/\/www.africa-press.net\/tchad\/politique\/la-journee-du-28-novembre-2023-est-declaree-feriee-et-chomee#primaryimage\",\"url\":\"https:\/\/static.africa-press.net\/tchad\/sites\/41\/2023\/11\/sm_1701079229.986387.jpg\",\"contentUrl\":\"https:\/\/static.africa-press.net\/tchad\/sites\/41\/2023\/11\/sm_1701079229.986387.jpg\",\"width\":715,\"height\":331,\"caption\":\"La journ\u00e9e du 28 novembre 2023 est d\u00e9clar\u00e9e f\u00e9ri\u00e9e et ch\u00f4m\u00e9e\"},{\"@type\":\"BreadcrumbList\",\"@id\":\"https:\/\/www.africa-press.net\/tchad\/politique\/la-journee-du-28-novembre-2023-est-declaree-feriee-et-chomee#breadcrumb\",\"itemListElement\":[{\"@type\":\"ListItem\",\"position\":1,\"name\":\"Accueil\",\"item\":\"https:\/\/www.africa-press.net\/tchad\/\"},{\"@type\":\"ListItem\",\"position\":2,\"name\":\"La journ\u00e9e du 28 novembre 2023 est d\u00e9clar\u00e9e f\u00e9ri\u00e9e et ch\u00f4m\u00e9e\"}]},{\"@type\":\"WebSite\",\"@id\":\"https:\/\/www.africa-press.net\/tchad\/#website\",\"url\":\"https:\/\/www.africa-press.net\/tchad\/\",\"name\":\"tchad\",\"description\":\"Just another Africa News Agency Sites site\",\"potentialAction\":[{\"@type\":\"SearchAction\",\"target\":{\"@type\":\"EntryPoint\",\"urlTemplate\":\"https:\/\/www.africa-press.net\/tchad\/?s={search_term_string}\"},\"query-input\":{\"@type\":\"PropertyValueSpecification\",\"valueRequired\":true,\"valueName\":\"search_term_string\"}}],\"inLanguage\":\"fr-FR\"},{\"@type\":\"Person\",\"@id\":\"https:\/\/www.africa-press.net\/tchad\/#\/schema\/person\/2b1cf3cd81a31e3cd26889ca66d677f1\",\"name\":\"cfeditorfr\"}]}<\/script>\n<!-- \/ Yoast SEO Premium plugin. -->","yoast_head_json":{"title":"La journ\u00e9e du 28 novembre 2023 est d\u00e9clar\u00e9e f\u00e9ri\u00e9e et ch\u00f4m\u00e9e - tchad","description":"Le Tchad comme\u0301more ce mardi 28 novembre 2023 le 65e\u0300me anniversaire de la proclamation de la Re\u0301publique. A\u0300 cette date ...","robots":{"index":"index","follow":"follow","max-snippet":"max-snippet:-1","max-image-preview":"max-image-preview:large","max-video-preview":"max-video-preview:-1"},"canonical":"https:\/\/www.africa-press.net\/tchad\/politique\/la-journee-du-28-novembre-2023-est-declaree-feriee-et-chomee","og_locale":"fr_FR","og_type":"article","og_title":"La journ\u00e9e du 28 novembre 2023 est d\u00e9clar\u00e9e f\u00e9ri\u00e9e et ch\u00f4m\u00e9e","og_description":"Le Tchad comme\u0301more ce mardi 28 novembre 2023 le 65e\u0300me anniversaire de la proclamation de la Re\u0301publique. A\u0300 cette date ...","og_url":"https:\/\/www.africa-press.net\/tchad\/politique\/la-journee-du-28-novembre-2023-est-declaree-feriee-et-chomee","og_site_name":"tchad","article_published_time":"2023-11-27T12:36:00+00:00","article_modified_time":"2023-11-27T13:31:13+00:00","og_image":[{"width":715,"height":331,"url":"https:\/\/static.africa-press.net\/tchad\/sites\/41\/2023\/11\/sm_1701079229.986387.jpg","type":"image\/jpeg"}],"author":"cfeditorfr","twitter_card":"summary_large_image","twitter_misc":{"\u00c9crit par":"cfeditorfr","Dur\u00e9e de lecture estim\u00e9e":"1 minute"},"schema":{"@context":"https:\/\/schema.org","@graph":[{"@type":"Article","@id":"https:\/\/www.africa-press.net\/tchad\/politique\/la-journee-du-28-novembre-2023-est-declaree-feriee-et-chomee#article","isPartOf":{"@id":"https:\/\/www.africa-press.net\/tchad\/politique\/la-journee-du-28-novembre-2023-est-declaree-feriee-et-chomee"},"author":{"name":"cfeditorfr","@id":"https:\/\/www.africa-press.net\/tchad\/#\/schema\/person\/2b1cf3cd81a31e3cd26889ca66d677f1"},"headline":"La journ\u00e9e du 28 novembre 2023 est d\u00e9clar\u00e9e f\u00e9ri\u00e9e et ch\u00f4m\u00e9e","datePublished":"2023-11-27T12:36:00+00:00","dateModified":"2023-11-27T13:31:13+00:00","mainEntityOfPage":{"@id":"https:\/\/www.africa-press.net\/tchad\/politique\/la-journee-du-28-novembre-2023-est-declaree-feriee-et-chomee"},"wordCount":189,"commentCount":0,"image":{"@id":"https:\/\/www.africa-press.net\/tchad\/politique\/la-journee-du-28-novembre-2023-est-declaree-feriee-et-chomee#primaryimage"},"thumbnailUrl":"https:\/\/static.africa-press.net\/tchad\/sites\/41\/2023\/11\/sm_1701079229.986387.jpg","keywords":["Africa Press","Africa Press-Tchad","Tchad"],"articleSection":["Politique","Top Nouvelles","Toutes les actualit\u00e9s"],"inLanguage":"fr-FR","potentialAction":[{"@type":"CommentAction","name":"Comment","target":["https:\/\/www.africa-press.net\/tchad\/politique\/la-journee-du-28-novembre-2023-est-declaree-feriee-et-chomee#respond"]}]},{"@type":"WebPage","@id":"https:\/\/www.africa-press.net\/tchad\/politique\/la-journee-du-28-novembre-2023-est-declaree-feriee-et-chomee","url":"https:\/\/www.africa-press.net\/tchad\/politique\/la-journee-du-28-novembre-2023-est-declaree-feriee-et-chomee","name":"La journ\u00e9e du 28 novembre 2023 est d\u00e9clar\u00e9e f\u00e9ri\u00e9e et ch\u00f4m\u00e9e - tchad","isPartOf":{"@id":"https:\/\/www.africa-press.net\/tchad\/#website"},"primaryImageOfPage":{"@id":"https:\/\/www.africa-press.net\/tchad\/politique\/la-journee-du-28-novembre-2023-est-declaree-feriee-et-chomee#primaryimage"},"image":{"@id":"https:\/\/www.africa-press.net\/tchad\/politique\/la-journee-du-28-novembre-2023-est-declaree-feriee-et-chomee#primaryimage"},"thumbnailUrl":"https:\/\/static.africa-press.net\/tchad\/sites\/41\/2023\/11\/sm_1701079229.986387.jpg","datePublished":"2023-11-27T12:36:00+00:00","dateModified":"2023-11-27T13:31:13+00:00","author":{"@id":"https:\/\/www.africa-press.net\/tchad\/#\/schema\/person\/2b1cf3cd81a31e3cd26889ca66d677f1"},"description":"Le Tchad comme\u0301more ce mardi 28 novembre 2023 le 65e\u0300me anniversaire de la proclamation de la Re\u0301publique. A\u0300 cette date ...","breadcrumb":{"@id":"https:\/\/www.africa-press.net\/tchad\/politique\/la-journee-du-28-novembre-2023-est-declaree-feriee-et-chomee#breadcrumb"},"inLanguage":"fr-FR","potentialAction":[{"@type":"ReadAction","target":["https:\/\/www.africa-press.net\/tchad\/politique\/la-journee-du-28-novembre-2023-est-declaree-feriee-et-chomee"]}]},{"@type":"ImageObject","inLanguage":"fr-FR","@id":"https:\/\/www.africa-press.net\/tchad\/politique\/la-journee-du-28-novembre-2023-est-declaree-feriee-et-chomee#primaryimage","url":"https:\/\/static.africa-press.net\/tchad\/sites\/41\/2023\/11\/sm_1701079229.986387.jpg","contentUrl":"https:\/\/static.africa-press.net\/tchad\/sites\/41\/2023\/11\/sm_1701079229.986387.jpg","width":715,"height":331,"caption":"La journ\u00e9e du 28 novembre 2023 est d\u00e9clar\u00e9e f\u00e9ri\u00e9e et ch\u00f4m\u00e9e"},{"@type":"BreadcrumbList","@id":"https:\/\/www.africa-press.net\/tchad\/politique\/la-journee-du-28-novembre-2023-est-declaree-feriee-et-chomee#breadcrumb","itemListElement":[{"@type":"ListItem","position":1,"name":"Accueil","item":"https:\/\/www.africa-press.net\/tchad\/"},{"@type":"ListItem","position":2,"name":"La journ\u00e9e du 28 novembre 2023 est d\u00e9clar\u00e9e f\u00e9ri\u00e9e et ch\u00f4m\u00e9e"}]},{"@type":"WebSite","@id":"https:\/\/www.africa-press.net\/tchad\/#website","url":"https:\/\/www.africa-press.net\/tchad\/","name":"tchad","description":"Just another Africa News Agency Sites site","potentialAction":[{"@type":"SearchAction","target":{"@type":"EntryPoint","urlTemplate":"https:\/\/www.africa-press.net\/tchad\/?s={search_term_string}"},"query-input":{"@type":"PropertyValueSpecification","valueRequired":true,"valueName":"search_term_string"}}],"inLanguage":"fr-FR"},{"@type":"Person","@id":"https:\/\/www.africa-press.net\/tchad\/#\/schema\/person\/2b1cf3cd81a31e3cd26889ca66d677f1","name":"cfeditorfr"}]}},"_links":{"self":[{"href":"https:\/\/www.africa-press.net\/tchad\/wp-json\/wp\/v2\/posts\/54702","targetHints":{"allow":["GET"]}}],"collection":[{"href":"https:\/\/www.africa-press.net\/tchad\/wp-json\/wp\/v2\/posts"}],"about":[{"href":"https:\/\/www.africa-press.net\/tchad\/wp-json\/wp\/v2\/types\/post"}],"author":[{"embeddable":true,"href":"https:\/\/www.africa-press.net\/tchad\/wp-json\/wp\/v2\/users\/82"}],"replies":[{"embeddable":true,"href":"https:\/\/www.africa-press.net\/tchad\/wp-json\/wp\/v2\/comments?post=54702"}],"version-history":[{"count":0,"href":"https:\/\/www.africa-press.net\/tchad\/wp-json\/wp\/v2\/posts\/54702\/revisions"}],"wp:featuredmedia":[{"embeddable":true,"href":"https:\/\/www.africa-press.net\/tchad\/wp-json\/wp\/v2\/media\/54700"}],"wp:attachment":[{"href":"https:\/\/www.africa-press.net\/tchad\/wp-json\/wp\/v2\/media?parent=54702"}],"wp:term":[{"taxonomy":"category","embeddable":true,"href":"https:\/\/www.africa-press.net\/tchad\/wp-json\/wp\/v2\/categories?post=54702"},{"taxonomy":"post_tag","embeddable":true,"href":"https:\/\/www.africa-press.net\/tchad\/wp-json\/wp\/v2\/tags?post=54702"}],"curies":[{"name":"wp","href":"https:\/\/api.w.org\/{rel}","templated":true}]}}