{"id":54705,"date":"2023-11-27T12:37:49","date_gmt":"2023-11-27T12:37:49","guid":{"rendered":"https:\/\/www.africa-press.net\/tchad\/politique\/au-ouaddai-lajecud-presente-les-enjeux-vitaux-du-referendum"},"modified":"2023-11-27T13:32:43","modified_gmt":"2023-11-27T13:32:43","slug":"au-ouaddai-lajecud-presente-les-enjeux-vitaux-du-referendum","status":"publish","type":"post","link":"https:\/\/www.africa-press.net\/tchad\/politique\/au-ouaddai-lajecud-presente-les-enjeux-vitaux-du-referendum","title":{"rendered":"au Ouadda\u00ef, l&rsquo;AJECUD pr\u00e9sente les enjeux vitaux du r\u00e9f\u00e9rendum"},"content":{"rendered":"<p><span style=\"color: #ff6600\"><strong>Africa-Press &#8211; Tchad. <\/strong><\/span>Cette troisie\u0300me confe\u0301rence, qui fait partie du projet \u00ab\u00a0Ensemble pour une transition apaise\u0301e au Tchad\u00a0\u00bb, a vu la participation active des me\u0301dias publics et prive\u0301s de la province du Ouaddai\u0308. Hassan Abdoulaye Hassan a souligne\u0301 l&rsquo;importance cruciale des e\u0301lections re\u0301fe\u0301rendaires pour la trajectoire politique et constitutionnelle du Tchad, tout en reconnaissant les de\u0301fis significatifs qui se posent, notamment en termes de participation citoyenne, de transparence, de dialogue et de disponibilite\u0301 des ressources logistiques.<\/p>\n<p>Selon Hassan Abdoulaye Hassan, un des enjeux majeurs pour le Tchad est d&rsquo;assurer une participation citoyenne significative au processus re\u0301fe\u0301rendaire. Pour cela, une sensibilisation ade\u0301quate est ne\u0301cessaire, ainsi que des initiatives pour encourager l&rsquo;implication de tous les citoyens, y compris ceux des re\u0301gions rurales et des groupes marginalise\u0301s. Il a insiste\u0301 sur la ne\u0301cessite\u0301 pour le gouvernement, les acteurs politiques et la socie\u0301te\u0301 civile de collaborer e\u0301troitement pour relever ces de\u0301fis et garantir que le re\u0301fe\u0301rendum soit juste, transparent et universellement accepte\u0301 pour le bien de la nation.<\/p>\n<p><strong>Pour plus d&rsquo;informations et d&rsquo;analyses sur la <a href=\"https:\/\/www.africa-press.net\/tchad\">Tchad<\/a>, suivez <a href=\"https:\/\/www.africa-press.net\/\">Africa-Press<\/a><\/strong><\/p>\n","protected":false},"excerpt":{"rendered":"<p>Africa-Press &#8211; Tchad. Cette troisie\u0300me confe\u0301rence, qui fait partie du projet \u00ab\u00a0Ensemble pour une transition apaise\u0301e au Tchad\u00a0\u00bb, a vu la participation active des me\u0301dias publics et prive\u0301s de la province du Ouaddai\u0308. Hassan Abdoulaye Hassan a souligne\u0301 l&rsquo;importance cruciale des e\u0301lections re\u0301fe\u0301rendaires pour la trajectoire politique et constitutionnelle du Tchad, tout en reconnaissant les [&hellip;]<\/p>\n","protected":false},"author":82,"featured_media":54704,"comment_status":"open","ping_status":"closed","sticky":false,"template":"","format":"standard","meta":{"footnotes":""},"categories":[2,10],"tags":[37,292,29],"class_list":["post-54705","post","type-post","status-publish","format-standard","has-post-thumbnail","hentry","category-politique","category-toutes-les-actualites","tag-africa-press","tag-africa-press-tchad","tag-tchad"],"yoast_head":"<!-- This site is optimized with the Yoast SEO Premium plugin v26.1 (Yoast SEO v27.0) - https:\/\/yoast.com\/product\/yoast-seo-premium-wordpress\/ -->\n<title>au Ouadda\u00ef, l&#039;AJECUD pr\u00e9sente les enjeux vitaux du r\u00e9f\u00e9rendum - tchad<\/title>\n<meta name=\"description\" content=\"Cette troisie\u0300me confe\u0301rence, qui fait partie du projet &quot;Ensemble pour une transition apaise\u0301e au Tchad&quot;, a vu la partic ...\" \/>\n<meta name=\"robots\" content=\"index, follow, max-snippet:-1, max-image-preview:large, max-video-preview:-1\" \/>\n<link rel=\"canonical\" href=\"https:\/\/www.africa-press.net\/tchad\/politique\/au-ouaddai-lajecud-presente-les-enjeux-vitaux-du-referendum\" \/>\n<meta property=\"og:locale\" content=\"fr_FR\" \/>\n<meta property=\"og:type\" content=\"article\" \/>\n<meta property=\"og:title\" content=\"au Ouadda\u00ef, l&#039;AJECUD pr\u00e9sente les enjeux vitaux du r\u00e9f\u00e9rendum\" \/>\n<meta property=\"og:description\" content=\"Cette troisie\u0300me confe\u0301rence, qui fait partie du projet &quot;Ensemble pour une transition apaise\u0301e au Tchad&quot;, a vu la partic ...\" \/>\n<meta property=\"og:url\" content=\"https:\/\/www.africa-press.net\/tchad\/politique\/au-ouaddai-lajecud-presente-les-enjeux-vitaux-du-referendum\" \/>\n<meta property=\"og:site_name\" content=\"tchad\" \/>\n<meta property=\"article:published_time\" content=\"2023-11-27T12:37:49+00:00\" \/>\n<meta property=\"article:modified_time\" content=\"2023-11-27T13:32:43+00:00\" \/>\n<meta property=\"og:image\" content=\"https:\/\/static.africa-press.net\/tchad\/sites\/41\/2023\/11\/sm_1701079317.242092.jpg\" \/>\n\t<meta property=\"og:image:width\" content=\"720\" \/>\n\t<meta property=\"og:image:height\" content=\"513\" \/>\n\t<meta property=\"og:image:type\" content=\"image\/jpeg\" \/>\n<meta name=\"author\" content=\"cfeditorfr\" \/>\n<meta name=\"twitter:card\" content=\"summary_large_image\" \/>\n<meta name=\"twitter:label1\" content=\"\u00c9crit par\" \/>\n\t<meta name=\"twitter:data1\" content=\"cfeditorfr\" \/>\n\t<meta name=\"twitter:label2\" content=\"Dur\u00e9e de lecture estim\u00e9e\" \/>\n\t<meta name=\"twitter:data2\" content=\"1 minute\" \/>\n<script type=\"application\/ld+json\" class=\"yoast-schema-graph\">{\"@context\":\"https:\/\/schema.org\",\"@graph\":[{\"@type\":\"Article\",\"@id\":\"https:\/\/www.africa-press.net\/tchad\/politique\/au-ouaddai-lajecud-presente-les-enjeux-vitaux-du-referendum#article\",\"isPartOf\":{\"@id\":\"https:\/\/www.africa-press.net\/tchad\/politique\/au-ouaddai-lajecud-presente-les-enjeux-vitaux-du-referendum\"},\"author\":{\"name\":\"cfeditorfr\",\"@id\":\"https:\/\/www.africa-press.net\/tchad\/#\/schema\/person\/2b1cf3cd81a31e3cd26889ca66d677f1\"},\"headline\":\"au Ouadda\u00ef, l&rsquo;AJECUD pr\u00e9sente les enjeux vitaux du r\u00e9f\u00e9rendum\",\"datePublished\":\"2023-11-27T12:37:49+00:00\",\"dateModified\":\"2023-11-27T13:32:43+00:00\",\"mainEntityOfPage\":{\"@id\":\"https:\/\/www.africa-press.net\/tchad\/politique\/au-ouaddai-lajecud-presente-les-enjeux-vitaux-du-referendum\"},\"wordCount\":213,\"commentCount\":0,\"image\":{\"@id\":\"https:\/\/www.africa-press.net\/tchad\/politique\/au-ouaddai-lajecud-presente-les-enjeux-vitaux-du-referendum#primaryimage\"},\"thumbnailUrl\":\"https:\/\/static.africa-press.net\/tchad\/sites\/41\/2023\/11\/sm_1701079317.242092.jpg\",\"keywords\":[\"Africa Press\",\"Africa Press-Tchad\",\"Tchad\"],\"articleSection\":[\"Politique\",\"Toutes les actualit\u00e9s\"],\"inLanguage\":\"fr-FR\",\"potentialAction\":[{\"@type\":\"CommentAction\",\"name\":\"Comment\",\"target\":[\"https:\/\/www.africa-press.net\/tchad\/politique\/au-ouaddai-lajecud-presente-les-enjeux-vitaux-du-referendum#respond\"]}]},{\"@type\":\"WebPage\",\"@id\":\"https:\/\/www.africa-press.net\/tchad\/politique\/au-ouaddai-lajecud-presente-les-enjeux-vitaux-du-referendum\",\"url\":\"https:\/\/www.africa-press.net\/tchad\/politique\/au-ouaddai-lajecud-presente-les-enjeux-vitaux-du-referendum\",\"name\":\"au Ouadda\u00ef, l'AJECUD pr\u00e9sente les enjeux vitaux du r\u00e9f\u00e9rendum - tchad\",\"isPartOf\":{\"@id\":\"https:\/\/www.africa-press.net\/tchad\/#website\"},\"primaryImageOfPage\":{\"@id\":\"https:\/\/www.africa-press.net\/tchad\/politique\/au-ouaddai-lajecud-presente-les-enjeux-vitaux-du-referendum#primaryimage\"},\"image\":{\"@id\":\"https:\/\/www.africa-press.net\/tchad\/politique\/au-ouaddai-lajecud-presente-les-enjeux-vitaux-du-referendum#primaryimage\"},\"thumbnailUrl\":\"https:\/\/static.africa-press.net\/tchad\/sites\/41\/2023\/11\/sm_1701079317.242092.jpg\",\"datePublished\":\"2023-11-27T12:37:49+00:00\",\"dateModified\":\"2023-11-27T13:32:43+00:00\",\"author\":{\"@id\":\"https:\/\/www.africa-press.net\/tchad\/#\/schema\/person\/2b1cf3cd81a31e3cd26889ca66d677f1\"},\"description\":\"Cette troisie\u0300me confe\u0301rence, qui fait partie du projet \\\"Ensemble pour une transition apaise\u0301e au Tchad\\\", a vu la partic ...\",\"breadcrumb\":{\"@id\":\"https:\/\/www.africa-press.net\/tchad\/politique\/au-ouaddai-lajecud-presente-les-enjeux-vitaux-du-referendum#breadcrumb\"},\"inLanguage\":\"fr-FR\",\"potentialAction\":[{\"@type\":\"ReadAction\",\"target\":[\"https:\/\/www.africa-press.net\/tchad\/politique\/au-ouaddai-lajecud-presente-les-enjeux-vitaux-du-referendum\"]}]},{\"@type\":\"ImageObject\",\"inLanguage\":\"fr-FR\",\"@id\":\"https:\/\/www.africa-press.net\/tchad\/politique\/au-ouaddai-lajecud-presente-les-enjeux-vitaux-du-referendum#primaryimage\",\"url\":\"https:\/\/static.africa-press.net\/tchad\/sites\/41\/2023\/11\/sm_1701079317.242092.jpg\",\"contentUrl\":\"https:\/\/static.africa-press.net\/tchad\/sites\/41\/2023\/11\/sm_1701079317.242092.jpg\",\"width\":720,\"height\":513,\"caption\":\"au Ouadda\u00ef, l'AJECUD pr\u00e9sente les enjeux vitaux du r\u00e9f\u00e9rendum\"},{\"@type\":\"BreadcrumbList\",\"@id\":\"https:\/\/www.africa-press.net\/tchad\/politique\/au-ouaddai-lajecud-presente-les-enjeux-vitaux-du-referendum#breadcrumb\",\"itemListElement\":[{\"@type\":\"ListItem\",\"position\":1,\"name\":\"Accueil\",\"item\":\"https:\/\/www.africa-press.net\/tchad\/\"},{\"@type\":\"ListItem\",\"position\":2,\"name\":\"au Ouadda\u00ef, l&#8217;AJECUD pr\u00e9sente les enjeux vitaux du r\u00e9f\u00e9rendum\"}]},{\"@type\":\"WebSite\",\"@id\":\"https:\/\/www.africa-press.net\/tchad\/#website\",\"url\":\"https:\/\/www.africa-press.net\/tchad\/\",\"name\":\"tchad\",\"description\":\"Just another Africa News Agency Sites site\",\"potentialAction\":[{\"@type\":\"SearchAction\",\"target\":{\"@type\":\"EntryPoint\",\"urlTemplate\":\"https:\/\/www.africa-press.net\/tchad\/?s={search_term_string}\"},\"query-input\":{\"@type\":\"PropertyValueSpecification\",\"valueRequired\":true,\"valueName\":\"search_term_string\"}}],\"inLanguage\":\"fr-FR\"},{\"@type\":\"Person\",\"@id\":\"https:\/\/www.africa-press.net\/tchad\/#\/schema\/person\/2b1cf3cd81a31e3cd26889ca66d677f1\",\"name\":\"cfeditorfr\"}]}<\/script>\n<!-- \/ Yoast SEO Premium plugin. -->","yoast_head_json":{"title":"au Ouadda\u00ef, l'AJECUD pr\u00e9sente les enjeux vitaux du r\u00e9f\u00e9rendum - tchad","description":"Cette troisie\u0300me confe\u0301rence, qui fait partie du projet \"Ensemble pour une transition apaise\u0301e au Tchad\", a vu la partic ...","robots":{"index":"index","follow":"follow","max-snippet":"max-snippet:-1","max-image-preview":"max-image-preview:large","max-video-preview":"max-video-preview:-1"},"canonical":"https:\/\/www.africa-press.net\/tchad\/politique\/au-ouaddai-lajecud-presente-les-enjeux-vitaux-du-referendum","og_locale":"fr_FR","og_type":"article","og_title":"au Ouadda\u00ef, l'AJECUD pr\u00e9sente les enjeux vitaux du r\u00e9f\u00e9rendum","og_description":"Cette troisie\u0300me confe\u0301rence, qui fait partie du projet \"Ensemble pour une transition apaise\u0301e au Tchad\", a vu la partic ...","og_url":"https:\/\/www.africa-press.net\/tchad\/politique\/au-ouaddai-lajecud-presente-les-enjeux-vitaux-du-referendum","og_site_name":"tchad","article_published_time":"2023-11-27T12:37:49+00:00","article_modified_time":"2023-11-27T13:32:43+00:00","og_image":[{"width":720,"height":513,"url":"https:\/\/static.africa-press.net\/tchad\/sites\/41\/2023\/11\/sm_1701079317.242092.jpg","type":"image\/jpeg"}],"author":"cfeditorfr","twitter_card":"summary_large_image","twitter_misc":{"\u00c9crit par":"cfeditorfr","Dur\u00e9e de lecture estim\u00e9e":"1 minute"},"schema":{"@context":"https:\/\/schema.org","@graph":[{"@type":"Article","@id":"https:\/\/www.africa-press.net\/tchad\/politique\/au-ouaddai-lajecud-presente-les-enjeux-vitaux-du-referendum#article","isPartOf":{"@id":"https:\/\/www.africa-press.net\/tchad\/politique\/au-ouaddai-lajecud-presente-les-enjeux-vitaux-du-referendum"},"author":{"name":"cfeditorfr","@id":"https:\/\/www.africa-press.net\/tchad\/#\/schema\/person\/2b1cf3cd81a31e3cd26889ca66d677f1"},"headline":"au Ouadda\u00ef, l&rsquo;AJECUD pr\u00e9sente les enjeux vitaux du r\u00e9f\u00e9rendum","datePublished":"2023-11-27T12:37:49+00:00","dateModified":"2023-11-27T13:32:43+00:00","mainEntityOfPage":{"@id":"https:\/\/www.africa-press.net\/tchad\/politique\/au-ouaddai-lajecud-presente-les-enjeux-vitaux-du-referendum"},"wordCount":213,"commentCount":0,"image":{"@id":"https:\/\/www.africa-press.net\/tchad\/politique\/au-ouaddai-lajecud-presente-les-enjeux-vitaux-du-referendum#primaryimage"},"thumbnailUrl":"https:\/\/static.africa-press.net\/tchad\/sites\/41\/2023\/11\/sm_1701079317.242092.jpg","keywords":["Africa Press","Africa Press-Tchad","Tchad"],"articleSection":["Politique","Toutes les actualit\u00e9s"],"inLanguage":"fr-FR","potentialAction":[{"@type":"CommentAction","name":"Comment","target":["https:\/\/www.africa-press.net\/tchad\/politique\/au-ouaddai-lajecud-presente-les-enjeux-vitaux-du-referendum#respond"]}]},{"@type":"WebPage","@id":"https:\/\/www.africa-press.net\/tchad\/politique\/au-ouaddai-lajecud-presente-les-enjeux-vitaux-du-referendum","url":"https:\/\/www.africa-press.net\/tchad\/politique\/au-ouaddai-lajecud-presente-les-enjeux-vitaux-du-referendum","name":"au Ouadda\u00ef, l'AJECUD pr\u00e9sente les enjeux vitaux du r\u00e9f\u00e9rendum - tchad","isPartOf":{"@id":"https:\/\/www.africa-press.net\/tchad\/#website"},"primaryImageOfPage":{"@id":"https:\/\/www.africa-press.net\/tchad\/politique\/au-ouaddai-lajecud-presente-les-enjeux-vitaux-du-referendum#primaryimage"},"image":{"@id":"https:\/\/www.africa-press.net\/tchad\/politique\/au-ouaddai-lajecud-presente-les-enjeux-vitaux-du-referendum#primaryimage"},"thumbnailUrl":"https:\/\/static.africa-press.net\/tchad\/sites\/41\/2023\/11\/sm_1701079317.242092.jpg","datePublished":"2023-11-27T12:37:49+00:00","dateModified":"2023-11-27T13:32:43+00:00","author":{"@id":"https:\/\/www.africa-press.net\/tchad\/#\/schema\/person\/2b1cf3cd81a31e3cd26889ca66d677f1"},"description":"Cette troisie\u0300me confe\u0301rence, qui fait partie du projet \"Ensemble pour une transition apaise\u0301e au Tchad\", a vu la partic ...","breadcrumb":{"@id":"https:\/\/www.africa-press.net\/tchad\/politique\/au-ouaddai-lajecud-presente-les-enjeux-vitaux-du-referendum#breadcrumb"},"inLanguage":"fr-FR","potentialAction":[{"@type":"ReadAction","target":["https:\/\/www.africa-press.net\/tchad\/politique\/au-ouaddai-lajecud-presente-les-enjeux-vitaux-du-referendum"]}]},{"@type":"ImageObject","inLanguage":"fr-FR","@id":"https:\/\/www.africa-press.net\/tchad\/politique\/au-ouaddai-lajecud-presente-les-enjeux-vitaux-du-referendum#primaryimage","url":"https:\/\/static.africa-press.net\/tchad\/sites\/41\/2023\/11\/sm_1701079317.242092.jpg","contentUrl":"https:\/\/static.africa-press.net\/tchad\/sites\/41\/2023\/11\/sm_1701079317.242092.jpg","width":720,"height":513,"caption":"au Ouadda\u00ef, l'AJECUD pr\u00e9sente les enjeux vitaux du r\u00e9f\u00e9rendum"},{"@type":"BreadcrumbList","@id":"https:\/\/www.africa-press.net\/tchad\/politique\/au-ouaddai-lajecud-presente-les-enjeux-vitaux-du-referendum#breadcrumb","itemListElement":[{"@type":"ListItem","position":1,"name":"Accueil","item":"https:\/\/www.africa-press.net\/tchad\/"},{"@type":"ListItem","position":2,"name":"au Ouadda\u00ef, l&#8217;AJECUD pr\u00e9sente les enjeux vitaux du r\u00e9f\u00e9rendum"}]},{"@type":"WebSite","@id":"https:\/\/www.africa-press.net\/tchad\/#website","url":"https:\/\/www.africa-press.net\/tchad\/","name":"tchad","description":"Just another Africa News Agency Sites site","potentialAction":[{"@type":"SearchAction","target":{"@type":"EntryPoint","urlTemplate":"https:\/\/www.africa-press.net\/tchad\/?s={search_term_string}"},"query-input":{"@type":"PropertyValueSpecification","valueRequired":true,"valueName":"search_term_string"}}],"inLanguage":"fr-FR"},{"@type":"Person","@id":"https:\/\/www.africa-press.net\/tchad\/#\/schema\/person\/2b1cf3cd81a31e3cd26889ca66d677f1","name":"cfeditorfr"}]}},"_links":{"self":[{"href":"https:\/\/www.africa-press.net\/tchad\/wp-json\/wp\/v2\/posts\/54705","targetHints":{"allow":["GET"]}}],"collection":[{"href":"https:\/\/www.africa-press.net\/tchad\/wp-json\/wp\/v2\/posts"}],"about":[{"href":"https:\/\/www.africa-press.net\/tchad\/wp-json\/wp\/v2\/types\/post"}],"author":[{"embeddable":true,"href":"https:\/\/www.africa-press.net\/tchad\/wp-json\/wp\/v2\/users\/82"}],"replies":[{"embeddable":true,"href":"https:\/\/www.africa-press.net\/tchad\/wp-json\/wp\/v2\/comments?post=54705"}],"version-history":[{"count":0,"href":"https:\/\/www.africa-press.net\/tchad\/wp-json\/wp\/v2\/posts\/54705\/revisions"}],"wp:featuredmedia":[{"embeddable":true,"href":"https:\/\/www.africa-press.net\/tchad\/wp-json\/wp\/v2\/media\/54704"}],"wp:attachment":[{"href":"https:\/\/www.africa-press.net\/tchad\/wp-json\/wp\/v2\/media?parent=54705"}],"wp:term":[{"taxonomy":"category","embeddable":true,"href":"https:\/\/www.africa-press.net\/tchad\/wp-json\/wp\/v2\/categories?post=54705"},{"taxonomy":"post_tag","embeddable":true,"href":"https:\/\/www.africa-press.net\/tchad\/wp-json\/wp\/v2\/tags?post=54705"}],"curies":[{"name":"wp","href":"https:\/\/api.w.org\/{rel}","templated":true}]}}