{"id":54710,"date":"2023-11-27T12:37:58","date_gmt":"2023-11-27T12:37:58","guid":{"rendered":"https:\/\/www.africa-press.net\/tchad\/politique\/lancement-officiel-des-activites-du-bureau-de-soutien-le-marechal"},"modified":"2023-11-27T13:33:29","modified_gmt":"2023-11-27T13:33:29","slug":"lancement-officiel-des-activites-du-bureau-de-soutien-le-marechal","status":"publish","type":"post","link":"https:\/\/www.africa-press.net\/tchad\/politique\/lancement-officiel-des-activites-du-bureau-de-soutien-le-marechal","title":{"rendered":"lancement officiel des activit\u00e9s du bureau de soutien \u00ab\u00a0le Mar\u00e9chal\u00a0\u00bb"},"content":{"rendered":"<p><span style=\"color: #ff6600\"><strong>Africa-Press &#8211; Tchad. <\/strong><\/span>Le bureau de soutien \u00ab\u00a0le Mare\u0301chal\u00a0\u00bb exprime un soutien ine\u0301branlable au pre\u0301sident de la transition Mahamat Idriss Deby, et se rallie a\u0300 la vision d&rsquo;un E\u0301tat unitaire fortement de\u0301centralise\u0301. Le nom \u00ab\u00a0Mare\u0301chal\u00a0\u00bb est choisi en hommage au de\u0301funt pre\u0301sident Idriss Deby Itno, soulignent les militants.<\/p>\n<p>Bakhite Abdoulaye Chai\u0308bo, pre\u0301sident du bureau, a mis en avant la ne\u0301cessite\u0301 de maintenir un E\u0301tat unitaire fortement de\u0301centralise\u0301 pour pre\u0301server l&rsquo;unite\u0301 du Tchad et renforcer la cohabitation pacifique et le vivre ensemble.<\/p>\n<p>Enfin, Bakhite Abdoulaye Chai\u0308bo appelle les militants a\u0300 re\u0301cupe\u0301rer leurs cartes d&rsquo;e\u0301lecteur pour voter \u00ab\u00a0OUI\u00a0\u00bb lors du re\u0301fe\u0301rendum a\u0300 venir, une e\u0301tape juge\u0301e cruciale pour l&rsquo;avenir du pays.<\/p>\n\r\n                <style type=\"text\/css\">\r\n                    \r\n                    #td_uid_1_69edacd7ae425  .td-doubleSlider-2 .td-item1 {\r\n                        background: url(https:\/\/static.africa-press.net\/tchad\/sites\/41\/2023\/11\/sm_1701079344.637038-80x60.jpg) 0 0 no-repeat;\r\n                    }\r\n                    #td_uid_1_69edacd7ae425  .td-doubleSlider-2 .td-item2 {\r\n                        background: url(https:\/\/static.africa-press.net\/tchad\/sites\/41\/2023\/11\/sm_1701079359.676499-80x60.jpg) 0 0 no-repeat;\r\n                    }\r\n                <\/style>\r\n\r\n                <div id=\"td_uid_1_69edacd7ae425\" class=\"td-gallery td-slide-on-2-columns\">\r\n                    <div class=\"post_td_gallery\">\r\n                        <div class=\"td-gallery-slide-top\">\r\n                           <div class=\"td-gallery-title\"><\/div>\r\n\r\n                            <div class=\"td-gallery-controls-wrapper\">\r\n                                <div class=\"td-gallery-slide-count\"><span class=\"td-gallery-slide-item-focus\">1<\/span> de 2<\/div>\r\n                                <div class=\"td-gallery-slide-prev-next-but\">\r\n                                    <i class = \"td-icon-left doubleSliderPrevButton\"><\/i>\r\n                                    <i class = \"td-icon-right doubleSliderNextButton\"><\/i>\r\n                                <\/div>\r\n                            <\/div>\r\n                        <\/div>\r\n\r\n                        <div class = \"td-doubleSlider-1 \">\r\n                            <div class = \"td-slider\">\r\n                                \r\n                    <div class = \"td-slide-item td-item1\">\r\n                        <figure class=\"td-slide-galery-figure td-slide-popup-gallery\">\r\n                            <a class=\"slide-gallery-image-link\" href=\"https:\/\/static.africa-press.net\/tchad\/sites\/41\/2023\/11\/sm_1701079344.637038.jpg\" title=\"sm_1701079344.637038\"  data-caption=\"\"  data-description=\"\">\r\n                                <img decoding=\"async\" src=\"https:\/\/static.africa-press.net\/tchad\/sites\/41\/2023\/11\/sm_1701079344.637038.jpg\" srcset=\"https:\/\/static.africa-press.net\/tchad\/sites\/41\/2023\/11\/sm_1701079344.637038.jpg 870w, https:\/\/static.africa-press.net\/tchad\/sites\/41\/2023\/11\/sm_1701079344.637038-300x135.jpg 300w, https:\/\/static.africa-press.net\/tchad\/sites\/41\/2023\/11\/sm_1701079344.637038-768x345.jpg 768w\" sizes=\"(max-width: 870px) 100vw, 870px\" alt=\"\">\r\n                            <\/a>\r\n                            \r\n                        <\/figure>\r\n                    <\/div>\r\n                    <div class = \"td-slide-item td-item2\">\r\n                        <figure class=\"td-slide-galery-figure td-slide-popup-gallery\">\r\n                            <a class=\"slide-gallery-image-link\" href=\"https:\/\/static.africa-press.net\/tchad\/sites\/41\/2023\/11\/sm_1701079359.676499.jpg\" title=\"sm_1701079359.676499\"  data-caption=\"\"  data-description=\"\">\r\n                                <img decoding=\"async\" src=\"https:\/\/static.africa-press.net\/tchad\/sites\/41\/2023\/11\/sm_1701079359.676499.jpg\" srcset=\"https:\/\/static.africa-press.net\/tchad\/sites\/41\/2023\/11\/sm_1701079359.676499.jpg 870w, https:\/\/static.africa-press.net\/tchad\/sites\/41\/2023\/11\/sm_1701079359.676499-300x135.jpg 300w, https:\/\/static.africa-press.net\/tchad\/sites\/41\/2023\/11\/sm_1701079359.676499-768x345.jpg 768w\" sizes=\"(max-width: 870px) 100vw, 870px\" alt=\"\">\r\n                            <\/a>\r\n                            \r\n                        <\/figure>\r\n                    <\/div>\r\n                            <\/div>\r\n                        <\/div>\r\n\r\n                        <div class = \"td-doubleSlider-2\">\r\n                            <div class = \"td-slider\">\r\n                                \r\n                    <div class = \"td-button td-item1\">\r\n                        <div class = \"td-border\"><\/div>\r\n                    <\/div>\r\n                    <div class = \"td-button td-item2\">\r\n                        <div class = \"td-border\"><\/div>\r\n                    <\/div>\r\n                            <\/div>\r\n                        <\/div>\r\n\r\n                    <\/div>\r\n\r\n                <\/div>\r\n                \n<p><strong>Pour plus d&rsquo;informations et d&rsquo;analyses sur la <a href=\"https:\/\/www.africa-press.net\/tchad\">Tchad<\/a>, suivez <a href=\"https:\/\/www.africa-press.net\/\">Africa-Press<\/a><\/strong><\/p>\n","protected":false},"excerpt":{"rendered":"<p>Africa-Press &#8211; Tchad. Le bureau de soutien \u00ab\u00a0le Mare\u0301chal\u00a0\u00bb exprime un soutien ine\u0301branlable au pre\u0301sident de la transition Mahamat Idriss Deby, et se rallie a\u0300 la vision d&rsquo;un E\u0301tat unitaire fortement de\u0301centralise\u0301. Le nom \u00ab\u00a0Mare\u0301chal\u00a0\u00bb est choisi en hommage au de\u0301funt pre\u0301sident Idriss Deby Itno, soulignent les militants. Bakhite Abdoulaye Chai\u0308bo, pre\u0301sident du bureau, a [&hellip;]<\/p>\n","protected":false},"author":82,"featured_media":54709,"comment_status":"open","ping_status":"closed","sticky":false,"template":"","format":"standard","meta":{"footnotes":""},"categories":[8,2,10],"tags":[37,292,29],"class_list":["post-54710","post","type-post","status-publish","format-standard","has-post-thumbnail","hentry","category-photo","category-politique","category-toutes-les-actualites","tag-africa-press","tag-africa-press-tchad","tag-tchad"],"yoast_head":"<!-- This site is optimized with the Yoast SEO Premium plugin v26.1 (Yoast SEO v27.0) - https:\/\/yoast.com\/product\/yoast-seo-premium-wordpress\/ -->\n<title>lancement officiel des activit\u00e9s du bureau de soutien &quot;le Mar\u00e9chal&quot; - tchad<\/title>\n<meta name=\"description\" content=\"Le bureau de soutien &quot;le Mare\u0301chal&quot; exprime un soutien ine\u0301branlable au pre\u0301sident de la transition Mahamat Idriss Deby, ...\" \/>\n<meta name=\"robots\" content=\"index, follow, max-snippet:-1, max-image-preview:large, max-video-preview:-1\" \/>\n<link rel=\"canonical\" href=\"https:\/\/www.africa-press.net\/tchad\/politique\/lancement-officiel-des-activites-du-bureau-de-soutien-le-marechal\" \/>\n<meta property=\"og:locale\" content=\"fr_FR\" \/>\n<meta property=\"og:type\" content=\"article\" \/>\n<meta property=\"og:title\" content=\"lancement officiel des activit\u00e9s du bureau de soutien &quot;le Mar\u00e9chal&quot;\" \/>\n<meta property=\"og:description\" content=\"Le bureau de soutien &quot;le Mare\u0301chal&quot; exprime un soutien ine\u0301branlable au pre\u0301sident de la transition Mahamat Idriss Deby, ...\" \/>\n<meta property=\"og:url\" content=\"https:\/\/www.africa-press.net\/tchad\/politique\/lancement-officiel-des-activites-du-bureau-de-soutien-le-marechal\" \/>\n<meta property=\"og:site_name\" content=\"tchad\" \/>\n<meta property=\"article:published_time\" content=\"2023-11-27T12:37:58+00:00\" \/>\n<meta property=\"article:modified_time\" content=\"2023-11-27T13:33:29+00:00\" \/>\n<meta property=\"og:image\" content=\"https:\/\/static.africa-press.net\/tchad\/sites\/41\/2023\/11\/sm_1701079374.14234.jpg\" \/>\n\t<meta property=\"og:image:width\" content=\"1080\" \/>\n\t<meta property=\"og:image:height\" content=\"485\" \/>\n\t<meta property=\"og:image:type\" content=\"image\/jpeg\" \/>\n<meta name=\"author\" content=\"cfeditorfr\" \/>\n<meta name=\"twitter:card\" content=\"summary_large_image\" \/>\n<meta name=\"twitter:label1\" content=\"\u00c9crit par\" \/>\n\t<meta name=\"twitter:data1\" content=\"cfeditorfr\" \/>\n\t<meta name=\"twitter:label2\" content=\"Dur\u00e9e de lecture estim\u00e9e\" \/>\n\t<meta name=\"twitter:data2\" content=\"1 minute\" \/>\n<script type=\"application\/ld+json\" class=\"yoast-schema-graph\">{\"@context\":\"https:\/\/schema.org\",\"@graph\":[{\"@type\":\"Article\",\"@id\":\"https:\/\/www.africa-press.net\/tchad\/politique\/lancement-officiel-des-activites-du-bureau-de-soutien-le-marechal#article\",\"isPartOf\":{\"@id\":\"https:\/\/www.africa-press.net\/tchad\/politique\/lancement-officiel-des-activites-du-bureau-de-soutien-le-marechal\"},\"author\":{\"name\":\"cfeditorfr\",\"@id\":\"https:\/\/www.africa-press.net\/tchad\/#\/schema\/person\/2b1cf3cd81a31e3cd26889ca66d677f1\"},\"headline\":\"lancement officiel des activit\u00e9s du bureau de soutien \u00ab\u00a0le Mar\u00e9chal\u00a0\u00bb\",\"datePublished\":\"2023-11-27T12:37:58+00:00\",\"dateModified\":\"2023-11-27T13:33:29+00:00\",\"mainEntityOfPage\":{\"@id\":\"https:\/\/www.africa-press.net\/tchad\/politique\/lancement-officiel-des-activites-du-bureau-de-soutien-le-marechal\"},\"wordCount\":169,\"commentCount\":0,\"image\":{\"@id\":\"https:\/\/www.africa-press.net\/tchad\/politique\/lancement-officiel-des-activites-du-bureau-de-soutien-le-marechal#primaryimage\"},\"thumbnailUrl\":\"https:\/\/static.africa-press.net\/tchad\/sites\/41\/2023\/11\/sm_1701079374.14234.jpg\",\"keywords\":[\"Africa Press\",\"Africa Press-Tchad\",\"Tchad\"],\"articleSection\":[\"Photo\",\"Politique\",\"Toutes les actualit\u00e9s\"],\"inLanguage\":\"fr-FR\",\"potentialAction\":[{\"@type\":\"CommentAction\",\"name\":\"Comment\",\"target\":[\"https:\/\/www.africa-press.net\/tchad\/politique\/lancement-officiel-des-activites-du-bureau-de-soutien-le-marechal#respond\"]}]},{\"@type\":\"WebPage\",\"@id\":\"https:\/\/www.africa-press.net\/tchad\/politique\/lancement-officiel-des-activites-du-bureau-de-soutien-le-marechal\",\"url\":\"https:\/\/www.africa-press.net\/tchad\/politique\/lancement-officiel-des-activites-du-bureau-de-soutien-le-marechal\",\"name\":\"lancement officiel des activit\u00e9s du bureau de soutien \\\"le Mar\u00e9chal\\\" - tchad\",\"isPartOf\":{\"@id\":\"https:\/\/www.africa-press.net\/tchad\/#website\"},\"primaryImageOfPage\":{\"@id\":\"https:\/\/www.africa-press.net\/tchad\/politique\/lancement-officiel-des-activites-du-bureau-de-soutien-le-marechal#primaryimage\"},\"image\":{\"@id\":\"https:\/\/www.africa-press.net\/tchad\/politique\/lancement-officiel-des-activites-du-bureau-de-soutien-le-marechal#primaryimage\"},\"thumbnailUrl\":\"https:\/\/static.africa-press.net\/tchad\/sites\/41\/2023\/11\/sm_1701079374.14234.jpg\",\"datePublished\":\"2023-11-27T12:37:58+00:00\",\"dateModified\":\"2023-11-27T13:33:29+00:00\",\"author\":{\"@id\":\"https:\/\/www.africa-press.net\/tchad\/#\/schema\/person\/2b1cf3cd81a31e3cd26889ca66d677f1\"},\"description\":\"Le bureau de soutien \\\"le Mare\u0301chal\\\" exprime un soutien ine\u0301branlable au pre\u0301sident de la transition Mahamat Idriss Deby, ...\",\"breadcrumb\":{\"@id\":\"https:\/\/www.africa-press.net\/tchad\/politique\/lancement-officiel-des-activites-du-bureau-de-soutien-le-marechal#breadcrumb\"},\"inLanguage\":\"fr-FR\",\"potentialAction\":[{\"@type\":\"ReadAction\",\"target\":[\"https:\/\/www.africa-press.net\/tchad\/politique\/lancement-officiel-des-activites-du-bureau-de-soutien-le-marechal\"]}]},{\"@type\":\"ImageObject\",\"inLanguage\":\"fr-FR\",\"@id\":\"https:\/\/www.africa-press.net\/tchad\/politique\/lancement-officiel-des-activites-du-bureau-de-soutien-le-marechal#primaryimage\",\"url\":\"https:\/\/static.africa-press.net\/tchad\/sites\/41\/2023\/11\/sm_1701079374.14234.jpg\",\"contentUrl\":\"https:\/\/static.africa-press.net\/tchad\/sites\/41\/2023\/11\/sm_1701079374.14234.jpg\",\"width\":1080,\"height\":485,\"caption\":\"lancement officiel des activit\u00e9s du bureau de soutien \\\"le Mar\u00e9chal\\\"\"},{\"@type\":\"BreadcrumbList\",\"@id\":\"https:\/\/www.africa-press.net\/tchad\/politique\/lancement-officiel-des-activites-du-bureau-de-soutien-le-marechal#breadcrumb\",\"itemListElement\":[{\"@type\":\"ListItem\",\"position\":1,\"name\":\"Accueil\",\"item\":\"https:\/\/www.africa-press.net\/tchad\/\"},{\"@type\":\"ListItem\",\"position\":2,\"name\":\"lancement officiel des activit\u00e9s du bureau de soutien &#8220;le Mar\u00e9chal&#8221;\"}]},{\"@type\":\"WebSite\",\"@id\":\"https:\/\/www.africa-press.net\/tchad\/#website\",\"url\":\"https:\/\/www.africa-press.net\/tchad\/\",\"name\":\"tchad\",\"description\":\"Just another Africa News Agency Sites site\",\"potentialAction\":[{\"@type\":\"SearchAction\",\"target\":{\"@type\":\"EntryPoint\",\"urlTemplate\":\"https:\/\/www.africa-press.net\/tchad\/?s={search_term_string}\"},\"query-input\":{\"@type\":\"PropertyValueSpecification\",\"valueRequired\":true,\"valueName\":\"search_term_string\"}}],\"inLanguage\":\"fr-FR\"},{\"@type\":\"Person\",\"@id\":\"https:\/\/www.africa-press.net\/tchad\/#\/schema\/person\/2b1cf3cd81a31e3cd26889ca66d677f1\",\"name\":\"cfeditorfr\"}]}<\/script>\n<!-- \/ Yoast SEO Premium plugin. -->","yoast_head_json":{"title":"lancement officiel des activit\u00e9s du bureau de soutien \"le Mar\u00e9chal\" - tchad","description":"Le bureau de soutien \"le Mare\u0301chal\" exprime un soutien ine\u0301branlable au pre\u0301sident de la transition Mahamat Idriss Deby, ...","robots":{"index":"index","follow":"follow","max-snippet":"max-snippet:-1","max-image-preview":"max-image-preview:large","max-video-preview":"max-video-preview:-1"},"canonical":"https:\/\/www.africa-press.net\/tchad\/politique\/lancement-officiel-des-activites-du-bureau-de-soutien-le-marechal","og_locale":"fr_FR","og_type":"article","og_title":"lancement officiel des activit\u00e9s du bureau de soutien \"le Mar\u00e9chal\"","og_description":"Le bureau de soutien \"le Mare\u0301chal\" exprime un soutien ine\u0301branlable au pre\u0301sident de la transition Mahamat Idriss Deby, ...","og_url":"https:\/\/www.africa-press.net\/tchad\/politique\/lancement-officiel-des-activites-du-bureau-de-soutien-le-marechal","og_site_name":"tchad","article_published_time":"2023-11-27T12:37:58+00:00","article_modified_time":"2023-11-27T13:33:29+00:00","og_image":[{"width":1080,"height":485,"url":"https:\/\/static.africa-press.net\/tchad\/sites\/41\/2023\/11\/sm_1701079374.14234.jpg","type":"image\/jpeg"}],"author":"cfeditorfr","twitter_card":"summary_large_image","twitter_misc":{"\u00c9crit par":"cfeditorfr","Dur\u00e9e de lecture estim\u00e9e":"1 minute"},"schema":{"@context":"https:\/\/schema.org","@graph":[{"@type":"Article","@id":"https:\/\/www.africa-press.net\/tchad\/politique\/lancement-officiel-des-activites-du-bureau-de-soutien-le-marechal#article","isPartOf":{"@id":"https:\/\/www.africa-press.net\/tchad\/politique\/lancement-officiel-des-activites-du-bureau-de-soutien-le-marechal"},"author":{"name":"cfeditorfr","@id":"https:\/\/www.africa-press.net\/tchad\/#\/schema\/person\/2b1cf3cd81a31e3cd26889ca66d677f1"},"headline":"lancement officiel des activit\u00e9s du bureau de soutien \u00ab\u00a0le Mar\u00e9chal\u00a0\u00bb","datePublished":"2023-11-27T12:37:58+00:00","dateModified":"2023-11-27T13:33:29+00:00","mainEntityOfPage":{"@id":"https:\/\/www.africa-press.net\/tchad\/politique\/lancement-officiel-des-activites-du-bureau-de-soutien-le-marechal"},"wordCount":169,"commentCount":0,"image":{"@id":"https:\/\/www.africa-press.net\/tchad\/politique\/lancement-officiel-des-activites-du-bureau-de-soutien-le-marechal#primaryimage"},"thumbnailUrl":"https:\/\/static.africa-press.net\/tchad\/sites\/41\/2023\/11\/sm_1701079374.14234.jpg","keywords":["Africa Press","Africa Press-Tchad","Tchad"],"articleSection":["Photo","Politique","Toutes les actualit\u00e9s"],"inLanguage":"fr-FR","potentialAction":[{"@type":"CommentAction","name":"Comment","target":["https:\/\/www.africa-press.net\/tchad\/politique\/lancement-officiel-des-activites-du-bureau-de-soutien-le-marechal#respond"]}]},{"@type":"WebPage","@id":"https:\/\/www.africa-press.net\/tchad\/politique\/lancement-officiel-des-activites-du-bureau-de-soutien-le-marechal","url":"https:\/\/www.africa-press.net\/tchad\/politique\/lancement-officiel-des-activites-du-bureau-de-soutien-le-marechal","name":"lancement officiel des activit\u00e9s du bureau de soutien \"le Mar\u00e9chal\" - tchad","isPartOf":{"@id":"https:\/\/www.africa-press.net\/tchad\/#website"},"primaryImageOfPage":{"@id":"https:\/\/www.africa-press.net\/tchad\/politique\/lancement-officiel-des-activites-du-bureau-de-soutien-le-marechal#primaryimage"},"image":{"@id":"https:\/\/www.africa-press.net\/tchad\/politique\/lancement-officiel-des-activites-du-bureau-de-soutien-le-marechal#primaryimage"},"thumbnailUrl":"https:\/\/static.africa-press.net\/tchad\/sites\/41\/2023\/11\/sm_1701079374.14234.jpg","datePublished":"2023-11-27T12:37:58+00:00","dateModified":"2023-11-27T13:33:29+00:00","author":{"@id":"https:\/\/www.africa-press.net\/tchad\/#\/schema\/person\/2b1cf3cd81a31e3cd26889ca66d677f1"},"description":"Le bureau de soutien \"le Mare\u0301chal\" exprime un soutien ine\u0301branlable au pre\u0301sident de la transition Mahamat Idriss Deby, ...","breadcrumb":{"@id":"https:\/\/www.africa-press.net\/tchad\/politique\/lancement-officiel-des-activites-du-bureau-de-soutien-le-marechal#breadcrumb"},"inLanguage":"fr-FR","potentialAction":[{"@type":"ReadAction","target":["https:\/\/www.africa-press.net\/tchad\/politique\/lancement-officiel-des-activites-du-bureau-de-soutien-le-marechal"]}]},{"@type":"ImageObject","inLanguage":"fr-FR","@id":"https:\/\/www.africa-press.net\/tchad\/politique\/lancement-officiel-des-activites-du-bureau-de-soutien-le-marechal#primaryimage","url":"https:\/\/static.africa-press.net\/tchad\/sites\/41\/2023\/11\/sm_1701079374.14234.jpg","contentUrl":"https:\/\/static.africa-press.net\/tchad\/sites\/41\/2023\/11\/sm_1701079374.14234.jpg","width":1080,"height":485,"caption":"lancement officiel des activit\u00e9s du bureau de soutien \"le Mar\u00e9chal\""},{"@type":"BreadcrumbList","@id":"https:\/\/www.africa-press.net\/tchad\/politique\/lancement-officiel-des-activites-du-bureau-de-soutien-le-marechal#breadcrumb","itemListElement":[{"@type":"ListItem","position":1,"name":"Accueil","item":"https:\/\/www.africa-press.net\/tchad\/"},{"@type":"ListItem","position":2,"name":"lancement officiel des activit\u00e9s du bureau de soutien &#8220;le Mar\u00e9chal&#8221;"}]},{"@type":"WebSite","@id":"https:\/\/www.africa-press.net\/tchad\/#website","url":"https:\/\/www.africa-press.net\/tchad\/","name":"tchad","description":"Just another Africa News Agency Sites site","potentialAction":[{"@type":"SearchAction","target":{"@type":"EntryPoint","urlTemplate":"https:\/\/www.africa-press.net\/tchad\/?s={search_term_string}"},"query-input":{"@type":"PropertyValueSpecification","valueRequired":true,"valueName":"search_term_string"}}],"inLanguage":"fr-FR"},{"@type":"Person","@id":"https:\/\/www.africa-press.net\/tchad\/#\/schema\/person\/2b1cf3cd81a31e3cd26889ca66d677f1","name":"cfeditorfr"}]}},"_links":{"self":[{"href":"https:\/\/www.africa-press.net\/tchad\/wp-json\/wp\/v2\/posts\/54710","targetHints":{"allow":["GET"]}}],"collection":[{"href":"https:\/\/www.africa-press.net\/tchad\/wp-json\/wp\/v2\/posts"}],"about":[{"href":"https:\/\/www.africa-press.net\/tchad\/wp-json\/wp\/v2\/types\/post"}],"author":[{"embeddable":true,"href":"https:\/\/www.africa-press.net\/tchad\/wp-json\/wp\/v2\/users\/82"}],"replies":[{"embeddable":true,"href":"https:\/\/www.africa-press.net\/tchad\/wp-json\/wp\/v2\/comments?post=54710"}],"version-history":[{"count":0,"href":"https:\/\/www.africa-press.net\/tchad\/wp-json\/wp\/v2\/posts\/54710\/revisions"}],"wp:featuredmedia":[{"embeddable":true,"href":"https:\/\/www.africa-press.net\/tchad\/wp-json\/wp\/v2\/media\/54709"}],"wp:attachment":[{"href":"https:\/\/www.africa-press.net\/tchad\/wp-json\/wp\/v2\/media?parent=54710"}],"wp:term":[{"taxonomy":"category","embeddable":true,"href":"https:\/\/www.africa-press.net\/tchad\/wp-json\/wp\/v2\/categories?post=54710"},{"taxonomy":"post_tag","embeddable":true,"href":"https:\/\/www.africa-press.net\/tchad\/wp-json\/wp\/v2\/tags?post=54710"}],"curies":[{"name":"wp","href":"https:\/\/api.w.org\/{rel}","templated":true}]}}