{"id":54716,"date":"2023-11-27T12:40:18","date_gmt":"2023-11-27T12:40:18","guid":{"rendered":"https:\/\/www.africa-press.net\/tchad\/politique\/la-ville-dam-timan-accueillera-la-semaine-nationale-de-la-femme-tchadienne-edition-2024"},"modified":"2023-11-27T13:34:20","modified_gmt":"2023-11-27T13:34:20","slug":"la-ville-dam-timan-accueillera-la-semaine-nationale-de-la-femme-tchadienne-edition-2024","status":"publish","type":"post","link":"https:\/\/www.africa-press.net\/tchad\/toutes-les-actualites\/la-ville-dam-timan-accueillera-la-semaine-nationale-de-la-femme-tchadienne-edition-2024","title":{"rendered":"la ville d&rsquo;Am-Timan accueillera la Semaine nationale de la femme tchadienne \u00e9dition 2024"},"content":{"rendered":"<p><span style=\"color: #ff6600\"><strong>Africa-Press &#8211; Tchad. <\/strong><\/span>Elle a e\u0301change\u0301 ce 24 novembre 2024, avec les autorite\u0301s administratives, les leaders traditionnels et les organisations de la socie\u0301te\u0301 civile sur l\u2019organisation de la SENAFET, e\u0301dition 2024. C\u2019e\u0301tait au cours d\u2019une rencontre pre\u0301side\u0301e par le Secre\u0301taire ge\u0301ne\u0301ral du de\u0301partement de Bahr-Azoum, Djido Ali, repre\u0301sentant le gouverneur du Salamat.<\/p>\n<p>La Journe\u0301e internationale de la femme, ce\u0301le\u0301bre\u0301e le 8 mars de chaque anne\u0301e, trouve son origine de la lutte de longue haleine des femmes. Cette comme\u0301moration est issue de l\u2019histoire de luttes fe\u0301ministes.<\/p>\n<p>Au Tchad, conscient du ro\u0302le inde\u0301niable que jouent les femmes au processus de de\u0301veloppement, le gouvernement a donne\u0301 son quitus en consacrant toute une semaine pour la comme\u0301moration a\u0300 la cause fe\u0301minine.<\/p>\n<p>En pre\u0301lude de cette semaine qui s\u2019annonce, la province du Salamat est retenue cette anne\u0301e comme site national, raison pour laquelle, le ministe\u0300re de la Femme a\u0300 travers a\u0300 travers la direction ge\u0301ne\u0301rale de la promotion du genre e\u0301te\u0301 de l\u2019autonomisation de la femme, a effectue\u0301 cette mission de prospection au Salamat afin de s\u2019impre\u0301gner de la re\u0301alite\u0301 en vue d&rsquo;un appui technique aux autorite\u0301s provinciales pour l\u2019organisation de ladite semaine.<\/p>\n<p>Le chef de mission Malloum Kollo Goni, de\u0301clare que la tenue de la Semaine nationale de la femme tchadienne a\u0300 Am-Timan, offre l\u2019occasion particulie\u0300re aux femmes de la province du Salamat pour re\u0301fle\u0301chir et mener des actions sur des the\u0301matiques diverses lie\u0301es aux conditions de la femme tchadienne, notamment au leadership, a\u0300 l\u2019e\u0301galite\u0301 et l\u2019e\u0301quite\u0301 de genre, a\u0300 la sante\u0301 maternelle et infantile, aux violences base\u0301es sur le genre.<\/p>\n<p>Repre\u0301sentant le gouverneur, le secre\u0301taire ge\u0301ne\u0301ral du de\u0301partement de Bahr-Azoum, Djido Ali Abatcha, souligne qu\u2019au Tchad, les femmes repre\u0301sentent la majorite\u0301 de la population.<\/p>\n<p>Elles sont fortement pre\u0301sentes dans le secteur informel et agro-sylvo-pastoral. Il ajoute que si elles constituent 86 % de la main d\u2019\u0153uvre de la population active au Tchad, dans le Salamat, elles sont la cheville ouvrie\u0300re du de\u0301veloppement de cette province a\u0300 vocation agro-sylvo-pastoral.<\/p>\n<p>Les e\u0301changes avec les participants ont permis a\u0300 la mission de prospection d\u2019identifier et d\u2019e\u0301valuer les besoins essentiels des organisations ope\u0301rationnelles et dynamiques sur le terrain. Les diffe\u0301rents acteurs et partenaires locaux sont mobilise\u0301s pour une meilleure organisation de la SENAFET dans le Salamat.<\/p>\n<p><strong>Pour plus d&rsquo;informations et d&rsquo;analyses sur la <a href=\"https:\/\/www.africa-press.net\/tchad\">Tchad<\/a>, suivez <a href=\"https:\/\/www.africa-press.net\/\">Africa-Press<\/a><\/strong><\/p>\n","protected":false},"excerpt":{"rendered":"<p>Africa-Press &#8211; Tchad. Elle a e\u0301change\u0301 ce 24 novembre 2024, avec les autorite\u0301s administratives, les leaders traditionnels et les organisations de la socie\u0301te\u0301 civile sur l\u2019organisation de la SENAFET, e\u0301dition 2024. C\u2019e\u0301tait au cours d\u2019une rencontre pre\u0301side\u0301e par le Secre\u0301taire ge\u0301ne\u0301ral du de\u0301partement de Bahr-Azoum, Djido Ali, repre\u0301sentant le gouverneur du Salamat. La Journe\u0301e internationale [&hellip;]<\/p>\n","protected":false},"author":82,"featured_media":54714,"comment_status":"open","ping_status":"closed","sticky":false,"template":"","format":"standard","meta":{"footnotes":""},"categories":[21,10],"tags":[37,292,29],"class_list":["post-54716","post","type-post","status-publish","format-standard","has-post-thumbnail","hentry","category-communaute","category-toutes-les-actualites","tag-africa-press","tag-africa-press-tchad","tag-tchad"],"yoast_head":"<!-- This site is optimized with the Yoast SEO Premium plugin v26.1 (Yoast SEO v27.0) - https:\/\/yoast.com\/product\/yoast-seo-premium-wordpress\/ -->\n<title>la ville d&#039;Am-Timan accueillera la Semaine nationale de la femme tchadienne \u00e9dition 2024 - tchad<\/title>\n<meta name=\"description\" content=\"Elle a e\u0301change\u0301 ce 24 novembre 2024, avec les autorite\u0301s administratives, les leaders traditionnels et les organisation ...\" \/>\n<meta name=\"robots\" content=\"index, follow, max-snippet:-1, max-image-preview:large, max-video-preview:-1\" \/>\n<link rel=\"canonical\" href=\"https:\/\/www.africa-press.net\/tchad\/toutes-les-actualites\/la-ville-dam-timan-accueillera-la-semaine-nationale-de-la-femme-tchadienne-edition-2024\" \/>\n<meta property=\"og:locale\" content=\"fr_FR\" \/>\n<meta property=\"og:type\" content=\"article\" \/>\n<meta property=\"og:title\" content=\"la ville d&#039;Am-Timan accueillera la Semaine nationale de la femme tchadienne \u00e9dition 2024\" \/>\n<meta property=\"og:description\" content=\"Elle a e\u0301change\u0301 ce 24 novembre 2024, avec les autorite\u0301s administratives, les leaders traditionnels et les organisation ...\" \/>\n<meta property=\"og:url\" content=\"https:\/\/www.africa-press.net\/tchad\/toutes-les-actualites\/la-ville-dam-timan-accueillera-la-semaine-nationale-de-la-femme-tchadienne-edition-2024\" \/>\n<meta property=\"og:site_name\" content=\"tchad\" \/>\n<meta property=\"article:published_time\" content=\"2023-11-27T12:40:18+00:00\" \/>\n<meta property=\"article:modified_time\" content=\"2023-11-27T13:34:20+00:00\" \/>\n<meta property=\"og:image\" content=\"https:\/\/static.africa-press.net\/tchad\/sites\/41\/2023\/11\/sm_1701079423.935204.jpg\" \/>\n\t<meta property=\"og:image:width\" content=\"1920\" \/>\n\t<meta property=\"og:image:height\" content=\"1080\" \/>\n\t<meta property=\"og:image:type\" content=\"image\/jpeg\" \/>\n<meta name=\"author\" content=\"cfeditorfr\" \/>\n<meta name=\"twitter:card\" content=\"summary_large_image\" \/>\n<meta name=\"twitter:label1\" content=\"\u00c9crit par\" \/>\n\t<meta name=\"twitter:data1\" content=\"cfeditorfr\" \/>\n\t<meta name=\"twitter:label2\" content=\"Dur\u00e9e de lecture estim\u00e9e\" \/>\n\t<meta name=\"twitter:data2\" content=\"2 minutes\" \/>\n<script type=\"application\/ld+json\" class=\"yoast-schema-graph\">{\"@context\":\"https:\/\/schema.org\",\"@graph\":[{\"@type\":\"Article\",\"@id\":\"https:\/\/www.africa-press.net\/tchad\/toutes-les-actualites\/la-ville-dam-timan-accueillera-la-semaine-nationale-de-la-femme-tchadienne-edition-2024#article\",\"isPartOf\":{\"@id\":\"https:\/\/www.africa-press.net\/tchad\/toutes-les-actualites\/la-ville-dam-timan-accueillera-la-semaine-nationale-de-la-femme-tchadienne-edition-2024\"},\"author\":{\"name\":\"cfeditorfr\",\"@id\":\"https:\/\/www.africa-press.net\/tchad\/#\/schema\/person\/2b1cf3cd81a31e3cd26889ca66d677f1\"},\"headline\":\"la ville d&rsquo;Am-Timan accueillera la Semaine nationale de la femme tchadienne \u00e9dition 2024\",\"datePublished\":\"2023-11-27T12:40:18+00:00\",\"dateModified\":\"2023-11-27T13:34:20+00:00\",\"mainEntityOfPage\":{\"@id\":\"https:\/\/www.africa-press.net\/tchad\/toutes-les-actualites\/la-ville-dam-timan-accueillera-la-semaine-nationale-de-la-femme-tchadienne-edition-2024\"},\"wordCount\":460,\"commentCount\":0,\"image\":{\"@id\":\"https:\/\/www.africa-press.net\/tchad\/toutes-les-actualites\/la-ville-dam-timan-accueillera-la-semaine-nationale-de-la-femme-tchadienne-edition-2024#primaryimage\"},\"thumbnailUrl\":\"https:\/\/static.africa-press.net\/tchad\/sites\/41\/2023\/11\/sm_1701079423.935204.jpg\",\"keywords\":[\"Africa Press\",\"Africa Press-Tchad\",\"Tchad\"],\"articleSection\":[\"Communaut\u00e9\",\"Toutes les actualit\u00e9s\"],\"inLanguage\":\"fr-FR\",\"potentialAction\":[{\"@type\":\"CommentAction\",\"name\":\"Comment\",\"target\":[\"https:\/\/www.africa-press.net\/tchad\/toutes-les-actualites\/la-ville-dam-timan-accueillera-la-semaine-nationale-de-la-femme-tchadienne-edition-2024#respond\"]}]},{\"@type\":\"WebPage\",\"@id\":\"https:\/\/www.africa-press.net\/tchad\/toutes-les-actualites\/la-ville-dam-timan-accueillera-la-semaine-nationale-de-la-femme-tchadienne-edition-2024\",\"url\":\"https:\/\/www.africa-press.net\/tchad\/toutes-les-actualites\/la-ville-dam-timan-accueillera-la-semaine-nationale-de-la-femme-tchadienne-edition-2024\",\"name\":\"la ville d'Am-Timan accueillera la Semaine nationale de la femme tchadienne \u00e9dition 2024 - tchad\",\"isPartOf\":{\"@id\":\"https:\/\/www.africa-press.net\/tchad\/#website\"},\"primaryImageOfPage\":{\"@id\":\"https:\/\/www.africa-press.net\/tchad\/toutes-les-actualites\/la-ville-dam-timan-accueillera-la-semaine-nationale-de-la-femme-tchadienne-edition-2024#primaryimage\"},\"image\":{\"@id\":\"https:\/\/www.africa-press.net\/tchad\/toutes-les-actualites\/la-ville-dam-timan-accueillera-la-semaine-nationale-de-la-femme-tchadienne-edition-2024#primaryimage\"},\"thumbnailUrl\":\"https:\/\/static.africa-press.net\/tchad\/sites\/41\/2023\/11\/sm_1701079423.935204.jpg\",\"datePublished\":\"2023-11-27T12:40:18+00:00\",\"dateModified\":\"2023-11-27T13:34:20+00:00\",\"author\":{\"@id\":\"https:\/\/www.africa-press.net\/tchad\/#\/schema\/person\/2b1cf3cd81a31e3cd26889ca66d677f1\"},\"description\":\"Elle a e\u0301change\u0301 ce 24 novembre 2024, avec les autorite\u0301s administratives, les leaders traditionnels et les organisation ...\",\"breadcrumb\":{\"@id\":\"https:\/\/www.africa-press.net\/tchad\/toutes-les-actualites\/la-ville-dam-timan-accueillera-la-semaine-nationale-de-la-femme-tchadienne-edition-2024#breadcrumb\"},\"inLanguage\":\"fr-FR\",\"potentialAction\":[{\"@type\":\"ReadAction\",\"target\":[\"https:\/\/www.africa-press.net\/tchad\/toutes-les-actualites\/la-ville-dam-timan-accueillera-la-semaine-nationale-de-la-femme-tchadienne-edition-2024\"]}]},{\"@type\":\"ImageObject\",\"inLanguage\":\"fr-FR\",\"@id\":\"https:\/\/www.africa-press.net\/tchad\/toutes-les-actualites\/la-ville-dam-timan-accueillera-la-semaine-nationale-de-la-femme-tchadienne-edition-2024#primaryimage\",\"url\":\"https:\/\/static.africa-press.net\/tchad\/sites\/41\/2023\/11\/sm_1701079423.935204.jpg\",\"contentUrl\":\"https:\/\/static.africa-press.net\/tchad\/sites\/41\/2023\/11\/sm_1701079423.935204.jpg\",\"width\":1920,\"height\":1080,\"caption\":\"la ville d'Am-Timan accueillera la Semaine nationale de la femme tchadienne \u00e9dition 2024\"},{\"@type\":\"BreadcrumbList\",\"@id\":\"https:\/\/www.africa-press.net\/tchad\/toutes-les-actualites\/la-ville-dam-timan-accueillera-la-semaine-nationale-de-la-femme-tchadienne-edition-2024#breadcrumb\",\"itemListElement\":[{\"@type\":\"ListItem\",\"position\":1,\"name\":\"Accueil\",\"item\":\"https:\/\/www.africa-press.net\/tchad\/\"},{\"@type\":\"ListItem\",\"position\":2,\"name\":\"la ville d&#8217;Am-Timan accueillera la Semaine nationale de la femme tchadienne \u00e9dition 2024\"}]},{\"@type\":\"WebSite\",\"@id\":\"https:\/\/www.africa-press.net\/tchad\/#website\",\"url\":\"https:\/\/www.africa-press.net\/tchad\/\",\"name\":\"tchad\",\"description\":\"Just another Africa News Agency Sites site\",\"potentialAction\":[{\"@type\":\"SearchAction\",\"target\":{\"@type\":\"EntryPoint\",\"urlTemplate\":\"https:\/\/www.africa-press.net\/tchad\/?s={search_term_string}\"},\"query-input\":{\"@type\":\"PropertyValueSpecification\",\"valueRequired\":true,\"valueName\":\"search_term_string\"}}],\"inLanguage\":\"fr-FR\"},{\"@type\":\"Person\",\"@id\":\"https:\/\/www.africa-press.net\/tchad\/#\/schema\/person\/2b1cf3cd81a31e3cd26889ca66d677f1\",\"name\":\"cfeditorfr\"}]}<\/script>\n<!-- \/ Yoast SEO Premium plugin. -->","yoast_head_json":{"title":"la ville d'Am-Timan accueillera la Semaine nationale de la femme tchadienne \u00e9dition 2024 - tchad","description":"Elle a e\u0301change\u0301 ce 24 novembre 2024, avec les autorite\u0301s administratives, les leaders traditionnels et les organisation ...","robots":{"index":"index","follow":"follow","max-snippet":"max-snippet:-1","max-image-preview":"max-image-preview:large","max-video-preview":"max-video-preview:-1"},"canonical":"https:\/\/www.africa-press.net\/tchad\/toutes-les-actualites\/la-ville-dam-timan-accueillera-la-semaine-nationale-de-la-femme-tchadienne-edition-2024","og_locale":"fr_FR","og_type":"article","og_title":"la ville d'Am-Timan accueillera la Semaine nationale de la femme tchadienne \u00e9dition 2024","og_description":"Elle a e\u0301change\u0301 ce 24 novembre 2024, avec les autorite\u0301s administratives, les leaders traditionnels et les organisation ...","og_url":"https:\/\/www.africa-press.net\/tchad\/toutes-les-actualites\/la-ville-dam-timan-accueillera-la-semaine-nationale-de-la-femme-tchadienne-edition-2024","og_site_name":"tchad","article_published_time":"2023-11-27T12:40:18+00:00","article_modified_time":"2023-11-27T13:34:20+00:00","og_image":[{"width":1920,"height":1080,"url":"https:\/\/static.africa-press.net\/tchad\/sites\/41\/2023\/11\/sm_1701079423.935204.jpg","type":"image\/jpeg"}],"author":"cfeditorfr","twitter_card":"summary_large_image","twitter_misc":{"\u00c9crit par":"cfeditorfr","Dur\u00e9e de lecture estim\u00e9e":"2 minutes"},"schema":{"@context":"https:\/\/schema.org","@graph":[{"@type":"Article","@id":"https:\/\/www.africa-press.net\/tchad\/toutes-les-actualites\/la-ville-dam-timan-accueillera-la-semaine-nationale-de-la-femme-tchadienne-edition-2024#article","isPartOf":{"@id":"https:\/\/www.africa-press.net\/tchad\/toutes-les-actualites\/la-ville-dam-timan-accueillera-la-semaine-nationale-de-la-femme-tchadienne-edition-2024"},"author":{"name":"cfeditorfr","@id":"https:\/\/www.africa-press.net\/tchad\/#\/schema\/person\/2b1cf3cd81a31e3cd26889ca66d677f1"},"headline":"la ville d&rsquo;Am-Timan accueillera la Semaine nationale de la femme tchadienne \u00e9dition 2024","datePublished":"2023-11-27T12:40:18+00:00","dateModified":"2023-11-27T13:34:20+00:00","mainEntityOfPage":{"@id":"https:\/\/www.africa-press.net\/tchad\/toutes-les-actualites\/la-ville-dam-timan-accueillera-la-semaine-nationale-de-la-femme-tchadienne-edition-2024"},"wordCount":460,"commentCount":0,"image":{"@id":"https:\/\/www.africa-press.net\/tchad\/toutes-les-actualites\/la-ville-dam-timan-accueillera-la-semaine-nationale-de-la-femme-tchadienne-edition-2024#primaryimage"},"thumbnailUrl":"https:\/\/static.africa-press.net\/tchad\/sites\/41\/2023\/11\/sm_1701079423.935204.jpg","keywords":["Africa Press","Africa Press-Tchad","Tchad"],"articleSection":["Communaut\u00e9","Toutes les actualit\u00e9s"],"inLanguage":"fr-FR","potentialAction":[{"@type":"CommentAction","name":"Comment","target":["https:\/\/www.africa-press.net\/tchad\/toutes-les-actualites\/la-ville-dam-timan-accueillera-la-semaine-nationale-de-la-femme-tchadienne-edition-2024#respond"]}]},{"@type":"WebPage","@id":"https:\/\/www.africa-press.net\/tchad\/toutes-les-actualites\/la-ville-dam-timan-accueillera-la-semaine-nationale-de-la-femme-tchadienne-edition-2024","url":"https:\/\/www.africa-press.net\/tchad\/toutes-les-actualites\/la-ville-dam-timan-accueillera-la-semaine-nationale-de-la-femme-tchadienne-edition-2024","name":"la ville d'Am-Timan accueillera la Semaine nationale de la femme tchadienne \u00e9dition 2024 - tchad","isPartOf":{"@id":"https:\/\/www.africa-press.net\/tchad\/#website"},"primaryImageOfPage":{"@id":"https:\/\/www.africa-press.net\/tchad\/toutes-les-actualites\/la-ville-dam-timan-accueillera-la-semaine-nationale-de-la-femme-tchadienne-edition-2024#primaryimage"},"image":{"@id":"https:\/\/www.africa-press.net\/tchad\/toutes-les-actualites\/la-ville-dam-timan-accueillera-la-semaine-nationale-de-la-femme-tchadienne-edition-2024#primaryimage"},"thumbnailUrl":"https:\/\/static.africa-press.net\/tchad\/sites\/41\/2023\/11\/sm_1701079423.935204.jpg","datePublished":"2023-11-27T12:40:18+00:00","dateModified":"2023-11-27T13:34:20+00:00","author":{"@id":"https:\/\/www.africa-press.net\/tchad\/#\/schema\/person\/2b1cf3cd81a31e3cd26889ca66d677f1"},"description":"Elle a e\u0301change\u0301 ce 24 novembre 2024, avec les autorite\u0301s administratives, les leaders traditionnels et les organisation ...","breadcrumb":{"@id":"https:\/\/www.africa-press.net\/tchad\/toutes-les-actualites\/la-ville-dam-timan-accueillera-la-semaine-nationale-de-la-femme-tchadienne-edition-2024#breadcrumb"},"inLanguage":"fr-FR","potentialAction":[{"@type":"ReadAction","target":["https:\/\/www.africa-press.net\/tchad\/toutes-les-actualites\/la-ville-dam-timan-accueillera-la-semaine-nationale-de-la-femme-tchadienne-edition-2024"]}]},{"@type":"ImageObject","inLanguage":"fr-FR","@id":"https:\/\/www.africa-press.net\/tchad\/toutes-les-actualites\/la-ville-dam-timan-accueillera-la-semaine-nationale-de-la-femme-tchadienne-edition-2024#primaryimage","url":"https:\/\/static.africa-press.net\/tchad\/sites\/41\/2023\/11\/sm_1701079423.935204.jpg","contentUrl":"https:\/\/static.africa-press.net\/tchad\/sites\/41\/2023\/11\/sm_1701079423.935204.jpg","width":1920,"height":1080,"caption":"la ville d'Am-Timan accueillera la Semaine nationale de la femme tchadienne \u00e9dition 2024"},{"@type":"BreadcrumbList","@id":"https:\/\/www.africa-press.net\/tchad\/toutes-les-actualites\/la-ville-dam-timan-accueillera-la-semaine-nationale-de-la-femme-tchadienne-edition-2024#breadcrumb","itemListElement":[{"@type":"ListItem","position":1,"name":"Accueil","item":"https:\/\/www.africa-press.net\/tchad\/"},{"@type":"ListItem","position":2,"name":"la ville d&#8217;Am-Timan accueillera la Semaine nationale de la femme tchadienne \u00e9dition 2024"}]},{"@type":"WebSite","@id":"https:\/\/www.africa-press.net\/tchad\/#website","url":"https:\/\/www.africa-press.net\/tchad\/","name":"tchad","description":"Just another Africa News Agency Sites site","potentialAction":[{"@type":"SearchAction","target":{"@type":"EntryPoint","urlTemplate":"https:\/\/www.africa-press.net\/tchad\/?s={search_term_string}"},"query-input":{"@type":"PropertyValueSpecification","valueRequired":true,"valueName":"search_term_string"}}],"inLanguage":"fr-FR"},{"@type":"Person","@id":"https:\/\/www.africa-press.net\/tchad\/#\/schema\/person\/2b1cf3cd81a31e3cd26889ca66d677f1","name":"cfeditorfr"}]}},"_links":{"self":[{"href":"https:\/\/www.africa-press.net\/tchad\/wp-json\/wp\/v2\/posts\/54716","targetHints":{"allow":["GET"]}}],"collection":[{"href":"https:\/\/www.africa-press.net\/tchad\/wp-json\/wp\/v2\/posts"}],"about":[{"href":"https:\/\/www.africa-press.net\/tchad\/wp-json\/wp\/v2\/types\/post"}],"author":[{"embeddable":true,"href":"https:\/\/www.africa-press.net\/tchad\/wp-json\/wp\/v2\/users\/82"}],"replies":[{"embeddable":true,"href":"https:\/\/www.africa-press.net\/tchad\/wp-json\/wp\/v2\/comments?post=54716"}],"version-history":[{"count":0,"href":"https:\/\/www.africa-press.net\/tchad\/wp-json\/wp\/v2\/posts\/54716\/revisions"}],"wp:featuredmedia":[{"embeddable":true,"href":"https:\/\/www.africa-press.net\/tchad\/wp-json\/wp\/v2\/media\/54714"}],"wp:attachment":[{"href":"https:\/\/www.africa-press.net\/tchad\/wp-json\/wp\/v2\/media?parent=54716"}],"wp:term":[{"taxonomy":"category","embeddable":true,"href":"https:\/\/www.africa-press.net\/tchad\/wp-json\/wp\/v2\/categories?post=54716"},{"taxonomy":"post_tag","embeddable":true,"href":"https:\/\/www.africa-press.net\/tchad\/wp-json\/wp\/v2\/tags?post=54716"}],"curies":[{"name":"wp","href":"https:\/\/api.w.org\/{rel}","templated":true}]}}