{"id":54728,"date":"2023-11-27T17:33:17","date_gmt":"2023-11-27T17:33:17","guid":{"rendered":"https:\/\/www.africa-press.net\/tchad\/politique\/le-ministre-hongrois-des-affaires-etrangeres-annonce-a-ndjamena-dans-les-prochains-jours"},"modified":"2023-11-27T17:50:52","modified_gmt":"2023-11-27T17:50:52","slug":"le-ministre-hongrois-des-affaires-etrangeres-annonce-a-ndjamena-dans-les-prochains-jours","status":"publish","type":"post","link":"https:\/\/www.africa-press.net\/tchad\/politique\/le-ministre-hongrois-des-affaires-etrangeres-annonce-a-ndjamena-dans-les-prochains-jours","title":{"rendered":"Le ministre hongrois des Affaires \u00c9trang\u00e8res annonc\u00e9 \u00e0 Ndjamena dans les prochains jours"},"content":{"rendered":"<p><span style=\"color: #ff6600\"><strong>Africa-Press &#8211; Tchad. <\/strong><\/span>L\u2019annonce a \u00e9t\u00e9 fait ce 27 novembre 2023 par M. Laszlo Math\u00e9, Ambassadeur, Envoy\u00e9 Sp\u00e9cial de la Hongrie pour le Sahel lors de son audience au minist\u00e8re des Affaires \u00e9trang\u00e8res du Tchad.<\/p>\n<p>Le Secre\u0301taire d\u2019E\u0301tat aux Affaires E\u0301trange\u0300res, aux Tchadiens de l\u2019E\u0301tranger et a\u0300 la Coope\u0301ration Internationale, Madame KASSIRE\u0301 Isabelle Housna a rec\u0327u en audience ce matin, M. Laszlo Mathe\u0301, Ambassadeur, Envoye\u0301 Spe\u0301cial de la Hongrie pour le Sahel \u00bb, a annonce\u0301, lundi, le ministe\u0300re des Affaires e\u0301trange\u0300res du Tchad (MAETECI).<\/p>\n<p>D\u2019apre\u0300s le MAETECI, le diplomate hongrois est venu informer Madame le Secre\u0301taire d\u2019E\u0301tat de l\u2019arrive\u0301e au Tchad du Ministre des Affaires E\u0301trange\u0300res de son pays.<\/p>\n<p>\u00ab Les deux personnalite\u0301s ont e\u0301galement e\u0301voque\u0301 dans leurs e\u0301changes, les domaines sur lesquels doit s\u2019appuyer la coope\u0301ration tchado-hongroise. Pour l\u2019Ambassadeur Laszlo Mathe\u0301, le Tchad est un partenaire tre\u0300s important. C\u2019est pourquoi, la visite officielle de son ministre des Affaires Etrange\u0300res , pre\u0301vue pour le 07 de\u0301cembre prochain, permettra de mettre en place des programmes lie\u0301s a\u0300 l\u2019e\u0301ducation, a\u0300 l\u2019agriculture et l\u2019assistance aux re\u0301fugie\u0301s soudanais sans oublier la population d\u2019accueil \u00bb, a releve\u0301 Ndjamena.<\/p>\n<p>\u00ab En vue de mate\u0301rialiser cet e\u0301lan de partenariat, l\u2019Ambassadeur, Envoye\u0301 Spe\u0301cial de la Hongrie pour le Sahel annonce la signature des accords de coope\u0301ration entre les deux pays \u00bb, a souligne\u0301 le MAETECI.<\/p>\n<p><strong>Pour plus d&rsquo;informations et d&rsquo;analyses sur la <a href=\"https:\/\/www.africa-press.net\/tchad\">Tchad<\/a>, suivez <a href=\"https:\/\/www.africa-press.net\/\">Africa-Press<\/a><\/strong><\/p>\n","protected":false},"excerpt":{"rendered":"<p>Africa-Press &#8211; Tchad. L\u2019annonce a \u00e9t\u00e9 fait ce 27 novembre 2023 par M. Laszlo Math\u00e9, Ambassadeur, Envoy\u00e9 Sp\u00e9cial de la Hongrie pour le Sahel lors de son audience au minist\u00e8re des Affaires \u00e9trang\u00e8res du Tchad. Le Secre\u0301taire d\u2019E\u0301tat aux Affaires E\u0301trange\u0300res, aux Tchadiens de l\u2019E\u0301tranger et a\u0300 la Coope\u0301ration Internationale, Madame KASSIRE\u0301 Isabelle Housna a [&hellip;]<\/p>\n","protected":false},"author":82,"featured_media":54727,"comment_status":"open","ping_status":"closed","sticky":false,"template":"","format":"standard","meta":{"footnotes":""},"categories":[2,426,20,10],"tags":[37,292,29],"class_list":["post-54728","post","type-post","status-publish","format-standard","has-post-thumbnail","hentry","category-politique","category-to-homepage","category-top-nouvelles","category-toutes-les-actualites","tag-africa-press","tag-africa-press-tchad","tag-tchad"],"yoast_head":"<!-- This site is optimized with the Yoast SEO Premium plugin v26.1 (Yoast SEO v27.0) - https:\/\/yoast.com\/product\/yoast-seo-premium-wordpress\/ -->\n<title>Le ministre hongrois des Affaires \u00c9trang\u00e8res annonc\u00e9 \u00e0 Ndjamena dans les prochains jours - tchad<\/title>\n<meta name=\"description\" content=\"L\u2019annonce a e\u0301te\u0301 fait ce 27 novembre 2023 par M. Laszlo Mathe\u0301, Ambassadeur, Envoye\u0301 Spe\u0301cial de la Hongrie pour le Sahel lo ...\" \/>\n<meta name=\"robots\" content=\"index, follow, max-snippet:-1, max-image-preview:large, max-video-preview:-1\" \/>\n<link rel=\"canonical\" href=\"https:\/\/www.africa-press.net\/tchad\/politique\/le-ministre-hongrois-des-affaires-etrangeres-annonce-a-ndjamena-dans-les-prochains-jours\" \/>\n<meta property=\"og:locale\" content=\"fr_FR\" \/>\n<meta property=\"og:type\" content=\"article\" \/>\n<meta property=\"og:title\" content=\"Le ministre hongrois des Affaires \u00c9trang\u00e8res annonc\u00e9 \u00e0 Ndjamena dans les prochains jours\" \/>\n<meta property=\"og:description\" content=\"L\u2019annonce a e\u0301te\u0301 fait ce 27 novembre 2023 par M. Laszlo Mathe\u0301, Ambassadeur, Envoye\u0301 Spe\u0301cial de la Hongrie pour le Sahel lo ...\" \/>\n<meta property=\"og:url\" content=\"https:\/\/www.africa-press.net\/tchad\/politique\/le-ministre-hongrois-des-affaires-etrangeres-annonce-a-ndjamena-dans-les-prochains-jours\" \/>\n<meta property=\"og:site_name\" content=\"tchad\" \/>\n<meta property=\"article:published_time\" content=\"2023-11-27T17:33:17+00:00\" \/>\n<meta property=\"article:modified_time\" content=\"2023-11-27T17:50:52+00:00\" \/>\n<meta property=\"og:image\" content=\"https:\/\/static.africa-press.net\/tchad\/sites\/41\/2023\/11\/sm_1701094749.922323.jpg\" \/>\n\t<meta property=\"og:image:width\" content=\"720\" \/>\n\t<meta property=\"og:image:height\" content=\"480\" \/>\n\t<meta property=\"og:image:type\" content=\"image\/jpeg\" \/>\n<meta name=\"author\" content=\"cfeditorfr\" \/>\n<meta name=\"twitter:card\" content=\"summary_large_image\" \/>\n<meta name=\"twitter:label1\" content=\"\u00c9crit par\" \/>\n\t<meta name=\"twitter:data1\" content=\"cfeditorfr\" \/>\n\t<meta name=\"twitter:label2\" content=\"Dur\u00e9e de lecture estim\u00e9e\" \/>\n\t<meta name=\"twitter:data2\" content=\"1 minute\" \/>\n<script type=\"application\/ld+json\" class=\"yoast-schema-graph\">{\"@context\":\"https:\/\/schema.org\",\"@graph\":[{\"@type\":\"Article\",\"@id\":\"https:\/\/www.africa-press.net\/tchad\/politique\/le-ministre-hongrois-des-affaires-etrangeres-annonce-a-ndjamena-dans-les-prochains-jours#article\",\"isPartOf\":{\"@id\":\"https:\/\/www.africa-press.net\/tchad\/politique\/le-ministre-hongrois-des-affaires-etrangeres-annonce-a-ndjamena-dans-les-prochains-jours\"},\"author\":{\"name\":\"cfeditorfr\",\"@id\":\"https:\/\/www.africa-press.net\/tchad\/#\/schema\/person\/2b1cf3cd81a31e3cd26889ca66d677f1\"},\"headline\":\"Le ministre hongrois des Affaires \u00c9trang\u00e8res annonc\u00e9 \u00e0 Ndjamena dans les prochains jours\",\"datePublished\":\"2023-11-27T17:33:17+00:00\",\"dateModified\":\"2023-11-27T17:50:52+00:00\",\"mainEntityOfPage\":{\"@id\":\"https:\/\/www.africa-press.net\/tchad\/politique\/le-ministre-hongrois-des-affaires-etrangeres-annonce-a-ndjamena-dans-les-prochains-jours\"},\"wordCount\":284,\"commentCount\":0,\"image\":{\"@id\":\"https:\/\/www.africa-press.net\/tchad\/politique\/le-ministre-hongrois-des-affaires-etrangeres-annonce-a-ndjamena-dans-les-prochains-jours#primaryimage\"},\"thumbnailUrl\":\"https:\/\/static.africa-press.net\/tchad\/sites\/41\/2023\/11\/sm_1701094749.922323.jpg\",\"keywords\":[\"Africa Press\",\"Africa Press-Tchad\",\"Tchad\"],\"articleSection\":[\"Politique\",\"to-homepage\",\"Top Nouvelles\",\"Toutes les actualit\u00e9s\"],\"inLanguage\":\"fr-FR\",\"potentialAction\":[{\"@type\":\"CommentAction\",\"name\":\"Comment\",\"target\":[\"https:\/\/www.africa-press.net\/tchad\/politique\/le-ministre-hongrois-des-affaires-etrangeres-annonce-a-ndjamena-dans-les-prochains-jours#respond\"]}]},{\"@type\":\"WebPage\",\"@id\":\"https:\/\/www.africa-press.net\/tchad\/politique\/le-ministre-hongrois-des-affaires-etrangeres-annonce-a-ndjamena-dans-les-prochains-jours\",\"url\":\"https:\/\/www.africa-press.net\/tchad\/politique\/le-ministre-hongrois-des-affaires-etrangeres-annonce-a-ndjamena-dans-les-prochains-jours\",\"name\":\"Le ministre hongrois des Affaires \u00c9trang\u00e8res annonc\u00e9 \u00e0 Ndjamena dans les prochains jours - tchad\",\"isPartOf\":{\"@id\":\"https:\/\/www.africa-press.net\/tchad\/#website\"},\"primaryImageOfPage\":{\"@id\":\"https:\/\/www.africa-press.net\/tchad\/politique\/le-ministre-hongrois-des-affaires-etrangeres-annonce-a-ndjamena-dans-les-prochains-jours#primaryimage\"},\"image\":{\"@id\":\"https:\/\/www.africa-press.net\/tchad\/politique\/le-ministre-hongrois-des-affaires-etrangeres-annonce-a-ndjamena-dans-les-prochains-jours#primaryimage\"},\"thumbnailUrl\":\"https:\/\/static.africa-press.net\/tchad\/sites\/41\/2023\/11\/sm_1701094749.922323.jpg\",\"datePublished\":\"2023-11-27T17:33:17+00:00\",\"dateModified\":\"2023-11-27T17:50:52+00:00\",\"author\":{\"@id\":\"https:\/\/www.africa-press.net\/tchad\/#\/schema\/person\/2b1cf3cd81a31e3cd26889ca66d677f1\"},\"description\":\"L\u2019annonce a e\u0301te\u0301 fait ce 27 novembre 2023 par M. Laszlo Mathe\u0301, Ambassadeur, Envoye\u0301 Spe\u0301cial de la Hongrie pour le Sahel lo ...\",\"breadcrumb\":{\"@id\":\"https:\/\/www.africa-press.net\/tchad\/politique\/le-ministre-hongrois-des-affaires-etrangeres-annonce-a-ndjamena-dans-les-prochains-jours#breadcrumb\"},\"inLanguage\":\"fr-FR\",\"potentialAction\":[{\"@type\":\"ReadAction\",\"target\":[\"https:\/\/www.africa-press.net\/tchad\/politique\/le-ministre-hongrois-des-affaires-etrangeres-annonce-a-ndjamena-dans-les-prochains-jours\"]}]},{\"@type\":\"ImageObject\",\"inLanguage\":\"fr-FR\",\"@id\":\"https:\/\/www.africa-press.net\/tchad\/politique\/le-ministre-hongrois-des-affaires-etrangeres-annonce-a-ndjamena-dans-les-prochains-jours#primaryimage\",\"url\":\"https:\/\/static.africa-press.net\/tchad\/sites\/41\/2023\/11\/sm_1701094749.922323.jpg\",\"contentUrl\":\"https:\/\/static.africa-press.net\/tchad\/sites\/41\/2023\/11\/sm_1701094749.922323.jpg\",\"width\":720,\"height\":480,\"caption\":\"Le ministre hongrois des Affaires \u00c9trang\u00e8res annonc\u00e9 \u00e0 Ndjamena dans les prochains jours\"},{\"@type\":\"BreadcrumbList\",\"@id\":\"https:\/\/www.africa-press.net\/tchad\/politique\/le-ministre-hongrois-des-affaires-etrangeres-annonce-a-ndjamena-dans-les-prochains-jours#breadcrumb\",\"itemListElement\":[{\"@type\":\"ListItem\",\"position\":1,\"name\":\"Accueil\",\"item\":\"https:\/\/www.africa-press.net\/tchad\/\"},{\"@type\":\"ListItem\",\"position\":2,\"name\":\"Le ministre hongrois des Affaires \u00c9trang\u00e8res annonc\u00e9 \u00e0 Ndjamena dans les prochains jours\"}]},{\"@type\":\"WebSite\",\"@id\":\"https:\/\/www.africa-press.net\/tchad\/#website\",\"url\":\"https:\/\/www.africa-press.net\/tchad\/\",\"name\":\"tchad\",\"description\":\"Just another Africa News Agency Sites site\",\"potentialAction\":[{\"@type\":\"SearchAction\",\"target\":{\"@type\":\"EntryPoint\",\"urlTemplate\":\"https:\/\/www.africa-press.net\/tchad\/?s={search_term_string}\"},\"query-input\":{\"@type\":\"PropertyValueSpecification\",\"valueRequired\":true,\"valueName\":\"search_term_string\"}}],\"inLanguage\":\"fr-FR\"},{\"@type\":\"Person\",\"@id\":\"https:\/\/www.africa-press.net\/tchad\/#\/schema\/person\/2b1cf3cd81a31e3cd26889ca66d677f1\",\"name\":\"cfeditorfr\"}]}<\/script>\n<!-- \/ Yoast SEO Premium plugin. -->","yoast_head_json":{"title":"Le ministre hongrois des Affaires \u00c9trang\u00e8res annonc\u00e9 \u00e0 Ndjamena dans les prochains jours - tchad","description":"L\u2019annonce a e\u0301te\u0301 fait ce 27 novembre 2023 par M. Laszlo Mathe\u0301, Ambassadeur, Envoye\u0301 Spe\u0301cial de la Hongrie pour le Sahel lo ...","robots":{"index":"index","follow":"follow","max-snippet":"max-snippet:-1","max-image-preview":"max-image-preview:large","max-video-preview":"max-video-preview:-1"},"canonical":"https:\/\/www.africa-press.net\/tchad\/politique\/le-ministre-hongrois-des-affaires-etrangeres-annonce-a-ndjamena-dans-les-prochains-jours","og_locale":"fr_FR","og_type":"article","og_title":"Le ministre hongrois des Affaires \u00c9trang\u00e8res annonc\u00e9 \u00e0 Ndjamena dans les prochains jours","og_description":"L\u2019annonce a e\u0301te\u0301 fait ce 27 novembre 2023 par M. Laszlo Mathe\u0301, Ambassadeur, Envoye\u0301 Spe\u0301cial de la Hongrie pour le Sahel lo ...","og_url":"https:\/\/www.africa-press.net\/tchad\/politique\/le-ministre-hongrois-des-affaires-etrangeres-annonce-a-ndjamena-dans-les-prochains-jours","og_site_name":"tchad","article_published_time":"2023-11-27T17:33:17+00:00","article_modified_time":"2023-11-27T17:50:52+00:00","og_image":[{"width":720,"height":480,"url":"https:\/\/static.africa-press.net\/tchad\/sites\/41\/2023\/11\/sm_1701094749.922323.jpg","type":"image\/jpeg"}],"author":"cfeditorfr","twitter_card":"summary_large_image","twitter_misc":{"\u00c9crit par":"cfeditorfr","Dur\u00e9e de lecture estim\u00e9e":"1 minute"},"schema":{"@context":"https:\/\/schema.org","@graph":[{"@type":"Article","@id":"https:\/\/www.africa-press.net\/tchad\/politique\/le-ministre-hongrois-des-affaires-etrangeres-annonce-a-ndjamena-dans-les-prochains-jours#article","isPartOf":{"@id":"https:\/\/www.africa-press.net\/tchad\/politique\/le-ministre-hongrois-des-affaires-etrangeres-annonce-a-ndjamena-dans-les-prochains-jours"},"author":{"name":"cfeditorfr","@id":"https:\/\/www.africa-press.net\/tchad\/#\/schema\/person\/2b1cf3cd81a31e3cd26889ca66d677f1"},"headline":"Le ministre hongrois des Affaires \u00c9trang\u00e8res annonc\u00e9 \u00e0 Ndjamena dans les prochains jours","datePublished":"2023-11-27T17:33:17+00:00","dateModified":"2023-11-27T17:50:52+00:00","mainEntityOfPage":{"@id":"https:\/\/www.africa-press.net\/tchad\/politique\/le-ministre-hongrois-des-affaires-etrangeres-annonce-a-ndjamena-dans-les-prochains-jours"},"wordCount":284,"commentCount":0,"image":{"@id":"https:\/\/www.africa-press.net\/tchad\/politique\/le-ministre-hongrois-des-affaires-etrangeres-annonce-a-ndjamena-dans-les-prochains-jours#primaryimage"},"thumbnailUrl":"https:\/\/static.africa-press.net\/tchad\/sites\/41\/2023\/11\/sm_1701094749.922323.jpg","keywords":["Africa Press","Africa Press-Tchad","Tchad"],"articleSection":["Politique","to-homepage","Top Nouvelles","Toutes les actualit\u00e9s"],"inLanguage":"fr-FR","potentialAction":[{"@type":"CommentAction","name":"Comment","target":["https:\/\/www.africa-press.net\/tchad\/politique\/le-ministre-hongrois-des-affaires-etrangeres-annonce-a-ndjamena-dans-les-prochains-jours#respond"]}]},{"@type":"WebPage","@id":"https:\/\/www.africa-press.net\/tchad\/politique\/le-ministre-hongrois-des-affaires-etrangeres-annonce-a-ndjamena-dans-les-prochains-jours","url":"https:\/\/www.africa-press.net\/tchad\/politique\/le-ministre-hongrois-des-affaires-etrangeres-annonce-a-ndjamena-dans-les-prochains-jours","name":"Le ministre hongrois des Affaires \u00c9trang\u00e8res annonc\u00e9 \u00e0 Ndjamena dans les prochains jours - tchad","isPartOf":{"@id":"https:\/\/www.africa-press.net\/tchad\/#website"},"primaryImageOfPage":{"@id":"https:\/\/www.africa-press.net\/tchad\/politique\/le-ministre-hongrois-des-affaires-etrangeres-annonce-a-ndjamena-dans-les-prochains-jours#primaryimage"},"image":{"@id":"https:\/\/www.africa-press.net\/tchad\/politique\/le-ministre-hongrois-des-affaires-etrangeres-annonce-a-ndjamena-dans-les-prochains-jours#primaryimage"},"thumbnailUrl":"https:\/\/static.africa-press.net\/tchad\/sites\/41\/2023\/11\/sm_1701094749.922323.jpg","datePublished":"2023-11-27T17:33:17+00:00","dateModified":"2023-11-27T17:50:52+00:00","author":{"@id":"https:\/\/www.africa-press.net\/tchad\/#\/schema\/person\/2b1cf3cd81a31e3cd26889ca66d677f1"},"description":"L\u2019annonce a e\u0301te\u0301 fait ce 27 novembre 2023 par M. Laszlo Mathe\u0301, Ambassadeur, Envoye\u0301 Spe\u0301cial de la Hongrie pour le Sahel lo ...","breadcrumb":{"@id":"https:\/\/www.africa-press.net\/tchad\/politique\/le-ministre-hongrois-des-affaires-etrangeres-annonce-a-ndjamena-dans-les-prochains-jours#breadcrumb"},"inLanguage":"fr-FR","potentialAction":[{"@type":"ReadAction","target":["https:\/\/www.africa-press.net\/tchad\/politique\/le-ministre-hongrois-des-affaires-etrangeres-annonce-a-ndjamena-dans-les-prochains-jours"]}]},{"@type":"ImageObject","inLanguage":"fr-FR","@id":"https:\/\/www.africa-press.net\/tchad\/politique\/le-ministre-hongrois-des-affaires-etrangeres-annonce-a-ndjamena-dans-les-prochains-jours#primaryimage","url":"https:\/\/static.africa-press.net\/tchad\/sites\/41\/2023\/11\/sm_1701094749.922323.jpg","contentUrl":"https:\/\/static.africa-press.net\/tchad\/sites\/41\/2023\/11\/sm_1701094749.922323.jpg","width":720,"height":480,"caption":"Le ministre hongrois des Affaires \u00c9trang\u00e8res annonc\u00e9 \u00e0 Ndjamena dans les prochains jours"},{"@type":"BreadcrumbList","@id":"https:\/\/www.africa-press.net\/tchad\/politique\/le-ministre-hongrois-des-affaires-etrangeres-annonce-a-ndjamena-dans-les-prochains-jours#breadcrumb","itemListElement":[{"@type":"ListItem","position":1,"name":"Accueil","item":"https:\/\/www.africa-press.net\/tchad\/"},{"@type":"ListItem","position":2,"name":"Le ministre hongrois des Affaires \u00c9trang\u00e8res annonc\u00e9 \u00e0 Ndjamena dans les prochains jours"}]},{"@type":"WebSite","@id":"https:\/\/www.africa-press.net\/tchad\/#website","url":"https:\/\/www.africa-press.net\/tchad\/","name":"tchad","description":"Just another Africa News Agency Sites site","potentialAction":[{"@type":"SearchAction","target":{"@type":"EntryPoint","urlTemplate":"https:\/\/www.africa-press.net\/tchad\/?s={search_term_string}"},"query-input":{"@type":"PropertyValueSpecification","valueRequired":true,"valueName":"search_term_string"}}],"inLanguage":"fr-FR"},{"@type":"Person","@id":"https:\/\/www.africa-press.net\/tchad\/#\/schema\/person\/2b1cf3cd81a31e3cd26889ca66d677f1","name":"cfeditorfr"}]}},"_links":{"self":[{"href":"https:\/\/www.africa-press.net\/tchad\/wp-json\/wp\/v2\/posts\/54728","targetHints":{"allow":["GET"]}}],"collection":[{"href":"https:\/\/www.africa-press.net\/tchad\/wp-json\/wp\/v2\/posts"}],"about":[{"href":"https:\/\/www.africa-press.net\/tchad\/wp-json\/wp\/v2\/types\/post"}],"author":[{"embeddable":true,"href":"https:\/\/www.africa-press.net\/tchad\/wp-json\/wp\/v2\/users\/82"}],"replies":[{"embeddable":true,"href":"https:\/\/www.africa-press.net\/tchad\/wp-json\/wp\/v2\/comments?post=54728"}],"version-history":[{"count":0,"href":"https:\/\/www.africa-press.net\/tchad\/wp-json\/wp\/v2\/posts\/54728\/revisions"}],"wp:featuredmedia":[{"embeddable":true,"href":"https:\/\/www.africa-press.net\/tchad\/wp-json\/wp\/v2\/media\/54727"}],"wp:attachment":[{"href":"https:\/\/www.africa-press.net\/tchad\/wp-json\/wp\/v2\/media?parent=54728"}],"wp:term":[{"taxonomy":"category","embeddable":true,"href":"https:\/\/www.africa-press.net\/tchad\/wp-json\/wp\/v2\/categories?post=54728"},{"taxonomy":"post_tag","embeddable":true,"href":"https:\/\/www.africa-press.net\/tchad\/wp-json\/wp\/v2\/tags?post=54728"}],"curies":[{"name":"wp","href":"https:\/\/api.w.org\/{rel}","templated":true}]}}