{"id":54751,"date":"2023-11-28T14:13:34","date_gmt":"2023-11-28T14:13:34","guid":{"rendered":"https:\/\/www.africa-press.net\/tchad\/politique\/lancement-des-travaux-pour-un-nouveau-college-a-abeche"},"modified":"2023-11-28T15:20:37","modified_gmt":"2023-11-28T15:20:37","slug":"lancement-des-travaux-pour-un-nouveau-college-a-abeche","status":"publish","type":"post","link":"https:\/\/www.africa-press.net\/tchad\/culture-et-art\/lancement-des-travaux-pour-un-nouveau-college-a-abeche","title":{"rendered":"Lancement des travaux pour un nouveau coll\u00e8ge \u00e0 Ab\u00e9ch\u00e9"},"content":{"rendered":"<p><span style=\"color: #ff6600\"><strong>Africa-Press &#8211; Tchad. <\/strong><\/span>Le 25 novembre 2023, une nouvelle page s&rsquo;est ouverte pour l&rsquo;e\u0301ducation a\u0300 Abe\u0301che\u0301 avec la pose de la premie\u0300re pierre d&rsquo;un Colle\u0300ge d&rsquo;Enseignement Ge\u0301ne\u0301ral (CEG). Hissein Abdoulaye Ibrahim, de\u0301le\u0301gue\u0301 provincial de l&rsquo;E\u0301ducation Nationale et de la Promotion Civique du Ouaddai\u0308, a officie\u0301 la ce\u0301re\u0301monie en pre\u0301sence de notables, dont le repre\u0301sentant du maire, About Yaya About, ainsi que de nombreux cadres du secteur e\u0301ducatif de la province.<\/p>\n<p>Ce projet ambitieux est le fruit de la perse\u0301ve\u0301rance de l&rsquo;Association des Parents d&rsquo;E\u0301le\u0300ves (APE) de l&rsquo;e\u0301cole Alsamla et de ge\u0301ne\u0301reux donateurs. Fonde\u0301e en 1993, l&rsquo;APE a joue\u0301 un ro\u0302le cle\u0301 dans l&rsquo;accompagnement des e\u0301le\u0300ves, comme l&rsquo;a souligne\u0301 son pre\u0301sident Ahmat Che\u0301rif.<\/p>\n<p>Maki Abakar et Abakar Hilou, respectivement Directeur de l&rsquo;e\u0301cole et Directeur du CEG, ont salue\u0301 l&rsquo;engagement de l&rsquo;APE, dont les efforts conside\u0301rables ont rendu possible la collecte des fonds ne\u0301cessaires a\u0300 la re\u0301alisation du projet.<\/p>\n<p>Hissein Abdoulaye Ibrahim a affirme\u0301 que le gouvernement, par l&rsquo;interme\u0301diaire du ministe\u0300re de l&rsquo;E\u0301ducation, soutient de telles initiatives. Il a promis que la de\u0301le\u0301gation provinciale contribuera a\u0300 l&rsquo;e\u0301tablissement d&rsquo;un lyce\u0301e dans la re\u0301gion pour l&rsquo;anne\u0301e suivante, une annonce qui a e\u0301te\u0301 chaleureusement accueillie par l&rsquo;auditoire. La ce\u0301re\u0301monie s&rsquo;est conclue sur la pose symbolique de la premie\u0300re pierre, marquant ainsi le de\u0301but des travaux de construction du futur colle\u0300ge Alsalam.<\/p>\n<p><strong>Pour plus d&rsquo;informations et d&rsquo;analyses sur la <a href=\"https:\/\/www.africa-press.net\/tchad\">Tchad<\/a>, suivez <a href=\"https:\/\/www.africa-press.net\/\">Africa-Press<\/a><\/strong><\/p>\n","protected":false},"excerpt":{"rendered":"<p>Africa-Press &#8211; Tchad. Le 25 novembre 2023, une nouvelle page s&rsquo;est ouverte pour l&rsquo;e\u0301ducation a\u0300 Abe\u0301che\u0301 avec la pose de la premie\u0300re pierre d&rsquo;un Colle\u0300ge d&rsquo;Enseignement Ge\u0301ne\u0301ral (CEG). Hissein Abdoulaye Ibrahim, de\u0301le\u0301gue\u0301 provincial de l&rsquo;E\u0301ducation Nationale et de la Promotion Civique du Ouaddai\u0308, a officie\u0301 la ce\u0301re\u0301monie en pre\u0301sence de notables, dont le repre\u0301sentant du [&hellip;]<\/p>\n","protected":false},"author":82,"featured_media":54749,"comment_status":"open","ping_status":"closed","sticky":false,"template":"","format":"standard","meta":{"footnotes":""},"categories":[5,10],"tags":[37,292,29],"class_list":["post-54751","post","type-post","status-publish","format-standard","has-post-thumbnail","hentry","category-culture-et-art","category-toutes-les-actualites","tag-africa-press","tag-africa-press-tchad","tag-tchad"],"yoast_head":"<!-- This site is optimized with the Yoast SEO Premium plugin v26.1 (Yoast SEO v27.0) - https:\/\/yoast.com\/product\/yoast-seo-premium-wordpress\/ -->\n<title>Lancement des travaux pour un nouveau coll\u00e8ge \u00e0 Ab\u00e9ch\u00e9 - tchad<\/title>\n<meta name=\"description\" content=\"Le 25 novembre 2023, une nouvelle page s&#039;est ouverte pour l&#039;e\u0301ducation a\u0300 Abe\u0301che\u0301 avec la pose de la premie\u0300re pierre d ...\" \/>\n<meta name=\"robots\" content=\"index, follow, max-snippet:-1, max-image-preview:large, max-video-preview:-1\" \/>\n<link rel=\"canonical\" href=\"https:\/\/www.africa-press.net\/tchad\/culture-et-art\/lancement-des-travaux-pour-un-nouveau-college-a-abeche\" \/>\n<meta property=\"og:locale\" content=\"fr_FR\" \/>\n<meta property=\"og:type\" content=\"article\" \/>\n<meta property=\"og:title\" content=\"Lancement des travaux pour un nouveau coll\u00e8ge \u00e0 Ab\u00e9ch\u00e9\" \/>\n<meta property=\"og:description\" content=\"Le 25 novembre 2023, une nouvelle page s&#039;est ouverte pour l&#039;e\u0301ducation a\u0300 Abe\u0301che\u0301 avec la pose de la premie\u0300re pierre d ...\" \/>\n<meta property=\"og:url\" content=\"https:\/\/www.africa-press.net\/tchad\/culture-et-art\/lancement-des-travaux-pour-un-nouveau-college-a-abeche\" \/>\n<meta property=\"og:site_name\" content=\"tchad\" \/>\n<meta property=\"article:published_time\" content=\"2023-11-28T14:13:34+00:00\" \/>\n<meta property=\"article:modified_time\" content=\"2023-11-28T15:20:37+00:00\" \/>\n<meta property=\"og:image\" content=\"https:\/\/static.africa-press.net\/tchad\/sites\/41\/2023\/11\/sm_1701172200.709185.jpg\" \/>\n\t<meta property=\"og:image:width\" content=\"1008\" \/>\n\t<meta property=\"og:image:height\" content=\"756\" \/>\n\t<meta property=\"og:image:type\" content=\"image\/jpeg\" \/>\n<meta name=\"author\" content=\"cfeditorfr\" \/>\n<meta name=\"twitter:card\" content=\"summary_large_image\" \/>\n<meta name=\"twitter:label1\" content=\"\u00c9crit par\" \/>\n\t<meta name=\"twitter:data1\" content=\"cfeditorfr\" \/>\n\t<meta name=\"twitter:label2\" content=\"Dur\u00e9e de lecture estim\u00e9e\" \/>\n\t<meta name=\"twitter:data2\" content=\"1 minute\" \/>\n<script type=\"application\/ld+json\" class=\"yoast-schema-graph\">{\"@context\":\"https:\/\/schema.org\",\"@graph\":[{\"@type\":\"Article\",\"@id\":\"https:\/\/www.africa-press.net\/tchad\/culture-et-art\/lancement-des-travaux-pour-un-nouveau-college-a-abeche#article\",\"isPartOf\":{\"@id\":\"https:\/\/www.africa-press.net\/tchad\/culture-et-art\/lancement-des-travaux-pour-un-nouveau-college-a-abeche\"},\"author\":{\"name\":\"cfeditorfr\",\"@id\":\"https:\/\/www.africa-press.net\/tchad\/#\/schema\/person\/2b1cf3cd81a31e3cd26889ca66d677f1\"},\"headline\":\"Lancement des travaux pour un nouveau coll\u00e8ge \u00e0 Ab\u00e9ch\u00e9\",\"datePublished\":\"2023-11-28T14:13:34+00:00\",\"dateModified\":\"2023-11-28T15:20:37+00:00\",\"mainEntityOfPage\":{\"@id\":\"https:\/\/www.africa-press.net\/tchad\/culture-et-art\/lancement-des-travaux-pour-un-nouveau-college-a-abeche\"},\"wordCount\":302,\"commentCount\":0,\"image\":{\"@id\":\"https:\/\/www.africa-press.net\/tchad\/culture-et-art\/lancement-des-travaux-pour-un-nouveau-college-a-abeche#primaryimage\"},\"thumbnailUrl\":\"https:\/\/static.africa-press.net\/tchad\/sites\/41\/2023\/11\/sm_1701172200.709185.jpg\",\"keywords\":[\"Africa Press\",\"Africa Press-Tchad\",\"Tchad\"],\"articleSection\":[\"Culture et Art\",\"Toutes les actualit\u00e9s\"],\"inLanguage\":\"fr-FR\",\"potentialAction\":[{\"@type\":\"CommentAction\",\"name\":\"Comment\",\"target\":[\"https:\/\/www.africa-press.net\/tchad\/culture-et-art\/lancement-des-travaux-pour-un-nouveau-college-a-abeche#respond\"]}]},{\"@type\":\"WebPage\",\"@id\":\"https:\/\/www.africa-press.net\/tchad\/culture-et-art\/lancement-des-travaux-pour-un-nouveau-college-a-abeche\",\"url\":\"https:\/\/www.africa-press.net\/tchad\/culture-et-art\/lancement-des-travaux-pour-un-nouveau-college-a-abeche\",\"name\":\"Lancement des travaux pour un nouveau coll\u00e8ge \u00e0 Ab\u00e9ch\u00e9 - tchad\",\"isPartOf\":{\"@id\":\"https:\/\/www.africa-press.net\/tchad\/#website\"},\"primaryImageOfPage\":{\"@id\":\"https:\/\/www.africa-press.net\/tchad\/culture-et-art\/lancement-des-travaux-pour-un-nouveau-college-a-abeche#primaryimage\"},\"image\":{\"@id\":\"https:\/\/www.africa-press.net\/tchad\/culture-et-art\/lancement-des-travaux-pour-un-nouveau-college-a-abeche#primaryimage\"},\"thumbnailUrl\":\"https:\/\/static.africa-press.net\/tchad\/sites\/41\/2023\/11\/sm_1701172200.709185.jpg\",\"datePublished\":\"2023-11-28T14:13:34+00:00\",\"dateModified\":\"2023-11-28T15:20:37+00:00\",\"author\":{\"@id\":\"https:\/\/www.africa-press.net\/tchad\/#\/schema\/person\/2b1cf3cd81a31e3cd26889ca66d677f1\"},\"description\":\"Le 25 novembre 2023, une nouvelle page s'est ouverte pour l'e\u0301ducation a\u0300 Abe\u0301che\u0301 avec la pose de la premie\u0300re pierre d ...\",\"breadcrumb\":{\"@id\":\"https:\/\/www.africa-press.net\/tchad\/culture-et-art\/lancement-des-travaux-pour-un-nouveau-college-a-abeche#breadcrumb\"},\"inLanguage\":\"fr-FR\",\"potentialAction\":[{\"@type\":\"ReadAction\",\"target\":[\"https:\/\/www.africa-press.net\/tchad\/culture-et-art\/lancement-des-travaux-pour-un-nouveau-college-a-abeche\"]}]},{\"@type\":\"ImageObject\",\"inLanguage\":\"fr-FR\",\"@id\":\"https:\/\/www.africa-press.net\/tchad\/culture-et-art\/lancement-des-travaux-pour-un-nouveau-college-a-abeche#primaryimage\",\"url\":\"https:\/\/static.africa-press.net\/tchad\/sites\/41\/2023\/11\/sm_1701172200.709185.jpg\",\"contentUrl\":\"https:\/\/static.africa-press.net\/tchad\/sites\/41\/2023\/11\/sm_1701172200.709185.jpg\",\"width\":1008,\"height\":756,\"caption\":\"Lancement des travaux pour un nouveau coll\u00e8ge \u00e0 Ab\u00e9ch\u00e9\"},{\"@type\":\"BreadcrumbList\",\"@id\":\"https:\/\/www.africa-press.net\/tchad\/culture-et-art\/lancement-des-travaux-pour-un-nouveau-college-a-abeche#breadcrumb\",\"itemListElement\":[{\"@type\":\"ListItem\",\"position\":1,\"name\":\"Accueil\",\"item\":\"https:\/\/www.africa-press.net\/tchad\/\"},{\"@type\":\"ListItem\",\"position\":2,\"name\":\"Lancement des travaux pour un nouveau coll\u00e8ge \u00e0 Ab\u00e9ch\u00e9\"}]},{\"@type\":\"WebSite\",\"@id\":\"https:\/\/www.africa-press.net\/tchad\/#website\",\"url\":\"https:\/\/www.africa-press.net\/tchad\/\",\"name\":\"tchad\",\"description\":\"Just another Africa News Agency Sites site\",\"potentialAction\":[{\"@type\":\"SearchAction\",\"target\":{\"@type\":\"EntryPoint\",\"urlTemplate\":\"https:\/\/www.africa-press.net\/tchad\/?s={search_term_string}\"},\"query-input\":{\"@type\":\"PropertyValueSpecification\",\"valueRequired\":true,\"valueName\":\"search_term_string\"}}],\"inLanguage\":\"fr-FR\"},{\"@type\":\"Person\",\"@id\":\"https:\/\/www.africa-press.net\/tchad\/#\/schema\/person\/2b1cf3cd81a31e3cd26889ca66d677f1\",\"name\":\"cfeditorfr\"}]}<\/script>\n<!-- \/ Yoast SEO Premium plugin. -->","yoast_head_json":{"title":"Lancement des travaux pour un nouveau coll\u00e8ge \u00e0 Ab\u00e9ch\u00e9 - tchad","description":"Le 25 novembre 2023, une nouvelle page s'est ouverte pour l'e\u0301ducation a\u0300 Abe\u0301che\u0301 avec la pose de la premie\u0300re pierre d ...","robots":{"index":"index","follow":"follow","max-snippet":"max-snippet:-1","max-image-preview":"max-image-preview:large","max-video-preview":"max-video-preview:-1"},"canonical":"https:\/\/www.africa-press.net\/tchad\/culture-et-art\/lancement-des-travaux-pour-un-nouveau-college-a-abeche","og_locale":"fr_FR","og_type":"article","og_title":"Lancement des travaux pour un nouveau coll\u00e8ge \u00e0 Ab\u00e9ch\u00e9","og_description":"Le 25 novembre 2023, une nouvelle page s'est ouverte pour l'e\u0301ducation a\u0300 Abe\u0301che\u0301 avec la pose de la premie\u0300re pierre d ...","og_url":"https:\/\/www.africa-press.net\/tchad\/culture-et-art\/lancement-des-travaux-pour-un-nouveau-college-a-abeche","og_site_name":"tchad","article_published_time":"2023-11-28T14:13:34+00:00","article_modified_time":"2023-11-28T15:20:37+00:00","og_image":[{"width":1008,"height":756,"url":"https:\/\/static.africa-press.net\/tchad\/sites\/41\/2023\/11\/sm_1701172200.709185.jpg","type":"image\/jpeg"}],"author":"cfeditorfr","twitter_card":"summary_large_image","twitter_misc":{"\u00c9crit par":"cfeditorfr","Dur\u00e9e de lecture estim\u00e9e":"1 minute"},"schema":{"@context":"https:\/\/schema.org","@graph":[{"@type":"Article","@id":"https:\/\/www.africa-press.net\/tchad\/culture-et-art\/lancement-des-travaux-pour-un-nouveau-college-a-abeche#article","isPartOf":{"@id":"https:\/\/www.africa-press.net\/tchad\/culture-et-art\/lancement-des-travaux-pour-un-nouveau-college-a-abeche"},"author":{"name":"cfeditorfr","@id":"https:\/\/www.africa-press.net\/tchad\/#\/schema\/person\/2b1cf3cd81a31e3cd26889ca66d677f1"},"headline":"Lancement des travaux pour un nouveau coll\u00e8ge \u00e0 Ab\u00e9ch\u00e9","datePublished":"2023-11-28T14:13:34+00:00","dateModified":"2023-11-28T15:20:37+00:00","mainEntityOfPage":{"@id":"https:\/\/www.africa-press.net\/tchad\/culture-et-art\/lancement-des-travaux-pour-un-nouveau-college-a-abeche"},"wordCount":302,"commentCount":0,"image":{"@id":"https:\/\/www.africa-press.net\/tchad\/culture-et-art\/lancement-des-travaux-pour-un-nouveau-college-a-abeche#primaryimage"},"thumbnailUrl":"https:\/\/static.africa-press.net\/tchad\/sites\/41\/2023\/11\/sm_1701172200.709185.jpg","keywords":["Africa Press","Africa Press-Tchad","Tchad"],"articleSection":["Culture et Art","Toutes les actualit\u00e9s"],"inLanguage":"fr-FR","potentialAction":[{"@type":"CommentAction","name":"Comment","target":["https:\/\/www.africa-press.net\/tchad\/culture-et-art\/lancement-des-travaux-pour-un-nouveau-college-a-abeche#respond"]}]},{"@type":"WebPage","@id":"https:\/\/www.africa-press.net\/tchad\/culture-et-art\/lancement-des-travaux-pour-un-nouveau-college-a-abeche","url":"https:\/\/www.africa-press.net\/tchad\/culture-et-art\/lancement-des-travaux-pour-un-nouveau-college-a-abeche","name":"Lancement des travaux pour un nouveau coll\u00e8ge \u00e0 Ab\u00e9ch\u00e9 - tchad","isPartOf":{"@id":"https:\/\/www.africa-press.net\/tchad\/#website"},"primaryImageOfPage":{"@id":"https:\/\/www.africa-press.net\/tchad\/culture-et-art\/lancement-des-travaux-pour-un-nouveau-college-a-abeche#primaryimage"},"image":{"@id":"https:\/\/www.africa-press.net\/tchad\/culture-et-art\/lancement-des-travaux-pour-un-nouveau-college-a-abeche#primaryimage"},"thumbnailUrl":"https:\/\/static.africa-press.net\/tchad\/sites\/41\/2023\/11\/sm_1701172200.709185.jpg","datePublished":"2023-11-28T14:13:34+00:00","dateModified":"2023-11-28T15:20:37+00:00","author":{"@id":"https:\/\/www.africa-press.net\/tchad\/#\/schema\/person\/2b1cf3cd81a31e3cd26889ca66d677f1"},"description":"Le 25 novembre 2023, une nouvelle page s'est ouverte pour l'e\u0301ducation a\u0300 Abe\u0301che\u0301 avec la pose de la premie\u0300re pierre d ...","breadcrumb":{"@id":"https:\/\/www.africa-press.net\/tchad\/culture-et-art\/lancement-des-travaux-pour-un-nouveau-college-a-abeche#breadcrumb"},"inLanguage":"fr-FR","potentialAction":[{"@type":"ReadAction","target":["https:\/\/www.africa-press.net\/tchad\/culture-et-art\/lancement-des-travaux-pour-un-nouveau-college-a-abeche"]}]},{"@type":"ImageObject","inLanguage":"fr-FR","@id":"https:\/\/www.africa-press.net\/tchad\/culture-et-art\/lancement-des-travaux-pour-un-nouveau-college-a-abeche#primaryimage","url":"https:\/\/static.africa-press.net\/tchad\/sites\/41\/2023\/11\/sm_1701172200.709185.jpg","contentUrl":"https:\/\/static.africa-press.net\/tchad\/sites\/41\/2023\/11\/sm_1701172200.709185.jpg","width":1008,"height":756,"caption":"Lancement des travaux pour un nouveau coll\u00e8ge \u00e0 Ab\u00e9ch\u00e9"},{"@type":"BreadcrumbList","@id":"https:\/\/www.africa-press.net\/tchad\/culture-et-art\/lancement-des-travaux-pour-un-nouveau-college-a-abeche#breadcrumb","itemListElement":[{"@type":"ListItem","position":1,"name":"Accueil","item":"https:\/\/www.africa-press.net\/tchad\/"},{"@type":"ListItem","position":2,"name":"Lancement des travaux pour un nouveau coll\u00e8ge \u00e0 Ab\u00e9ch\u00e9"}]},{"@type":"WebSite","@id":"https:\/\/www.africa-press.net\/tchad\/#website","url":"https:\/\/www.africa-press.net\/tchad\/","name":"tchad","description":"Just another Africa News Agency Sites site","potentialAction":[{"@type":"SearchAction","target":{"@type":"EntryPoint","urlTemplate":"https:\/\/www.africa-press.net\/tchad\/?s={search_term_string}"},"query-input":{"@type":"PropertyValueSpecification","valueRequired":true,"valueName":"search_term_string"}}],"inLanguage":"fr-FR"},{"@type":"Person","@id":"https:\/\/www.africa-press.net\/tchad\/#\/schema\/person\/2b1cf3cd81a31e3cd26889ca66d677f1","name":"cfeditorfr"}]}},"_links":{"self":[{"href":"https:\/\/www.africa-press.net\/tchad\/wp-json\/wp\/v2\/posts\/54751","targetHints":{"allow":["GET"]}}],"collection":[{"href":"https:\/\/www.africa-press.net\/tchad\/wp-json\/wp\/v2\/posts"}],"about":[{"href":"https:\/\/www.africa-press.net\/tchad\/wp-json\/wp\/v2\/types\/post"}],"author":[{"embeddable":true,"href":"https:\/\/www.africa-press.net\/tchad\/wp-json\/wp\/v2\/users\/82"}],"replies":[{"embeddable":true,"href":"https:\/\/www.africa-press.net\/tchad\/wp-json\/wp\/v2\/comments?post=54751"}],"version-history":[{"count":0,"href":"https:\/\/www.africa-press.net\/tchad\/wp-json\/wp\/v2\/posts\/54751\/revisions"}],"wp:featuredmedia":[{"embeddable":true,"href":"https:\/\/www.africa-press.net\/tchad\/wp-json\/wp\/v2\/media\/54749"}],"wp:attachment":[{"href":"https:\/\/www.africa-press.net\/tchad\/wp-json\/wp\/v2\/media?parent=54751"}],"wp:term":[{"taxonomy":"category","embeddable":true,"href":"https:\/\/www.africa-press.net\/tchad\/wp-json\/wp\/v2\/categories?post=54751"},{"taxonomy":"post_tag","embeddable":true,"href":"https:\/\/www.africa-press.net\/tchad\/wp-json\/wp\/v2\/tags?post=54751"}],"curies":[{"name":"wp","href":"https:\/\/api.w.org\/{rel}","templated":true}]}}