{"id":55178,"date":"2023-12-06T16:10:25","date_gmt":"2023-12-06T16:10:25","guid":{"rendered":"https:\/\/www.africa-press.net\/tchad\/politique\/dans-le-ouaddai-debut-de-la-campagne-en-faveur-du-oui-au-referendum-constitutionnel"},"modified":"2023-12-06T17:13:51","modified_gmt":"2023-12-06T17:13:51","slug":"dans-le-ouaddai-debut-de-la-campagne-en-faveur-du-oui-au-referendum-constitutionnel","status":"publish","type":"post","link":"https:\/\/www.africa-press.net\/tchad\/parties\/dans-le-ouaddai-debut-de-la-campagne-en-faveur-du-oui-au-referendum-constitutionnel","title":{"rendered":"dans le Ouadda\u00ef, d\u00e9but de la campagne en faveur du Oui au r\u00e9f\u00e9rendum constitutionnel"},"content":{"rendered":"<p><span style=\"color: #ff6600\"><strong>Africa-Press &#8211; Tchad. <\/strong><\/span>La Place de l&rsquo;Inde\u0301pendance d&rsquo;Abe\u0301che\u0301 a servi de cadre, ce mardi 05 de\u0301cembre 2023, au lancement de la campagne pour le re\u0301fe\u0301rendum constitutionnel dans la province du Ouaddai\u0308.<\/p>\n<p>A cette occasion, la province du Ouaddai\u0308 s&rsquo;engage massivement en faveur du re\u0301fe\u0301rendum constitutionnel, afin de ba\u0302tir un Tchad uni et pacifique. C&rsquo;est sous ce slogan que la campagne re\u0301fe\u0301rendaire a e\u0301te\u0301 officiellement lance\u0301e dans le Ouaddai\u0308 par le ministre de l&rsquo;Eau, Alio Abdoulaye Ibrahim, e\u0301galement chef de mission de cette campagne.<\/p>\n<p>Regroupe\u0301s sous la coalition \u00ab Pour le Oui \u00bb, 19 partis politiques du Ouaddai\u0308, d&rsquo;anciens groupes politico-militaires, ainsi que plusieurs associations de la socie\u0301te\u0301 civile, ont un seul objectif : sensibiliser la population de la province pour qu&rsquo;elle choisisse la nouvelle re\u0301forme constitutionnelle en votant Oui, lors du scrutin du 17 de\u0301cembre prochain.<\/p>\n<p>Le pre\u0301sident du comite\u0301 d&rsquo;organisation, Mahamat Tahir Daousa, a rassure\u0301 le directeur de campagne en de\u0301clarant : \u00ab Soyez rassure\u0301 et dormez tranquillement, il n&rsquo;y a aucune inquie\u0301tude, nous allons voter massivement le Oui. Nous me\u0300nerons la campagne dans les villes, les villages et les hameaux de la province du Ouaddai\u0308, et vous n&rsquo;aurez aucun Non dans les urnes. \u00bb<\/p>\n<p>Fayc\u0327al Abdelkerim Chiguefade a souligne\u0301 que la participation massive a\u0300 cette ce\u0301re\u0301monie de lancement de la campagne re\u0301fe\u0301rendaire te\u0301moigne de\u0301ja\u0300 de l&rsquo;engagement des citoyens, qui devraient retirer leurs cartes pour voter. Le directeur de campagne, Ismae\u0308l Mahamat Saleh Bilal, a affirme\u0301 que tous les groupes politico-militaires sont unis en faveur du Oui.<\/p>\n<p>Il a e\u0301voque\u0301 la question de la se\u0301curite\u0301 pour rappeler que la stabilite\u0301 du pays est maintenue par nos forces de de\u0301fense et de se\u0301curite\u0301, sinon nos voisins connaissent des proble\u0300mes. Il a e\u0301galement assure\u0301 les populations voteront tous a\u0300 100% en faveur du Oui.<\/p>\n<p>Le chef de mission, Alio Abdoulaye Ibrahim, a exprime\u0301 sa gratitude envers le public pour sa pre\u0301sence a\u0300 cette ce\u0301re\u0301monie. Il a mentionne\u0301 certains pays fe\u0301de\u0301raux ayant connu des proble\u0300mes, comme le Nigeria et l&rsquo;E\u0301thiopie, pour mettre en avant l&rsquo;importance de la stabilite\u0301 dans notre pays.<\/p>\n<p>Le directeur de campagne a e\u0301galement aborde\u0301 la question de l&rsquo;eau a\u0300 Abe\u0301che\u0301, la cohabitation pacifique et les proble\u0300mes intercommunautaires, tout en appelant par ailleurs la population a\u0300 sortir massivement pour voter a\u0300 99,9% en faveur du Oui.<\/p>\n<p><strong>Pour plus d&rsquo;informations et d&rsquo;analyses sur la <a href=\"https:\/\/www.africa-press.net\/tchad\">Tchad<\/a>, suivez <a href=\"https:\/\/www.africa-press.net\/\">Africa-Press<\/a><\/strong><\/p>\n","protected":false},"excerpt":{"rendered":"<p>Africa-Press &#8211; Tchad. La Place de l&rsquo;Inde\u0301pendance d&rsquo;Abe\u0301che\u0301 a servi de cadre, ce mardi 05 de\u0301cembre 2023, au lancement de la campagne pour le re\u0301fe\u0301rendum constitutionnel dans la province du Ouaddai\u0308. A cette occasion, la province du Ouaddai\u0308 s&rsquo;engage massivement en faveur du re\u0301fe\u0301rendum constitutionnel, afin de ba\u0302tir un Tchad uni et pacifique. C&rsquo;est sous [&hellip;]<\/p>\n","protected":false},"author":82,"featured_media":55177,"comment_status":"open","ping_status":"closed","sticky":false,"template":"","format":"standard","meta":{"footnotes":""},"categories":[4,10],"tags":[37,292,29],"class_list":["post-55178","post","type-post","status-publish","format-standard","has-post-thumbnail","hentry","category-parties","category-toutes-les-actualites","tag-africa-press","tag-africa-press-tchad","tag-tchad"],"yoast_head":"<!-- This site is optimized with the Yoast SEO Premium plugin v26.1 (Yoast SEO v27.0) - https:\/\/yoast.com\/product\/yoast-seo-premium-wordpress\/ -->\n<title>dans le Ouadda\u00ef, d\u00e9but de la campagne en faveur du Oui au r\u00e9f\u00e9rendum constitutionnel - tchad<\/title>\n<meta name=\"description\" content=\"La Place de l&#039;Inde\u0301pendance d&#039;Abe\u0301che\u0301 a servi de cadre, ce mardi 05 de\u0301cembre 2023, au lancement de la campagne pour le ...\" \/>\n<meta name=\"robots\" content=\"index, follow, max-snippet:-1, max-image-preview:large, max-video-preview:-1\" \/>\n<link rel=\"canonical\" href=\"https:\/\/www.africa-press.net\/tchad\/parties\/dans-le-ouaddai-debut-de-la-campagne-en-faveur-du-oui-au-referendum-constitutionnel\" \/>\n<meta property=\"og:locale\" content=\"fr_FR\" \/>\n<meta property=\"og:type\" content=\"article\" \/>\n<meta property=\"og:title\" content=\"dans le Ouadda\u00ef, d\u00e9but de la campagne en faveur du Oui au r\u00e9f\u00e9rendum constitutionnel\" \/>\n<meta property=\"og:description\" content=\"La Place de l&#039;Inde\u0301pendance d&#039;Abe\u0301che\u0301 a servi de cadre, ce mardi 05 de\u0301cembre 2023, au lancement de la campagne pour le ...\" \/>\n<meta property=\"og:url\" content=\"https:\/\/www.africa-press.net\/tchad\/parties\/dans-le-ouaddai-debut-de-la-campagne-en-faveur-du-oui-au-referendum-constitutionnel\" \/>\n<meta property=\"og:site_name\" content=\"tchad\" \/>\n<meta property=\"article:published_time\" content=\"2023-12-06T16:10:25+00:00\" \/>\n<meta property=\"article:modified_time\" content=\"2023-12-06T17:13:51+00:00\" \/>\n<meta property=\"og:image\" content=\"https:\/\/static.africa-press.net\/tchad\/sites\/41\/2023\/12\/sm_1701869403.494176.jpg\" \/>\n\t<meta property=\"og:image:width\" content=\"1020\" \/>\n\t<meta property=\"og:image:height\" content=\"574\" \/>\n\t<meta property=\"og:image:type\" content=\"image\/jpeg\" \/>\n<meta name=\"author\" content=\"cfeditorfr\" \/>\n<meta name=\"twitter:card\" content=\"summary_large_image\" \/>\n<meta name=\"twitter:label1\" content=\"\u00c9crit par\" \/>\n\t<meta name=\"twitter:data1\" content=\"cfeditorfr\" \/>\n\t<meta name=\"twitter:label2\" content=\"Dur\u00e9e de lecture estim\u00e9e\" \/>\n\t<meta name=\"twitter:data2\" content=\"2 minutes\" \/>\n<script type=\"application\/ld+json\" class=\"yoast-schema-graph\">{\"@context\":\"https:\/\/schema.org\",\"@graph\":[{\"@type\":\"Article\",\"@id\":\"https:\/\/www.africa-press.net\/tchad\/parties\/dans-le-ouaddai-debut-de-la-campagne-en-faveur-du-oui-au-referendum-constitutionnel#article\",\"isPartOf\":{\"@id\":\"https:\/\/www.africa-press.net\/tchad\/parties\/dans-le-ouaddai-debut-de-la-campagne-en-faveur-du-oui-au-referendum-constitutionnel\"},\"author\":{\"name\":\"cfeditorfr\",\"@id\":\"https:\/\/www.africa-press.net\/tchad\/#\/schema\/person\/2b1cf3cd81a31e3cd26889ca66d677f1\"},\"headline\":\"dans le Ouadda\u00ef, d\u00e9but de la campagne en faveur du Oui au r\u00e9f\u00e9rendum constitutionnel\",\"datePublished\":\"2023-12-06T16:10:25+00:00\",\"dateModified\":\"2023-12-06T17:13:51+00:00\",\"mainEntityOfPage\":{\"@id\":\"https:\/\/www.africa-press.net\/tchad\/parties\/dans-le-ouaddai-debut-de-la-campagne-en-faveur-du-oui-au-referendum-constitutionnel\"},\"wordCount\":453,\"commentCount\":0,\"image\":{\"@id\":\"https:\/\/www.africa-press.net\/tchad\/parties\/dans-le-ouaddai-debut-de-la-campagne-en-faveur-du-oui-au-referendum-constitutionnel#primaryimage\"},\"thumbnailUrl\":\"https:\/\/static.africa-press.net\/tchad\/sites\/41\/2023\/12\/sm_1701869403.494176.jpg\",\"keywords\":[\"Africa Press\",\"Africa Press-Tchad\",\"Tchad\"],\"articleSection\":[\"Parties\",\"Toutes les actualit\u00e9s\"],\"inLanguage\":\"fr-FR\",\"potentialAction\":[{\"@type\":\"CommentAction\",\"name\":\"Comment\",\"target\":[\"https:\/\/www.africa-press.net\/tchad\/parties\/dans-le-ouaddai-debut-de-la-campagne-en-faveur-du-oui-au-referendum-constitutionnel#respond\"]}]},{\"@type\":\"WebPage\",\"@id\":\"https:\/\/www.africa-press.net\/tchad\/parties\/dans-le-ouaddai-debut-de-la-campagne-en-faveur-du-oui-au-referendum-constitutionnel\",\"url\":\"https:\/\/www.africa-press.net\/tchad\/parties\/dans-le-ouaddai-debut-de-la-campagne-en-faveur-du-oui-au-referendum-constitutionnel\",\"name\":\"dans le Ouadda\u00ef, d\u00e9but de la campagne en faveur du Oui au r\u00e9f\u00e9rendum constitutionnel - tchad\",\"isPartOf\":{\"@id\":\"https:\/\/www.africa-press.net\/tchad\/#website\"},\"primaryImageOfPage\":{\"@id\":\"https:\/\/www.africa-press.net\/tchad\/parties\/dans-le-ouaddai-debut-de-la-campagne-en-faveur-du-oui-au-referendum-constitutionnel#primaryimage\"},\"image\":{\"@id\":\"https:\/\/www.africa-press.net\/tchad\/parties\/dans-le-ouaddai-debut-de-la-campagne-en-faveur-du-oui-au-referendum-constitutionnel#primaryimage\"},\"thumbnailUrl\":\"https:\/\/static.africa-press.net\/tchad\/sites\/41\/2023\/12\/sm_1701869403.494176.jpg\",\"datePublished\":\"2023-12-06T16:10:25+00:00\",\"dateModified\":\"2023-12-06T17:13:51+00:00\",\"author\":{\"@id\":\"https:\/\/www.africa-press.net\/tchad\/#\/schema\/person\/2b1cf3cd81a31e3cd26889ca66d677f1\"},\"description\":\"La Place de l'Inde\u0301pendance d'Abe\u0301che\u0301 a servi de cadre, ce mardi 05 de\u0301cembre 2023, au lancement de la campagne pour le ...\",\"breadcrumb\":{\"@id\":\"https:\/\/www.africa-press.net\/tchad\/parties\/dans-le-ouaddai-debut-de-la-campagne-en-faveur-du-oui-au-referendum-constitutionnel#breadcrumb\"},\"inLanguage\":\"fr-FR\",\"potentialAction\":[{\"@type\":\"ReadAction\",\"target\":[\"https:\/\/www.africa-press.net\/tchad\/parties\/dans-le-ouaddai-debut-de-la-campagne-en-faveur-du-oui-au-referendum-constitutionnel\"]}]},{\"@type\":\"ImageObject\",\"inLanguage\":\"fr-FR\",\"@id\":\"https:\/\/www.africa-press.net\/tchad\/parties\/dans-le-ouaddai-debut-de-la-campagne-en-faveur-du-oui-au-referendum-constitutionnel#primaryimage\",\"url\":\"https:\/\/static.africa-press.net\/tchad\/sites\/41\/2023\/12\/sm_1701869403.494176.jpg\",\"contentUrl\":\"https:\/\/static.africa-press.net\/tchad\/sites\/41\/2023\/12\/sm_1701869403.494176.jpg\",\"width\":1020,\"height\":574,\"caption\":\"dans le Ouadda\u00ef, d\u00e9but de la campagne en faveur du Oui au r\u00e9f\u00e9rendum constitutionnel\"},{\"@type\":\"BreadcrumbList\",\"@id\":\"https:\/\/www.africa-press.net\/tchad\/parties\/dans-le-ouaddai-debut-de-la-campagne-en-faveur-du-oui-au-referendum-constitutionnel#breadcrumb\",\"itemListElement\":[{\"@type\":\"ListItem\",\"position\":1,\"name\":\"Accueil\",\"item\":\"https:\/\/www.africa-press.net\/tchad\/\"},{\"@type\":\"ListItem\",\"position\":2,\"name\":\"dans le Ouadda\u00ef, d\u00e9but de la campagne en faveur du Oui au r\u00e9f\u00e9rendum constitutionnel\"}]},{\"@type\":\"WebSite\",\"@id\":\"https:\/\/www.africa-press.net\/tchad\/#website\",\"url\":\"https:\/\/www.africa-press.net\/tchad\/\",\"name\":\"tchad\",\"description\":\"Just another Africa News Agency Sites site\",\"potentialAction\":[{\"@type\":\"SearchAction\",\"target\":{\"@type\":\"EntryPoint\",\"urlTemplate\":\"https:\/\/www.africa-press.net\/tchad\/?s={search_term_string}\"},\"query-input\":{\"@type\":\"PropertyValueSpecification\",\"valueRequired\":true,\"valueName\":\"search_term_string\"}}],\"inLanguage\":\"fr-FR\"},{\"@type\":\"Person\",\"@id\":\"https:\/\/www.africa-press.net\/tchad\/#\/schema\/person\/2b1cf3cd81a31e3cd26889ca66d677f1\",\"name\":\"cfeditorfr\"}]}<\/script>\n<!-- \/ Yoast SEO Premium plugin. -->","yoast_head_json":{"title":"dans le Ouadda\u00ef, d\u00e9but de la campagne en faveur du Oui au r\u00e9f\u00e9rendum constitutionnel - tchad","description":"La Place de l'Inde\u0301pendance d'Abe\u0301che\u0301 a servi de cadre, ce mardi 05 de\u0301cembre 2023, au lancement de la campagne pour le ...","robots":{"index":"index","follow":"follow","max-snippet":"max-snippet:-1","max-image-preview":"max-image-preview:large","max-video-preview":"max-video-preview:-1"},"canonical":"https:\/\/www.africa-press.net\/tchad\/parties\/dans-le-ouaddai-debut-de-la-campagne-en-faveur-du-oui-au-referendum-constitutionnel","og_locale":"fr_FR","og_type":"article","og_title":"dans le Ouadda\u00ef, d\u00e9but de la campagne en faveur du Oui au r\u00e9f\u00e9rendum constitutionnel","og_description":"La Place de l'Inde\u0301pendance d'Abe\u0301che\u0301 a servi de cadre, ce mardi 05 de\u0301cembre 2023, au lancement de la campagne pour le ...","og_url":"https:\/\/www.africa-press.net\/tchad\/parties\/dans-le-ouaddai-debut-de-la-campagne-en-faveur-du-oui-au-referendum-constitutionnel","og_site_name":"tchad","article_published_time":"2023-12-06T16:10:25+00:00","article_modified_time":"2023-12-06T17:13:51+00:00","og_image":[{"width":1020,"height":574,"url":"https:\/\/static.africa-press.net\/tchad\/sites\/41\/2023\/12\/sm_1701869403.494176.jpg","type":"image\/jpeg"}],"author":"cfeditorfr","twitter_card":"summary_large_image","twitter_misc":{"\u00c9crit par":"cfeditorfr","Dur\u00e9e de lecture estim\u00e9e":"2 minutes"},"schema":{"@context":"https:\/\/schema.org","@graph":[{"@type":"Article","@id":"https:\/\/www.africa-press.net\/tchad\/parties\/dans-le-ouaddai-debut-de-la-campagne-en-faveur-du-oui-au-referendum-constitutionnel#article","isPartOf":{"@id":"https:\/\/www.africa-press.net\/tchad\/parties\/dans-le-ouaddai-debut-de-la-campagne-en-faveur-du-oui-au-referendum-constitutionnel"},"author":{"name":"cfeditorfr","@id":"https:\/\/www.africa-press.net\/tchad\/#\/schema\/person\/2b1cf3cd81a31e3cd26889ca66d677f1"},"headline":"dans le Ouadda\u00ef, d\u00e9but de la campagne en faveur du Oui au r\u00e9f\u00e9rendum constitutionnel","datePublished":"2023-12-06T16:10:25+00:00","dateModified":"2023-12-06T17:13:51+00:00","mainEntityOfPage":{"@id":"https:\/\/www.africa-press.net\/tchad\/parties\/dans-le-ouaddai-debut-de-la-campagne-en-faveur-du-oui-au-referendum-constitutionnel"},"wordCount":453,"commentCount":0,"image":{"@id":"https:\/\/www.africa-press.net\/tchad\/parties\/dans-le-ouaddai-debut-de-la-campagne-en-faveur-du-oui-au-referendum-constitutionnel#primaryimage"},"thumbnailUrl":"https:\/\/static.africa-press.net\/tchad\/sites\/41\/2023\/12\/sm_1701869403.494176.jpg","keywords":["Africa Press","Africa Press-Tchad","Tchad"],"articleSection":["Parties","Toutes les actualit\u00e9s"],"inLanguage":"fr-FR","potentialAction":[{"@type":"CommentAction","name":"Comment","target":["https:\/\/www.africa-press.net\/tchad\/parties\/dans-le-ouaddai-debut-de-la-campagne-en-faveur-du-oui-au-referendum-constitutionnel#respond"]}]},{"@type":"WebPage","@id":"https:\/\/www.africa-press.net\/tchad\/parties\/dans-le-ouaddai-debut-de-la-campagne-en-faveur-du-oui-au-referendum-constitutionnel","url":"https:\/\/www.africa-press.net\/tchad\/parties\/dans-le-ouaddai-debut-de-la-campagne-en-faveur-du-oui-au-referendum-constitutionnel","name":"dans le Ouadda\u00ef, d\u00e9but de la campagne en faveur du Oui au r\u00e9f\u00e9rendum constitutionnel - tchad","isPartOf":{"@id":"https:\/\/www.africa-press.net\/tchad\/#website"},"primaryImageOfPage":{"@id":"https:\/\/www.africa-press.net\/tchad\/parties\/dans-le-ouaddai-debut-de-la-campagne-en-faveur-du-oui-au-referendum-constitutionnel#primaryimage"},"image":{"@id":"https:\/\/www.africa-press.net\/tchad\/parties\/dans-le-ouaddai-debut-de-la-campagne-en-faveur-du-oui-au-referendum-constitutionnel#primaryimage"},"thumbnailUrl":"https:\/\/static.africa-press.net\/tchad\/sites\/41\/2023\/12\/sm_1701869403.494176.jpg","datePublished":"2023-12-06T16:10:25+00:00","dateModified":"2023-12-06T17:13:51+00:00","author":{"@id":"https:\/\/www.africa-press.net\/tchad\/#\/schema\/person\/2b1cf3cd81a31e3cd26889ca66d677f1"},"description":"La Place de l'Inde\u0301pendance d'Abe\u0301che\u0301 a servi de cadre, ce mardi 05 de\u0301cembre 2023, au lancement de la campagne pour le ...","breadcrumb":{"@id":"https:\/\/www.africa-press.net\/tchad\/parties\/dans-le-ouaddai-debut-de-la-campagne-en-faveur-du-oui-au-referendum-constitutionnel#breadcrumb"},"inLanguage":"fr-FR","potentialAction":[{"@type":"ReadAction","target":["https:\/\/www.africa-press.net\/tchad\/parties\/dans-le-ouaddai-debut-de-la-campagne-en-faveur-du-oui-au-referendum-constitutionnel"]}]},{"@type":"ImageObject","inLanguage":"fr-FR","@id":"https:\/\/www.africa-press.net\/tchad\/parties\/dans-le-ouaddai-debut-de-la-campagne-en-faveur-du-oui-au-referendum-constitutionnel#primaryimage","url":"https:\/\/static.africa-press.net\/tchad\/sites\/41\/2023\/12\/sm_1701869403.494176.jpg","contentUrl":"https:\/\/static.africa-press.net\/tchad\/sites\/41\/2023\/12\/sm_1701869403.494176.jpg","width":1020,"height":574,"caption":"dans le Ouadda\u00ef, d\u00e9but de la campagne en faveur du Oui au r\u00e9f\u00e9rendum constitutionnel"},{"@type":"BreadcrumbList","@id":"https:\/\/www.africa-press.net\/tchad\/parties\/dans-le-ouaddai-debut-de-la-campagne-en-faveur-du-oui-au-referendum-constitutionnel#breadcrumb","itemListElement":[{"@type":"ListItem","position":1,"name":"Accueil","item":"https:\/\/www.africa-press.net\/tchad\/"},{"@type":"ListItem","position":2,"name":"dans le Ouadda\u00ef, d\u00e9but de la campagne en faveur du Oui au r\u00e9f\u00e9rendum constitutionnel"}]},{"@type":"WebSite","@id":"https:\/\/www.africa-press.net\/tchad\/#website","url":"https:\/\/www.africa-press.net\/tchad\/","name":"tchad","description":"Just another Africa News Agency Sites site","potentialAction":[{"@type":"SearchAction","target":{"@type":"EntryPoint","urlTemplate":"https:\/\/www.africa-press.net\/tchad\/?s={search_term_string}"},"query-input":{"@type":"PropertyValueSpecification","valueRequired":true,"valueName":"search_term_string"}}],"inLanguage":"fr-FR"},{"@type":"Person","@id":"https:\/\/www.africa-press.net\/tchad\/#\/schema\/person\/2b1cf3cd81a31e3cd26889ca66d677f1","name":"cfeditorfr"}]}},"_links":{"self":[{"href":"https:\/\/www.africa-press.net\/tchad\/wp-json\/wp\/v2\/posts\/55178","targetHints":{"allow":["GET"]}}],"collection":[{"href":"https:\/\/www.africa-press.net\/tchad\/wp-json\/wp\/v2\/posts"}],"about":[{"href":"https:\/\/www.africa-press.net\/tchad\/wp-json\/wp\/v2\/types\/post"}],"author":[{"embeddable":true,"href":"https:\/\/www.africa-press.net\/tchad\/wp-json\/wp\/v2\/users\/82"}],"replies":[{"embeddable":true,"href":"https:\/\/www.africa-press.net\/tchad\/wp-json\/wp\/v2\/comments?post=55178"}],"version-history":[{"count":0,"href":"https:\/\/www.africa-press.net\/tchad\/wp-json\/wp\/v2\/posts\/55178\/revisions"}],"wp:featuredmedia":[{"embeddable":true,"href":"https:\/\/www.africa-press.net\/tchad\/wp-json\/wp\/v2\/media\/55177"}],"wp:attachment":[{"href":"https:\/\/www.africa-press.net\/tchad\/wp-json\/wp\/v2\/media?parent=55178"}],"wp:term":[{"taxonomy":"category","embeddable":true,"href":"https:\/\/www.africa-press.net\/tchad\/wp-json\/wp\/v2\/categories?post=55178"},{"taxonomy":"post_tag","embeddable":true,"href":"https:\/\/www.africa-press.net\/tchad\/wp-json\/wp\/v2\/tags?post=55178"}],"curies":[{"name":"wp","href":"https:\/\/api.w.org\/{rel}","templated":true}]}}