{"id":55195,"date":"2023-12-06T16:22:41","date_gmt":"2023-12-06T16:22:41","guid":{"rendered":"https:\/\/www.africa-press.net\/tchad\/politique\/la-croix-rouge-du-ouaddai-commemore-la-journee-mondiale-du-volontariat"},"modified":"2023-12-06T17:25:40","modified_gmt":"2023-12-06T17:25:40","slug":"la-croix-rouge-du-ouaddai-commemore-la-journee-mondiale-du-volontariat","status":"publish","type":"post","link":"https:\/\/www.africa-press.net\/tchad\/toutes-les-actualites\/la-croix-rouge-du-ouaddai-commemore-la-journee-mondiale-du-volontariat","title":{"rendered":"la Croix-Rouge du Ouadda\u00ef comm\u00e9more la Journ\u00e9e mondiale du volontariat"},"content":{"rendered":"<p><span style=\"color: #ff6600\"><strong>Africa-Press &#8211; Tchad. <\/strong><\/span>Le sujet central de la confe\u0301rence e\u0301tait &lsquo;Le volontariat et son importance dans la socie\u0301te\u0301&rsquo;. Mahmoud Mahamat Ali, en ouverture, a de\u0301fini le volontariat comme un engagement civique altruiste, ou\u0300 les individus offrent leur temps, compe\u0301tences et e\u0301nergie sans attendre de re\u0301mune\u0301ration, pour des actions be\u0301ne\u0301fiques a\u0300 autrui et a\u0300 la communaute\u0301. Il a souligne\u0301 que ces actions peuvent varier de l&rsquo;aide humanitaire en cas de catastrophe a\u0300 la sensibilisation communautaire, l&rsquo;enseignement, le mentorat, ou la prestation de soins de sante\u0301.<\/p>\n<p>Abdelatif Youssouf a explique\u0301 que le volontariat peut s&rsquo;exercer dans divers types d&rsquo;organisations, y compris les ONG, les e\u0301tablissements de sante\u0301, les e\u0301coles, les institutions religieuses, les entreprises et les organismes gouvernementaux, sous des formes ponctuelles ou re\u0301gulie\u0300res.<\/p>\n<p>Fayc\u0327al Adam Amour a ensuite de\u0301taille\u0301 les domaines d&rsquo;intervention du volontariat, mentionnant l&rsquo;aide humanitaire, l&rsquo;e\u0301ducation, la sante\u0301, la protection de l&rsquo;environnement, et la de\u0301fense des droits et le plaidoyer. Il a souligne\u0301 que le volontariat be\u0301ne\u0301ficie non seulement a\u0300 la socie\u0301te\u0301 en re\u0301pondant a\u0300 des besoins essentiels, mais aussi aux volontaires eux-me\u0302mes en renforc\u0327ant leur bien-e\u0302tre et leur sentiment d&rsquo;appartenance a\u0300 la communaute\u0301.<\/p>\n<p>La confe\u0301rence s&rsquo;est conclue par une session de questions-re\u0301ponses, permettant aux participants d&rsquo;approfondir leur compre\u0301hension du sujet.<\/p>\n<p><strong>Pour plus d&rsquo;informations et d&rsquo;analyses sur la <a href=\"https:\/\/www.africa-press.net\/tchad\">Tchad<\/a>, suivez <a href=\"https:\/\/www.africa-press.net\/\">Africa-Press<\/a><\/strong><\/p>\n","protected":false},"excerpt":{"rendered":"<p>Africa-Press &#8211; Tchad. Le sujet central de la confe\u0301rence e\u0301tait &lsquo;Le volontariat et son importance dans la socie\u0301te\u0301&rsquo;. Mahmoud Mahamat Ali, en ouverture, a de\u0301fini le volontariat comme un engagement civique altruiste, ou\u0300 les individus offrent leur temps, compe\u0301tences et e\u0301nergie sans attendre de re\u0301mune\u0301ration, pour des actions be\u0301ne\u0301fiques a\u0300 autrui et a\u0300 la communaute\u0301. [&hellip;]<\/p>\n","protected":false},"author":82,"featured_media":55193,"comment_status":"open","ping_status":"closed","sticky":false,"template":"","format":"standard","meta":{"footnotes":""},"categories":[21,10],"tags":[37,292,29],"class_list":["post-55195","post","type-post","status-publish","format-standard","has-post-thumbnail","hentry","category-communaute","category-toutes-les-actualites","tag-africa-press","tag-africa-press-tchad","tag-tchad"],"yoast_head":"<!-- This site is optimized with the Yoast SEO Premium plugin v26.1 (Yoast SEO v27.0) - https:\/\/yoast.com\/product\/yoast-seo-premium-wordpress\/ -->\n<title>la Croix-Rouge du Ouadda\u00ef comm\u00e9more la Journ\u00e9e mondiale du volontariat - tchad<\/title>\n<meta name=\"description\" content=\"Le sujet central de la confe\u0301rence e\u0301tait &#039;Le volontariat et son importance dans la socie\u0301te\u0301&#039;. Mahmoud Mahamat Ali, en ...\" \/>\n<meta name=\"robots\" content=\"index, follow, max-snippet:-1, max-image-preview:large, max-video-preview:-1\" \/>\n<link rel=\"canonical\" href=\"https:\/\/www.africa-press.net\/tchad\/toutes-les-actualites\/la-croix-rouge-du-ouaddai-commemore-la-journee-mondiale-du-volontariat\" \/>\n<meta property=\"og:locale\" content=\"fr_FR\" \/>\n<meta property=\"og:type\" content=\"article\" \/>\n<meta property=\"og:title\" content=\"la Croix-Rouge du Ouadda\u00ef comm\u00e9more la Journ\u00e9e mondiale du volontariat\" \/>\n<meta property=\"og:description\" content=\"Le sujet central de la confe\u0301rence e\u0301tait &#039;Le volontariat et son importance dans la socie\u0301te\u0301&#039;. Mahmoud Mahamat Ali, en ...\" \/>\n<meta property=\"og:url\" content=\"https:\/\/www.africa-press.net\/tchad\/toutes-les-actualites\/la-croix-rouge-du-ouaddai-commemore-la-journee-mondiale-du-volontariat\" \/>\n<meta property=\"og:site_name\" content=\"tchad\" \/>\n<meta property=\"article:published_time\" content=\"2023-12-06T16:22:41+00:00\" \/>\n<meta property=\"article:modified_time\" content=\"2023-12-06T17:25:40+00:00\" \/>\n<meta property=\"og:image\" content=\"https:\/\/static.africa-press.net\/tchad\/sites\/41\/2023\/12\/sm_1701870240.891197.jpg\" \/>\n\t<meta property=\"og:image:width\" content=\"720\" \/>\n\t<meta property=\"og:image:height\" content=\"429\" \/>\n\t<meta property=\"og:image:type\" content=\"image\/jpeg\" \/>\n<meta name=\"author\" content=\"cfeditorfr\" \/>\n<meta name=\"twitter:card\" content=\"summary_large_image\" \/>\n<meta name=\"twitter:label1\" content=\"\u00c9crit par\" \/>\n\t<meta name=\"twitter:data1\" content=\"cfeditorfr\" \/>\n\t<meta name=\"twitter:label2\" content=\"Dur\u00e9e de lecture estim\u00e9e\" \/>\n\t<meta name=\"twitter:data2\" content=\"1 minute\" \/>\n<script type=\"application\/ld+json\" class=\"yoast-schema-graph\">{\"@context\":\"https:\/\/schema.org\",\"@graph\":[{\"@type\":\"Article\",\"@id\":\"https:\/\/www.africa-press.net\/tchad\/toutes-les-actualites\/la-croix-rouge-du-ouaddai-commemore-la-journee-mondiale-du-volontariat#article\",\"isPartOf\":{\"@id\":\"https:\/\/www.africa-press.net\/tchad\/toutes-les-actualites\/la-croix-rouge-du-ouaddai-commemore-la-journee-mondiale-du-volontariat\"},\"author\":{\"name\":\"cfeditorfr\",\"@id\":\"https:\/\/www.africa-press.net\/tchad\/#\/schema\/person\/2b1cf3cd81a31e3cd26889ca66d677f1\"},\"headline\":\"la Croix-Rouge du Ouadda\u00ef comm\u00e9more la Journ\u00e9e mondiale du volontariat\",\"datePublished\":\"2023-12-06T16:22:41+00:00\",\"dateModified\":\"2023-12-06T17:25:40+00:00\",\"mainEntityOfPage\":{\"@id\":\"https:\/\/www.africa-press.net\/tchad\/toutes-les-actualites\/la-croix-rouge-du-ouaddai-commemore-la-journee-mondiale-du-volontariat\"},\"wordCount\":265,\"commentCount\":0,\"image\":{\"@id\":\"https:\/\/www.africa-press.net\/tchad\/toutes-les-actualites\/la-croix-rouge-du-ouaddai-commemore-la-journee-mondiale-du-volontariat#primaryimage\"},\"thumbnailUrl\":\"https:\/\/static.africa-press.net\/tchad\/sites\/41\/2023\/12\/sm_1701870240.891197.jpg\",\"keywords\":[\"Africa Press\",\"Africa Press-Tchad\",\"Tchad\"],\"articleSection\":[\"Communaut\u00e9\",\"Toutes les actualit\u00e9s\"],\"inLanguage\":\"fr-FR\",\"potentialAction\":[{\"@type\":\"CommentAction\",\"name\":\"Comment\",\"target\":[\"https:\/\/www.africa-press.net\/tchad\/toutes-les-actualites\/la-croix-rouge-du-ouaddai-commemore-la-journee-mondiale-du-volontariat#respond\"]}]},{\"@type\":\"WebPage\",\"@id\":\"https:\/\/www.africa-press.net\/tchad\/toutes-les-actualites\/la-croix-rouge-du-ouaddai-commemore-la-journee-mondiale-du-volontariat\",\"url\":\"https:\/\/www.africa-press.net\/tchad\/toutes-les-actualites\/la-croix-rouge-du-ouaddai-commemore-la-journee-mondiale-du-volontariat\",\"name\":\"la Croix-Rouge du Ouadda\u00ef comm\u00e9more la Journ\u00e9e mondiale du volontariat - tchad\",\"isPartOf\":{\"@id\":\"https:\/\/www.africa-press.net\/tchad\/#website\"},\"primaryImageOfPage\":{\"@id\":\"https:\/\/www.africa-press.net\/tchad\/toutes-les-actualites\/la-croix-rouge-du-ouaddai-commemore-la-journee-mondiale-du-volontariat#primaryimage\"},\"image\":{\"@id\":\"https:\/\/www.africa-press.net\/tchad\/toutes-les-actualites\/la-croix-rouge-du-ouaddai-commemore-la-journee-mondiale-du-volontariat#primaryimage\"},\"thumbnailUrl\":\"https:\/\/static.africa-press.net\/tchad\/sites\/41\/2023\/12\/sm_1701870240.891197.jpg\",\"datePublished\":\"2023-12-06T16:22:41+00:00\",\"dateModified\":\"2023-12-06T17:25:40+00:00\",\"author\":{\"@id\":\"https:\/\/www.africa-press.net\/tchad\/#\/schema\/person\/2b1cf3cd81a31e3cd26889ca66d677f1\"},\"description\":\"Le sujet central de la confe\u0301rence e\u0301tait 'Le volontariat et son importance dans la socie\u0301te\u0301'. Mahmoud Mahamat Ali, en ...\",\"breadcrumb\":{\"@id\":\"https:\/\/www.africa-press.net\/tchad\/toutes-les-actualites\/la-croix-rouge-du-ouaddai-commemore-la-journee-mondiale-du-volontariat#breadcrumb\"},\"inLanguage\":\"fr-FR\",\"potentialAction\":[{\"@type\":\"ReadAction\",\"target\":[\"https:\/\/www.africa-press.net\/tchad\/toutes-les-actualites\/la-croix-rouge-du-ouaddai-commemore-la-journee-mondiale-du-volontariat\"]}]},{\"@type\":\"ImageObject\",\"inLanguage\":\"fr-FR\",\"@id\":\"https:\/\/www.africa-press.net\/tchad\/toutes-les-actualites\/la-croix-rouge-du-ouaddai-commemore-la-journee-mondiale-du-volontariat#primaryimage\",\"url\":\"https:\/\/static.africa-press.net\/tchad\/sites\/41\/2023\/12\/sm_1701870240.891197.jpg\",\"contentUrl\":\"https:\/\/static.africa-press.net\/tchad\/sites\/41\/2023\/12\/sm_1701870240.891197.jpg\",\"width\":720,\"height\":429,\"caption\":\"la Croix-Rouge du Ouadda\u00ef comm\u00e9more la Journ\u00e9e mondiale du volontariat\"},{\"@type\":\"BreadcrumbList\",\"@id\":\"https:\/\/www.africa-press.net\/tchad\/toutes-les-actualites\/la-croix-rouge-du-ouaddai-commemore-la-journee-mondiale-du-volontariat#breadcrumb\",\"itemListElement\":[{\"@type\":\"ListItem\",\"position\":1,\"name\":\"Accueil\",\"item\":\"https:\/\/www.africa-press.net\/tchad\/\"},{\"@type\":\"ListItem\",\"position\":2,\"name\":\"la Croix-Rouge du Ouadda\u00ef comm\u00e9more la Journ\u00e9e mondiale du volontariat\"}]},{\"@type\":\"WebSite\",\"@id\":\"https:\/\/www.africa-press.net\/tchad\/#website\",\"url\":\"https:\/\/www.africa-press.net\/tchad\/\",\"name\":\"tchad\",\"description\":\"Just another Africa News Agency Sites site\",\"potentialAction\":[{\"@type\":\"SearchAction\",\"target\":{\"@type\":\"EntryPoint\",\"urlTemplate\":\"https:\/\/www.africa-press.net\/tchad\/?s={search_term_string}\"},\"query-input\":{\"@type\":\"PropertyValueSpecification\",\"valueRequired\":true,\"valueName\":\"search_term_string\"}}],\"inLanguage\":\"fr-FR\"},{\"@type\":\"Person\",\"@id\":\"https:\/\/www.africa-press.net\/tchad\/#\/schema\/person\/2b1cf3cd81a31e3cd26889ca66d677f1\",\"name\":\"cfeditorfr\"}]}<\/script>\n<!-- \/ Yoast SEO Premium plugin. -->","yoast_head_json":{"title":"la Croix-Rouge du Ouadda\u00ef comm\u00e9more la Journ\u00e9e mondiale du volontariat - tchad","description":"Le sujet central de la confe\u0301rence e\u0301tait 'Le volontariat et son importance dans la socie\u0301te\u0301'. Mahmoud Mahamat Ali, en ...","robots":{"index":"index","follow":"follow","max-snippet":"max-snippet:-1","max-image-preview":"max-image-preview:large","max-video-preview":"max-video-preview:-1"},"canonical":"https:\/\/www.africa-press.net\/tchad\/toutes-les-actualites\/la-croix-rouge-du-ouaddai-commemore-la-journee-mondiale-du-volontariat","og_locale":"fr_FR","og_type":"article","og_title":"la Croix-Rouge du Ouadda\u00ef comm\u00e9more la Journ\u00e9e mondiale du volontariat","og_description":"Le sujet central de la confe\u0301rence e\u0301tait 'Le volontariat et son importance dans la socie\u0301te\u0301'. Mahmoud Mahamat Ali, en ...","og_url":"https:\/\/www.africa-press.net\/tchad\/toutes-les-actualites\/la-croix-rouge-du-ouaddai-commemore-la-journee-mondiale-du-volontariat","og_site_name":"tchad","article_published_time":"2023-12-06T16:22:41+00:00","article_modified_time":"2023-12-06T17:25:40+00:00","og_image":[{"width":720,"height":429,"url":"https:\/\/static.africa-press.net\/tchad\/sites\/41\/2023\/12\/sm_1701870240.891197.jpg","type":"image\/jpeg"}],"author":"cfeditorfr","twitter_card":"summary_large_image","twitter_misc":{"\u00c9crit par":"cfeditorfr","Dur\u00e9e de lecture estim\u00e9e":"1 minute"},"schema":{"@context":"https:\/\/schema.org","@graph":[{"@type":"Article","@id":"https:\/\/www.africa-press.net\/tchad\/toutes-les-actualites\/la-croix-rouge-du-ouaddai-commemore-la-journee-mondiale-du-volontariat#article","isPartOf":{"@id":"https:\/\/www.africa-press.net\/tchad\/toutes-les-actualites\/la-croix-rouge-du-ouaddai-commemore-la-journee-mondiale-du-volontariat"},"author":{"name":"cfeditorfr","@id":"https:\/\/www.africa-press.net\/tchad\/#\/schema\/person\/2b1cf3cd81a31e3cd26889ca66d677f1"},"headline":"la Croix-Rouge du Ouadda\u00ef comm\u00e9more la Journ\u00e9e mondiale du volontariat","datePublished":"2023-12-06T16:22:41+00:00","dateModified":"2023-12-06T17:25:40+00:00","mainEntityOfPage":{"@id":"https:\/\/www.africa-press.net\/tchad\/toutes-les-actualites\/la-croix-rouge-du-ouaddai-commemore-la-journee-mondiale-du-volontariat"},"wordCount":265,"commentCount":0,"image":{"@id":"https:\/\/www.africa-press.net\/tchad\/toutes-les-actualites\/la-croix-rouge-du-ouaddai-commemore-la-journee-mondiale-du-volontariat#primaryimage"},"thumbnailUrl":"https:\/\/static.africa-press.net\/tchad\/sites\/41\/2023\/12\/sm_1701870240.891197.jpg","keywords":["Africa Press","Africa Press-Tchad","Tchad"],"articleSection":["Communaut\u00e9","Toutes les actualit\u00e9s"],"inLanguage":"fr-FR","potentialAction":[{"@type":"CommentAction","name":"Comment","target":["https:\/\/www.africa-press.net\/tchad\/toutes-les-actualites\/la-croix-rouge-du-ouaddai-commemore-la-journee-mondiale-du-volontariat#respond"]}]},{"@type":"WebPage","@id":"https:\/\/www.africa-press.net\/tchad\/toutes-les-actualites\/la-croix-rouge-du-ouaddai-commemore-la-journee-mondiale-du-volontariat","url":"https:\/\/www.africa-press.net\/tchad\/toutes-les-actualites\/la-croix-rouge-du-ouaddai-commemore-la-journee-mondiale-du-volontariat","name":"la Croix-Rouge du Ouadda\u00ef comm\u00e9more la Journ\u00e9e mondiale du volontariat - tchad","isPartOf":{"@id":"https:\/\/www.africa-press.net\/tchad\/#website"},"primaryImageOfPage":{"@id":"https:\/\/www.africa-press.net\/tchad\/toutes-les-actualites\/la-croix-rouge-du-ouaddai-commemore-la-journee-mondiale-du-volontariat#primaryimage"},"image":{"@id":"https:\/\/www.africa-press.net\/tchad\/toutes-les-actualites\/la-croix-rouge-du-ouaddai-commemore-la-journee-mondiale-du-volontariat#primaryimage"},"thumbnailUrl":"https:\/\/static.africa-press.net\/tchad\/sites\/41\/2023\/12\/sm_1701870240.891197.jpg","datePublished":"2023-12-06T16:22:41+00:00","dateModified":"2023-12-06T17:25:40+00:00","author":{"@id":"https:\/\/www.africa-press.net\/tchad\/#\/schema\/person\/2b1cf3cd81a31e3cd26889ca66d677f1"},"description":"Le sujet central de la confe\u0301rence e\u0301tait 'Le volontariat et son importance dans la socie\u0301te\u0301'. Mahmoud Mahamat Ali, en ...","breadcrumb":{"@id":"https:\/\/www.africa-press.net\/tchad\/toutes-les-actualites\/la-croix-rouge-du-ouaddai-commemore-la-journee-mondiale-du-volontariat#breadcrumb"},"inLanguage":"fr-FR","potentialAction":[{"@type":"ReadAction","target":["https:\/\/www.africa-press.net\/tchad\/toutes-les-actualites\/la-croix-rouge-du-ouaddai-commemore-la-journee-mondiale-du-volontariat"]}]},{"@type":"ImageObject","inLanguage":"fr-FR","@id":"https:\/\/www.africa-press.net\/tchad\/toutes-les-actualites\/la-croix-rouge-du-ouaddai-commemore-la-journee-mondiale-du-volontariat#primaryimage","url":"https:\/\/static.africa-press.net\/tchad\/sites\/41\/2023\/12\/sm_1701870240.891197.jpg","contentUrl":"https:\/\/static.africa-press.net\/tchad\/sites\/41\/2023\/12\/sm_1701870240.891197.jpg","width":720,"height":429,"caption":"la Croix-Rouge du Ouadda\u00ef comm\u00e9more la Journ\u00e9e mondiale du volontariat"},{"@type":"BreadcrumbList","@id":"https:\/\/www.africa-press.net\/tchad\/toutes-les-actualites\/la-croix-rouge-du-ouaddai-commemore-la-journee-mondiale-du-volontariat#breadcrumb","itemListElement":[{"@type":"ListItem","position":1,"name":"Accueil","item":"https:\/\/www.africa-press.net\/tchad\/"},{"@type":"ListItem","position":2,"name":"la Croix-Rouge du Ouadda\u00ef comm\u00e9more la Journ\u00e9e mondiale du volontariat"}]},{"@type":"WebSite","@id":"https:\/\/www.africa-press.net\/tchad\/#website","url":"https:\/\/www.africa-press.net\/tchad\/","name":"tchad","description":"Just another Africa News Agency Sites site","potentialAction":[{"@type":"SearchAction","target":{"@type":"EntryPoint","urlTemplate":"https:\/\/www.africa-press.net\/tchad\/?s={search_term_string}"},"query-input":{"@type":"PropertyValueSpecification","valueRequired":true,"valueName":"search_term_string"}}],"inLanguage":"fr-FR"},{"@type":"Person","@id":"https:\/\/www.africa-press.net\/tchad\/#\/schema\/person\/2b1cf3cd81a31e3cd26889ca66d677f1","name":"cfeditorfr"}]}},"_links":{"self":[{"href":"https:\/\/www.africa-press.net\/tchad\/wp-json\/wp\/v2\/posts\/55195","targetHints":{"allow":["GET"]}}],"collection":[{"href":"https:\/\/www.africa-press.net\/tchad\/wp-json\/wp\/v2\/posts"}],"about":[{"href":"https:\/\/www.africa-press.net\/tchad\/wp-json\/wp\/v2\/types\/post"}],"author":[{"embeddable":true,"href":"https:\/\/www.africa-press.net\/tchad\/wp-json\/wp\/v2\/users\/82"}],"replies":[{"embeddable":true,"href":"https:\/\/www.africa-press.net\/tchad\/wp-json\/wp\/v2\/comments?post=55195"}],"version-history":[{"count":0,"href":"https:\/\/www.africa-press.net\/tchad\/wp-json\/wp\/v2\/posts\/55195\/revisions"}],"wp:featuredmedia":[{"embeddable":true,"href":"https:\/\/www.africa-press.net\/tchad\/wp-json\/wp\/v2\/media\/55193"}],"wp:attachment":[{"href":"https:\/\/www.africa-press.net\/tchad\/wp-json\/wp\/v2\/media?parent=55195"}],"wp:term":[{"taxonomy":"category","embeddable":true,"href":"https:\/\/www.africa-press.net\/tchad\/wp-json\/wp\/v2\/categories?post=55195"},{"taxonomy":"post_tag","embeddable":true,"href":"https:\/\/www.africa-press.net\/tchad\/wp-json\/wp\/v2\/tags?post=55195"}],"curies":[{"name":"wp","href":"https:\/\/api.w.org\/{rel}","templated":true}]}}