{"id":55198,"date":"2023-12-06T16:28:36","date_gmt":"2023-12-06T16:28:36","guid":{"rendered":"https:\/\/www.africa-press.net\/tchad\/politique\/une-campagne-dynamique-au-marche-dati-pour-le-oui-au-referendum"},"modified":"2023-12-06T17:26:01","modified_gmt":"2023-12-06T17:26:01","slug":"une-campagne-dynamique-au-marche-dati-pour-le-oui-au-referendum","status":"publish","type":"post","link":"https:\/\/www.africa-press.net\/tchad\/politique\/une-campagne-dynamique-au-marche-dati-pour-le-oui-au-referendum","title":{"rendered":"une campagne dynamique au march\u00e9 d&rsquo;Ati pour le &lsquo;Oui&rsquo; au r\u00e9f\u00e9rendum"},"content":{"rendered":"<p><span style=\"color: #ff6600\"><strong>Africa-Press &#8211; Tchad. <\/strong><\/span>Durant sa visite, Mme Moussa a aborde\u0301 les commerc\u0327antes et les conducteurs de moto-taxis, les encourageant a\u0300 retirer leurs cartes d&rsquo;e\u0301lecteur en pre\u0301vision du re\u0301fe\u0301rendum. Elle a souligne\u0301 l&rsquo;importance de la participation active des citoyens tchadiens a\u0300 ce processus, conside\u0301re\u0301 comme essentiel pour la refondation et la renaissance du Tchad.<\/p>\n<p>Mme Moussa a insiste\u0301 sur le choix de la forme de l\u2019E\u0301tat unitaire pour garantir les droits de l\u2019homme et les acquis sociaux. Elle est convaincue que le vote \u00ab\u00a0oui\u00a0\u00bb au re\u0301fe\u0301rendum permettra de surmonter les difficulte\u0301s actuelles et d&rsquo;ouvrir la voie a\u0300 un Tchad renouvele\u0301 et uni. \u00ab\u00a0En votant &lsquo;oui&rsquo;, nous laissons derrie\u0300re nous les e\u0301preuves pour embrasser un avenir prometteur avec des projets innovants de la transition. Notre unite\u0301 et notre participation massive sont cruciales pour un Tchad nouveau\u00a0\u00bb, a-t-elle de\u0301clare\u0301.<\/p>\n<p><strong>Pour plus d&rsquo;informations et d&rsquo;analyses sur la <a href=\"https:\/\/www.africa-press.net\/tchad\">Tchad<\/a>, suivez <a href=\"https:\/\/www.africa-press.net\/\">Africa-Press<\/a><\/strong><\/p>\n","protected":false},"excerpt":{"rendered":"<p>Africa-Press &#8211; Tchad. Durant sa visite, Mme Moussa a aborde\u0301 les commerc\u0327antes et les conducteurs de moto-taxis, les encourageant a\u0300 retirer leurs cartes d&rsquo;e\u0301lecteur en pre\u0301vision du re\u0301fe\u0301rendum. Elle a souligne\u0301 l&rsquo;importance de la participation active des citoyens tchadiens a\u0300 ce processus, conside\u0301re\u0301 comme essentiel pour la refondation et la renaissance du Tchad. Mme Moussa [&hellip;]<\/p>\n","protected":false},"author":82,"featured_media":55196,"comment_status":"open","ping_status":"closed","sticky":false,"template":"","format":"standard","meta":{"footnotes":""},"categories":[2,10],"tags":[37,292,29],"class_list":["post-55198","post","type-post","status-publish","format-standard","has-post-thumbnail","hentry","category-politique","category-toutes-les-actualites","tag-africa-press","tag-africa-press-tchad","tag-tchad"],"yoast_head":"<!-- This site is optimized with the Yoast SEO Premium plugin v26.1 (Yoast SEO v27.0) - https:\/\/yoast.com\/product\/yoast-seo-premium-wordpress\/ -->\n<title>une campagne dynamique au march\u00e9 d&#039;Ati pour le &#039;Oui&#039; au r\u00e9f\u00e9rendum - tchad<\/title>\n<meta name=\"description\" content=\"Durant sa visite, Mme Moussa a aborde\u0301 les commerc\u0327antes et les conducteurs de moto-taxis, les encourageant a\u0300 retirer l ...\" \/>\n<meta name=\"robots\" content=\"index, follow, max-snippet:-1, max-image-preview:large, max-video-preview:-1\" \/>\n<link rel=\"canonical\" href=\"https:\/\/www.africa-press.net\/tchad\/politique\/une-campagne-dynamique-au-marche-dati-pour-le-oui-au-referendum\" \/>\n<meta property=\"og:locale\" content=\"fr_FR\" \/>\n<meta property=\"og:type\" content=\"article\" \/>\n<meta property=\"og:title\" content=\"une campagne dynamique au march\u00e9 d&#039;Ati pour le &#039;Oui&#039; au r\u00e9f\u00e9rendum\" \/>\n<meta property=\"og:description\" content=\"Durant sa visite, Mme Moussa a aborde\u0301 les commerc\u0327antes et les conducteurs de moto-taxis, les encourageant a\u0300 retirer l ...\" \/>\n<meta property=\"og:url\" content=\"https:\/\/www.africa-press.net\/tchad\/politique\/une-campagne-dynamique-au-marche-dati-pour-le-oui-au-referendum\" \/>\n<meta property=\"og:site_name\" content=\"tchad\" \/>\n<meta property=\"article:published_time\" content=\"2023-12-06T16:28:36+00:00\" \/>\n<meta property=\"article:modified_time\" content=\"2023-12-06T17:26:01+00:00\" \/>\n<meta property=\"og:image\" content=\"https:\/\/static.africa-press.net\/tchad\/sites\/41\/2023\/12\/sm_1701870271.686683.jpg\" \/>\n\t<meta property=\"og:image:width\" content=\"960\" \/>\n\t<meta property=\"og:image:height\" content=\"540\" \/>\n\t<meta property=\"og:image:type\" content=\"image\/jpeg\" \/>\n<meta name=\"author\" content=\"cfeditorfr\" \/>\n<meta name=\"twitter:card\" content=\"summary_large_image\" \/>\n<meta name=\"twitter:label1\" content=\"\u00c9crit par\" \/>\n\t<meta name=\"twitter:data1\" content=\"cfeditorfr\" \/>\n\t<meta name=\"twitter:label2\" content=\"Dur\u00e9e de lecture estim\u00e9e\" \/>\n\t<meta name=\"twitter:data2\" content=\"1 minute\" \/>\n<script type=\"application\/ld+json\" class=\"yoast-schema-graph\">{\"@context\":\"https:\/\/schema.org\",\"@graph\":[{\"@type\":\"Article\",\"@id\":\"https:\/\/www.africa-press.net\/tchad\/politique\/une-campagne-dynamique-au-marche-dati-pour-le-oui-au-referendum#article\",\"isPartOf\":{\"@id\":\"https:\/\/www.africa-press.net\/tchad\/politique\/une-campagne-dynamique-au-marche-dati-pour-le-oui-au-referendum\"},\"author\":{\"name\":\"cfeditorfr\",\"@id\":\"https:\/\/www.africa-press.net\/tchad\/#\/schema\/person\/2b1cf3cd81a31e3cd26889ca66d677f1\"},\"headline\":\"une campagne dynamique au march\u00e9 d&rsquo;Ati pour le &lsquo;Oui&rsquo; au r\u00e9f\u00e9rendum\",\"datePublished\":\"2023-12-06T16:28:36+00:00\",\"dateModified\":\"2023-12-06T17:26:01+00:00\",\"mainEntityOfPage\":{\"@id\":\"https:\/\/www.africa-press.net\/tchad\/politique\/une-campagne-dynamique-au-marche-dati-pour-le-oui-au-referendum\"},\"wordCount\":180,\"commentCount\":0,\"image\":{\"@id\":\"https:\/\/www.africa-press.net\/tchad\/politique\/une-campagne-dynamique-au-marche-dati-pour-le-oui-au-referendum#primaryimage\"},\"thumbnailUrl\":\"https:\/\/static.africa-press.net\/tchad\/sites\/41\/2023\/12\/sm_1701870271.686683.jpg\",\"keywords\":[\"Africa Press\",\"Africa Press-Tchad\",\"Tchad\"],\"articleSection\":[\"Politique\",\"Toutes les actualit\u00e9s\"],\"inLanguage\":\"fr-FR\",\"potentialAction\":[{\"@type\":\"CommentAction\",\"name\":\"Comment\",\"target\":[\"https:\/\/www.africa-press.net\/tchad\/politique\/une-campagne-dynamique-au-marche-dati-pour-le-oui-au-referendum#respond\"]}]},{\"@type\":\"WebPage\",\"@id\":\"https:\/\/www.africa-press.net\/tchad\/politique\/une-campagne-dynamique-au-marche-dati-pour-le-oui-au-referendum\",\"url\":\"https:\/\/www.africa-press.net\/tchad\/politique\/une-campagne-dynamique-au-marche-dati-pour-le-oui-au-referendum\",\"name\":\"une campagne dynamique au march\u00e9 d'Ati pour le 'Oui' au r\u00e9f\u00e9rendum - tchad\",\"isPartOf\":{\"@id\":\"https:\/\/www.africa-press.net\/tchad\/#website\"},\"primaryImageOfPage\":{\"@id\":\"https:\/\/www.africa-press.net\/tchad\/politique\/une-campagne-dynamique-au-marche-dati-pour-le-oui-au-referendum#primaryimage\"},\"image\":{\"@id\":\"https:\/\/www.africa-press.net\/tchad\/politique\/une-campagne-dynamique-au-marche-dati-pour-le-oui-au-referendum#primaryimage\"},\"thumbnailUrl\":\"https:\/\/static.africa-press.net\/tchad\/sites\/41\/2023\/12\/sm_1701870271.686683.jpg\",\"datePublished\":\"2023-12-06T16:28:36+00:00\",\"dateModified\":\"2023-12-06T17:26:01+00:00\",\"author\":{\"@id\":\"https:\/\/www.africa-press.net\/tchad\/#\/schema\/person\/2b1cf3cd81a31e3cd26889ca66d677f1\"},\"description\":\"Durant sa visite, Mme Moussa a aborde\u0301 les commerc\u0327antes et les conducteurs de moto-taxis, les encourageant a\u0300 retirer l ...\",\"breadcrumb\":{\"@id\":\"https:\/\/www.africa-press.net\/tchad\/politique\/une-campagne-dynamique-au-marche-dati-pour-le-oui-au-referendum#breadcrumb\"},\"inLanguage\":\"fr-FR\",\"potentialAction\":[{\"@type\":\"ReadAction\",\"target\":[\"https:\/\/www.africa-press.net\/tchad\/politique\/une-campagne-dynamique-au-marche-dati-pour-le-oui-au-referendum\"]}]},{\"@type\":\"ImageObject\",\"inLanguage\":\"fr-FR\",\"@id\":\"https:\/\/www.africa-press.net\/tchad\/politique\/une-campagne-dynamique-au-marche-dati-pour-le-oui-au-referendum#primaryimage\",\"url\":\"https:\/\/static.africa-press.net\/tchad\/sites\/41\/2023\/12\/sm_1701870271.686683.jpg\",\"contentUrl\":\"https:\/\/static.africa-press.net\/tchad\/sites\/41\/2023\/12\/sm_1701870271.686683.jpg\",\"width\":960,\"height\":540,\"caption\":\"une campagne dynamique au march\u00e9 d'Ati pour le 'Oui' au r\u00e9f\u00e9rendum\"},{\"@type\":\"BreadcrumbList\",\"@id\":\"https:\/\/www.africa-press.net\/tchad\/politique\/une-campagne-dynamique-au-marche-dati-pour-le-oui-au-referendum#breadcrumb\",\"itemListElement\":[{\"@type\":\"ListItem\",\"position\":1,\"name\":\"Accueil\",\"item\":\"https:\/\/www.africa-press.net\/tchad\/\"},{\"@type\":\"ListItem\",\"position\":2,\"name\":\"une campagne dynamique au march\u00e9 d&#8217;Ati pour le &#8216;Oui&#8217; au r\u00e9f\u00e9rendum\"}]},{\"@type\":\"WebSite\",\"@id\":\"https:\/\/www.africa-press.net\/tchad\/#website\",\"url\":\"https:\/\/www.africa-press.net\/tchad\/\",\"name\":\"tchad\",\"description\":\"Just another Africa News Agency Sites site\",\"potentialAction\":[{\"@type\":\"SearchAction\",\"target\":{\"@type\":\"EntryPoint\",\"urlTemplate\":\"https:\/\/www.africa-press.net\/tchad\/?s={search_term_string}\"},\"query-input\":{\"@type\":\"PropertyValueSpecification\",\"valueRequired\":true,\"valueName\":\"search_term_string\"}}],\"inLanguage\":\"fr-FR\"},{\"@type\":\"Person\",\"@id\":\"https:\/\/www.africa-press.net\/tchad\/#\/schema\/person\/2b1cf3cd81a31e3cd26889ca66d677f1\",\"name\":\"cfeditorfr\"}]}<\/script>\n<!-- \/ Yoast SEO Premium plugin. -->","yoast_head_json":{"title":"une campagne dynamique au march\u00e9 d'Ati pour le 'Oui' au r\u00e9f\u00e9rendum - tchad","description":"Durant sa visite, Mme Moussa a aborde\u0301 les commerc\u0327antes et les conducteurs de moto-taxis, les encourageant a\u0300 retirer l ...","robots":{"index":"index","follow":"follow","max-snippet":"max-snippet:-1","max-image-preview":"max-image-preview:large","max-video-preview":"max-video-preview:-1"},"canonical":"https:\/\/www.africa-press.net\/tchad\/politique\/une-campagne-dynamique-au-marche-dati-pour-le-oui-au-referendum","og_locale":"fr_FR","og_type":"article","og_title":"une campagne dynamique au march\u00e9 d'Ati pour le 'Oui' au r\u00e9f\u00e9rendum","og_description":"Durant sa visite, Mme Moussa a aborde\u0301 les commerc\u0327antes et les conducteurs de moto-taxis, les encourageant a\u0300 retirer l ...","og_url":"https:\/\/www.africa-press.net\/tchad\/politique\/une-campagne-dynamique-au-marche-dati-pour-le-oui-au-referendum","og_site_name":"tchad","article_published_time":"2023-12-06T16:28:36+00:00","article_modified_time":"2023-12-06T17:26:01+00:00","og_image":[{"width":960,"height":540,"url":"https:\/\/static.africa-press.net\/tchad\/sites\/41\/2023\/12\/sm_1701870271.686683.jpg","type":"image\/jpeg"}],"author":"cfeditorfr","twitter_card":"summary_large_image","twitter_misc":{"\u00c9crit par":"cfeditorfr","Dur\u00e9e de lecture estim\u00e9e":"1 minute"},"schema":{"@context":"https:\/\/schema.org","@graph":[{"@type":"Article","@id":"https:\/\/www.africa-press.net\/tchad\/politique\/une-campagne-dynamique-au-marche-dati-pour-le-oui-au-referendum#article","isPartOf":{"@id":"https:\/\/www.africa-press.net\/tchad\/politique\/une-campagne-dynamique-au-marche-dati-pour-le-oui-au-referendum"},"author":{"name":"cfeditorfr","@id":"https:\/\/www.africa-press.net\/tchad\/#\/schema\/person\/2b1cf3cd81a31e3cd26889ca66d677f1"},"headline":"une campagne dynamique au march\u00e9 d&rsquo;Ati pour le &lsquo;Oui&rsquo; au r\u00e9f\u00e9rendum","datePublished":"2023-12-06T16:28:36+00:00","dateModified":"2023-12-06T17:26:01+00:00","mainEntityOfPage":{"@id":"https:\/\/www.africa-press.net\/tchad\/politique\/une-campagne-dynamique-au-marche-dati-pour-le-oui-au-referendum"},"wordCount":180,"commentCount":0,"image":{"@id":"https:\/\/www.africa-press.net\/tchad\/politique\/une-campagne-dynamique-au-marche-dati-pour-le-oui-au-referendum#primaryimage"},"thumbnailUrl":"https:\/\/static.africa-press.net\/tchad\/sites\/41\/2023\/12\/sm_1701870271.686683.jpg","keywords":["Africa Press","Africa Press-Tchad","Tchad"],"articleSection":["Politique","Toutes les actualit\u00e9s"],"inLanguage":"fr-FR","potentialAction":[{"@type":"CommentAction","name":"Comment","target":["https:\/\/www.africa-press.net\/tchad\/politique\/une-campagne-dynamique-au-marche-dati-pour-le-oui-au-referendum#respond"]}]},{"@type":"WebPage","@id":"https:\/\/www.africa-press.net\/tchad\/politique\/une-campagne-dynamique-au-marche-dati-pour-le-oui-au-referendum","url":"https:\/\/www.africa-press.net\/tchad\/politique\/une-campagne-dynamique-au-marche-dati-pour-le-oui-au-referendum","name":"une campagne dynamique au march\u00e9 d'Ati pour le 'Oui' au r\u00e9f\u00e9rendum - tchad","isPartOf":{"@id":"https:\/\/www.africa-press.net\/tchad\/#website"},"primaryImageOfPage":{"@id":"https:\/\/www.africa-press.net\/tchad\/politique\/une-campagne-dynamique-au-marche-dati-pour-le-oui-au-referendum#primaryimage"},"image":{"@id":"https:\/\/www.africa-press.net\/tchad\/politique\/une-campagne-dynamique-au-marche-dati-pour-le-oui-au-referendum#primaryimage"},"thumbnailUrl":"https:\/\/static.africa-press.net\/tchad\/sites\/41\/2023\/12\/sm_1701870271.686683.jpg","datePublished":"2023-12-06T16:28:36+00:00","dateModified":"2023-12-06T17:26:01+00:00","author":{"@id":"https:\/\/www.africa-press.net\/tchad\/#\/schema\/person\/2b1cf3cd81a31e3cd26889ca66d677f1"},"description":"Durant sa visite, Mme Moussa a aborde\u0301 les commerc\u0327antes et les conducteurs de moto-taxis, les encourageant a\u0300 retirer l ...","breadcrumb":{"@id":"https:\/\/www.africa-press.net\/tchad\/politique\/une-campagne-dynamique-au-marche-dati-pour-le-oui-au-referendum#breadcrumb"},"inLanguage":"fr-FR","potentialAction":[{"@type":"ReadAction","target":["https:\/\/www.africa-press.net\/tchad\/politique\/une-campagne-dynamique-au-marche-dati-pour-le-oui-au-referendum"]}]},{"@type":"ImageObject","inLanguage":"fr-FR","@id":"https:\/\/www.africa-press.net\/tchad\/politique\/une-campagne-dynamique-au-marche-dati-pour-le-oui-au-referendum#primaryimage","url":"https:\/\/static.africa-press.net\/tchad\/sites\/41\/2023\/12\/sm_1701870271.686683.jpg","contentUrl":"https:\/\/static.africa-press.net\/tchad\/sites\/41\/2023\/12\/sm_1701870271.686683.jpg","width":960,"height":540,"caption":"une campagne dynamique au march\u00e9 d'Ati pour le 'Oui' au r\u00e9f\u00e9rendum"},{"@type":"BreadcrumbList","@id":"https:\/\/www.africa-press.net\/tchad\/politique\/une-campagne-dynamique-au-marche-dati-pour-le-oui-au-referendum#breadcrumb","itemListElement":[{"@type":"ListItem","position":1,"name":"Accueil","item":"https:\/\/www.africa-press.net\/tchad\/"},{"@type":"ListItem","position":2,"name":"une campagne dynamique au march\u00e9 d&#8217;Ati pour le &#8216;Oui&#8217; au r\u00e9f\u00e9rendum"}]},{"@type":"WebSite","@id":"https:\/\/www.africa-press.net\/tchad\/#website","url":"https:\/\/www.africa-press.net\/tchad\/","name":"tchad","description":"Just another Africa News Agency Sites site","potentialAction":[{"@type":"SearchAction","target":{"@type":"EntryPoint","urlTemplate":"https:\/\/www.africa-press.net\/tchad\/?s={search_term_string}"},"query-input":{"@type":"PropertyValueSpecification","valueRequired":true,"valueName":"search_term_string"}}],"inLanguage":"fr-FR"},{"@type":"Person","@id":"https:\/\/www.africa-press.net\/tchad\/#\/schema\/person\/2b1cf3cd81a31e3cd26889ca66d677f1","name":"cfeditorfr"}]}},"_links":{"self":[{"href":"https:\/\/www.africa-press.net\/tchad\/wp-json\/wp\/v2\/posts\/55198","targetHints":{"allow":["GET"]}}],"collection":[{"href":"https:\/\/www.africa-press.net\/tchad\/wp-json\/wp\/v2\/posts"}],"about":[{"href":"https:\/\/www.africa-press.net\/tchad\/wp-json\/wp\/v2\/types\/post"}],"author":[{"embeddable":true,"href":"https:\/\/www.africa-press.net\/tchad\/wp-json\/wp\/v2\/users\/82"}],"replies":[{"embeddable":true,"href":"https:\/\/www.africa-press.net\/tchad\/wp-json\/wp\/v2\/comments?post=55198"}],"version-history":[{"count":0,"href":"https:\/\/www.africa-press.net\/tchad\/wp-json\/wp\/v2\/posts\/55198\/revisions"}],"wp:featuredmedia":[{"embeddable":true,"href":"https:\/\/www.africa-press.net\/tchad\/wp-json\/wp\/v2\/media\/55196"}],"wp:attachment":[{"href":"https:\/\/www.africa-press.net\/tchad\/wp-json\/wp\/v2\/media?parent=55198"}],"wp:term":[{"taxonomy":"category","embeddable":true,"href":"https:\/\/www.africa-press.net\/tchad\/wp-json\/wp\/v2\/categories?post=55198"},{"taxonomy":"post_tag","embeddable":true,"href":"https:\/\/www.africa-press.net\/tchad\/wp-json\/wp\/v2\/tags?post=55198"}],"curies":[{"name":"wp","href":"https:\/\/api.w.org\/{rel}","templated":true}]}}