{"id":55202,"date":"2023-12-06T16:29:27","date_gmt":"2023-12-06T16:29:27","guid":{"rendered":"https:\/\/www.africa-press.net\/tchad\/politique\/le-cedpe-forme-plus-de-200-jeunes-a-adre-sur-lutilisation-positive-des-reseaux-sociaux"},"modified":"2023-12-06T17:26:31","modified_gmt":"2023-12-06T17:26:31","slug":"le-cedpe-forme-plus-de-200-jeunes-a-adre-sur-lutilisation-positive-des-reseaux-sociaux","status":"publish","type":"post","link":"https:\/\/www.africa-press.net\/tchad\/photo\/le-cedpe-forme-plus-de-200-jeunes-a-adre-sur-lutilisation-positive-des-reseaux-sociaux","title":{"rendered":"le CEDPE forme plus de 200 jeunes \u00e0 Adr\u00e9 sur l&rsquo;utilisation positive des r\u00e9seaux sociaux"},"content":{"rendered":"<p><span style=\"color: #ff6600\"><strong>Africa-Press &#8211; Tchad. <\/strong><\/span>La salle, pleine a\u0300 craquer, refle\u0301tait l&rsquo;enthousiasme et l&rsquo;inte\u0301re\u0302t marque\u0301 des jeunes pour ce sujet crucial. Les participants ont unanimement reconnu le besoin pressant de telles initiatives e\u0301ducatives.<\/p>\n<p>L&rsquo;objectif principal de la formation e\u0301tait d&rsquo;aborder les de\u0301fis spe\u0301cifiques pose\u0301s par l&rsquo;extre\u0301misme violent et le ro\u0302le potentiel des re\u0301seaux sociaux comme outils de promotion du dialogue et des valeurs de\u0301mocratiques. Les formateurs, Dr. Ahmat Yacoub Dabio, Sadam Ahmat, Abdelsalam Younous et Ahmat Djamil, ont couvert un large e\u0301ventail de sujets pertinents. La formation a mis l&rsquo;accent sur les compe\u0301tences ne\u0301cessaires pour identifier et e\u0301viter les contenus extre\u0301mistes sur les re\u0301seaux sociaux.<\/p>\n<p>Les formateurs ont souligne\u0301 comment les jeunes peuvent utiliser les re\u0301seaux sociaux de manie\u0300re constructive pour propager des messages de paix et de pre\u0301vention contre l&rsquo;extre\u0301misme. L&rsquo;un des objectifs cle\u0301s e\u0301tait d&rsquo;encourager les jeunes a\u0300 cre\u0301er des re\u0301seaux sociaux promouvant activement le dialogue et les valeurs de\u0301mocratiques.<\/p>\n<p>Parmi les conseils prodigue\u0301s, les formateurs ont insiste\u0301 sur l&rsquo;importance de s&rsquo;abstenir des discours communautaires, de profiter des aspects positifs des re\u0301seaux sociaux, de relayer des informations ve\u0301rifie\u0301es et de cre\u0301er une charte de bonne conduite dans les groupes.<\/p>\n<p>La formation a e\u0301galement aborde\u0301 les e\u0301volutions positives concernant l&rsquo;acce\u0300s a\u0300 Internet au Tchad, soulignant les efforts gouvernementaux pour re\u0301duire les cou\u0302ts et ame\u0301liorer l&rsquo;accessibilite\u0301. Les participants ont exprime\u0301 leur gratitude pour cette initiative du CEDPE, la qualifiant de cruciale pour les jeunes de\u0301sireux de jouer un ro\u0302le actif dans la pre\u0301vention de l&rsquo;extre\u0301misme et la promotion de la paix et de la de\u0301mocratie dans leur communaute\u0301.<\/p>\n\r\n                <style type=\"text\/css\">\r\n                    \r\n                    #td_uid_1_69ec5c88a58bd  .td-doubleSlider-2 .td-item1 {\r\n                        background: url(https:\/\/static.africa-press.net\/tchad\/sites\/41\/2023\/12\/sm_1701870293.581877-80x60.jpg) 0 0 no-repeat;\r\n                    }\r\n                    #td_uid_1_69ec5c88a58bd  .td-doubleSlider-2 .td-item2 {\r\n                        background: url(https:\/\/static.africa-press.net\/tchad\/sites\/41\/2023\/12\/sm_1701870307.9878-80x60.jpg) 0 0 no-repeat;\r\n                    }\r\n                <\/style>\r\n\r\n                <div id=\"td_uid_1_69ec5c88a58bd\" class=\"td-gallery td-slide-on-2-columns\">\r\n                    <div class=\"post_td_gallery\">\r\n                        <div class=\"td-gallery-slide-top\">\r\n                           <div class=\"td-gallery-title\"><\/div>\r\n\r\n                            <div class=\"td-gallery-controls-wrapper\">\r\n                                <div class=\"td-gallery-slide-count\"><span class=\"td-gallery-slide-item-focus\">1<\/span> de 2<\/div>\r\n                                <div class=\"td-gallery-slide-prev-next-but\">\r\n                                    <i class = \"td-icon-left doubleSliderPrevButton\"><\/i>\r\n                                    <i class = \"td-icon-right doubleSliderNextButton\"><\/i>\r\n                                <\/div>\r\n                            <\/div>\r\n                        <\/div>\r\n\r\n                        <div class = \"td-doubleSlider-1 \">\r\n                            <div class = \"td-slider\">\r\n                                \r\n                    <div class = \"td-slide-item td-item1\">\r\n                        <figure class=\"td-slide-galery-figure td-slide-popup-gallery\">\r\n                            <a class=\"slide-gallery-image-link\" href=\"https:\/\/static.africa-press.net\/tchad\/sites\/41\/2023\/12\/sm_1701870293.581877.jpg\" title=\"sm_1701870293.581877\"  data-caption=\"\"  data-description=\"\">\r\n                                <img decoding=\"async\" src=\"https:\/\/static.africa-press.net\/tchad\/sites\/41\/2023\/12\/sm_1701870293.581877.jpg\" srcset=\"https:\/\/static.africa-press.net\/tchad\/sites\/41\/2023\/12\/sm_1701870293.581877.jpg 870w, https:\/\/static.africa-press.net\/tchad\/sites\/41\/2023\/12\/sm_1701870293.581877-300x225.jpg 300w, https:\/\/static.africa-press.net\/tchad\/sites\/41\/2023\/12\/sm_1701870293.581877-768x576.jpg 768w, https:\/\/static.africa-press.net\/tchad\/sites\/41\/2023\/12\/sm_1701870293.581877-80x60.jpg 80w\" sizes=\"(max-width: 870px) 100vw, 870px\" alt=\"\">\r\n                            <\/a>\r\n                            \r\n                        <\/figure>\r\n                    <\/div>\r\n                    <div class = \"td-slide-item td-item2\">\r\n                        <figure class=\"td-slide-galery-figure td-slide-popup-gallery\">\r\n                            <a class=\"slide-gallery-image-link\" href=\"https:\/\/static.africa-press.net\/tchad\/sites\/41\/2023\/12\/sm_1701870307.9878.jpg\" title=\"sm_1701870307.9878\"  data-caption=\"\"  data-description=\"\">\r\n                                <img decoding=\"async\" src=\"https:\/\/static.africa-press.net\/tchad\/sites\/41\/2023\/12\/sm_1701870307.9878.jpg\" srcset=\"https:\/\/static.africa-press.net\/tchad\/sites\/41\/2023\/12\/sm_1701870307.9878.jpg 870w, https:\/\/static.africa-press.net\/tchad\/sites\/41\/2023\/12\/sm_1701870307.9878-300x225.jpg 300w, https:\/\/static.africa-press.net\/tchad\/sites\/41\/2023\/12\/sm_1701870307.9878-768x576.jpg 768w, https:\/\/static.africa-press.net\/tchad\/sites\/41\/2023\/12\/sm_1701870307.9878-80x60.jpg 80w\" sizes=\"(max-width: 870px) 100vw, 870px\" alt=\"\">\r\n                            <\/a>\r\n                            \r\n                        <\/figure>\r\n                    <\/div>\r\n                            <\/div>\r\n                        <\/div>\r\n\r\n                        <div class = \"td-doubleSlider-2\">\r\n                            <div class = \"td-slider\">\r\n                                \r\n                    <div class = \"td-button td-item1\">\r\n                        <div class = \"td-border\"><\/div>\r\n                    <\/div>\r\n                    <div class = \"td-button td-item2\">\r\n                        <div class = \"td-border\"><\/div>\r\n                    <\/div>\r\n                            <\/div>\r\n                        <\/div>\r\n\r\n                    <\/div>\r\n\r\n                <\/div>\r\n                \n<p><strong>Pour plus d&rsquo;informations et d&rsquo;analyses sur la <a href=\"https:\/\/www.africa-press.net\/tchad\">Tchad<\/a>, suivez <a href=\"https:\/\/www.africa-press.net\/\">Africa-Press<\/a><\/strong><\/p>\n","protected":false},"excerpt":{"rendered":"<p>Africa-Press &#8211; Tchad. La salle, pleine a\u0300 craquer, refle\u0301tait l&rsquo;enthousiasme et l&rsquo;inte\u0301re\u0302t marque\u0301 des jeunes pour ce sujet crucial. Les participants ont unanimement reconnu le besoin pressant de telles initiatives e\u0301ducatives. L&rsquo;objectif principal de la formation e\u0301tait d&rsquo;aborder les de\u0301fis spe\u0301cifiques pose\u0301s par l&rsquo;extre\u0301misme violent et le ro\u0302le potentiel des re\u0301seaux sociaux comme outils de [&hellip;]<\/p>\n","protected":false},"author":82,"featured_media":55201,"comment_status":"open","ping_status":"closed","sticky":false,"template":"","format":"standard","meta":{"footnotes":""},"categories":[21,8,10],"tags":[37,292,29],"class_list":["post-55202","post","type-post","status-publish","format-standard","has-post-thumbnail","hentry","category-communaute","category-photo","category-toutes-les-actualites","tag-africa-press","tag-africa-press-tchad","tag-tchad"],"yoast_head":"<!-- This site is optimized with the Yoast SEO Premium plugin v26.1 (Yoast SEO v27.0) - https:\/\/yoast.com\/product\/yoast-seo-premium-wordpress\/ -->\n<title>le CEDPE forme plus de 200 jeunes \u00e0 Adr\u00e9 sur l&#039;utilisation positive des r\u00e9seaux sociaux - tchad<\/title>\n<meta name=\"description\" content=\"La salle, pleine a\u0300 craquer, refle\u0301tait l&#039;enthousiasme et l&#039;inte\u0301re\u0302t marque\u0301 des jeunes pour ce sujet crucial. Les part ...\" \/>\n<meta name=\"robots\" content=\"index, follow, max-snippet:-1, max-image-preview:large, max-video-preview:-1\" \/>\n<link rel=\"canonical\" href=\"https:\/\/www.africa-press.net\/tchad\/photo\/le-cedpe-forme-plus-de-200-jeunes-a-adre-sur-lutilisation-positive-des-reseaux-sociaux\" \/>\n<meta property=\"og:locale\" content=\"fr_FR\" \/>\n<meta property=\"og:type\" content=\"article\" \/>\n<meta property=\"og:title\" content=\"le CEDPE forme plus de 200 jeunes \u00e0 Adr\u00e9 sur l&#039;utilisation positive des r\u00e9seaux sociaux\" \/>\n<meta property=\"og:description\" content=\"La salle, pleine a\u0300 craquer, refle\u0301tait l&#039;enthousiasme et l&#039;inte\u0301re\u0302t marque\u0301 des jeunes pour ce sujet crucial. Les part ...\" \/>\n<meta property=\"og:url\" content=\"https:\/\/www.africa-press.net\/tchad\/photo\/le-cedpe-forme-plus-de-200-jeunes-a-adre-sur-lutilisation-positive-des-reseaux-sociaux\" \/>\n<meta property=\"og:site_name\" content=\"tchad\" \/>\n<meta property=\"article:published_time\" content=\"2023-12-06T16:29:27+00:00\" \/>\n<meta property=\"article:modified_time\" content=\"2023-12-06T17:26:31+00:00\" \/>\n<meta property=\"og:image\" content=\"https:\/\/static.africa-press.net\/tchad\/sites\/41\/2023\/12\/sm_1701870325.452556.jpg\" \/>\n\t<meta property=\"og:image:width\" content=\"1556\" \/>\n\t<meta property=\"og:image:height\" content=\"1167\" \/>\n\t<meta property=\"og:image:type\" content=\"image\/jpeg\" \/>\n<meta name=\"author\" content=\"cfeditorfr\" \/>\n<meta name=\"twitter:card\" content=\"summary_large_image\" \/>\n<meta name=\"twitter:label1\" content=\"\u00c9crit par\" \/>\n\t<meta name=\"twitter:data1\" content=\"cfeditorfr\" \/>\n\t<meta name=\"twitter:label2\" content=\"Dur\u00e9e de lecture estim\u00e9e\" \/>\n\t<meta name=\"twitter:data2\" content=\"2 minutes\" \/>\n<script type=\"application\/ld+json\" class=\"yoast-schema-graph\">{\"@context\":\"https:\/\/schema.org\",\"@graph\":[{\"@type\":\"Article\",\"@id\":\"https:\/\/www.africa-press.net\/tchad\/photo\/le-cedpe-forme-plus-de-200-jeunes-a-adre-sur-lutilisation-positive-des-reseaux-sociaux#article\",\"isPartOf\":{\"@id\":\"https:\/\/www.africa-press.net\/tchad\/photo\/le-cedpe-forme-plus-de-200-jeunes-a-adre-sur-lutilisation-positive-des-reseaux-sociaux\"},\"author\":{\"name\":\"cfeditorfr\",\"@id\":\"https:\/\/www.africa-press.net\/tchad\/#\/schema\/person\/2b1cf3cd81a31e3cd26889ca66d677f1\"},\"headline\":\"le CEDPE forme plus de 200 jeunes \u00e0 Adr\u00e9 sur l&rsquo;utilisation positive des r\u00e9seaux sociaux\",\"datePublished\":\"2023-12-06T16:29:27+00:00\",\"dateModified\":\"2023-12-06T17:26:31+00:00\",\"mainEntityOfPage\":{\"@id\":\"https:\/\/www.africa-press.net\/tchad\/photo\/le-cedpe-forme-plus-de-200-jeunes-a-adre-sur-lutilisation-positive-des-reseaux-sociaux\"},\"wordCount\":350,\"commentCount\":0,\"image\":{\"@id\":\"https:\/\/www.africa-press.net\/tchad\/photo\/le-cedpe-forme-plus-de-200-jeunes-a-adre-sur-lutilisation-positive-des-reseaux-sociaux#primaryimage\"},\"thumbnailUrl\":\"https:\/\/static.africa-press.net\/tchad\/sites\/41\/2023\/12\/sm_1701870325.452556.jpg\",\"keywords\":[\"Africa Press\",\"Africa Press-Tchad\",\"Tchad\"],\"articleSection\":[\"Communaut\u00e9\",\"Photo\",\"Toutes les actualit\u00e9s\"],\"inLanguage\":\"fr-FR\",\"potentialAction\":[{\"@type\":\"CommentAction\",\"name\":\"Comment\",\"target\":[\"https:\/\/www.africa-press.net\/tchad\/photo\/le-cedpe-forme-plus-de-200-jeunes-a-adre-sur-lutilisation-positive-des-reseaux-sociaux#respond\"]}]},{\"@type\":\"WebPage\",\"@id\":\"https:\/\/www.africa-press.net\/tchad\/photo\/le-cedpe-forme-plus-de-200-jeunes-a-adre-sur-lutilisation-positive-des-reseaux-sociaux\",\"url\":\"https:\/\/www.africa-press.net\/tchad\/photo\/le-cedpe-forme-plus-de-200-jeunes-a-adre-sur-lutilisation-positive-des-reseaux-sociaux\",\"name\":\"le CEDPE forme plus de 200 jeunes \u00e0 Adr\u00e9 sur l'utilisation positive des r\u00e9seaux sociaux - tchad\",\"isPartOf\":{\"@id\":\"https:\/\/www.africa-press.net\/tchad\/#website\"},\"primaryImageOfPage\":{\"@id\":\"https:\/\/www.africa-press.net\/tchad\/photo\/le-cedpe-forme-plus-de-200-jeunes-a-adre-sur-lutilisation-positive-des-reseaux-sociaux#primaryimage\"},\"image\":{\"@id\":\"https:\/\/www.africa-press.net\/tchad\/photo\/le-cedpe-forme-plus-de-200-jeunes-a-adre-sur-lutilisation-positive-des-reseaux-sociaux#primaryimage\"},\"thumbnailUrl\":\"https:\/\/static.africa-press.net\/tchad\/sites\/41\/2023\/12\/sm_1701870325.452556.jpg\",\"datePublished\":\"2023-12-06T16:29:27+00:00\",\"dateModified\":\"2023-12-06T17:26:31+00:00\",\"author\":{\"@id\":\"https:\/\/www.africa-press.net\/tchad\/#\/schema\/person\/2b1cf3cd81a31e3cd26889ca66d677f1\"},\"description\":\"La salle, pleine a\u0300 craquer, refle\u0301tait l'enthousiasme et l'inte\u0301re\u0302t marque\u0301 des jeunes pour ce sujet crucial. Les part ...\",\"breadcrumb\":{\"@id\":\"https:\/\/www.africa-press.net\/tchad\/photo\/le-cedpe-forme-plus-de-200-jeunes-a-adre-sur-lutilisation-positive-des-reseaux-sociaux#breadcrumb\"},\"inLanguage\":\"fr-FR\",\"potentialAction\":[{\"@type\":\"ReadAction\",\"target\":[\"https:\/\/www.africa-press.net\/tchad\/photo\/le-cedpe-forme-plus-de-200-jeunes-a-adre-sur-lutilisation-positive-des-reseaux-sociaux\"]}]},{\"@type\":\"ImageObject\",\"inLanguage\":\"fr-FR\",\"@id\":\"https:\/\/www.africa-press.net\/tchad\/photo\/le-cedpe-forme-plus-de-200-jeunes-a-adre-sur-lutilisation-positive-des-reseaux-sociaux#primaryimage\",\"url\":\"https:\/\/static.africa-press.net\/tchad\/sites\/41\/2023\/12\/sm_1701870325.452556.jpg\",\"contentUrl\":\"https:\/\/static.africa-press.net\/tchad\/sites\/41\/2023\/12\/sm_1701870325.452556.jpg\",\"width\":1556,\"height\":1167,\"caption\":\"le CEDPE forme plus de 200 jeunes \u00e0 Adr\u00e9 sur l'utilisation positive des r\u00e9seaux sociaux\"},{\"@type\":\"BreadcrumbList\",\"@id\":\"https:\/\/www.africa-press.net\/tchad\/photo\/le-cedpe-forme-plus-de-200-jeunes-a-adre-sur-lutilisation-positive-des-reseaux-sociaux#breadcrumb\",\"itemListElement\":[{\"@type\":\"ListItem\",\"position\":1,\"name\":\"Accueil\",\"item\":\"https:\/\/www.africa-press.net\/tchad\/\"},{\"@type\":\"ListItem\",\"position\":2,\"name\":\"le CEDPE forme plus de 200 jeunes \u00e0 Adr\u00e9 sur l&#8217;utilisation positive des r\u00e9seaux sociaux\"}]},{\"@type\":\"WebSite\",\"@id\":\"https:\/\/www.africa-press.net\/tchad\/#website\",\"url\":\"https:\/\/www.africa-press.net\/tchad\/\",\"name\":\"tchad\",\"description\":\"Just another Africa News Agency Sites site\",\"potentialAction\":[{\"@type\":\"SearchAction\",\"target\":{\"@type\":\"EntryPoint\",\"urlTemplate\":\"https:\/\/www.africa-press.net\/tchad\/?s={search_term_string}\"},\"query-input\":{\"@type\":\"PropertyValueSpecification\",\"valueRequired\":true,\"valueName\":\"search_term_string\"}}],\"inLanguage\":\"fr-FR\"},{\"@type\":\"Person\",\"@id\":\"https:\/\/www.africa-press.net\/tchad\/#\/schema\/person\/2b1cf3cd81a31e3cd26889ca66d677f1\",\"name\":\"cfeditorfr\"}]}<\/script>\n<!-- \/ Yoast SEO Premium plugin. -->","yoast_head_json":{"title":"le CEDPE forme plus de 200 jeunes \u00e0 Adr\u00e9 sur l'utilisation positive des r\u00e9seaux sociaux - tchad","description":"La salle, pleine a\u0300 craquer, refle\u0301tait l'enthousiasme et l'inte\u0301re\u0302t marque\u0301 des jeunes pour ce sujet crucial. Les part ...","robots":{"index":"index","follow":"follow","max-snippet":"max-snippet:-1","max-image-preview":"max-image-preview:large","max-video-preview":"max-video-preview:-1"},"canonical":"https:\/\/www.africa-press.net\/tchad\/photo\/le-cedpe-forme-plus-de-200-jeunes-a-adre-sur-lutilisation-positive-des-reseaux-sociaux","og_locale":"fr_FR","og_type":"article","og_title":"le CEDPE forme plus de 200 jeunes \u00e0 Adr\u00e9 sur l'utilisation positive des r\u00e9seaux sociaux","og_description":"La salle, pleine a\u0300 craquer, refle\u0301tait l'enthousiasme et l'inte\u0301re\u0302t marque\u0301 des jeunes pour ce sujet crucial. Les part ...","og_url":"https:\/\/www.africa-press.net\/tchad\/photo\/le-cedpe-forme-plus-de-200-jeunes-a-adre-sur-lutilisation-positive-des-reseaux-sociaux","og_site_name":"tchad","article_published_time":"2023-12-06T16:29:27+00:00","article_modified_time":"2023-12-06T17:26:31+00:00","og_image":[{"width":1556,"height":1167,"url":"https:\/\/static.africa-press.net\/tchad\/sites\/41\/2023\/12\/sm_1701870325.452556.jpg","type":"image\/jpeg"}],"author":"cfeditorfr","twitter_card":"summary_large_image","twitter_misc":{"\u00c9crit par":"cfeditorfr","Dur\u00e9e de lecture estim\u00e9e":"2 minutes"},"schema":{"@context":"https:\/\/schema.org","@graph":[{"@type":"Article","@id":"https:\/\/www.africa-press.net\/tchad\/photo\/le-cedpe-forme-plus-de-200-jeunes-a-adre-sur-lutilisation-positive-des-reseaux-sociaux#article","isPartOf":{"@id":"https:\/\/www.africa-press.net\/tchad\/photo\/le-cedpe-forme-plus-de-200-jeunes-a-adre-sur-lutilisation-positive-des-reseaux-sociaux"},"author":{"name":"cfeditorfr","@id":"https:\/\/www.africa-press.net\/tchad\/#\/schema\/person\/2b1cf3cd81a31e3cd26889ca66d677f1"},"headline":"le CEDPE forme plus de 200 jeunes \u00e0 Adr\u00e9 sur l&rsquo;utilisation positive des r\u00e9seaux sociaux","datePublished":"2023-12-06T16:29:27+00:00","dateModified":"2023-12-06T17:26:31+00:00","mainEntityOfPage":{"@id":"https:\/\/www.africa-press.net\/tchad\/photo\/le-cedpe-forme-plus-de-200-jeunes-a-adre-sur-lutilisation-positive-des-reseaux-sociaux"},"wordCount":350,"commentCount":0,"image":{"@id":"https:\/\/www.africa-press.net\/tchad\/photo\/le-cedpe-forme-plus-de-200-jeunes-a-adre-sur-lutilisation-positive-des-reseaux-sociaux#primaryimage"},"thumbnailUrl":"https:\/\/static.africa-press.net\/tchad\/sites\/41\/2023\/12\/sm_1701870325.452556.jpg","keywords":["Africa Press","Africa Press-Tchad","Tchad"],"articleSection":["Communaut\u00e9","Photo","Toutes les actualit\u00e9s"],"inLanguage":"fr-FR","potentialAction":[{"@type":"CommentAction","name":"Comment","target":["https:\/\/www.africa-press.net\/tchad\/photo\/le-cedpe-forme-plus-de-200-jeunes-a-adre-sur-lutilisation-positive-des-reseaux-sociaux#respond"]}]},{"@type":"WebPage","@id":"https:\/\/www.africa-press.net\/tchad\/photo\/le-cedpe-forme-plus-de-200-jeunes-a-adre-sur-lutilisation-positive-des-reseaux-sociaux","url":"https:\/\/www.africa-press.net\/tchad\/photo\/le-cedpe-forme-plus-de-200-jeunes-a-adre-sur-lutilisation-positive-des-reseaux-sociaux","name":"le CEDPE forme plus de 200 jeunes \u00e0 Adr\u00e9 sur l'utilisation positive des r\u00e9seaux sociaux - tchad","isPartOf":{"@id":"https:\/\/www.africa-press.net\/tchad\/#website"},"primaryImageOfPage":{"@id":"https:\/\/www.africa-press.net\/tchad\/photo\/le-cedpe-forme-plus-de-200-jeunes-a-adre-sur-lutilisation-positive-des-reseaux-sociaux#primaryimage"},"image":{"@id":"https:\/\/www.africa-press.net\/tchad\/photo\/le-cedpe-forme-plus-de-200-jeunes-a-adre-sur-lutilisation-positive-des-reseaux-sociaux#primaryimage"},"thumbnailUrl":"https:\/\/static.africa-press.net\/tchad\/sites\/41\/2023\/12\/sm_1701870325.452556.jpg","datePublished":"2023-12-06T16:29:27+00:00","dateModified":"2023-12-06T17:26:31+00:00","author":{"@id":"https:\/\/www.africa-press.net\/tchad\/#\/schema\/person\/2b1cf3cd81a31e3cd26889ca66d677f1"},"description":"La salle, pleine a\u0300 craquer, refle\u0301tait l'enthousiasme et l'inte\u0301re\u0302t marque\u0301 des jeunes pour ce sujet crucial. Les part ...","breadcrumb":{"@id":"https:\/\/www.africa-press.net\/tchad\/photo\/le-cedpe-forme-plus-de-200-jeunes-a-adre-sur-lutilisation-positive-des-reseaux-sociaux#breadcrumb"},"inLanguage":"fr-FR","potentialAction":[{"@type":"ReadAction","target":["https:\/\/www.africa-press.net\/tchad\/photo\/le-cedpe-forme-plus-de-200-jeunes-a-adre-sur-lutilisation-positive-des-reseaux-sociaux"]}]},{"@type":"ImageObject","inLanguage":"fr-FR","@id":"https:\/\/www.africa-press.net\/tchad\/photo\/le-cedpe-forme-plus-de-200-jeunes-a-adre-sur-lutilisation-positive-des-reseaux-sociaux#primaryimage","url":"https:\/\/static.africa-press.net\/tchad\/sites\/41\/2023\/12\/sm_1701870325.452556.jpg","contentUrl":"https:\/\/static.africa-press.net\/tchad\/sites\/41\/2023\/12\/sm_1701870325.452556.jpg","width":1556,"height":1167,"caption":"le CEDPE forme plus de 200 jeunes \u00e0 Adr\u00e9 sur l'utilisation positive des r\u00e9seaux sociaux"},{"@type":"BreadcrumbList","@id":"https:\/\/www.africa-press.net\/tchad\/photo\/le-cedpe-forme-plus-de-200-jeunes-a-adre-sur-lutilisation-positive-des-reseaux-sociaux#breadcrumb","itemListElement":[{"@type":"ListItem","position":1,"name":"Accueil","item":"https:\/\/www.africa-press.net\/tchad\/"},{"@type":"ListItem","position":2,"name":"le CEDPE forme plus de 200 jeunes \u00e0 Adr\u00e9 sur l&#8217;utilisation positive des r\u00e9seaux sociaux"}]},{"@type":"WebSite","@id":"https:\/\/www.africa-press.net\/tchad\/#website","url":"https:\/\/www.africa-press.net\/tchad\/","name":"tchad","description":"Just another Africa News Agency Sites site","potentialAction":[{"@type":"SearchAction","target":{"@type":"EntryPoint","urlTemplate":"https:\/\/www.africa-press.net\/tchad\/?s={search_term_string}"},"query-input":{"@type":"PropertyValueSpecification","valueRequired":true,"valueName":"search_term_string"}}],"inLanguage":"fr-FR"},{"@type":"Person","@id":"https:\/\/www.africa-press.net\/tchad\/#\/schema\/person\/2b1cf3cd81a31e3cd26889ca66d677f1","name":"cfeditorfr"}]}},"_links":{"self":[{"href":"https:\/\/www.africa-press.net\/tchad\/wp-json\/wp\/v2\/posts\/55202","targetHints":{"allow":["GET"]}}],"collection":[{"href":"https:\/\/www.africa-press.net\/tchad\/wp-json\/wp\/v2\/posts"}],"about":[{"href":"https:\/\/www.africa-press.net\/tchad\/wp-json\/wp\/v2\/types\/post"}],"author":[{"embeddable":true,"href":"https:\/\/www.africa-press.net\/tchad\/wp-json\/wp\/v2\/users\/82"}],"replies":[{"embeddable":true,"href":"https:\/\/www.africa-press.net\/tchad\/wp-json\/wp\/v2\/comments?post=55202"}],"version-history":[{"count":0,"href":"https:\/\/www.africa-press.net\/tchad\/wp-json\/wp\/v2\/posts\/55202\/revisions"}],"wp:featuredmedia":[{"embeddable":true,"href":"https:\/\/www.africa-press.net\/tchad\/wp-json\/wp\/v2\/media\/55201"}],"wp:attachment":[{"href":"https:\/\/www.africa-press.net\/tchad\/wp-json\/wp\/v2\/media?parent=55202"}],"wp:term":[{"taxonomy":"category","embeddable":true,"href":"https:\/\/www.africa-press.net\/tchad\/wp-json\/wp\/v2\/categories?post=55202"},{"taxonomy":"post_tag","embeddable":true,"href":"https:\/\/www.africa-press.net\/tchad\/wp-json\/wp\/v2\/tags?post=55202"}],"curies":[{"name":"wp","href":"https:\/\/api.w.org\/{rel}","templated":true}]}}