{"id":55208,"date":"2023-12-06T16:31:07","date_gmt":"2023-12-06T16:31:07","guid":{"rendered":"https:\/\/www.africa-press.net\/tchad\/politique\/bamina-assas-installe-les-nouveaux-membres-de-son-bureau-executif"},"modified":"2023-12-06T17:27:55","modified_gmt":"2023-12-06T17:27:55","slug":"bamina-assas-installe-les-nouveaux-membres-de-son-bureau-executif","status":"publish","type":"post","link":"https:\/\/www.africa-press.net\/tchad\/politique\/bamina-assas-installe-les-nouveaux-membres-de-son-bureau-executif","title":{"rendered":"Bamina Assas installe les nouveaux membres de son bureau ex\u00e9cutif"},"content":{"rendered":"<p><span style=\"color: #ff6600\"><strong>Africa-Press &#8211; Tchad. <\/strong><\/span>La coordination nationale de Bamina Assas a installe\u0301 le 5 de\u0301cembre 2023 les nouveaux membres de son bureau exe\u0301cutif, en pre\u0301sence de Dr. Haroun Kabadi, secre\u0301taire ge\u0301ne\u0301ral du parti MPS. Le bureau est coordonne\u0301 par Ibrahim Mahamat Khalifa. Il est seconde\u0301 de Paul Mbai\u0308nodoum.<\/p>\n<p>18 personnes ont e\u0301te\u0301 de\u0301signe\u0301es et installe\u0301es pour coordonner les activite\u0301s.<\/p>\n<p>\u00ab\u00a0Nous conside\u0301rons les Baministes comme les he\u0301ros de la libe\u0301ration, les he\u0301ros qui ont tout fait pour que le Tchad devienne libre, de\u0301mocratique. Sans eux, nous serions encore peut-e\u0302tre dans la dictature\u00a0\u00bb, a de\u0301clare\u0301 Dr. Haroun Kabadi.<\/p>\n<p><strong>Pour plus d&rsquo;informations et d&rsquo;analyses sur la <a href=\"https:\/\/www.africa-press.net\/tchad\">Tchad<\/a>, suivez <a href=\"https:\/\/www.africa-press.net\/\">Africa-Press<\/a><\/strong><\/p>\n","protected":false},"excerpt":{"rendered":"<p>Africa-Press &#8211; Tchad. La coordination nationale de Bamina Assas a installe\u0301 le 5 de\u0301cembre 2023 les nouveaux membres de son bureau exe\u0301cutif, en pre\u0301sence de Dr. Haroun Kabadi, secre\u0301taire ge\u0301ne\u0301ral du parti MPS. Le bureau est coordonne\u0301 par Ibrahim Mahamat Khalifa. Il est seconde\u0301 de Paul Mbai\u0308nodoum. 18 personnes ont e\u0301te\u0301 de\u0301signe\u0301es et installe\u0301es pour [&hellip;]<\/p>\n","protected":false},"author":82,"featured_media":55207,"comment_status":"open","ping_status":"closed","sticky":false,"template":"","format":"standard","meta":{"footnotes":""},"categories":[2,10],"tags":[37,292,29],"class_list":["post-55208","post","type-post","status-publish","format-standard","has-post-thumbnail","hentry","category-politique","category-toutes-les-actualites","tag-africa-press","tag-africa-press-tchad","tag-tchad"],"yoast_head":"<!-- This site is optimized with the Yoast SEO Premium plugin v26.1 (Yoast SEO v27.0) - https:\/\/yoast.com\/product\/yoast-seo-premium-wordpress\/ -->\n<title>Bamina Assas installe les nouveaux membres de son bureau ex\u00e9cutif - tchad<\/title>\n<meta name=\"description\" content=\"La coordination nationale de Bamina Assas a installe\u0301 le 5 de\u0301cembre 2023 les nouveaux membres de son bureau exe\u0301cutif, ...\" \/>\n<meta name=\"robots\" content=\"index, follow, max-snippet:-1, max-image-preview:large, max-video-preview:-1\" \/>\n<link rel=\"canonical\" href=\"https:\/\/www.africa-press.net\/tchad\/politique\/bamina-assas-installe-les-nouveaux-membres-de-son-bureau-executif\" \/>\n<meta property=\"og:locale\" content=\"fr_FR\" \/>\n<meta property=\"og:type\" content=\"article\" \/>\n<meta property=\"og:title\" content=\"Bamina Assas installe les nouveaux membres de son bureau ex\u00e9cutif\" \/>\n<meta property=\"og:description\" content=\"La coordination nationale de Bamina Assas a installe\u0301 le 5 de\u0301cembre 2023 les nouveaux membres de son bureau exe\u0301cutif, ...\" \/>\n<meta property=\"og:url\" content=\"https:\/\/www.africa-press.net\/tchad\/politique\/bamina-assas-installe-les-nouveaux-membres-de-son-bureau-executif\" \/>\n<meta property=\"og:site_name\" content=\"tchad\" \/>\n<meta property=\"article:published_time\" content=\"2023-12-06T16:31:07+00:00\" \/>\n<meta property=\"article:modified_time\" content=\"2023-12-06T17:27:55+00:00\" \/>\n<meta property=\"og:image\" content=\"https:\/\/static.africa-press.net\/tchad\/sites\/41\/2023\/12\/sm_1701870407.441812.jpg\" \/>\n\t<meta property=\"og:image:width\" content=\"1760\" \/>\n\t<meta property=\"og:image:height\" content=\"912\" \/>\n\t<meta property=\"og:image:type\" content=\"image\/jpeg\" \/>\n<meta name=\"author\" content=\"cfeditorfr\" \/>\n<meta name=\"twitter:card\" content=\"summary_large_image\" \/>\n<meta name=\"twitter:label1\" content=\"\u00c9crit par\" \/>\n\t<meta name=\"twitter:data1\" content=\"cfeditorfr\" \/>\n\t<meta name=\"twitter:label2\" content=\"Dur\u00e9e de lecture estim\u00e9e\" \/>\n\t<meta name=\"twitter:data2\" content=\"1 minute\" \/>\n<script type=\"application\/ld+json\" class=\"yoast-schema-graph\">{\"@context\":\"https:\/\/schema.org\",\"@graph\":[{\"@type\":\"Article\",\"@id\":\"https:\/\/www.africa-press.net\/tchad\/politique\/bamina-assas-installe-les-nouveaux-membres-de-son-bureau-executif#article\",\"isPartOf\":{\"@id\":\"https:\/\/www.africa-press.net\/tchad\/politique\/bamina-assas-installe-les-nouveaux-membres-de-son-bureau-executif\"},\"author\":{\"name\":\"cfeditorfr\",\"@id\":\"https:\/\/www.africa-press.net\/tchad\/#\/schema\/person\/2b1cf3cd81a31e3cd26889ca66d677f1\"},\"headline\":\"Bamina Assas installe les nouveaux membres de son bureau ex\u00e9cutif\",\"datePublished\":\"2023-12-06T16:31:07+00:00\",\"dateModified\":\"2023-12-06T17:27:55+00:00\",\"mainEntityOfPage\":{\"@id\":\"https:\/\/www.africa-press.net\/tchad\/politique\/bamina-assas-installe-les-nouveaux-membres-de-son-bureau-executif\"},\"wordCount\":134,\"commentCount\":0,\"image\":{\"@id\":\"https:\/\/www.africa-press.net\/tchad\/politique\/bamina-assas-installe-les-nouveaux-membres-de-son-bureau-executif#primaryimage\"},\"thumbnailUrl\":\"https:\/\/static.africa-press.net\/tchad\/sites\/41\/2023\/12\/sm_1701870407.441812.jpg\",\"keywords\":[\"Africa Press\",\"Africa Press-Tchad\",\"Tchad\"],\"articleSection\":[\"Politique\",\"Toutes les actualit\u00e9s\"],\"inLanguage\":\"fr-FR\",\"potentialAction\":[{\"@type\":\"CommentAction\",\"name\":\"Comment\",\"target\":[\"https:\/\/www.africa-press.net\/tchad\/politique\/bamina-assas-installe-les-nouveaux-membres-de-son-bureau-executif#respond\"]}]},{\"@type\":\"WebPage\",\"@id\":\"https:\/\/www.africa-press.net\/tchad\/politique\/bamina-assas-installe-les-nouveaux-membres-de-son-bureau-executif\",\"url\":\"https:\/\/www.africa-press.net\/tchad\/politique\/bamina-assas-installe-les-nouveaux-membres-de-son-bureau-executif\",\"name\":\"Bamina Assas installe les nouveaux membres de son bureau ex\u00e9cutif - tchad\",\"isPartOf\":{\"@id\":\"https:\/\/www.africa-press.net\/tchad\/#website\"},\"primaryImageOfPage\":{\"@id\":\"https:\/\/www.africa-press.net\/tchad\/politique\/bamina-assas-installe-les-nouveaux-membres-de-son-bureau-executif#primaryimage\"},\"image\":{\"@id\":\"https:\/\/www.africa-press.net\/tchad\/politique\/bamina-assas-installe-les-nouveaux-membres-de-son-bureau-executif#primaryimage\"},\"thumbnailUrl\":\"https:\/\/static.africa-press.net\/tchad\/sites\/41\/2023\/12\/sm_1701870407.441812.jpg\",\"datePublished\":\"2023-12-06T16:31:07+00:00\",\"dateModified\":\"2023-12-06T17:27:55+00:00\",\"author\":{\"@id\":\"https:\/\/www.africa-press.net\/tchad\/#\/schema\/person\/2b1cf3cd81a31e3cd26889ca66d677f1\"},\"description\":\"La coordination nationale de Bamina Assas a installe\u0301 le 5 de\u0301cembre 2023 les nouveaux membres de son bureau exe\u0301cutif, ...\",\"breadcrumb\":{\"@id\":\"https:\/\/www.africa-press.net\/tchad\/politique\/bamina-assas-installe-les-nouveaux-membres-de-son-bureau-executif#breadcrumb\"},\"inLanguage\":\"fr-FR\",\"potentialAction\":[{\"@type\":\"ReadAction\",\"target\":[\"https:\/\/www.africa-press.net\/tchad\/politique\/bamina-assas-installe-les-nouveaux-membres-de-son-bureau-executif\"]}]},{\"@type\":\"ImageObject\",\"inLanguage\":\"fr-FR\",\"@id\":\"https:\/\/www.africa-press.net\/tchad\/politique\/bamina-assas-installe-les-nouveaux-membres-de-son-bureau-executif#primaryimage\",\"url\":\"https:\/\/static.africa-press.net\/tchad\/sites\/41\/2023\/12\/sm_1701870407.441812.jpg\",\"contentUrl\":\"https:\/\/static.africa-press.net\/tchad\/sites\/41\/2023\/12\/sm_1701870407.441812.jpg\",\"width\":1760,\"height\":912,\"caption\":\"Bamina Assas installe les nouveaux membres de son bureau ex\u00e9cutif\"},{\"@type\":\"BreadcrumbList\",\"@id\":\"https:\/\/www.africa-press.net\/tchad\/politique\/bamina-assas-installe-les-nouveaux-membres-de-son-bureau-executif#breadcrumb\",\"itemListElement\":[{\"@type\":\"ListItem\",\"position\":1,\"name\":\"Accueil\",\"item\":\"https:\/\/www.africa-press.net\/tchad\/\"},{\"@type\":\"ListItem\",\"position\":2,\"name\":\"Bamina Assas installe les nouveaux membres de son bureau ex\u00e9cutif\"}]},{\"@type\":\"WebSite\",\"@id\":\"https:\/\/www.africa-press.net\/tchad\/#website\",\"url\":\"https:\/\/www.africa-press.net\/tchad\/\",\"name\":\"tchad\",\"description\":\"Just another Africa News Agency Sites site\",\"potentialAction\":[{\"@type\":\"SearchAction\",\"target\":{\"@type\":\"EntryPoint\",\"urlTemplate\":\"https:\/\/www.africa-press.net\/tchad\/?s={search_term_string}\"},\"query-input\":{\"@type\":\"PropertyValueSpecification\",\"valueRequired\":true,\"valueName\":\"search_term_string\"}}],\"inLanguage\":\"fr-FR\"},{\"@type\":\"Person\",\"@id\":\"https:\/\/www.africa-press.net\/tchad\/#\/schema\/person\/2b1cf3cd81a31e3cd26889ca66d677f1\",\"name\":\"cfeditorfr\"}]}<\/script>\n<!-- \/ Yoast SEO Premium plugin. -->","yoast_head_json":{"title":"Bamina Assas installe les nouveaux membres de son bureau ex\u00e9cutif - tchad","description":"La coordination nationale de Bamina Assas a installe\u0301 le 5 de\u0301cembre 2023 les nouveaux membres de son bureau exe\u0301cutif, ...","robots":{"index":"index","follow":"follow","max-snippet":"max-snippet:-1","max-image-preview":"max-image-preview:large","max-video-preview":"max-video-preview:-1"},"canonical":"https:\/\/www.africa-press.net\/tchad\/politique\/bamina-assas-installe-les-nouveaux-membres-de-son-bureau-executif","og_locale":"fr_FR","og_type":"article","og_title":"Bamina Assas installe les nouveaux membres de son bureau ex\u00e9cutif","og_description":"La coordination nationale de Bamina Assas a installe\u0301 le 5 de\u0301cembre 2023 les nouveaux membres de son bureau exe\u0301cutif, ...","og_url":"https:\/\/www.africa-press.net\/tchad\/politique\/bamina-assas-installe-les-nouveaux-membres-de-son-bureau-executif","og_site_name":"tchad","article_published_time":"2023-12-06T16:31:07+00:00","article_modified_time":"2023-12-06T17:27:55+00:00","og_image":[{"width":1760,"height":912,"url":"https:\/\/static.africa-press.net\/tchad\/sites\/41\/2023\/12\/sm_1701870407.441812.jpg","type":"image\/jpeg"}],"author":"cfeditorfr","twitter_card":"summary_large_image","twitter_misc":{"\u00c9crit par":"cfeditorfr","Dur\u00e9e de lecture estim\u00e9e":"1 minute"},"schema":{"@context":"https:\/\/schema.org","@graph":[{"@type":"Article","@id":"https:\/\/www.africa-press.net\/tchad\/politique\/bamina-assas-installe-les-nouveaux-membres-de-son-bureau-executif#article","isPartOf":{"@id":"https:\/\/www.africa-press.net\/tchad\/politique\/bamina-assas-installe-les-nouveaux-membres-de-son-bureau-executif"},"author":{"name":"cfeditorfr","@id":"https:\/\/www.africa-press.net\/tchad\/#\/schema\/person\/2b1cf3cd81a31e3cd26889ca66d677f1"},"headline":"Bamina Assas installe les nouveaux membres de son bureau ex\u00e9cutif","datePublished":"2023-12-06T16:31:07+00:00","dateModified":"2023-12-06T17:27:55+00:00","mainEntityOfPage":{"@id":"https:\/\/www.africa-press.net\/tchad\/politique\/bamina-assas-installe-les-nouveaux-membres-de-son-bureau-executif"},"wordCount":134,"commentCount":0,"image":{"@id":"https:\/\/www.africa-press.net\/tchad\/politique\/bamina-assas-installe-les-nouveaux-membres-de-son-bureau-executif#primaryimage"},"thumbnailUrl":"https:\/\/static.africa-press.net\/tchad\/sites\/41\/2023\/12\/sm_1701870407.441812.jpg","keywords":["Africa Press","Africa Press-Tchad","Tchad"],"articleSection":["Politique","Toutes les actualit\u00e9s"],"inLanguage":"fr-FR","potentialAction":[{"@type":"CommentAction","name":"Comment","target":["https:\/\/www.africa-press.net\/tchad\/politique\/bamina-assas-installe-les-nouveaux-membres-de-son-bureau-executif#respond"]}]},{"@type":"WebPage","@id":"https:\/\/www.africa-press.net\/tchad\/politique\/bamina-assas-installe-les-nouveaux-membres-de-son-bureau-executif","url":"https:\/\/www.africa-press.net\/tchad\/politique\/bamina-assas-installe-les-nouveaux-membres-de-son-bureau-executif","name":"Bamina Assas installe les nouveaux membres de son bureau ex\u00e9cutif - tchad","isPartOf":{"@id":"https:\/\/www.africa-press.net\/tchad\/#website"},"primaryImageOfPage":{"@id":"https:\/\/www.africa-press.net\/tchad\/politique\/bamina-assas-installe-les-nouveaux-membres-de-son-bureau-executif#primaryimage"},"image":{"@id":"https:\/\/www.africa-press.net\/tchad\/politique\/bamina-assas-installe-les-nouveaux-membres-de-son-bureau-executif#primaryimage"},"thumbnailUrl":"https:\/\/static.africa-press.net\/tchad\/sites\/41\/2023\/12\/sm_1701870407.441812.jpg","datePublished":"2023-12-06T16:31:07+00:00","dateModified":"2023-12-06T17:27:55+00:00","author":{"@id":"https:\/\/www.africa-press.net\/tchad\/#\/schema\/person\/2b1cf3cd81a31e3cd26889ca66d677f1"},"description":"La coordination nationale de Bamina Assas a installe\u0301 le 5 de\u0301cembre 2023 les nouveaux membres de son bureau exe\u0301cutif, ...","breadcrumb":{"@id":"https:\/\/www.africa-press.net\/tchad\/politique\/bamina-assas-installe-les-nouveaux-membres-de-son-bureau-executif#breadcrumb"},"inLanguage":"fr-FR","potentialAction":[{"@type":"ReadAction","target":["https:\/\/www.africa-press.net\/tchad\/politique\/bamina-assas-installe-les-nouveaux-membres-de-son-bureau-executif"]}]},{"@type":"ImageObject","inLanguage":"fr-FR","@id":"https:\/\/www.africa-press.net\/tchad\/politique\/bamina-assas-installe-les-nouveaux-membres-de-son-bureau-executif#primaryimage","url":"https:\/\/static.africa-press.net\/tchad\/sites\/41\/2023\/12\/sm_1701870407.441812.jpg","contentUrl":"https:\/\/static.africa-press.net\/tchad\/sites\/41\/2023\/12\/sm_1701870407.441812.jpg","width":1760,"height":912,"caption":"Bamina Assas installe les nouveaux membres de son bureau ex\u00e9cutif"},{"@type":"BreadcrumbList","@id":"https:\/\/www.africa-press.net\/tchad\/politique\/bamina-assas-installe-les-nouveaux-membres-de-son-bureau-executif#breadcrumb","itemListElement":[{"@type":"ListItem","position":1,"name":"Accueil","item":"https:\/\/www.africa-press.net\/tchad\/"},{"@type":"ListItem","position":2,"name":"Bamina Assas installe les nouveaux membres de son bureau ex\u00e9cutif"}]},{"@type":"WebSite","@id":"https:\/\/www.africa-press.net\/tchad\/#website","url":"https:\/\/www.africa-press.net\/tchad\/","name":"tchad","description":"Just another Africa News Agency Sites site","potentialAction":[{"@type":"SearchAction","target":{"@type":"EntryPoint","urlTemplate":"https:\/\/www.africa-press.net\/tchad\/?s={search_term_string}"},"query-input":{"@type":"PropertyValueSpecification","valueRequired":true,"valueName":"search_term_string"}}],"inLanguage":"fr-FR"},{"@type":"Person","@id":"https:\/\/www.africa-press.net\/tchad\/#\/schema\/person\/2b1cf3cd81a31e3cd26889ca66d677f1","name":"cfeditorfr"}]}},"_links":{"self":[{"href":"https:\/\/www.africa-press.net\/tchad\/wp-json\/wp\/v2\/posts\/55208","targetHints":{"allow":["GET"]}}],"collection":[{"href":"https:\/\/www.africa-press.net\/tchad\/wp-json\/wp\/v2\/posts"}],"about":[{"href":"https:\/\/www.africa-press.net\/tchad\/wp-json\/wp\/v2\/types\/post"}],"author":[{"embeddable":true,"href":"https:\/\/www.africa-press.net\/tchad\/wp-json\/wp\/v2\/users\/82"}],"replies":[{"embeddable":true,"href":"https:\/\/www.africa-press.net\/tchad\/wp-json\/wp\/v2\/comments?post=55208"}],"version-history":[{"count":0,"href":"https:\/\/www.africa-press.net\/tchad\/wp-json\/wp\/v2\/posts\/55208\/revisions"}],"wp:featuredmedia":[{"embeddable":true,"href":"https:\/\/www.africa-press.net\/tchad\/wp-json\/wp\/v2\/media\/55207"}],"wp:attachment":[{"href":"https:\/\/www.africa-press.net\/tchad\/wp-json\/wp\/v2\/media?parent=55208"}],"wp:term":[{"taxonomy":"category","embeddable":true,"href":"https:\/\/www.africa-press.net\/tchad\/wp-json\/wp\/v2\/categories?post=55208"},{"taxonomy":"post_tag","embeddable":true,"href":"https:\/\/www.africa-press.net\/tchad\/wp-json\/wp\/v2\/tags?post=55208"}],"curies":[{"name":"wp","href":"https:\/\/api.w.org\/{rel}","templated":true}]}}