{"id":55212,"date":"2023-12-06T16:31:42","date_gmt":"2023-12-06T16:31:42","guid":{"rendered":"https:\/\/www.africa-press.net\/tchad\/politique\/la-coalition-pour-un-oui-au-referendum-constitutionnel-lance-sa-campagne-dans-le-salamat"},"modified":"2023-12-06T17:28:51","modified_gmt":"2023-12-06T17:28:51","slug":"la-coalition-pour-un-oui-au-referendum-constitutionnel-lance-sa-campagne-dans-le-salamat","status":"publish","type":"post","link":"https:\/\/www.africa-press.net\/tchad\/politique\/la-coalition-pour-un-oui-au-referendum-constitutionnel-lance-sa-campagne-dans-le-salamat","title":{"rendered":"la Coalition pour un OUI au r\u00e9f\u00e9rendum constitutionnel lance sa campagne dans le Salamat"},"content":{"rendered":"<p><span style=\"color: #ff6600\"><strong>Africa-Press &#8211; Tchad. <\/strong><\/span>Le chef de mission de la Coalition pour un OUI au re\u0301fe\u0301rendum constitutionnel de 2023, pour la province du Salamat, Dr Abdelmadjif Abderahim, a lance\u0301 officiellement la campagne re\u0301fe\u0301rendaire par une ce\u0301re\u0301monie organise\u0301e dans le de\u0301partement de Haraze-Mangueigne.<\/p>\n<p>Le changement survenu a\u0300 la te\u0302te de l&rsquo;Etat, suite au de\u0301ce\u0300s tragique du Mare\u0301chal du Tchad en avril 2021, a de\u0301bouche\u0301 sur une premie\u0300re pe\u0301riode de transition consacre\u0301e par une charte, et dirige\u0301e par un Conseil militaire de transition.<\/p>\n<p>Dans le but de sortir du cycle re\u0301current des conflits, et d&rsquo;assurer un avenir radieux au pays, les Tchadiens ont organise\u0301 du 20 aou\u0302t au 8 octobre 2022, un Dialogue National Inclusif et Souverain (DNIS), qui devait permettre de se tourner re\u0301solument vers la paix et la prospe\u0301rite\u0301, a\u0300 travers la refondation de l&rsquo;Etat. Parmi ses re\u0301solutions, le Dialogue pre\u0301voit le re\u0301fe\u0301rendum constitutionnel qui s&rsquo;organise le 17 de ce mois.<\/p>\n<p>Dans son mot de bienvenue, la pre\u0301sidente du comite\u0301 d&rsquo;organisation, Zara Moussa, a, au nom du comite\u0301, adresse\u0301 ses salutations fraternelles au chef de mission, et a\u0300 toute l&rsquo;e\u0301quipe qui l&rsquo;accompagne.<\/p>\n<p>Le chef de mission, Dr Abdelmadjid Abderahim, a lance\u0301 officiellement la campagne en de\u0301clarant que \u00ab la mission en provenance de N&rsquo;Djamena est venue pour (&#8230;) transmettre un message : le OUl est l&rsquo;expression d&rsquo;un devoir national, une de\u0301cision de faire du Tchad un Etat unitaire fortement de\u0301centralise\u0301, engage\u0301 sur la voie de l&rsquo;e\u0301mergence, ou\u0300 les femmes et les jeunes ont une place de premier plan, pour tracer le chemin de la promotion et de la participation active aux actions de de\u0301veloppement durable \u00bb.<\/p>\n<p>Par ailleurs, il ajoute que le projet de Constitution, pour lequel la Coalition pour un OUI est en campagne actuellement au Salamat, a pris en compte l&rsquo;ensemble des pre\u0301occupations des participants du DNIS, exprime\u0301es sous forme de re\u0301solutions et de recommandations. Ce sont les re\u0301solutions et recommandations au niveau constitutionnel qui sont inte\u0301gre\u0301es dans le projet de Constitution.<\/p>\n<p><strong>Pour plus d&rsquo;informations et d&rsquo;analyses sur la <a href=\"https:\/\/www.africa-press.net\/tchad\">Tchad<\/a>, suivez <a href=\"https:\/\/www.africa-press.net\/\">Africa-Press<\/a><\/strong><\/p>\n","protected":false},"excerpt":{"rendered":"<p>Africa-Press &#8211; Tchad. Le chef de mission de la Coalition pour un OUI au re\u0301fe\u0301rendum constitutionnel de 2023, pour la province du Salamat, Dr Abdelmadjif Abderahim, a lance\u0301 officiellement la campagne re\u0301fe\u0301rendaire par une ce\u0301re\u0301monie organise\u0301e dans le de\u0301partement de Haraze-Mangueigne. Le changement survenu a\u0300 la te\u0302te de l&rsquo;Etat, suite au de\u0301ce\u0300s tragique du Mare\u0301chal [&hellip;]<\/p>\n","protected":false},"author":82,"featured_media":55211,"comment_status":"open","ping_status":"closed","sticky":false,"template":"","format":"standard","meta":{"footnotes":""},"categories":[2,10],"tags":[37,292,29],"class_list":["post-55212","post","type-post","status-publish","format-standard","has-post-thumbnail","hentry","category-politique","category-toutes-les-actualites","tag-africa-press","tag-africa-press-tchad","tag-tchad"],"yoast_head":"<!-- This site is optimized with the Yoast SEO Premium plugin v26.1 (Yoast SEO v27.0) - https:\/\/yoast.com\/product\/yoast-seo-premium-wordpress\/ -->\n<title>la Coalition pour un OUI au r\u00e9f\u00e9rendum constitutionnel lance sa campagne dans le Salamat - tchad<\/title>\n<meta name=\"description\" content=\"Le chef de mission de la Coalition pour un OUI au re\u0301fe\u0301rendum constitutionnel de 2023, pour la province du Salamat, Dr ...\" \/>\n<meta name=\"robots\" content=\"index, follow, max-snippet:-1, max-image-preview:large, max-video-preview:-1\" \/>\n<link rel=\"canonical\" href=\"https:\/\/www.africa-press.net\/tchad\/politique\/la-coalition-pour-un-oui-au-referendum-constitutionnel-lance-sa-campagne-dans-le-salamat\" \/>\n<meta property=\"og:locale\" content=\"fr_FR\" \/>\n<meta property=\"og:type\" content=\"article\" \/>\n<meta property=\"og:title\" content=\"la Coalition pour un OUI au r\u00e9f\u00e9rendum constitutionnel lance sa campagne dans le Salamat\" \/>\n<meta property=\"og:description\" content=\"Le chef de mission de la Coalition pour un OUI au re\u0301fe\u0301rendum constitutionnel de 2023, pour la province du Salamat, Dr ...\" \/>\n<meta property=\"og:url\" content=\"https:\/\/www.africa-press.net\/tchad\/politique\/la-coalition-pour-un-oui-au-referendum-constitutionnel-lance-sa-campagne-dans-le-salamat\" \/>\n<meta property=\"og:site_name\" content=\"tchad\" \/>\n<meta property=\"article:published_time\" content=\"2023-12-06T16:31:42+00:00\" \/>\n<meta property=\"article:modified_time\" content=\"2023-12-06T17:28:51+00:00\" \/>\n<meta property=\"og:image\" content=\"https:\/\/static.africa-press.net\/tchad\/sites\/41\/2023\/12\/sm_1701870470.61065.jpg\" \/>\n\t<meta property=\"og:image:width\" content=\"1600\" \/>\n\t<meta property=\"og:image:height\" content=\"900\" \/>\n\t<meta property=\"og:image:type\" content=\"image\/jpeg\" \/>\n<meta name=\"author\" content=\"cfeditorfr\" \/>\n<meta name=\"twitter:card\" content=\"summary_large_image\" \/>\n<meta name=\"twitter:label1\" content=\"\u00c9crit par\" \/>\n\t<meta name=\"twitter:data1\" content=\"cfeditorfr\" \/>\n\t<meta name=\"twitter:label2\" content=\"Dur\u00e9e de lecture estim\u00e9e\" \/>\n\t<meta name=\"twitter:data2\" content=\"2 minutes\" \/>\n<script type=\"application\/ld+json\" class=\"yoast-schema-graph\">{\"@context\":\"https:\/\/schema.org\",\"@graph\":[{\"@type\":\"Article\",\"@id\":\"https:\/\/www.africa-press.net\/tchad\/politique\/la-coalition-pour-un-oui-au-referendum-constitutionnel-lance-sa-campagne-dans-le-salamat#article\",\"isPartOf\":{\"@id\":\"https:\/\/www.africa-press.net\/tchad\/politique\/la-coalition-pour-un-oui-au-referendum-constitutionnel-lance-sa-campagne-dans-le-salamat\"},\"author\":{\"name\":\"cfeditorfr\",\"@id\":\"https:\/\/www.africa-press.net\/tchad\/#\/schema\/person\/2b1cf3cd81a31e3cd26889ca66d677f1\"},\"headline\":\"la Coalition pour un OUI au r\u00e9f\u00e9rendum constitutionnel lance sa campagne dans le Salamat\",\"datePublished\":\"2023-12-06T16:31:42+00:00\",\"dateModified\":\"2023-12-06T17:28:51+00:00\",\"mainEntityOfPage\":{\"@id\":\"https:\/\/www.africa-press.net\/tchad\/politique\/la-coalition-pour-un-oui-au-referendum-constitutionnel-lance-sa-campagne-dans-le-salamat\"},\"wordCount\":391,\"commentCount\":0,\"image\":{\"@id\":\"https:\/\/www.africa-press.net\/tchad\/politique\/la-coalition-pour-un-oui-au-referendum-constitutionnel-lance-sa-campagne-dans-le-salamat#primaryimage\"},\"thumbnailUrl\":\"https:\/\/static.africa-press.net\/tchad\/sites\/41\/2023\/12\/sm_1701870470.61065.jpg\",\"keywords\":[\"Africa Press\",\"Africa Press-Tchad\",\"Tchad\"],\"articleSection\":[\"Politique\",\"Toutes les actualit\u00e9s\"],\"inLanguage\":\"fr-FR\",\"potentialAction\":[{\"@type\":\"CommentAction\",\"name\":\"Comment\",\"target\":[\"https:\/\/www.africa-press.net\/tchad\/politique\/la-coalition-pour-un-oui-au-referendum-constitutionnel-lance-sa-campagne-dans-le-salamat#respond\"]}]},{\"@type\":\"WebPage\",\"@id\":\"https:\/\/www.africa-press.net\/tchad\/politique\/la-coalition-pour-un-oui-au-referendum-constitutionnel-lance-sa-campagne-dans-le-salamat\",\"url\":\"https:\/\/www.africa-press.net\/tchad\/politique\/la-coalition-pour-un-oui-au-referendum-constitutionnel-lance-sa-campagne-dans-le-salamat\",\"name\":\"la Coalition pour un OUI au r\u00e9f\u00e9rendum constitutionnel lance sa campagne dans le Salamat - tchad\",\"isPartOf\":{\"@id\":\"https:\/\/www.africa-press.net\/tchad\/#website\"},\"primaryImageOfPage\":{\"@id\":\"https:\/\/www.africa-press.net\/tchad\/politique\/la-coalition-pour-un-oui-au-referendum-constitutionnel-lance-sa-campagne-dans-le-salamat#primaryimage\"},\"image\":{\"@id\":\"https:\/\/www.africa-press.net\/tchad\/politique\/la-coalition-pour-un-oui-au-referendum-constitutionnel-lance-sa-campagne-dans-le-salamat#primaryimage\"},\"thumbnailUrl\":\"https:\/\/static.africa-press.net\/tchad\/sites\/41\/2023\/12\/sm_1701870470.61065.jpg\",\"datePublished\":\"2023-12-06T16:31:42+00:00\",\"dateModified\":\"2023-12-06T17:28:51+00:00\",\"author\":{\"@id\":\"https:\/\/www.africa-press.net\/tchad\/#\/schema\/person\/2b1cf3cd81a31e3cd26889ca66d677f1\"},\"description\":\"Le chef de mission de la Coalition pour un OUI au re\u0301fe\u0301rendum constitutionnel de 2023, pour la province du Salamat, Dr ...\",\"breadcrumb\":{\"@id\":\"https:\/\/www.africa-press.net\/tchad\/politique\/la-coalition-pour-un-oui-au-referendum-constitutionnel-lance-sa-campagne-dans-le-salamat#breadcrumb\"},\"inLanguage\":\"fr-FR\",\"potentialAction\":[{\"@type\":\"ReadAction\",\"target\":[\"https:\/\/www.africa-press.net\/tchad\/politique\/la-coalition-pour-un-oui-au-referendum-constitutionnel-lance-sa-campagne-dans-le-salamat\"]}]},{\"@type\":\"ImageObject\",\"inLanguage\":\"fr-FR\",\"@id\":\"https:\/\/www.africa-press.net\/tchad\/politique\/la-coalition-pour-un-oui-au-referendum-constitutionnel-lance-sa-campagne-dans-le-salamat#primaryimage\",\"url\":\"https:\/\/static.africa-press.net\/tchad\/sites\/41\/2023\/12\/sm_1701870470.61065.jpg\",\"contentUrl\":\"https:\/\/static.africa-press.net\/tchad\/sites\/41\/2023\/12\/sm_1701870470.61065.jpg\",\"width\":1600,\"height\":900,\"caption\":\"la Coalition pour un OUI au r\u00e9f\u00e9rendum constitutionnel lance sa campagne dans le Salamat\"},{\"@type\":\"BreadcrumbList\",\"@id\":\"https:\/\/www.africa-press.net\/tchad\/politique\/la-coalition-pour-un-oui-au-referendum-constitutionnel-lance-sa-campagne-dans-le-salamat#breadcrumb\",\"itemListElement\":[{\"@type\":\"ListItem\",\"position\":1,\"name\":\"Accueil\",\"item\":\"https:\/\/www.africa-press.net\/tchad\/\"},{\"@type\":\"ListItem\",\"position\":2,\"name\":\"la Coalition pour un OUI au r\u00e9f\u00e9rendum constitutionnel lance sa campagne dans le Salamat\"}]},{\"@type\":\"WebSite\",\"@id\":\"https:\/\/www.africa-press.net\/tchad\/#website\",\"url\":\"https:\/\/www.africa-press.net\/tchad\/\",\"name\":\"tchad\",\"description\":\"Just another Africa News Agency Sites site\",\"potentialAction\":[{\"@type\":\"SearchAction\",\"target\":{\"@type\":\"EntryPoint\",\"urlTemplate\":\"https:\/\/www.africa-press.net\/tchad\/?s={search_term_string}\"},\"query-input\":{\"@type\":\"PropertyValueSpecification\",\"valueRequired\":true,\"valueName\":\"search_term_string\"}}],\"inLanguage\":\"fr-FR\"},{\"@type\":\"Person\",\"@id\":\"https:\/\/www.africa-press.net\/tchad\/#\/schema\/person\/2b1cf3cd81a31e3cd26889ca66d677f1\",\"name\":\"cfeditorfr\"}]}<\/script>\n<!-- \/ Yoast SEO Premium plugin. -->","yoast_head_json":{"title":"la Coalition pour un OUI au r\u00e9f\u00e9rendum constitutionnel lance sa campagne dans le Salamat - tchad","description":"Le chef de mission de la Coalition pour un OUI au re\u0301fe\u0301rendum constitutionnel de 2023, pour la province du Salamat, Dr ...","robots":{"index":"index","follow":"follow","max-snippet":"max-snippet:-1","max-image-preview":"max-image-preview:large","max-video-preview":"max-video-preview:-1"},"canonical":"https:\/\/www.africa-press.net\/tchad\/politique\/la-coalition-pour-un-oui-au-referendum-constitutionnel-lance-sa-campagne-dans-le-salamat","og_locale":"fr_FR","og_type":"article","og_title":"la Coalition pour un OUI au r\u00e9f\u00e9rendum constitutionnel lance sa campagne dans le Salamat","og_description":"Le chef de mission de la Coalition pour un OUI au re\u0301fe\u0301rendum constitutionnel de 2023, pour la province du Salamat, Dr ...","og_url":"https:\/\/www.africa-press.net\/tchad\/politique\/la-coalition-pour-un-oui-au-referendum-constitutionnel-lance-sa-campagne-dans-le-salamat","og_site_name":"tchad","article_published_time":"2023-12-06T16:31:42+00:00","article_modified_time":"2023-12-06T17:28:51+00:00","og_image":[{"width":1600,"height":900,"url":"https:\/\/static.africa-press.net\/tchad\/sites\/41\/2023\/12\/sm_1701870470.61065.jpg","type":"image\/jpeg"}],"author":"cfeditorfr","twitter_card":"summary_large_image","twitter_misc":{"\u00c9crit par":"cfeditorfr","Dur\u00e9e de lecture estim\u00e9e":"2 minutes"},"schema":{"@context":"https:\/\/schema.org","@graph":[{"@type":"Article","@id":"https:\/\/www.africa-press.net\/tchad\/politique\/la-coalition-pour-un-oui-au-referendum-constitutionnel-lance-sa-campagne-dans-le-salamat#article","isPartOf":{"@id":"https:\/\/www.africa-press.net\/tchad\/politique\/la-coalition-pour-un-oui-au-referendum-constitutionnel-lance-sa-campagne-dans-le-salamat"},"author":{"name":"cfeditorfr","@id":"https:\/\/www.africa-press.net\/tchad\/#\/schema\/person\/2b1cf3cd81a31e3cd26889ca66d677f1"},"headline":"la Coalition pour un OUI au r\u00e9f\u00e9rendum constitutionnel lance sa campagne dans le Salamat","datePublished":"2023-12-06T16:31:42+00:00","dateModified":"2023-12-06T17:28:51+00:00","mainEntityOfPage":{"@id":"https:\/\/www.africa-press.net\/tchad\/politique\/la-coalition-pour-un-oui-au-referendum-constitutionnel-lance-sa-campagne-dans-le-salamat"},"wordCount":391,"commentCount":0,"image":{"@id":"https:\/\/www.africa-press.net\/tchad\/politique\/la-coalition-pour-un-oui-au-referendum-constitutionnel-lance-sa-campagne-dans-le-salamat#primaryimage"},"thumbnailUrl":"https:\/\/static.africa-press.net\/tchad\/sites\/41\/2023\/12\/sm_1701870470.61065.jpg","keywords":["Africa Press","Africa Press-Tchad","Tchad"],"articleSection":["Politique","Toutes les actualit\u00e9s"],"inLanguage":"fr-FR","potentialAction":[{"@type":"CommentAction","name":"Comment","target":["https:\/\/www.africa-press.net\/tchad\/politique\/la-coalition-pour-un-oui-au-referendum-constitutionnel-lance-sa-campagne-dans-le-salamat#respond"]}]},{"@type":"WebPage","@id":"https:\/\/www.africa-press.net\/tchad\/politique\/la-coalition-pour-un-oui-au-referendum-constitutionnel-lance-sa-campagne-dans-le-salamat","url":"https:\/\/www.africa-press.net\/tchad\/politique\/la-coalition-pour-un-oui-au-referendum-constitutionnel-lance-sa-campagne-dans-le-salamat","name":"la Coalition pour un OUI au r\u00e9f\u00e9rendum constitutionnel lance sa campagne dans le Salamat - tchad","isPartOf":{"@id":"https:\/\/www.africa-press.net\/tchad\/#website"},"primaryImageOfPage":{"@id":"https:\/\/www.africa-press.net\/tchad\/politique\/la-coalition-pour-un-oui-au-referendum-constitutionnel-lance-sa-campagne-dans-le-salamat#primaryimage"},"image":{"@id":"https:\/\/www.africa-press.net\/tchad\/politique\/la-coalition-pour-un-oui-au-referendum-constitutionnel-lance-sa-campagne-dans-le-salamat#primaryimage"},"thumbnailUrl":"https:\/\/static.africa-press.net\/tchad\/sites\/41\/2023\/12\/sm_1701870470.61065.jpg","datePublished":"2023-12-06T16:31:42+00:00","dateModified":"2023-12-06T17:28:51+00:00","author":{"@id":"https:\/\/www.africa-press.net\/tchad\/#\/schema\/person\/2b1cf3cd81a31e3cd26889ca66d677f1"},"description":"Le chef de mission de la Coalition pour un OUI au re\u0301fe\u0301rendum constitutionnel de 2023, pour la province du Salamat, Dr ...","breadcrumb":{"@id":"https:\/\/www.africa-press.net\/tchad\/politique\/la-coalition-pour-un-oui-au-referendum-constitutionnel-lance-sa-campagne-dans-le-salamat#breadcrumb"},"inLanguage":"fr-FR","potentialAction":[{"@type":"ReadAction","target":["https:\/\/www.africa-press.net\/tchad\/politique\/la-coalition-pour-un-oui-au-referendum-constitutionnel-lance-sa-campagne-dans-le-salamat"]}]},{"@type":"ImageObject","inLanguage":"fr-FR","@id":"https:\/\/www.africa-press.net\/tchad\/politique\/la-coalition-pour-un-oui-au-referendum-constitutionnel-lance-sa-campagne-dans-le-salamat#primaryimage","url":"https:\/\/static.africa-press.net\/tchad\/sites\/41\/2023\/12\/sm_1701870470.61065.jpg","contentUrl":"https:\/\/static.africa-press.net\/tchad\/sites\/41\/2023\/12\/sm_1701870470.61065.jpg","width":1600,"height":900,"caption":"la Coalition pour un OUI au r\u00e9f\u00e9rendum constitutionnel lance sa campagne dans le Salamat"},{"@type":"BreadcrumbList","@id":"https:\/\/www.africa-press.net\/tchad\/politique\/la-coalition-pour-un-oui-au-referendum-constitutionnel-lance-sa-campagne-dans-le-salamat#breadcrumb","itemListElement":[{"@type":"ListItem","position":1,"name":"Accueil","item":"https:\/\/www.africa-press.net\/tchad\/"},{"@type":"ListItem","position":2,"name":"la Coalition pour un OUI au r\u00e9f\u00e9rendum constitutionnel lance sa campagne dans le Salamat"}]},{"@type":"WebSite","@id":"https:\/\/www.africa-press.net\/tchad\/#website","url":"https:\/\/www.africa-press.net\/tchad\/","name":"tchad","description":"Just another Africa News Agency Sites site","potentialAction":[{"@type":"SearchAction","target":{"@type":"EntryPoint","urlTemplate":"https:\/\/www.africa-press.net\/tchad\/?s={search_term_string}"},"query-input":{"@type":"PropertyValueSpecification","valueRequired":true,"valueName":"search_term_string"}}],"inLanguage":"fr-FR"},{"@type":"Person","@id":"https:\/\/www.africa-press.net\/tchad\/#\/schema\/person\/2b1cf3cd81a31e3cd26889ca66d677f1","name":"cfeditorfr"}]}},"_links":{"self":[{"href":"https:\/\/www.africa-press.net\/tchad\/wp-json\/wp\/v2\/posts\/55212","targetHints":{"allow":["GET"]}}],"collection":[{"href":"https:\/\/www.africa-press.net\/tchad\/wp-json\/wp\/v2\/posts"}],"about":[{"href":"https:\/\/www.africa-press.net\/tchad\/wp-json\/wp\/v2\/types\/post"}],"author":[{"embeddable":true,"href":"https:\/\/www.africa-press.net\/tchad\/wp-json\/wp\/v2\/users\/82"}],"replies":[{"embeddable":true,"href":"https:\/\/www.africa-press.net\/tchad\/wp-json\/wp\/v2\/comments?post=55212"}],"version-history":[{"count":0,"href":"https:\/\/www.africa-press.net\/tchad\/wp-json\/wp\/v2\/posts\/55212\/revisions"}],"wp:featuredmedia":[{"embeddable":true,"href":"https:\/\/www.africa-press.net\/tchad\/wp-json\/wp\/v2\/media\/55211"}],"wp:attachment":[{"href":"https:\/\/www.africa-press.net\/tchad\/wp-json\/wp\/v2\/media?parent=55212"}],"wp:term":[{"taxonomy":"category","embeddable":true,"href":"https:\/\/www.africa-press.net\/tchad\/wp-json\/wp\/v2\/categories?post=55212"},{"taxonomy":"post_tag","embeddable":true,"href":"https:\/\/www.africa-press.net\/tchad\/wp-json\/wp\/v2\/tags?post=55212"}],"curies":[{"name":"wp","href":"https:\/\/api.w.org\/{rel}","templated":true}]}}