{"id":55220,"date":"2023-12-06T16:33:05","date_gmt":"2023-12-06T16:33:05","guid":{"rendered":"https:\/\/www.africa-press.net\/tchad\/politique\/le-pdr-soutient-le-referendum-constitutionnel-et-appelle-a-voter-oui"},"modified":"2023-12-06T17:30:16","modified_gmt":"2023-12-06T17:30:16","slug":"le-pdr-soutient-le-referendum-constitutionnel-et-appelle-a-voter-oui","status":"publish","type":"post","link":"https:\/\/www.africa-press.net\/tchad\/politique\/le-pdr-soutient-le-referendum-constitutionnel-et-appelle-a-voter-oui","title":{"rendered":"le PDR soutient le r\u00e9f\u00e9rendum constitutionnel et appelle \u00e0 voter Oui"},"content":{"rendered":"<p><span style=\"color: #ff6600\"><strong>Africa-Press &#8211; Tchad. <\/strong><\/span>Le Parti De\u0301mocrate pour le Renouveau (PDR) a organise\u0301 un point de presse, le 6 de\u0301cembre 2023, au centre culturel Almouna, pour apporter son soutien au pre\u0301sident de la Transition, le ge\u0301ne\u0301ral Mahamat Idriss Deby, et encourager un vote Oui au re\u0301fe\u0301rendum constitutionnel.<\/p>\n<p>Le pre\u0301sident du PDR, Izadine Ahmat Tidjani, a salue\u0301 la politique d&rsquo;ouverture du pre\u0301sident de la Transition, et a reconnu la contribution de la CEEAC dans le retour des leaders du parti Les Transformateurs au Tchad, contribuant ainsi a\u0300 l&rsquo;apaisement de la tension politique.<\/p>\n<p>M. Tidjani a souligne\u0301 l&rsquo;importance de cette rencontre, qui s&rsquo;inscrit dans le cadre de la campagne re\u0301fe\u0301rendaire en cours. Il a aborde\u0301 la question cruciale de la paix, de la cohe\u0301sion sociale et du vivre ensemble au Tchad, questionnant de ce fait la manie\u0300re d\u2019assurer une se\u0301re\u0301nite\u0301 et une stabilite\u0301 durable pour le pays.<\/p>\n<p>Dans cette optique, le pre\u0301sident du PDR, Izadine Ahmat Tidjani, a appele\u0301 ses militants et sympathisants a\u0300 voter Oui, le 17 de\u0301cembre 2023, afin de garantir la coexistence pacifique des Tchadiens et de soutenir la Transition en cours.<\/p>\n<p><strong>Pour plus d&rsquo;informations et d&rsquo;analyses sur la <a href=\"https:\/\/www.africa-press.net\/tchad\">Tchad<\/a>, suivez <a href=\"https:\/\/www.africa-press.net\/\">Africa-Press<\/a><\/strong><\/p>\n","protected":false},"excerpt":{"rendered":"<p>Africa-Press &#8211; Tchad. Le Parti De\u0301mocrate pour le Renouveau (PDR) a organise\u0301 un point de presse, le 6 de\u0301cembre 2023, au centre culturel Almouna, pour apporter son soutien au pre\u0301sident de la Transition, le ge\u0301ne\u0301ral Mahamat Idriss Deby, et encourager un vote Oui au re\u0301fe\u0301rendum constitutionnel. Le pre\u0301sident du PDR, Izadine Ahmat Tidjani, a salue\u0301 [&hellip;]<\/p>\n","protected":false},"author":82,"featured_media":55219,"comment_status":"open","ping_status":"closed","sticky":false,"template":"","format":"standard","meta":{"footnotes":""},"categories":[2,10],"tags":[37,292,29],"class_list":["post-55220","post","type-post","status-publish","format-standard","has-post-thumbnail","hentry","category-politique","category-toutes-les-actualites","tag-africa-press","tag-africa-press-tchad","tag-tchad"],"yoast_head":"<!-- This site is optimized with the Yoast SEO Premium plugin v26.1 (Yoast SEO v27.0) - https:\/\/yoast.com\/product\/yoast-seo-premium-wordpress\/ -->\n<title>le PDR soutient le r\u00e9f\u00e9rendum constitutionnel et appelle \u00e0 voter Oui - tchad<\/title>\n<meta name=\"description\" content=\"Le Parti De\u0301mocrate pour le Renouveau (PDR) a organise\u0301 un point de presse, le 6 de\u0301cembre 2023, au centre culturel Almo ...\" \/>\n<meta name=\"robots\" content=\"index, follow, max-snippet:-1, max-image-preview:large, max-video-preview:-1\" \/>\n<link rel=\"canonical\" href=\"https:\/\/www.africa-press.net\/tchad\/politique\/le-pdr-soutient-le-referendum-constitutionnel-et-appelle-a-voter-oui\" \/>\n<meta property=\"og:locale\" content=\"fr_FR\" \/>\n<meta property=\"og:type\" content=\"article\" \/>\n<meta property=\"og:title\" content=\"le PDR soutient le r\u00e9f\u00e9rendum constitutionnel et appelle \u00e0 voter Oui\" \/>\n<meta property=\"og:description\" content=\"Le Parti De\u0301mocrate pour le Renouveau (PDR) a organise\u0301 un point de presse, le 6 de\u0301cembre 2023, au centre culturel Almo ...\" \/>\n<meta property=\"og:url\" content=\"https:\/\/www.africa-press.net\/tchad\/politique\/le-pdr-soutient-le-referendum-constitutionnel-et-appelle-a-voter-oui\" \/>\n<meta property=\"og:site_name\" content=\"tchad\" \/>\n<meta property=\"article:published_time\" content=\"2023-12-06T16:33:05+00:00\" \/>\n<meta property=\"article:modified_time\" content=\"2023-12-06T17:30:16+00:00\" \/>\n<meta property=\"og:image\" content=\"https:\/\/static.africa-press.net\/tchad\/sites\/41\/2023\/12\/sm_1701870581.434168.jpg\" \/>\n\t<meta property=\"og:image:width\" content=\"1280\" \/>\n\t<meta property=\"og:image:height\" content=\"720\" \/>\n\t<meta property=\"og:image:type\" content=\"image\/jpeg\" \/>\n<meta name=\"author\" content=\"cfeditorfr\" \/>\n<meta name=\"twitter:card\" content=\"summary_large_image\" \/>\n<meta name=\"twitter:label1\" content=\"\u00c9crit par\" \/>\n\t<meta name=\"twitter:data1\" content=\"cfeditorfr\" \/>\n\t<meta name=\"twitter:label2\" content=\"Dur\u00e9e de lecture estim\u00e9e\" \/>\n\t<meta name=\"twitter:data2\" content=\"1 minute\" \/>\n<script type=\"application\/ld+json\" class=\"yoast-schema-graph\">{\"@context\":\"https:\/\/schema.org\",\"@graph\":[{\"@type\":\"Article\",\"@id\":\"https:\/\/www.africa-press.net\/tchad\/politique\/le-pdr-soutient-le-referendum-constitutionnel-et-appelle-a-voter-oui#article\",\"isPartOf\":{\"@id\":\"https:\/\/www.africa-press.net\/tchad\/politique\/le-pdr-soutient-le-referendum-constitutionnel-et-appelle-a-voter-oui\"},\"author\":{\"name\":\"cfeditorfr\",\"@id\":\"https:\/\/www.africa-press.net\/tchad\/#\/schema\/person\/2b1cf3cd81a31e3cd26889ca66d677f1\"},\"headline\":\"le PDR soutient le r\u00e9f\u00e9rendum constitutionnel et appelle \u00e0 voter Oui\",\"datePublished\":\"2023-12-06T16:33:05+00:00\",\"dateModified\":\"2023-12-06T17:30:16+00:00\",\"mainEntityOfPage\":{\"@id\":\"https:\/\/www.africa-press.net\/tchad\/politique\/le-pdr-soutient-le-referendum-constitutionnel-et-appelle-a-voter-oui\"},\"wordCount\":224,\"commentCount\":0,\"image\":{\"@id\":\"https:\/\/www.africa-press.net\/tchad\/politique\/le-pdr-soutient-le-referendum-constitutionnel-et-appelle-a-voter-oui#primaryimage\"},\"thumbnailUrl\":\"https:\/\/static.africa-press.net\/tchad\/sites\/41\/2023\/12\/sm_1701870581.434168.jpg\",\"keywords\":[\"Africa Press\",\"Africa Press-Tchad\",\"Tchad\"],\"articleSection\":[\"Politique\",\"Toutes les actualit\u00e9s\"],\"inLanguage\":\"fr-FR\",\"potentialAction\":[{\"@type\":\"CommentAction\",\"name\":\"Comment\",\"target\":[\"https:\/\/www.africa-press.net\/tchad\/politique\/le-pdr-soutient-le-referendum-constitutionnel-et-appelle-a-voter-oui#respond\"]}]},{\"@type\":\"WebPage\",\"@id\":\"https:\/\/www.africa-press.net\/tchad\/politique\/le-pdr-soutient-le-referendum-constitutionnel-et-appelle-a-voter-oui\",\"url\":\"https:\/\/www.africa-press.net\/tchad\/politique\/le-pdr-soutient-le-referendum-constitutionnel-et-appelle-a-voter-oui\",\"name\":\"le PDR soutient le r\u00e9f\u00e9rendum constitutionnel et appelle \u00e0 voter Oui - tchad\",\"isPartOf\":{\"@id\":\"https:\/\/www.africa-press.net\/tchad\/#website\"},\"primaryImageOfPage\":{\"@id\":\"https:\/\/www.africa-press.net\/tchad\/politique\/le-pdr-soutient-le-referendum-constitutionnel-et-appelle-a-voter-oui#primaryimage\"},\"image\":{\"@id\":\"https:\/\/www.africa-press.net\/tchad\/politique\/le-pdr-soutient-le-referendum-constitutionnel-et-appelle-a-voter-oui#primaryimage\"},\"thumbnailUrl\":\"https:\/\/static.africa-press.net\/tchad\/sites\/41\/2023\/12\/sm_1701870581.434168.jpg\",\"datePublished\":\"2023-12-06T16:33:05+00:00\",\"dateModified\":\"2023-12-06T17:30:16+00:00\",\"author\":{\"@id\":\"https:\/\/www.africa-press.net\/tchad\/#\/schema\/person\/2b1cf3cd81a31e3cd26889ca66d677f1\"},\"description\":\"Le Parti De\u0301mocrate pour le Renouveau (PDR) a organise\u0301 un point de presse, le 6 de\u0301cembre 2023, au centre culturel Almo ...\",\"breadcrumb\":{\"@id\":\"https:\/\/www.africa-press.net\/tchad\/politique\/le-pdr-soutient-le-referendum-constitutionnel-et-appelle-a-voter-oui#breadcrumb\"},\"inLanguage\":\"fr-FR\",\"potentialAction\":[{\"@type\":\"ReadAction\",\"target\":[\"https:\/\/www.africa-press.net\/tchad\/politique\/le-pdr-soutient-le-referendum-constitutionnel-et-appelle-a-voter-oui\"]}]},{\"@type\":\"ImageObject\",\"inLanguage\":\"fr-FR\",\"@id\":\"https:\/\/www.africa-press.net\/tchad\/politique\/le-pdr-soutient-le-referendum-constitutionnel-et-appelle-a-voter-oui#primaryimage\",\"url\":\"https:\/\/static.africa-press.net\/tchad\/sites\/41\/2023\/12\/sm_1701870581.434168.jpg\",\"contentUrl\":\"https:\/\/static.africa-press.net\/tchad\/sites\/41\/2023\/12\/sm_1701870581.434168.jpg\",\"width\":1280,\"height\":720,\"caption\":\"le PDR soutient le r\u00e9f\u00e9rendum constitutionnel et appelle \u00e0 voter Oui\"},{\"@type\":\"BreadcrumbList\",\"@id\":\"https:\/\/www.africa-press.net\/tchad\/politique\/le-pdr-soutient-le-referendum-constitutionnel-et-appelle-a-voter-oui#breadcrumb\",\"itemListElement\":[{\"@type\":\"ListItem\",\"position\":1,\"name\":\"Accueil\",\"item\":\"https:\/\/www.africa-press.net\/tchad\/\"},{\"@type\":\"ListItem\",\"position\":2,\"name\":\"le PDR soutient le r\u00e9f\u00e9rendum constitutionnel et appelle \u00e0 voter Oui\"}]},{\"@type\":\"WebSite\",\"@id\":\"https:\/\/www.africa-press.net\/tchad\/#website\",\"url\":\"https:\/\/www.africa-press.net\/tchad\/\",\"name\":\"tchad\",\"description\":\"Just another Africa News Agency Sites site\",\"potentialAction\":[{\"@type\":\"SearchAction\",\"target\":{\"@type\":\"EntryPoint\",\"urlTemplate\":\"https:\/\/www.africa-press.net\/tchad\/?s={search_term_string}\"},\"query-input\":{\"@type\":\"PropertyValueSpecification\",\"valueRequired\":true,\"valueName\":\"search_term_string\"}}],\"inLanguage\":\"fr-FR\"},{\"@type\":\"Person\",\"@id\":\"https:\/\/www.africa-press.net\/tchad\/#\/schema\/person\/2b1cf3cd81a31e3cd26889ca66d677f1\",\"name\":\"cfeditorfr\"}]}<\/script>\n<!-- \/ Yoast SEO Premium plugin. -->","yoast_head_json":{"title":"le PDR soutient le r\u00e9f\u00e9rendum constitutionnel et appelle \u00e0 voter Oui - tchad","description":"Le Parti De\u0301mocrate pour le Renouveau (PDR) a organise\u0301 un point de presse, le 6 de\u0301cembre 2023, au centre culturel Almo ...","robots":{"index":"index","follow":"follow","max-snippet":"max-snippet:-1","max-image-preview":"max-image-preview:large","max-video-preview":"max-video-preview:-1"},"canonical":"https:\/\/www.africa-press.net\/tchad\/politique\/le-pdr-soutient-le-referendum-constitutionnel-et-appelle-a-voter-oui","og_locale":"fr_FR","og_type":"article","og_title":"le PDR soutient le r\u00e9f\u00e9rendum constitutionnel et appelle \u00e0 voter Oui","og_description":"Le Parti De\u0301mocrate pour le Renouveau (PDR) a organise\u0301 un point de presse, le 6 de\u0301cembre 2023, au centre culturel Almo ...","og_url":"https:\/\/www.africa-press.net\/tchad\/politique\/le-pdr-soutient-le-referendum-constitutionnel-et-appelle-a-voter-oui","og_site_name":"tchad","article_published_time":"2023-12-06T16:33:05+00:00","article_modified_time":"2023-12-06T17:30:16+00:00","og_image":[{"width":1280,"height":720,"url":"https:\/\/static.africa-press.net\/tchad\/sites\/41\/2023\/12\/sm_1701870581.434168.jpg","type":"image\/jpeg"}],"author":"cfeditorfr","twitter_card":"summary_large_image","twitter_misc":{"\u00c9crit par":"cfeditorfr","Dur\u00e9e de lecture estim\u00e9e":"1 minute"},"schema":{"@context":"https:\/\/schema.org","@graph":[{"@type":"Article","@id":"https:\/\/www.africa-press.net\/tchad\/politique\/le-pdr-soutient-le-referendum-constitutionnel-et-appelle-a-voter-oui#article","isPartOf":{"@id":"https:\/\/www.africa-press.net\/tchad\/politique\/le-pdr-soutient-le-referendum-constitutionnel-et-appelle-a-voter-oui"},"author":{"name":"cfeditorfr","@id":"https:\/\/www.africa-press.net\/tchad\/#\/schema\/person\/2b1cf3cd81a31e3cd26889ca66d677f1"},"headline":"le PDR soutient le r\u00e9f\u00e9rendum constitutionnel et appelle \u00e0 voter Oui","datePublished":"2023-12-06T16:33:05+00:00","dateModified":"2023-12-06T17:30:16+00:00","mainEntityOfPage":{"@id":"https:\/\/www.africa-press.net\/tchad\/politique\/le-pdr-soutient-le-referendum-constitutionnel-et-appelle-a-voter-oui"},"wordCount":224,"commentCount":0,"image":{"@id":"https:\/\/www.africa-press.net\/tchad\/politique\/le-pdr-soutient-le-referendum-constitutionnel-et-appelle-a-voter-oui#primaryimage"},"thumbnailUrl":"https:\/\/static.africa-press.net\/tchad\/sites\/41\/2023\/12\/sm_1701870581.434168.jpg","keywords":["Africa Press","Africa Press-Tchad","Tchad"],"articleSection":["Politique","Toutes les actualit\u00e9s"],"inLanguage":"fr-FR","potentialAction":[{"@type":"CommentAction","name":"Comment","target":["https:\/\/www.africa-press.net\/tchad\/politique\/le-pdr-soutient-le-referendum-constitutionnel-et-appelle-a-voter-oui#respond"]}]},{"@type":"WebPage","@id":"https:\/\/www.africa-press.net\/tchad\/politique\/le-pdr-soutient-le-referendum-constitutionnel-et-appelle-a-voter-oui","url":"https:\/\/www.africa-press.net\/tchad\/politique\/le-pdr-soutient-le-referendum-constitutionnel-et-appelle-a-voter-oui","name":"le PDR soutient le r\u00e9f\u00e9rendum constitutionnel et appelle \u00e0 voter Oui - tchad","isPartOf":{"@id":"https:\/\/www.africa-press.net\/tchad\/#website"},"primaryImageOfPage":{"@id":"https:\/\/www.africa-press.net\/tchad\/politique\/le-pdr-soutient-le-referendum-constitutionnel-et-appelle-a-voter-oui#primaryimage"},"image":{"@id":"https:\/\/www.africa-press.net\/tchad\/politique\/le-pdr-soutient-le-referendum-constitutionnel-et-appelle-a-voter-oui#primaryimage"},"thumbnailUrl":"https:\/\/static.africa-press.net\/tchad\/sites\/41\/2023\/12\/sm_1701870581.434168.jpg","datePublished":"2023-12-06T16:33:05+00:00","dateModified":"2023-12-06T17:30:16+00:00","author":{"@id":"https:\/\/www.africa-press.net\/tchad\/#\/schema\/person\/2b1cf3cd81a31e3cd26889ca66d677f1"},"description":"Le Parti De\u0301mocrate pour le Renouveau (PDR) a organise\u0301 un point de presse, le 6 de\u0301cembre 2023, au centre culturel Almo ...","breadcrumb":{"@id":"https:\/\/www.africa-press.net\/tchad\/politique\/le-pdr-soutient-le-referendum-constitutionnel-et-appelle-a-voter-oui#breadcrumb"},"inLanguage":"fr-FR","potentialAction":[{"@type":"ReadAction","target":["https:\/\/www.africa-press.net\/tchad\/politique\/le-pdr-soutient-le-referendum-constitutionnel-et-appelle-a-voter-oui"]}]},{"@type":"ImageObject","inLanguage":"fr-FR","@id":"https:\/\/www.africa-press.net\/tchad\/politique\/le-pdr-soutient-le-referendum-constitutionnel-et-appelle-a-voter-oui#primaryimage","url":"https:\/\/static.africa-press.net\/tchad\/sites\/41\/2023\/12\/sm_1701870581.434168.jpg","contentUrl":"https:\/\/static.africa-press.net\/tchad\/sites\/41\/2023\/12\/sm_1701870581.434168.jpg","width":1280,"height":720,"caption":"le PDR soutient le r\u00e9f\u00e9rendum constitutionnel et appelle \u00e0 voter Oui"},{"@type":"BreadcrumbList","@id":"https:\/\/www.africa-press.net\/tchad\/politique\/le-pdr-soutient-le-referendum-constitutionnel-et-appelle-a-voter-oui#breadcrumb","itemListElement":[{"@type":"ListItem","position":1,"name":"Accueil","item":"https:\/\/www.africa-press.net\/tchad\/"},{"@type":"ListItem","position":2,"name":"le PDR soutient le r\u00e9f\u00e9rendum constitutionnel et appelle \u00e0 voter Oui"}]},{"@type":"WebSite","@id":"https:\/\/www.africa-press.net\/tchad\/#website","url":"https:\/\/www.africa-press.net\/tchad\/","name":"tchad","description":"Just another Africa News Agency Sites site","potentialAction":[{"@type":"SearchAction","target":{"@type":"EntryPoint","urlTemplate":"https:\/\/www.africa-press.net\/tchad\/?s={search_term_string}"},"query-input":{"@type":"PropertyValueSpecification","valueRequired":true,"valueName":"search_term_string"}}],"inLanguage":"fr-FR"},{"@type":"Person","@id":"https:\/\/www.africa-press.net\/tchad\/#\/schema\/person\/2b1cf3cd81a31e3cd26889ca66d677f1","name":"cfeditorfr"}]}},"_links":{"self":[{"href":"https:\/\/www.africa-press.net\/tchad\/wp-json\/wp\/v2\/posts\/55220","targetHints":{"allow":["GET"]}}],"collection":[{"href":"https:\/\/www.africa-press.net\/tchad\/wp-json\/wp\/v2\/posts"}],"about":[{"href":"https:\/\/www.africa-press.net\/tchad\/wp-json\/wp\/v2\/types\/post"}],"author":[{"embeddable":true,"href":"https:\/\/www.africa-press.net\/tchad\/wp-json\/wp\/v2\/users\/82"}],"replies":[{"embeddable":true,"href":"https:\/\/www.africa-press.net\/tchad\/wp-json\/wp\/v2\/comments?post=55220"}],"version-history":[{"count":0,"href":"https:\/\/www.africa-press.net\/tchad\/wp-json\/wp\/v2\/posts\/55220\/revisions"}],"wp:featuredmedia":[{"embeddable":true,"href":"https:\/\/www.africa-press.net\/tchad\/wp-json\/wp\/v2\/media\/55219"}],"wp:attachment":[{"href":"https:\/\/www.africa-press.net\/tchad\/wp-json\/wp\/v2\/media?parent=55220"}],"wp:term":[{"taxonomy":"category","embeddable":true,"href":"https:\/\/www.africa-press.net\/tchad\/wp-json\/wp\/v2\/categories?post=55220"},{"taxonomy":"post_tag","embeddable":true,"href":"https:\/\/www.africa-press.net\/tchad\/wp-json\/wp\/v2\/tags?post=55220"}],"curies":[{"name":"wp","href":"https:\/\/api.w.org\/{rel}","templated":true}]}}