{"id":55224,"date":"2023-12-06T16:33:16","date_gmt":"2023-12-06T16:33:16","guid":{"rendered":"https:\/\/www.africa-press.net\/tchad\/politique\/agir-pour-le-tchad-encourage-le-oui-pour-letat-unitaire-decentralise"},"modified":"2023-12-06T17:30:35","modified_gmt":"2023-12-06T17:30:35","slug":"agir-pour-le-tchad-encourage-le-oui-pour-letat-unitaire-decentralise","status":"publish","type":"post","link":"https:\/\/www.africa-press.net\/tchad\/politique\/agir-pour-le-tchad-encourage-le-oui-pour-letat-unitaire-decentralise","title":{"rendered":"Agir pour le Tchad encourage le Oui pour l&rsquo;\u00c9tat unitaire d\u00e9centralis\u00e9"},"content":{"rendered":"<p><span style=\"color: #ff6600\"><strong>Africa-Press &#8211; Tchad. <\/strong><\/span>La plateforme Agir pour le Tchad a officiellement lance\u0301 ses activite\u0301s, et organise\u0301 une confe\u0301rence de\u0301bat le 5 de\u0301cembre 2023 a\u0300 l&rsquo;ONAMA, au cours de laquelle elle a encourage\u0301 la population a\u0300 voter Oui, pour l&rsquo;E\u0301tat unitaire de\u0301centralise\u0301, lors du re\u0301fe\u0301rendum constitutionnel a\u0300 venir.<\/p>\n<p>Le pre\u0301sident de la plateforme, Ibrahim Abdelkerim Sinine, a souligne\u0301 que le projet de la nouvelle Constitution incorpore des e\u0301le\u0301ments cle\u0301s de la Constitution de 1996, issue du consensus de la Confe\u0301rence Nationale Souveraine (CNS), tout en introduisant des innovations telles que l&rsquo;autonomie administrative, financie\u0300re et morale des collectivite\u0301s locales de\u0301centralise\u0301es.<\/p>\n<p>Une des caracte\u0301ristiques remarquables de la nouvelle Constitution, est la cre\u0301ation de la fonction publique locale.<\/p>\n<p>Le coordinateur de la plateforme, Mbai\u0308ramadji Ngarmadji, a releve\u0301 que bien que des propositions aient e\u0301te\u0301 faites pour soumettre deux Constitutions, une pour un E\u0301tat fe\u0301de\u0301ral et une autre pour un E\u0301tat unitaire de\u0301centralise\u0301, la de\u0301cision finale a e\u0301te\u0301 de choisir un E\u0301tat unitaire de\u0301centralise\u0301. Cette option, selon lui, refle\u0300te largement les souhaits du camp fe\u0301de\u0301ral, comme en te\u0301moignent les innovations du projet de constitution.<\/p>\n<p>Mbai\u0308ramadji Ngarmadji a e\u0301galement affirme\u0301 que leur combat porte e\u0301galement sur la lutte contre la gabegie financie\u0300re, l\u2019absente\u0301isme, la fraude et l\u2019injustice sociale. Leur contribution se manifestera d&rsquo;abord par la sensibilisation des agents de l&rsquo;E\u0301tat au professionnalisme, a\u0300 la qualite\u0301 du travail, et ensuite par le soutien aux femmes et a\u0300 la jeunesse dans l&rsquo;entrepreneuriat, tout en financ\u0327ant des formations et en aidant a\u0300 l&rsquo;e\u0301tablissement de petites et moyennes entreprises.<\/p>\n<p>Les participants a\u0300 la confe\u0301rence ont explique\u0301 en de\u0301tail les modifications apporte\u0301es a\u0300 la nouvelle Constitution qui sera pre\u0301sente\u0301e au vote le 17 de\u0301cembre.<\/p>\n\r\n                <style type=\"text\/css\">\r\n                    \r\n                    #td_uid_1_69ec49096c2d5  .td-doubleSlider-2 .td-item1 {\r\n                        background: url(https:\/\/static.africa-press.net\/tchad\/sites\/41\/2023\/12\/sm_1701870622.531372-80x60.jpg) 0 0 no-repeat;\r\n                    }\r\n                    #td_uid_1_69ec49096c2d5  .td-doubleSlider-2 .td-item2 {\r\n                        background: url(https:\/\/static.africa-press.net\/tchad\/sites\/41\/2023\/12\/sm_1701870637.772031-80x60.jpg) 0 0 no-repeat;\r\n                    }\r\n                <\/style>\r\n\r\n                <div id=\"td_uid_1_69ec49096c2d5\" class=\"td-gallery td-slide-on-2-columns\">\r\n                    <div class=\"post_td_gallery\">\r\n                        <div class=\"td-gallery-slide-top\">\r\n                           <div class=\"td-gallery-title\"><\/div>\r\n\r\n                            <div class=\"td-gallery-controls-wrapper\">\r\n                                <div class=\"td-gallery-slide-count\"><span class=\"td-gallery-slide-item-focus\">1<\/span> de 2<\/div>\r\n                                <div class=\"td-gallery-slide-prev-next-but\">\r\n                                    <i class = \"td-icon-left doubleSliderPrevButton\"><\/i>\r\n                                    <i class = \"td-icon-right doubleSliderNextButton\"><\/i>\r\n                                <\/div>\r\n                            <\/div>\r\n                        <\/div>\r\n\r\n                        <div class = \"td-doubleSlider-1 \">\r\n                            <div class = \"td-slider\">\r\n                                \r\n                    <div class = \"td-slide-item td-item1\">\r\n                        <figure class=\"td-slide-galery-figure td-slide-popup-gallery\">\r\n                            <a class=\"slide-gallery-image-link\" href=\"https:\/\/static.africa-press.net\/tchad\/sites\/41\/2023\/12\/sm_1701870622.531372.jpg\" title=\"sm_1701870622.531372\"  data-caption=\"\"  data-description=\"\">\r\n                                <img decoding=\"async\" src=\"https:\/\/static.africa-press.net\/tchad\/sites\/41\/2023\/12\/sm_1701870622.531372.jpg\" srcset=\"https:\/\/static.africa-press.net\/tchad\/sites\/41\/2023\/12\/sm_1701870622.531372.jpg 720w, https:\/\/static.africa-press.net\/tchad\/sites\/41\/2023\/12\/sm_1701870622.531372-300x225.jpg 300w, https:\/\/static.africa-press.net\/tchad\/sites\/41\/2023\/12\/sm_1701870622.531372-80x60.jpg 80w\" sizes=\"(max-width: 720px) 100vw, 720px\" alt=\"\">\r\n                            <\/a>\r\n                            \r\n                        <\/figure>\r\n                    <\/div>\r\n                    <div class = \"td-slide-item td-item2\">\r\n                        <figure class=\"td-slide-galery-figure td-slide-popup-gallery\">\r\n                            <a class=\"slide-gallery-image-link\" href=\"https:\/\/static.africa-press.net\/tchad\/sites\/41\/2023\/12\/sm_1701870637.772031.jpg\" title=\"sm_1701870637.772031\"  data-caption=\"\"  data-description=\"\">\r\n                                <img decoding=\"async\" src=\"https:\/\/static.africa-press.net\/tchad\/sites\/41\/2023\/12\/sm_1701870637.772031.jpg\" srcset=\"https:\/\/static.africa-press.net\/tchad\/sites\/41\/2023\/12\/sm_1701870637.772031.jpg 720w, https:\/\/static.africa-press.net\/tchad\/sites\/41\/2023\/12\/sm_1701870637.772031-300x225.jpg 300w, https:\/\/static.africa-press.net\/tchad\/sites\/41\/2023\/12\/sm_1701870637.772031-80x60.jpg 80w\" sizes=\"(max-width: 720px) 100vw, 720px\" alt=\"\">\r\n                            <\/a>\r\n                            \r\n                        <\/figure>\r\n                    <\/div>\r\n                            <\/div>\r\n                        <\/div>\r\n\r\n                        <div class = \"td-doubleSlider-2\">\r\n                            <div class = \"td-slider\">\r\n                                \r\n                    <div class = \"td-button td-item1\">\r\n                        <div class = \"td-border\"><\/div>\r\n                    <\/div>\r\n                    <div class = \"td-button td-item2\">\r\n                        <div class = \"td-border\"><\/div>\r\n                    <\/div>\r\n                            <\/div>\r\n                        <\/div>\r\n\r\n                    <\/div>\r\n\r\n                <\/div>\r\n                \n<p><strong>Pour plus d&rsquo;informations et d&rsquo;analyses sur la <a href=\"https:\/\/www.africa-press.net\/tchad\">Tchad<\/a>, suivez <a href=\"https:\/\/www.africa-press.net\/\">Africa-Press<\/a><\/strong><\/p>\n","protected":false},"excerpt":{"rendered":"<p>Africa-Press &#8211; Tchad. La plateforme Agir pour le Tchad a officiellement lance\u0301 ses activite\u0301s, et organise\u0301 une confe\u0301rence de\u0301bat le 5 de\u0301cembre 2023 a\u0300 l&rsquo;ONAMA, au cours de laquelle elle a encourage\u0301 la population a\u0300 voter Oui, pour l&rsquo;E\u0301tat unitaire de\u0301centralise\u0301, lors du re\u0301fe\u0301rendum constitutionnel a\u0300 venir. Le pre\u0301sident de la plateforme, Ibrahim Abdelkerim Sinine, [&hellip;]<\/p>\n","protected":false},"author":82,"featured_media":55223,"comment_status":"open","ping_status":"closed","sticky":false,"template":"","format":"standard","meta":{"footnotes":""},"categories":[8,2,10],"tags":[37,292,29],"class_list":["post-55224","post","type-post","status-publish","format-standard","has-post-thumbnail","hentry","category-photo","category-politique","category-toutes-les-actualites","tag-africa-press","tag-africa-press-tchad","tag-tchad"],"yoast_head":"<!-- This site is optimized with the Yoast SEO Premium plugin v26.1 (Yoast SEO v27.0) - https:\/\/yoast.com\/product\/yoast-seo-premium-wordpress\/ -->\n<title>Agir pour le Tchad encourage le Oui pour l&#039;\u00c9tat unitaire d\u00e9centralis\u00e9 - tchad<\/title>\n<meta name=\"description\" content=\"La plateforme Agir pour le Tchad a officiellement lance\u0301 ses activite\u0301s, et organise\u0301 une confe\u0301rence de\u0301bat le 5 de\u0301cem ...\" \/>\n<meta name=\"robots\" content=\"index, follow, max-snippet:-1, max-image-preview:large, max-video-preview:-1\" \/>\n<link rel=\"canonical\" href=\"https:\/\/www.africa-press.net\/tchad\/politique\/agir-pour-le-tchad-encourage-le-oui-pour-letat-unitaire-decentralise\" \/>\n<meta property=\"og:locale\" content=\"fr_FR\" \/>\n<meta property=\"og:type\" content=\"article\" \/>\n<meta property=\"og:title\" content=\"Agir pour le Tchad encourage le Oui pour l&#039;\u00c9tat unitaire d\u00e9centralis\u00e9\" \/>\n<meta property=\"og:description\" content=\"La plateforme Agir pour le Tchad a officiellement lance\u0301 ses activite\u0301s, et organise\u0301 une confe\u0301rence de\u0301bat le 5 de\u0301cem ...\" \/>\n<meta property=\"og:url\" content=\"https:\/\/www.africa-press.net\/tchad\/politique\/agir-pour-le-tchad-encourage-le-oui-pour-letat-unitaire-decentralise\" \/>\n<meta property=\"og:site_name\" content=\"tchad\" \/>\n<meta property=\"article:published_time\" content=\"2023-12-06T16:33:16+00:00\" \/>\n<meta property=\"article:modified_time\" content=\"2023-12-06T17:30:35+00:00\" \/>\n<meta property=\"og:image\" content=\"https:\/\/static.africa-press.net\/tchad\/sites\/41\/2023\/12\/sm_1701870654.316845.jpg\" \/>\n\t<meta property=\"og:image:width\" content=\"720\" \/>\n\t<meta property=\"og:image:height\" content=\"539\" \/>\n\t<meta property=\"og:image:type\" content=\"image\/jpeg\" \/>\n<meta name=\"author\" content=\"cfeditorfr\" \/>\n<meta name=\"twitter:card\" content=\"summary_large_image\" \/>\n<meta name=\"twitter:label1\" content=\"\u00c9crit par\" \/>\n\t<meta name=\"twitter:data1\" content=\"cfeditorfr\" \/>\n\t<meta name=\"twitter:label2\" content=\"Dur\u00e9e de lecture estim\u00e9e\" \/>\n\t<meta name=\"twitter:data2\" content=\"2 minutes\" \/>\n<script type=\"application\/ld+json\" class=\"yoast-schema-graph\">{\"@context\":\"https:\/\/schema.org\",\"@graph\":[{\"@type\":\"Article\",\"@id\":\"https:\/\/www.africa-press.net\/tchad\/politique\/agir-pour-le-tchad-encourage-le-oui-pour-letat-unitaire-decentralise#article\",\"isPartOf\":{\"@id\":\"https:\/\/www.africa-press.net\/tchad\/politique\/agir-pour-le-tchad-encourage-le-oui-pour-letat-unitaire-decentralise\"},\"author\":{\"name\":\"cfeditorfr\",\"@id\":\"https:\/\/www.africa-press.net\/tchad\/#\/schema\/person\/2b1cf3cd81a31e3cd26889ca66d677f1\"},\"headline\":\"Agir pour le Tchad encourage le Oui pour l&rsquo;\u00c9tat unitaire d\u00e9centralis\u00e9\",\"datePublished\":\"2023-12-06T16:33:16+00:00\",\"dateModified\":\"2023-12-06T17:30:35+00:00\",\"mainEntityOfPage\":{\"@id\":\"https:\/\/www.africa-press.net\/tchad\/politique\/agir-pour-le-tchad-encourage-le-oui-pour-letat-unitaire-decentralise\"},\"wordCount\":361,\"commentCount\":0,\"image\":{\"@id\":\"https:\/\/www.africa-press.net\/tchad\/politique\/agir-pour-le-tchad-encourage-le-oui-pour-letat-unitaire-decentralise#primaryimage\"},\"thumbnailUrl\":\"https:\/\/static.africa-press.net\/tchad\/sites\/41\/2023\/12\/sm_1701870654.316845.jpg\",\"keywords\":[\"Africa Press\",\"Africa Press-Tchad\",\"Tchad\"],\"articleSection\":[\"Photo\",\"Politique\",\"Toutes les actualit\u00e9s\"],\"inLanguage\":\"fr-FR\",\"potentialAction\":[{\"@type\":\"CommentAction\",\"name\":\"Comment\",\"target\":[\"https:\/\/www.africa-press.net\/tchad\/politique\/agir-pour-le-tchad-encourage-le-oui-pour-letat-unitaire-decentralise#respond\"]}]},{\"@type\":\"WebPage\",\"@id\":\"https:\/\/www.africa-press.net\/tchad\/politique\/agir-pour-le-tchad-encourage-le-oui-pour-letat-unitaire-decentralise\",\"url\":\"https:\/\/www.africa-press.net\/tchad\/politique\/agir-pour-le-tchad-encourage-le-oui-pour-letat-unitaire-decentralise\",\"name\":\"Agir pour le Tchad encourage le Oui pour l'\u00c9tat unitaire d\u00e9centralis\u00e9 - tchad\",\"isPartOf\":{\"@id\":\"https:\/\/www.africa-press.net\/tchad\/#website\"},\"primaryImageOfPage\":{\"@id\":\"https:\/\/www.africa-press.net\/tchad\/politique\/agir-pour-le-tchad-encourage-le-oui-pour-letat-unitaire-decentralise#primaryimage\"},\"image\":{\"@id\":\"https:\/\/www.africa-press.net\/tchad\/politique\/agir-pour-le-tchad-encourage-le-oui-pour-letat-unitaire-decentralise#primaryimage\"},\"thumbnailUrl\":\"https:\/\/static.africa-press.net\/tchad\/sites\/41\/2023\/12\/sm_1701870654.316845.jpg\",\"datePublished\":\"2023-12-06T16:33:16+00:00\",\"dateModified\":\"2023-12-06T17:30:35+00:00\",\"author\":{\"@id\":\"https:\/\/www.africa-press.net\/tchad\/#\/schema\/person\/2b1cf3cd81a31e3cd26889ca66d677f1\"},\"description\":\"La plateforme Agir pour le Tchad a officiellement lance\u0301 ses activite\u0301s, et organise\u0301 une confe\u0301rence de\u0301bat le 5 de\u0301cem ...\",\"breadcrumb\":{\"@id\":\"https:\/\/www.africa-press.net\/tchad\/politique\/agir-pour-le-tchad-encourage-le-oui-pour-letat-unitaire-decentralise#breadcrumb\"},\"inLanguage\":\"fr-FR\",\"potentialAction\":[{\"@type\":\"ReadAction\",\"target\":[\"https:\/\/www.africa-press.net\/tchad\/politique\/agir-pour-le-tchad-encourage-le-oui-pour-letat-unitaire-decentralise\"]}]},{\"@type\":\"ImageObject\",\"inLanguage\":\"fr-FR\",\"@id\":\"https:\/\/www.africa-press.net\/tchad\/politique\/agir-pour-le-tchad-encourage-le-oui-pour-letat-unitaire-decentralise#primaryimage\",\"url\":\"https:\/\/static.africa-press.net\/tchad\/sites\/41\/2023\/12\/sm_1701870654.316845.jpg\",\"contentUrl\":\"https:\/\/static.africa-press.net\/tchad\/sites\/41\/2023\/12\/sm_1701870654.316845.jpg\",\"width\":720,\"height\":539,\"caption\":\"Agir pour le Tchad encourage le Oui pour l'\u00c9tat unitaire d\u00e9centralis\u00e9\"},{\"@type\":\"BreadcrumbList\",\"@id\":\"https:\/\/www.africa-press.net\/tchad\/politique\/agir-pour-le-tchad-encourage-le-oui-pour-letat-unitaire-decentralise#breadcrumb\",\"itemListElement\":[{\"@type\":\"ListItem\",\"position\":1,\"name\":\"Accueil\",\"item\":\"https:\/\/www.africa-press.net\/tchad\/\"},{\"@type\":\"ListItem\",\"position\":2,\"name\":\"Agir pour le Tchad encourage le Oui pour l&#8217;\u00c9tat unitaire d\u00e9centralis\u00e9\"}]},{\"@type\":\"WebSite\",\"@id\":\"https:\/\/www.africa-press.net\/tchad\/#website\",\"url\":\"https:\/\/www.africa-press.net\/tchad\/\",\"name\":\"tchad\",\"description\":\"Just another Africa News Agency Sites site\",\"potentialAction\":[{\"@type\":\"SearchAction\",\"target\":{\"@type\":\"EntryPoint\",\"urlTemplate\":\"https:\/\/www.africa-press.net\/tchad\/?s={search_term_string}\"},\"query-input\":{\"@type\":\"PropertyValueSpecification\",\"valueRequired\":true,\"valueName\":\"search_term_string\"}}],\"inLanguage\":\"fr-FR\"},{\"@type\":\"Person\",\"@id\":\"https:\/\/www.africa-press.net\/tchad\/#\/schema\/person\/2b1cf3cd81a31e3cd26889ca66d677f1\",\"name\":\"cfeditorfr\"}]}<\/script>\n<!-- \/ Yoast SEO Premium plugin. -->","yoast_head_json":{"title":"Agir pour le Tchad encourage le Oui pour l'\u00c9tat unitaire d\u00e9centralis\u00e9 - tchad","description":"La plateforme Agir pour le Tchad a officiellement lance\u0301 ses activite\u0301s, et organise\u0301 une confe\u0301rence de\u0301bat le 5 de\u0301cem ...","robots":{"index":"index","follow":"follow","max-snippet":"max-snippet:-1","max-image-preview":"max-image-preview:large","max-video-preview":"max-video-preview:-1"},"canonical":"https:\/\/www.africa-press.net\/tchad\/politique\/agir-pour-le-tchad-encourage-le-oui-pour-letat-unitaire-decentralise","og_locale":"fr_FR","og_type":"article","og_title":"Agir pour le Tchad encourage le Oui pour l'\u00c9tat unitaire d\u00e9centralis\u00e9","og_description":"La plateforme Agir pour le Tchad a officiellement lance\u0301 ses activite\u0301s, et organise\u0301 une confe\u0301rence de\u0301bat le 5 de\u0301cem ...","og_url":"https:\/\/www.africa-press.net\/tchad\/politique\/agir-pour-le-tchad-encourage-le-oui-pour-letat-unitaire-decentralise","og_site_name":"tchad","article_published_time":"2023-12-06T16:33:16+00:00","article_modified_time":"2023-12-06T17:30:35+00:00","og_image":[{"width":720,"height":539,"url":"https:\/\/static.africa-press.net\/tchad\/sites\/41\/2023\/12\/sm_1701870654.316845.jpg","type":"image\/jpeg"}],"author":"cfeditorfr","twitter_card":"summary_large_image","twitter_misc":{"\u00c9crit par":"cfeditorfr","Dur\u00e9e de lecture estim\u00e9e":"2 minutes"},"schema":{"@context":"https:\/\/schema.org","@graph":[{"@type":"Article","@id":"https:\/\/www.africa-press.net\/tchad\/politique\/agir-pour-le-tchad-encourage-le-oui-pour-letat-unitaire-decentralise#article","isPartOf":{"@id":"https:\/\/www.africa-press.net\/tchad\/politique\/agir-pour-le-tchad-encourage-le-oui-pour-letat-unitaire-decentralise"},"author":{"name":"cfeditorfr","@id":"https:\/\/www.africa-press.net\/tchad\/#\/schema\/person\/2b1cf3cd81a31e3cd26889ca66d677f1"},"headline":"Agir pour le Tchad encourage le Oui pour l&rsquo;\u00c9tat unitaire d\u00e9centralis\u00e9","datePublished":"2023-12-06T16:33:16+00:00","dateModified":"2023-12-06T17:30:35+00:00","mainEntityOfPage":{"@id":"https:\/\/www.africa-press.net\/tchad\/politique\/agir-pour-le-tchad-encourage-le-oui-pour-letat-unitaire-decentralise"},"wordCount":361,"commentCount":0,"image":{"@id":"https:\/\/www.africa-press.net\/tchad\/politique\/agir-pour-le-tchad-encourage-le-oui-pour-letat-unitaire-decentralise#primaryimage"},"thumbnailUrl":"https:\/\/static.africa-press.net\/tchad\/sites\/41\/2023\/12\/sm_1701870654.316845.jpg","keywords":["Africa Press","Africa Press-Tchad","Tchad"],"articleSection":["Photo","Politique","Toutes les actualit\u00e9s"],"inLanguage":"fr-FR","potentialAction":[{"@type":"CommentAction","name":"Comment","target":["https:\/\/www.africa-press.net\/tchad\/politique\/agir-pour-le-tchad-encourage-le-oui-pour-letat-unitaire-decentralise#respond"]}]},{"@type":"WebPage","@id":"https:\/\/www.africa-press.net\/tchad\/politique\/agir-pour-le-tchad-encourage-le-oui-pour-letat-unitaire-decentralise","url":"https:\/\/www.africa-press.net\/tchad\/politique\/agir-pour-le-tchad-encourage-le-oui-pour-letat-unitaire-decentralise","name":"Agir pour le Tchad encourage le Oui pour l'\u00c9tat unitaire d\u00e9centralis\u00e9 - tchad","isPartOf":{"@id":"https:\/\/www.africa-press.net\/tchad\/#website"},"primaryImageOfPage":{"@id":"https:\/\/www.africa-press.net\/tchad\/politique\/agir-pour-le-tchad-encourage-le-oui-pour-letat-unitaire-decentralise#primaryimage"},"image":{"@id":"https:\/\/www.africa-press.net\/tchad\/politique\/agir-pour-le-tchad-encourage-le-oui-pour-letat-unitaire-decentralise#primaryimage"},"thumbnailUrl":"https:\/\/static.africa-press.net\/tchad\/sites\/41\/2023\/12\/sm_1701870654.316845.jpg","datePublished":"2023-12-06T16:33:16+00:00","dateModified":"2023-12-06T17:30:35+00:00","author":{"@id":"https:\/\/www.africa-press.net\/tchad\/#\/schema\/person\/2b1cf3cd81a31e3cd26889ca66d677f1"},"description":"La plateforme Agir pour le Tchad a officiellement lance\u0301 ses activite\u0301s, et organise\u0301 une confe\u0301rence de\u0301bat le 5 de\u0301cem ...","breadcrumb":{"@id":"https:\/\/www.africa-press.net\/tchad\/politique\/agir-pour-le-tchad-encourage-le-oui-pour-letat-unitaire-decentralise#breadcrumb"},"inLanguage":"fr-FR","potentialAction":[{"@type":"ReadAction","target":["https:\/\/www.africa-press.net\/tchad\/politique\/agir-pour-le-tchad-encourage-le-oui-pour-letat-unitaire-decentralise"]}]},{"@type":"ImageObject","inLanguage":"fr-FR","@id":"https:\/\/www.africa-press.net\/tchad\/politique\/agir-pour-le-tchad-encourage-le-oui-pour-letat-unitaire-decentralise#primaryimage","url":"https:\/\/static.africa-press.net\/tchad\/sites\/41\/2023\/12\/sm_1701870654.316845.jpg","contentUrl":"https:\/\/static.africa-press.net\/tchad\/sites\/41\/2023\/12\/sm_1701870654.316845.jpg","width":720,"height":539,"caption":"Agir pour le Tchad encourage le Oui pour l'\u00c9tat unitaire d\u00e9centralis\u00e9"},{"@type":"BreadcrumbList","@id":"https:\/\/www.africa-press.net\/tchad\/politique\/agir-pour-le-tchad-encourage-le-oui-pour-letat-unitaire-decentralise#breadcrumb","itemListElement":[{"@type":"ListItem","position":1,"name":"Accueil","item":"https:\/\/www.africa-press.net\/tchad\/"},{"@type":"ListItem","position":2,"name":"Agir pour le Tchad encourage le Oui pour l&#8217;\u00c9tat unitaire d\u00e9centralis\u00e9"}]},{"@type":"WebSite","@id":"https:\/\/www.africa-press.net\/tchad\/#website","url":"https:\/\/www.africa-press.net\/tchad\/","name":"tchad","description":"Just another Africa News Agency Sites site","potentialAction":[{"@type":"SearchAction","target":{"@type":"EntryPoint","urlTemplate":"https:\/\/www.africa-press.net\/tchad\/?s={search_term_string}"},"query-input":{"@type":"PropertyValueSpecification","valueRequired":true,"valueName":"search_term_string"}}],"inLanguage":"fr-FR"},{"@type":"Person","@id":"https:\/\/www.africa-press.net\/tchad\/#\/schema\/person\/2b1cf3cd81a31e3cd26889ca66d677f1","name":"cfeditorfr"}]}},"_links":{"self":[{"href":"https:\/\/www.africa-press.net\/tchad\/wp-json\/wp\/v2\/posts\/55224","targetHints":{"allow":["GET"]}}],"collection":[{"href":"https:\/\/www.africa-press.net\/tchad\/wp-json\/wp\/v2\/posts"}],"about":[{"href":"https:\/\/www.africa-press.net\/tchad\/wp-json\/wp\/v2\/types\/post"}],"author":[{"embeddable":true,"href":"https:\/\/www.africa-press.net\/tchad\/wp-json\/wp\/v2\/users\/82"}],"replies":[{"embeddable":true,"href":"https:\/\/www.africa-press.net\/tchad\/wp-json\/wp\/v2\/comments?post=55224"}],"version-history":[{"count":0,"href":"https:\/\/www.africa-press.net\/tchad\/wp-json\/wp\/v2\/posts\/55224\/revisions"}],"wp:featuredmedia":[{"embeddable":true,"href":"https:\/\/www.africa-press.net\/tchad\/wp-json\/wp\/v2\/media\/55223"}],"wp:attachment":[{"href":"https:\/\/www.africa-press.net\/tchad\/wp-json\/wp\/v2\/media?parent=55224"}],"wp:term":[{"taxonomy":"category","embeddable":true,"href":"https:\/\/www.africa-press.net\/tchad\/wp-json\/wp\/v2\/categories?post=55224"},{"taxonomy":"post_tag","embeddable":true,"href":"https:\/\/www.africa-press.net\/tchad\/wp-json\/wp\/v2\/tags?post=55224"}],"curies":[{"name":"wp","href":"https:\/\/api.w.org\/{rel}","templated":true}]}}