{"id":55250,"date":"2023-12-07T08:01:20","date_gmt":"2023-12-07T08:01:20","guid":{"rendered":"https:\/\/www.africa-press.net\/tchad\/politique\/azali-assoumani-ladmission-de-lua-au-g20-est-une-grande-victoire-pour-lafrique"},"modified":"2023-12-07T08:17:07","modified_gmt":"2023-12-07T08:17:07","slug":"azali-assoumani-ladmission-de-lua-au-g20-est-une-grande-victoire-pour-lafrique","status":"publish","type":"post","link":"https:\/\/www.africa-press.net\/tchad\/dossiers\/azali-assoumani-ladmission-de-lua-au-g20-est-une-grande-victoire-pour-lafrique","title":{"rendered":"Azali Assoumani : \u00ab\u00a0L\u2019admission de l\u2019UA au G20 est une grande victoire pour l\u2019Afrique\u00a0\u00bb"},"content":{"rendered":"<p><b>Olivier Caslin<\/b><\/p>\n<p><span style=\"color: #ff6600\"><strong>Africa-Press &#8211; Tchad. <\/strong><\/span>Diplomatie, e\u0301conomie, crises politiques, se\u0301curite\u0301&#8230; Quelques mois avant de quitter la te\u0302te de l\u2019Union africaine et de se repre\u0301senter a\u0300 la magistrature supre\u0302me, le chef de l\u2019E\u0301tat comorien revient sur une anne\u0301e 2023 riche en e\u0301ve\u0301nements pour l\u2019Afrique et pour son pays.<\/p>\n<p>Pre\u0301sident de l\u2019Union africaine (UA) et des Comores pour encore quelques mois, Azali Assoumani ache\u0300vera son mandat a\u0300 la te\u0302te de l\u2019organisation panafricaine en fe\u0301vrier 2024, quelques jours seulement avant la publication des re\u0301sultats de l\u2019e\u0301lection pre\u0301sidentielle, dont le premier tour est pre\u0301vu le 14 janvier et le second le 25 fe\u0301vrier, sur l\u2019ensemble des i\u0302les de l\u2019archipel comorien. E\u0301lu en 2016, puis, en 2019, lors d\u2019un scrutin conteste\u0301, le chef de l\u2019E\u0301tat, 64 ans, est a\u0300 nouveau candidat a\u0300 la magistrature supre\u0302me, pour ce qui sera constitutionnellement, en cas de victoire, son dernier mandat.<\/p>\n<p>Jeune Afrique l\u2019a rencontre\u0301, entre deux avions, dans son palais de Beit-Salam, a\u0300 Moroni. L\u2019occasion, pour l\u2019ancien officier putschiste, de parler de son statut, d\u2019e\u0301voquer la nouvelle stature des Comores sur la sce\u0300ne internationale, de revenir sur les relations avec la France au lendemain de l\u2019ope\u0301ration Wuambushu, et d\u2019aborder les de\u0301fis a\u0300 venir sur le plan inte\u0301rieur.<\/p>\n<p><b>Jeune Afrique : Vous exercez la pre\u0301sidence tournante de l\u2019UA depuis le 18 fe\u0301vrier 2023. A\u0300 quelques semaines du terme de ce mandat, quel premier bilan en faites-vous ?<\/b><\/p>\n<p>Azali Assoumani : Il est force\u0301ment mitige\u0301 eu e\u0301gard aux de\u0301fis auxquels le continent est confronte\u0301, qu\u2019ils soient d\u2019ordre politique, e\u0301conomique ou se\u0301curitaire. Tous ces de\u0301fis, dont les racines sont tre\u0300s profondes, ne pouvaient e\u0302tre re\u0301solus en l\u2019espace d\u2019un an.<\/p>\n<p>A\u0300 mon arrive\u0301e, nous avions fait de la situation dans l\u2019est de la RDC, ainsi que du barrage de la Renaissance, en E\u0301thiopie, les priorite\u0301s de la pre\u0301sidence comorienne. C\u2019e\u0301tait avant que ne s\u2019invitent le conflit soudanais, les crises au Sahel, puis au Gabon.<\/p>\n<p><b>L\u2019Union africaine inte\u0300gre officiellement le G20<\/b><\/p>\n<p>Chaque proble\u0300me prend la place d\u2019un autre. Chaque fois, j\u2019ai fait de mon mieux pour e\u0302tre au maximum sur le terrain, en prise directe avec les diffe\u0301rents acteurs et bellige\u0301rants. J\u2019ai pu me rendre en Guine\u0301e et discuter avec le chef de la transition. Je suis en contact permanent avec les deux camps, au Soudan, pour qu\u2019ils acceptent le principe d\u2019une me\u0301diation de l\u2019UA.<\/p>\n<p>Voila\u0300 pour le volet se\u0301curitaire. Nous avons e\u0301galement remporte\u0301 d\u2019importants succe\u0300s dans le domaine climatique, notamment lors du premier Sommet africain sur le climat, organise\u0301 a\u0300 Nairobi, et dont nous porterons la de\u0301claration a\u0300 la COP28, a\u0300 Dubai\u0308 [en de\u0301cembre].<\/p>\n<p><b>Et l\u2019admission de l\u2019UA au sein du G20, officialise\u0301e le 14 septembre ?<\/b><\/p>\n<p>Bien su\u0302r ! Nous avons e\u0301te\u0301 agre\u0301ablement surpris, a\u0300 New Delhi, car c\u2019est une grande victoire en me\u0302me temps qu\u2019une de\u0301cision essentielle pour l\u2019Afrique. Le combat a e\u0301te\u0301 de longue haleine, et je remercie ceux qui ont soutenu notre demande, a\u0300 commencer par les pays europe\u0301ens et les E\u0301tats-Unis. Cette adhe\u0301sion est une bonne chose pour le continent, a\u0300 condition qu\u2019il puisse en tirer les avantages attendus, au regard de ses potentialite\u0301s, et occuper la place qui lui revient au sein de la communaute\u0301 internationale.<\/p>\n<p><b>Beaucoup de vos pairs avouent avoir e\u0301te\u0301 e\u0301galement agre\u0301ablement surpris par la pre\u0301sidence comorienne de l\u2019UA. Constituera-t-elle un avant \u2013 et un apre\u0300s \u2013 pour votre pays, sur la sce\u0300ne internationale ?<\/b><\/p>\n<p>Apre\u0300s la qualification historique des C\u0153lacanthes pour la CAN 2021, c\u2019est certainement l\u2019e\u0301ve\u0301nement qui aura le plus contribue\u0301 a\u0300 faire connai\u0302tre les Comores. Le pays en sortira force\u0301ment gagnant. Cette nouvelle visibilite\u0301 va soutenir nos ambitions contenues dans le Plan Comores e\u0301mergent (PCE), a\u0300 l\u2019horizon 2030. Il me reste, avant de partir, a\u0300 re\u0301gler le proble\u0300me de la prochaine pre\u0301sidence de l\u2019UA.<\/p>\n<p><b>En effet, qui va vous succe\u0301der en fe\u0301vrier ?<\/b><\/p>\n<p>Personne ne le sait encore. Pour qu\u2019un pays soit de\u0301signe\u0301, il faut qu\u2019un consensus se de\u0301gage au sein de la re\u0301gion a\u0300 laquelle revient la pre\u0301sidence \u2013 l\u2019Afrique du Nord, dans le cas pre\u0301sent. Or les Marocains et les Alge\u0301riens ne parviennent pas a\u0300 s\u2019entendre.<\/p>\n<p>La Ligue arabe doit se re\u0301unir pour pre\u0301parer la COP28, et je compte bien en profiter pour aborder le sujet avec le pre\u0301sident alge\u0301rien, Abdelmadjid Tebboune, et avec le repre\u0301sentant marocain. Et, si aucun consensus n\u2019est possible, pour voir s\u2019ils peuvent se mettre d\u2019accord sur une candidature commune, qui pourrait e\u0302tre celle de la Mauritanie. Je veux e\u0301viter tout pre\u0301ce\u0301dent. Le syste\u0300me actuel fonctionne, dans le respect de l\u2019ordre de passage des re\u0301gions, et j\u2019entends bien qu\u2019il en soit encore ainsi cette fois.<\/p>\n<p><b>A\u0300 la suite de votre pre\u0301sidence de l\u2019UA, l\u2019image des Comores s\u2019est renforce\u0301e sur la sce\u0300ne internationale, ainsi que votre e\u0301conomie, gra\u0302ce a\u0300 la conclusion d\u2019un accord \u2013 le premier signe\u0301 depuis longtemps \u2013 avec le FMI, en juin, et a\u0300 l\u2019inte\u0301gration de l\u2019archipel a\u0300 l\u2019Organisation mondiale du commerce (OMC) Avec quels objectifs ?<\/b><\/p>\n<p>Vous oubliez de mentionner la Banque mondiale, qui, de\u0300s 2018, a classe\u0301 notre pays parmi les nations a\u0300 revenus interme\u0301diaires. Tout cela montre que nous sommes sur la bonne voie et, mieux encore, que nous nous y maintenons. C\u2019est tre\u0300s encourageant pour les Comores comme pour nos partenaires, qui, dans ce contexte, sont davantage enclins a\u0300 nous soutenir en investissant dans notre pays.<\/p>\n<p><b>Le FMI a clairement affiche\u0301 ses conditions : bonne gouvernance et lutte contre la corruption. Cela vous incitera-t-il a\u0300 e\u0302tre particulie\u0300rement vigilant sur ces questions ?<\/b><\/p>\n<p>Tout a\u0300 fait, mais je n\u2019ai pas besoin d\u2019e\u0302tre convaincu de l\u2019importance de ce dossier, surtout pour un petit pays comme le no\u0302tre. Nous allons devoir mettre fin a\u0300 un laxisme certain, constate\u0301 par le passe\u0301, et contre lequel je me suis positionne\u0301 de\u0300s mon retour au pouvoir en 2016.<\/p>\n<p>Une loi a e\u0301te\u0301 vote\u0301e pour que soit cre\u0301e\u0301e, au sein de la Cour supre\u0302me, une commission spe\u0301cialise\u0301e, place\u0301e sous la direction du pre\u0301sident de cette cour. J\u2019en ai personnellement signe\u0301 le de\u0301cret d\u2019application, et cette commission doit e\u0302tre rapidement mise en place.<\/p>\n<p><b>La pre\u0301sidentielle aura lieu dans quelques semaines, alors que vous serez encore a\u0300 la te\u0302te de l\u2019UA. Est-ce une pression supple\u0301mentaire pour que le scrutin se de\u0301roule dans les meilleures conditions ?<\/b><\/p>\n<p>En effet. Comment donner des lec\u0327ons de de\u0301mocratie et de gouvernance au continent et ne pas les respecter chez soi ? Il est e\u0301vident que tout le monde, en Afrique, regardera de tre\u0300s pre\u0300s ce qu\u2019il se passera dans le pays. C\u2019est l\u2019occasion, pour nous, de montrer a\u0300 la communaute\u0301 internationale que les Comores tiennent leurs engagements et de justifier la confiance que l\u2019on nous a accorde\u0301e en nous confiant la te\u0302te de l\u2019UA.<\/p>\n<p><b>Que pensez-vous des actuelles tergiversations de l\u2019opposition comorienne ?<\/b><\/p>\n<p>Toutes les missions internationales qui ont visite\u0301 le pays ces derniers mois conseillent a\u0300 l\u2019opposition de participer a\u0300 ces e\u0301lections. A\u0300 nous de montrer que les conditions actuelles permettent d\u2019organiser des scrutins libres et transparents. Ceux qui voudront participer participeront, les autres s\u2019abstiendront. Le plus important est que tous respectent les re\u0300gles du jeu de\u0301mocratique.<\/p>\n<p><b>D\u2019ici aux e\u0301lections, seriez-vous pre\u0302t a\u0300 gracier vos opposants, Ahmed Abdallah Mohamed Sambi et Mohamed Ali Soilihi, tous deux condamne\u0301s, le premier a\u0300 la re\u0301clusion a\u0300 perpe\u0301tuite\u0301, le second a\u0300 vingt anne\u0301es d\u2019emprisonnement, dans le cadre de l\u2019affaire de la \u00ab citoyennete\u0301 e\u0301conomique \u00bb ?<\/b><\/p>\n<p>Ceux qui ont demande\u0301 une gra\u0302ce l\u2019ont obtenue. Pour e\u0302tre gracie\u0301, il faut d\u2019abord le demander. C\u2019est mon message.<\/p>\n<p><b>L\u2019anne\u0301e a e\u0301galement e\u0301te\u0301 marque\u0301e par l\u2019ope\u0301ration Wuambushu, que la France a organise\u0301e a\u0300 Mayotte. Comment cette ope\u0301ration de police a-t-elle e\u0301te\u0301 perc\u0327ue aux Comores ? Quelles en sont les conse\u0301quences pour les relations bilate\u0301rales ?<\/b><\/p>\n<p>J\u2019ai e\u0301te\u0301 stupe\u0301fait par cette de\u0301cision que la France a prise unilate\u0301ralement. Malgre\u0301 ce \u00ab contentieux de\u0301sagre\u0301able \u00bb, pour reprendre la formule de Franc\u0327ois Mitterrand au sujet de Mayotte, nous avons toujours re\u0301ussi a\u0300 maintenir le dialogue en me\u0302me temps que de bonnes relations. Je n\u2019ai personnel- lement jamais profite\u0301 de ma pre\u0301sence dans les grands rendez-vous internationaux pour demander des comptes a\u0300 la France. Au contraire, j\u2019aurais souhaite\u0301 profiter de mon passage a\u0300 la pre\u0301sidence de l\u2019UA pour approfondir nos discussions.<\/p>\n<p>Au lieu de cela, nous nous sommes retrouve\u0301s pie\u0301ge\u0301s par l\u2019agenda poli- tique de certains. C\u2019e\u0301tait une ope\u0301ration de manipulation grossie\u0300re, qui, sous pre\u0301texte de re\u0301soudre un proble\u0300me, a surtout eu pour but de nuire a\u0300 l\u2019archipel.<\/p>\n<p>Plus de 300 000 Comoriens vivent en France, notre relation est donc unique et doit rester apaise\u0301e, dans l\u2019inte\u0301re\u0302t de tous. Toute solution ne peut sortir que de la concertation. Je continue d\u2019ailleurs de m\u2019entretenir de la question mahoraise avec le pre\u0301sident Macron pour lui rappeler que les inte\u0301re\u0302ts de nos deux pays sont les me\u0302mes sur ce dossier et dans la re\u0301gion.<\/p>\n<p><b>Comment faut-il analyser la visite, en juin, de Victoria Nuland, la secre\u0301taire d\u2019E\u0301tat adjointe des E\u0301tats-Unis ?<\/b><\/p>\n<p>Les Ame\u0301ricains sont des allie\u0301s de la France. Nous ne cherchons pas a\u0300 mettre Paris en concurrence avec les E\u0301tats-Unis, mais a\u0300 renforcer nos relations avec Washington, notamment pour qu\u2019il soutienne notre plan de de\u0301veloppement. Pour permettre l\u2019e\u0301mergence des Comores, nous devons compter sur tous nos partenaires, me\u0302me si chacun d\u2019entre eux conserve ses propres inte\u0301re\u0302ts.<\/p>\n<p><b>Source: JeuneAfrique<\/b><\/p>\n<p><strong>Pour plus d&rsquo;informations et d&rsquo;analyses sur la <a href=\"https:\/\/www.africa-press.net\/tchad\">Tchad<\/a>, suivez <a href=\"https:\/\/www.africa-press.net\/\">Africa-Press<\/a><\/strong><\/p>\n","protected":false},"excerpt":{"rendered":"<p>Olivier Caslin Africa-Press &#8211; Tchad. Diplomatie, e\u0301conomie, crises politiques, se\u0301curite\u0301&#8230; Quelques mois avant de quitter la te\u0302te de l\u2019Union africaine et de se repre\u0301senter a\u0300 la magistrature supre\u0302me, le chef de l\u2019E\u0301tat comorien revient sur une anne\u0301e 2023 riche en e\u0301ve\u0301nements pour l\u2019Afrique et pour son pays. Pre\u0301sident de l\u2019Union africaine (UA) et des Comores [&hellip;]<\/p>\n","protected":false},"author":82,"featured_media":55249,"comment_status":"open","ping_status":"closed","sticky":false,"template":"","format":"standard","meta":{"footnotes":""},"categories":[7,10],"tags":[37,292,29],"class_list":["post-55250","post","type-post","status-publish","format-standard","has-post-thumbnail","hentry","category-dossiers","category-toutes-les-actualites","tag-africa-press","tag-africa-press-tchad","tag-tchad"],"yoast_head":"<!-- This site is optimized with the Yoast SEO Premium plugin v26.1 (Yoast SEO v27.0) - https:\/\/yoast.com\/product\/yoast-seo-premium-wordpress\/ -->\n<title>Azali Assoumani : \u00ab\u00a0L\u2019admission de l\u2019UA au G20 est une grande victoire pour l\u2019Afrique\u00a0\u00bb - tchad<\/title>\n<meta name=\"description\" content=\"Diplomatie, e\u0301conomie, crises politiques, se\u0301curite\u0301... Quelques mois avant de quitter la te\u0302te de l\u2019Union africaine et ...\" \/>\n<meta name=\"robots\" content=\"index, follow, max-snippet:-1, max-image-preview:large, max-video-preview:-1\" \/>\n<link rel=\"canonical\" href=\"https:\/\/www.africa-press.net\/tchad\/dossiers\/azali-assoumani-ladmission-de-lua-au-g20-est-une-grande-victoire-pour-lafrique\" \/>\n<meta property=\"og:locale\" content=\"fr_FR\" \/>\n<meta property=\"og:type\" content=\"article\" \/>\n<meta property=\"og:title\" content=\"Azali Assoumani : \u00ab\u00a0L\u2019admission de l\u2019UA au G20 est une grande victoire pour l\u2019Afrique\u00a0\u00bb\" \/>\n<meta property=\"og:description\" content=\"Diplomatie, e\u0301conomie, crises politiques, se\u0301curite\u0301... Quelques mois avant de quitter la te\u0302te de l\u2019Union africaine et ...\" \/>\n<meta property=\"og:url\" content=\"https:\/\/www.africa-press.net\/tchad\/dossiers\/azali-assoumani-ladmission-de-lua-au-g20-est-une-grande-victoire-pour-lafrique\" \/>\n<meta property=\"og:site_name\" content=\"tchad\" \/>\n<meta property=\"article:published_time\" content=\"2023-12-07T08:01:20+00:00\" \/>\n<meta property=\"article:modified_time\" content=\"2023-12-07T08:17:07+00:00\" \/>\n<meta property=\"og:image\" content=\"https:\/\/static.africa-press.net\/tchad\/sites\/41\/2023\/12\/sm_1701924242.484189.jpg\" \/>\n\t<meta property=\"og:image:width\" content=\"1256\" \/>\n\t<meta property=\"og:image:height\" content=\"628\" \/>\n\t<meta property=\"og:image:type\" content=\"image\/jpeg\" \/>\n<meta name=\"author\" content=\"cfeditorfr\" \/>\n<meta name=\"twitter:card\" content=\"summary_large_image\" \/>\n<meta name=\"twitter:label1\" content=\"\u00c9crit par\" \/>\n\t<meta name=\"twitter:data1\" content=\"cfeditorfr\" \/>\n\t<meta name=\"twitter:label2\" content=\"Dur\u00e9e de lecture estim\u00e9e\" \/>\n\t<meta name=\"twitter:data2\" content=\"9 minutes\" \/>\n<script type=\"application\/ld+json\" class=\"yoast-schema-graph\">{\"@context\":\"https:\/\/schema.org\",\"@graph\":[{\"@type\":\"Article\",\"@id\":\"https:\/\/www.africa-press.net\/tchad\/dossiers\/azali-assoumani-ladmission-de-lua-au-g20-est-une-grande-victoire-pour-lafrique#article\",\"isPartOf\":{\"@id\":\"https:\/\/www.africa-press.net\/tchad\/dossiers\/azali-assoumani-ladmission-de-lua-au-g20-est-une-grande-victoire-pour-lafrique\"},\"author\":{\"name\":\"cfeditorfr\",\"@id\":\"https:\/\/www.africa-press.net\/tchad\/#\/schema\/person\/2b1cf3cd81a31e3cd26889ca66d677f1\"},\"headline\":\"Azali Assoumani : \u00ab\u00a0L\u2019admission de l\u2019UA au G20 est une grande victoire pour l\u2019Afrique\u00a0\u00bb\",\"datePublished\":\"2023-12-07T08:01:20+00:00\",\"dateModified\":\"2023-12-07T08:17:07+00:00\",\"mainEntityOfPage\":{\"@id\":\"https:\/\/www.africa-press.net\/tchad\/dossiers\/azali-assoumani-ladmission-de-lua-au-g20-est-une-grande-victoire-pour-lafrique\"},\"wordCount\":1797,\"commentCount\":0,\"image\":{\"@id\":\"https:\/\/www.africa-press.net\/tchad\/dossiers\/azali-assoumani-ladmission-de-lua-au-g20-est-une-grande-victoire-pour-lafrique#primaryimage\"},\"thumbnailUrl\":\"https:\/\/static.africa-press.net\/tchad\/sites\/41\/2023\/12\/sm_1701924242.484189.jpg\",\"keywords\":[\"Africa Press\",\"Africa Press-Tchad\",\"Tchad\"],\"articleSection\":[\"Dossiers\",\"Toutes les actualit\u00e9s\"],\"inLanguage\":\"fr-FR\",\"potentialAction\":[{\"@type\":\"CommentAction\",\"name\":\"Comment\",\"target\":[\"https:\/\/www.africa-press.net\/tchad\/dossiers\/azali-assoumani-ladmission-de-lua-au-g20-est-une-grande-victoire-pour-lafrique#respond\"]}]},{\"@type\":\"WebPage\",\"@id\":\"https:\/\/www.africa-press.net\/tchad\/dossiers\/azali-assoumani-ladmission-de-lua-au-g20-est-une-grande-victoire-pour-lafrique\",\"url\":\"https:\/\/www.africa-press.net\/tchad\/dossiers\/azali-assoumani-ladmission-de-lua-au-g20-est-une-grande-victoire-pour-lafrique\",\"name\":\"Azali Assoumani : \u00ab\u00a0L\u2019admission de l\u2019UA au G20 est une grande victoire pour l\u2019Afrique\u00a0\u00bb - tchad\",\"isPartOf\":{\"@id\":\"https:\/\/www.africa-press.net\/tchad\/#website\"},\"primaryImageOfPage\":{\"@id\":\"https:\/\/www.africa-press.net\/tchad\/dossiers\/azali-assoumani-ladmission-de-lua-au-g20-est-une-grande-victoire-pour-lafrique#primaryimage\"},\"image\":{\"@id\":\"https:\/\/www.africa-press.net\/tchad\/dossiers\/azali-assoumani-ladmission-de-lua-au-g20-est-une-grande-victoire-pour-lafrique#primaryimage\"},\"thumbnailUrl\":\"https:\/\/static.africa-press.net\/tchad\/sites\/41\/2023\/12\/sm_1701924242.484189.jpg\",\"datePublished\":\"2023-12-07T08:01:20+00:00\",\"dateModified\":\"2023-12-07T08:17:07+00:00\",\"author\":{\"@id\":\"https:\/\/www.africa-press.net\/tchad\/#\/schema\/person\/2b1cf3cd81a31e3cd26889ca66d677f1\"},\"description\":\"Diplomatie, e\u0301conomie, crises politiques, se\u0301curite\u0301... Quelques mois avant de quitter la te\u0302te de l\u2019Union africaine et ...\",\"breadcrumb\":{\"@id\":\"https:\/\/www.africa-press.net\/tchad\/dossiers\/azali-assoumani-ladmission-de-lua-au-g20-est-une-grande-victoire-pour-lafrique#breadcrumb\"},\"inLanguage\":\"fr-FR\",\"potentialAction\":[{\"@type\":\"ReadAction\",\"target\":[\"https:\/\/www.africa-press.net\/tchad\/dossiers\/azali-assoumani-ladmission-de-lua-au-g20-est-une-grande-victoire-pour-lafrique\"]}]},{\"@type\":\"ImageObject\",\"inLanguage\":\"fr-FR\",\"@id\":\"https:\/\/www.africa-press.net\/tchad\/dossiers\/azali-assoumani-ladmission-de-lua-au-g20-est-une-grande-victoire-pour-lafrique#primaryimage\",\"url\":\"https:\/\/static.africa-press.net\/tchad\/sites\/41\/2023\/12\/sm_1701924242.484189.jpg\",\"contentUrl\":\"https:\/\/static.africa-press.net\/tchad\/sites\/41\/2023\/12\/sm_1701924242.484189.jpg\",\"width\":1256,\"height\":628,\"caption\":\"Azali Assoumani : \u00ab\u00a0L\u2019admission de l\u2019UA au G20 est une grande victoire pour l\u2019Afrique\u00a0\u00bb\"},{\"@type\":\"BreadcrumbList\",\"@id\":\"https:\/\/www.africa-press.net\/tchad\/dossiers\/azali-assoumani-ladmission-de-lua-au-g20-est-une-grande-victoire-pour-lafrique#breadcrumb\",\"itemListElement\":[{\"@type\":\"ListItem\",\"position\":1,\"name\":\"Accueil\",\"item\":\"https:\/\/www.africa-press.net\/tchad\/\"},{\"@type\":\"ListItem\",\"position\":2,\"name\":\"Azali Assoumani : \u00ab\u00a0L\u2019admission de l\u2019UA au G20 est une grande victoire pour l\u2019Afrique\u00a0\u00bb\"}]},{\"@type\":\"WebSite\",\"@id\":\"https:\/\/www.africa-press.net\/tchad\/#website\",\"url\":\"https:\/\/www.africa-press.net\/tchad\/\",\"name\":\"tchad\",\"description\":\"Just another Africa News Agency Sites site\",\"potentialAction\":[{\"@type\":\"SearchAction\",\"target\":{\"@type\":\"EntryPoint\",\"urlTemplate\":\"https:\/\/www.africa-press.net\/tchad\/?s={search_term_string}\"},\"query-input\":{\"@type\":\"PropertyValueSpecification\",\"valueRequired\":true,\"valueName\":\"search_term_string\"}}],\"inLanguage\":\"fr-FR\"},{\"@type\":\"Person\",\"@id\":\"https:\/\/www.africa-press.net\/tchad\/#\/schema\/person\/2b1cf3cd81a31e3cd26889ca66d677f1\",\"name\":\"cfeditorfr\"}]}<\/script>\n<!-- \/ Yoast SEO Premium plugin. -->","yoast_head_json":{"title":"Azali Assoumani : \u00ab\u00a0L\u2019admission de l\u2019UA au G20 est une grande victoire pour l\u2019Afrique\u00a0\u00bb - tchad","description":"Diplomatie, e\u0301conomie, crises politiques, se\u0301curite\u0301... Quelques mois avant de quitter la te\u0302te de l\u2019Union africaine et ...","robots":{"index":"index","follow":"follow","max-snippet":"max-snippet:-1","max-image-preview":"max-image-preview:large","max-video-preview":"max-video-preview:-1"},"canonical":"https:\/\/www.africa-press.net\/tchad\/dossiers\/azali-assoumani-ladmission-de-lua-au-g20-est-une-grande-victoire-pour-lafrique","og_locale":"fr_FR","og_type":"article","og_title":"Azali Assoumani : \u00ab\u00a0L\u2019admission de l\u2019UA au G20 est une grande victoire pour l\u2019Afrique\u00a0\u00bb","og_description":"Diplomatie, e\u0301conomie, crises politiques, se\u0301curite\u0301... Quelques mois avant de quitter la te\u0302te de l\u2019Union africaine et ...","og_url":"https:\/\/www.africa-press.net\/tchad\/dossiers\/azali-assoumani-ladmission-de-lua-au-g20-est-une-grande-victoire-pour-lafrique","og_site_name":"tchad","article_published_time":"2023-12-07T08:01:20+00:00","article_modified_time":"2023-12-07T08:17:07+00:00","og_image":[{"width":1256,"height":628,"url":"https:\/\/static.africa-press.net\/tchad\/sites\/41\/2023\/12\/sm_1701924242.484189.jpg","type":"image\/jpeg"}],"author":"cfeditorfr","twitter_card":"summary_large_image","twitter_misc":{"\u00c9crit par":"cfeditorfr","Dur\u00e9e de lecture estim\u00e9e":"9 minutes"},"schema":{"@context":"https:\/\/schema.org","@graph":[{"@type":"Article","@id":"https:\/\/www.africa-press.net\/tchad\/dossiers\/azali-assoumani-ladmission-de-lua-au-g20-est-une-grande-victoire-pour-lafrique#article","isPartOf":{"@id":"https:\/\/www.africa-press.net\/tchad\/dossiers\/azali-assoumani-ladmission-de-lua-au-g20-est-une-grande-victoire-pour-lafrique"},"author":{"name":"cfeditorfr","@id":"https:\/\/www.africa-press.net\/tchad\/#\/schema\/person\/2b1cf3cd81a31e3cd26889ca66d677f1"},"headline":"Azali Assoumani : \u00ab\u00a0L\u2019admission de l\u2019UA au G20 est une grande victoire pour l\u2019Afrique\u00a0\u00bb","datePublished":"2023-12-07T08:01:20+00:00","dateModified":"2023-12-07T08:17:07+00:00","mainEntityOfPage":{"@id":"https:\/\/www.africa-press.net\/tchad\/dossiers\/azali-assoumani-ladmission-de-lua-au-g20-est-une-grande-victoire-pour-lafrique"},"wordCount":1797,"commentCount":0,"image":{"@id":"https:\/\/www.africa-press.net\/tchad\/dossiers\/azali-assoumani-ladmission-de-lua-au-g20-est-une-grande-victoire-pour-lafrique#primaryimage"},"thumbnailUrl":"https:\/\/static.africa-press.net\/tchad\/sites\/41\/2023\/12\/sm_1701924242.484189.jpg","keywords":["Africa Press","Africa Press-Tchad","Tchad"],"articleSection":["Dossiers","Toutes les actualit\u00e9s"],"inLanguage":"fr-FR","potentialAction":[{"@type":"CommentAction","name":"Comment","target":["https:\/\/www.africa-press.net\/tchad\/dossiers\/azali-assoumani-ladmission-de-lua-au-g20-est-une-grande-victoire-pour-lafrique#respond"]}]},{"@type":"WebPage","@id":"https:\/\/www.africa-press.net\/tchad\/dossiers\/azali-assoumani-ladmission-de-lua-au-g20-est-une-grande-victoire-pour-lafrique","url":"https:\/\/www.africa-press.net\/tchad\/dossiers\/azali-assoumani-ladmission-de-lua-au-g20-est-une-grande-victoire-pour-lafrique","name":"Azali Assoumani : \u00ab\u00a0L\u2019admission de l\u2019UA au G20 est une grande victoire pour l\u2019Afrique\u00a0\u00bb - tchad","isPartOf":{"@id":"https:\/\/www.africa-press.net\/tchad\/#website"},"primaryImageOfPage":{"@id":"https:\/\/www.africa-press.net\/tchad\/dossiers\/azali-assoumani-ladmission-de-lua-au-g20-est-une-grande-victoire-pour-lafrique#primaryimage"},"image":{"@id":"https:\/\/www.africa-press.net\/tchad\/dossiers\/azali-assoumani-ladmission-de-lua-au-g20-est-une-grande-victoire-pour-lafrique#primaryimage"},"thumbnailUrl":"https:\/\/static.africa-press.net\/tchad\/sites\/41\/2023\/12\/sm_1701924242.484189.jpg","datePublished":"2023-12-07T08:01:20+00:00","dateModified":"2023-12-07T08:17:07+00:00","author":{"@id":"https:\/\/www.africa-press.net\/tchad\/#\/schema\/person\/2b1cf3cd81a31e3cd26889ca66d677f1"},"description":"Diplomatie, e\u0301conomie, crises politiques, se\u0301curite\u0301... Quelques mois avant de quitter la te\u0302te de l\u2019Union africaine et ...","breadcrumb":{"@id":"https:\/\/www.africa-press.net\/tchad\/dossiers\/azali-assoumani-ladmission-de-lua-au-g20-est-une-grande-victoire-pour-lafrique#breadcrumb"},"inLanguage":"fr-FR","potentialAction":[{"@type":"ReadAction","target":["https:\/\/www.africa-press.net\/tchad\/dossiers\/azali-assoumani-ladmission-de-lua-au-g20-est-une-grande-victoire-pour-lafrique"]}]},{"@type":"ImageObject","inLanguage":"fr-FR","@id":"https:\/\/www.africa-press.net\/tchad\/dossiers\/azali-assoumani-ladmission-de-lua-au-g20-est-une-grande-victoire-pour-lafrique#primaryimage","url":"https:\/\/static.africa-press.net\/tchad\/sites\/41\/2023\/12\/sm_1701924242.484189.jpg","contentUrl":"https:\/\/static.africa-press.net\/tchad\/sites\/41\/2023\/12\/sm_1701924242.484189.jpg","width":1256,"height":628,"caption":"Azali Assoumani : \u00ab\u00a0L\u2019admission de l\u2019UA au G20 est une grande victoire pour l\u2019Afrique\u00a0\u00bb"},{"@type":"BreadcrumbList","@id":"https:\/\/www.africa-press.net\/tchad\/dossiers\/azali-assoumani-ladmission-de-lua-au-g20-est-une-grande-victoire-pour-lafrique#breadcrumb","itemListElement":[{"@type":"ListItem","position":1,"name":"Accueil","item":"https:\/\/www.africa-press.net\/tchad\/"},{"@type":"ListItem","position":2,"name":"Azali Assoumani : \u00ab\u00a0L\u2019admission de l\u2019UA au G20 est une grande victoire pour l\u2019Afrique\u00a0\u00bb"}]},{"@type":"WebSite","@id":"https:\/\/www.africa-press.net\/tchad\/#website","url":"https:\/\/www.africa-press.net\/tchad\/","name":"tchad","description":"Just another Africa News Agency Sites site","potentialAction":[{"@type":"SearchAction","target":{"@type":"EntryPoint","urlTemplate":"https:\/\/www.africa-press.net\/tchad\/?s={search_term_string}"},"query-input":{"@type":"PropertyValueSpecification","valueRequired":true,"valueName":"search_term_string"}}],"inLanguage":"fr-FR"},{"@type":"Person","@id":"https:\/\/www.africa-press.net\/tchad\/#\/schema\/person\/2b1cf3cd81a31e3cd26889ca66d677f1","name":"cfeditorfr"}]}},"_links":{"self":[{"href":"https:\/\/www.africa-press.net\/tchad\/wp-json\/wp\/v2\/posts\/55250","targetHints":{"allow":["GET"]}}],"collection":[{"href":"https:\/\/www.africa-press.net\/tchad\/wp-json\/wp\/v2\/posts"}],"about":[{"href":"https:\/\/www.africa-press.net\/tchad\/wp-json\/wp\/v2\/types\/post"}],"author":[{"embeddable":true,"href":"https:\/\/www.africa-press.net\/tchad\/wp-json\/wp\/v2\/users\/82"}],"replies":[{"embeddable":true,"href":"https:\/\/www.africa-press.net\/tchad\/wp-json\/wp\/v2\/comments?post=55250"}],"version-history":[{"count":0,"href":"https:\/\/www.africa-press.net\/tchad\/wp-json\/wp\/v2\/posts\/55250\/revisions"}],"wp:featuredmedia":[{"embeddable":true,"href":"https:\/\/www.africa-press.net\/tchad\/wp-json\/wp\/v2\/media\/55249"}],"wp:attachment":[{"href":"https:\/\/www.africa-press.net\/tchad\/wp-json\/wp\/v2\/media?parent=55250"}],"wp:term":[{"taxonomy":"category","embeddable":true,"href":"https:\/\/www.africa-press.net\/tchad\/wp-json\/wp\/v2\/categories?post=55250"},{"taxonomy":"post_tag","embeddable":true,"href":"https:\/\/www.africa-press.net\/tchad\/wp-json\/wp\/v2\/tags?post=55250"}],"curies":[{"name":"wp","href":"https:\/\/api.w.org\/{rel}","templated":true}]}}