{"id":59803,"date":"2024-02-28T17:43:03","date_gmt":"2024-02-28T17:43:03","guid":{"rendered":"https:\/\/www.africa-press.net\/tchad\/politique\/le-premier-ministre-du-niger-recu-par-le-president-de-transition-du-tchad"},"modified":"2024-02-28T18:30:18","modified_gmt":"2024-02-28T18:30:18","slug":"le-premier-ministre-du-niger-recu-par-le-president-de-transition-du-tchad","status":"publish","type":"post","link":"https:\/\/www.africa-press.net\/tchad\/politique\/le-premier-ministre-du-niger-recu-par-le-president-de-transition-du-tchad","title":{"rendered":"le Premier ministre du Niger re\u00e7u par le Pr\u00e9sident de Transition du Tchad"},"content":{"rendered":"<p><span style=\"color: #ff6600\"><strong>Africa-Press &#8211; Tchad. <\/strong><\/span>Le lundi 26 f\u00e9vrier 2024, le Premier ministre du Niger, Ali Mahaman Lamine Zene, a \u00e9t\u00e9 re\u00e7u en audience par le Pr\u00e9sident de Transition, Chef de l\u2019\u00c9tat tchadien, G\u00e9n\u00e9ral Mahamat Idriss D\u00e9by Itno, \u00e0 N\u2019Djamena.<\/p>\n<p>Lors de cette rencontre, les discussions ont port\u00e9 sur les r\u00e9cents d\u00e9veloppements de la situation au Niger, ainsi que sur le renforcement des liens de coop\u00e9ration entre les deux pays et la s\u00e9curisation de leurs fronti\u00e8res communes.<\/p>\n<p>Les deux dirigeants ont r\u00e9it\u00e9r\u00e9 leur engagement \u00e0 poursuivre leur coop\u00e9ration bilat\u00e9rale et ont soulign\u00e9 l\u2019importance d\u2019une approche r\u00e9gionale int\u00e9gr\u00e9e pour relever les d\u00e9fis communs auxquels ils sont confront\u00e9s.<\/p>\n<p>Cette visite fait suite \u00e0 celles du Ministre nig\u00e9rien du P\u00e9trole et du Premier ministre nig\u00e9rien \u00e0 N\u2019Djamena. L\u2019importation de carburant tchadien a \u00e9galement \u00e9t\u00e9 discut\u00e9e lors de ces rencontres.<\/p>\n<p><strong>Pour plus d&rsquo;informations et d&rsquo;analyses sur la <a href=\"https:\/\/www.africa-press.net\/tchad\">Tchad<\/a>, suivez <a href=\"https:\/\/www.africa-press.net\/\">Africa-Press<\/a><\/strong><\/p>\n","protected":false},"excerpt":{"rendered":"<p>Africa-Press &#8211; Tchad. Le lundi 26 f\u00e9vrier 2024, le Premier ministre du Niger, Ali Mahaman Lamine Zene, a \u00e9t\u00e9 re\u00e7u en audience par le Pr\u00e9sident de Transition, Chef de l\u2019\u00c9tat tchadien, G\u00e9n\u00e9ral Mahamat Idriss D\u00e9by Itno, \u00e0 N\u2019Djamena. Lors de cette rencontre, les discussions ont port\u00e9 sur les r\u00e9cents d\u00e9veloppements de la situation au Niger, [&hellip;]<\/p>\n","protected":false},"author":82,"featured_media":59802,"comment_status":"open","ping_status":"closed","sticky":false,"template":"","format":"standard","meta":{"footnotes":""},"categories":[2,20,10],"tags":[37,292,29],"class_list":["post-59803","post","type-post","status-publish","format-standard","has-post-thumbnail","hentry","category-politique","category-top-nouvelles","category-toutes-les-actualites","tag-africa-press","tag-africa-press-tchad","tag-tchad"],"yoast_head":"<!-- This site is optimized with the Yoast SEO Premium plugin v26.1 (Yoast SEO v27.0) - https:\/\/yoast.com\/product\/yoast-seo-premium-wordpress\/ -->\n<title>le Premier ministre du Niger re\u00e7u par le Pr\u00e9sident de Transition du Tchad - tchad<\/title>\n<meta name=\"description\" content=\"Le lundi 26 fe\u0301vrier 2024, le Premier ministre du Niger, Ali Mahaman Lamine Zene, a e\u0301te\u0301 rec\u0327u en audience par le Pre\u0301sident ...\" \/>\n<meta name=\"robots\" content=\"index, follow, max-snippet:-1, max-image-preview:large, max-video-preview:-1\" \/>\n<link rel=\"canonical\" href=\"https:\/\/www.africa-press.net\/tchad\/politique\/le-premier-ministre-du-niger-recu-par-le-president-de-transition-du-tchad\" \/>\n<meta property=\"og:locale\" content=\"fr_FR\" \/>\n<meta property=\"og:type\" content=\"article\" \/>\n<meta property=\"og:title\" content=\"le Premier ministre du Niger re\u00e7u par le Pr\u00e9sident de Transition du Tchad\" \/>\n<meta property=\"og:description\" content=\"Le lundi 26 fe\u0301vrier 2024, le Premier ministre du Niger, Ali Mahaman Lamine Zene, a e\u0301te\u0301 rec\u0327u en audience par le Pre\u0301sident ...\" \/>\n<meta property=\"og:url\" content=\"https:\/\/www.africa-press.net\/tchad\/politique\/le-premier-ministre-du-niger-recu-par-le-president-de-transition-du-tchad\" \/>\n<meta property=\"og:site_name\" content=\"tchad\" \/>\n<meta property=\"article:published_time\" content=\"2024-02-28T17:43:03+00:00\" \/>\n<meta property=\"article:modified_time\" content=\"2024-02-28T18:30:18+00:00\" \/>\n<meta property=\"og:image\" content=\"https:\/\/static.africa-press.net\/tchad\/sites\/41\/2024\/02\/sm_1709132256.184347.jpg\" \/>\n\t<meta property=\"og:image:width\" content=\"720\" \/>\n\t<meta property=\"og:image:height\" content=\"438\" \/>\n\t<meta property=\"og:image:type\" content=\"image\/jpeg\" \/>\n<meta name=\"author\" content=\"cfeditorfr\" \/>\n<meta name=\"twitter:card\" content=\"summary_large_image\" \/>\n<meta name=\"twitter:label1\" content=\"\u00c9crit par\" \/>\n\t<meta name=\"twitter:data1\" content=\"cfeditorfr\" \/>\n\t<meta name=\"twitter:label2\" content=\"Dur\u00e9e de lecture estim\u00e9e\" \/>\n\t<meta name=\"twitter:data2\" content=\"1 minute\" \/>\n<script type=\"application\/ld+json\" class=\"yoast-schema-graph\">{\"@context\":\"https:\/\/schema.org\",\"@graph\":[{\"@type\":\"Article\",\"@id\":\"https:\/\/www.africa-press.net\/tchad\/politique\/le-premier-ministre-du-niger-recu-par-le-president-de-transition-du-tchad#article\",\"isPartOf\":{\"@id\":\"https:\/\/www.africa-press.net\/tchad\/politique\/le-premier-ministre-du-niger-recu-par-le-president-de-transition-du-tchad\"},\"author\":{\"name\":\"cfeditorfr\",\"@id\":\"https:\/\/www.africa-press.net\/tchad\/#\/schema\/person\/2b1cf3cd81a31e3cd26889ca66d677f1\"},\"headline\":\"le Premier ministre du Niger re\u00e7u par le Pr\u00e9sident de Transition du Tchad\",\"datePublished\":\"2024-02-28T17:43:03+00:00\",\"dateModified\":\"2024-02-28T18:30:18+00:00\",\"mainEntityOfPage\":{\"@id\":\"https:\/\/www.africa-press.net\/tchad\/politique\/le-premier-ministre-du-niger-recu-par-le-president-de-transition-du-tchad\"},\"wordCount\":185,\"commentCount\":0,\"image\":{\"@id\":\"https:\/\/www.africa-press.net\/tchad\/politique\/le-premier-ministre-du-niger-recu-par-le-president-de-transition-du-tchad#primaryimage\"},\"thumbnailUrl\":\"https:\/\/static.africa-press.net\/tchad\/sites\/41\/2024\/02\/sm_1709132256.184347.jpg\",\"keywords\":[\"Africa Press\",\"Africa Press-Tchad\",\"Tchad\"],\"articleSection\":[\"Politique\",\"Top Nouvelles\",\"Toutes les actualit\u00e9s\"],\"inLanguage\":\"fr-FR\",\"potentialAction\":[{\"@type\":\"CommentAction\",\"name\":\"Comment\",\"target\":[\"https:\/\/www.africa-press.net\/tchad\/politique\/le-premier-ministre-du-niger-recu-par-le-president-de-transition-du-tchad#respond\"]}]},{\"@type\":\"WebPage\",\"@id\":\"https:\/\/www.africa-press.net\/tchad\/politique\/le-premier-ministre-du-niger-recu-par-le-president-de-transition-du-tchad\",\"url\":\"https:\/\/www.africa-press.net\/tchad\/politique\/le-premier-ministre-du-niger-recu-par-le-president-de-transition-du-tchad\",\"name\":\"le Premier ministre du Niger re\u00e7u par le Pr\u00e9sident de Transition du Tchad - tchad\",\"isPartOf\":{\"@id\":\"https:\/\/www.africa-press.net\/tchad\/#website\"},\"primaryImageOfPage\":{\"@id\":\"https:\/\/www.africa-press.net\/tchad\/politique\/le-premier-ministre-du-niger-recu-par-le-president-de-transition-du-tchad#primaryimage\"},\"image\":{\"@id\":\"https:\/\/www.africa-press.net\/tchad\/politique\/le-premier-ministre-du-niger-recu-par-le-president-de-transition-du-tchad#primaryimage\"},\"thumbnailUrl\":\"https:\/\/static.africa-press.net\/tchad\/sites\/41\/2024\/02\/sm_1709132256.184347.jpg\",\"datePublished\":\"2024-02-28T17:43:03+00:00\",\"dateModified\":\"2024-02-28T18:30:18+00:00\",\"author\":{\"@id\":\"https:\/\/www.africa-press.net\/tchad\/#\/schema\/person\/2b1cf3cd81a31e3cd26889ca66d677f1\"},\"description\":\"Le lundi 26 fe\u0301vrier 2024, le Premier ministre du Niger, Ali Mahaman Lamine Zene, a e\u0301te\u0301 rec\u0327u en audience par le Pre\u0301sident ...\",\"breadcrumb\":{\"@id\":\"https:\/\/www.africa-press.net\/tchad\/politique\/le-premier-ministre-du-niger-recu-par-le-president-de-transition-du-tchad#breadcrumb\"},\"inLanguage\":\"fr-FR\",\"potentialAction\":[{\"@type\":\"ReadAction\",\"target\":[\"https:\/\/www.africa-press.net\/tchad\/politique\/le-premier-ministre-du-niger-recu-par-le-president-de-transition-du-tchad\"]}]},{\"@type\":\"ImageObject\",\"inLanguage\":\"fr-FR\",\"@id\":\"https:\/\/www.africa-press.net\/tchad\/politique\/le-premier-ministre-du-niger-recu-par-le-president-de-transition-du-tchad#primaryimage\",\"url\":\"https:\/\/static.africa-press.net\/tchad\/sites\/41\/2024\/02\/sm_1709132256.184347.jpg\",\"contentUrl\":\"https:\/\/static.africa-press.net\/tchad\/sites\/41\/2024\/02\/sm_1709132256.184347.jpg\",\"width\":720,\"height\":438,\"caption\":\"le Premier ministre du Niger re\u00e7u par le Pr\u00e9sident de Transition du Tchad\"},{\"@type\":\"BreadcrumbList\",\"@id\":\"https:\/\/www.africa-press.net\/tchad\/politique\/le-premier-ministre-du-niger-recu-par-le-president-de-transition-du-tchad#breadcrumb\",\"itemListElement\":[{\"@type\":\"ListItem\",\"position\":1,\"name\":\"Accueil\",\"item\":\"https:\/\/www.africa-press.net\/tchad\/\"},{\"@type\":\"ListItem\",\"position\":2,\"name\":\"le Premier ministre du Niger re\u00e7u par le Pr\u00e9sident de Transition du Tchad\"}]},{\"@type\":\"WebSite\",\"@id\":\"https:\/\/www.africa-press.net\/tchad\/#website\",\"url\":\"https:\/\/www.africa-press.net\/tchad\/\",\"name\":\"tchad\",\"description\":\"Just another Africa News Agency Sites site\",\"potentialAction\":[{\"@type\":\"SearchAction\",\"target\":{\"@type\":\"EntryPoint\",\"urlTemplate\":\"https:\/\/www.africa-press.net\/tchad\/?s={search_term_string}\"},\"query-input\":{\"@type\":\"PropertyValueSpecification\",\"valueRequired\":true,\"valueName\":\"search_term_string\"}}],\"inLanguage\":\"fr-FR\"},{\"@type\":\"Person\",\"@id\":\"https:\/\/www.africa-press.net\/tchad\/#\/schema\/person\/2b1cf3cd81a31e3cd26889ca66d677f1\",\"name\":\"cfeditorfr\"}]}<\/script>\n<!-- \/ Yoast SEO Premium plugin. -->","yoast_head_json":{"title":"le Premier ministre du Niger re\u00e7u par le Pr\u00e9sident de Transition du Tchad - tchad","description":"Le lundi 26 fe\u0301vrier 2024, le Premier ministre du Niger, Ali Mahaman Lamine Zene, a e\u0301te\u0301 rec\u0327u en audience par le Pre\u0301sident ...","robots":{"index":"index","follow":"follow","max-snippet":"max-snippet:-1","max-image-preview":"max-image-preview:large","max-video-preview":"max-video-preview:-1"},"canonical":"https:\/\/www.africa-press.net\/tchad\/politique\/le-premier-ministre-du-niger-recu-par-le-president-de-transition-du-tchad","og_locale":"fr_FR","og_type":"article","og_title":"le Premier ministre du Niger re\u00e7u par le Pr\u00e9sident de Transition du Tchad","og_description":"Le lundi 26 fe\u0301vrier 2024, le Premier ministre du Niger, Ali Mahaman Lamine Zene, a e\u0301te\u0301 rec\u0327u en audience par le Pre\u0301sident ...","og_url":"https:\/\/www.africa-press.net\/tchad\/politique\/le-premier-ministre-du-niger-recu-par-le-president-de-transition-du-tchad","og_site_name":"tchad","article_published_time":"2024-02-28T17:43:03+00:00","article_modified_time":"2024-02-28T18:30:18+00:00","og_image":[{"width":720,"height":438,"url":"https:\/\/static.africa-press.net\/tchad\/sites\/41\/2024\/02\/sm_1709132256.184347.jpg","type":"image\/jpeg"}],"author":"cfeditorfr","twitter_card":"summary_large_image","twitter_misc":{"\u00c9crit par":"cfeditorfr","Dur\u00e9e de lecture estim\u00e9e":"1 minute"},"schema":{"@context":"https:\/\/schema.org","@graph":[{"@type":"Article","@id":"https:\/\/www.africa-press.net\/tchad\/politique\/le-premier-ministre-du-niger-recu-par-le-president-de-transition-du-tchad#article","isPartOf":{"@id":"https:\/\/www.africa-press.net\/tchad\/politique\/le-premier-ministre-du-niger-recu-par-le-president-de-transition-du-tchad"},"author":{"name":"cfeditorfr","@id":"https:\/\/www.africa-press.net\/tchad\/#\/schema\/person\/2b1cf3cd81a31e3cd26889ca66d677f1"},"headline":"le Premier ministre du Niger re\u00e7u par le Pr\u00e9sident de Transition du Tchad","datePublished":"2024-02-28T17:43:03+00:00","dateModified":"2024-02-28T18:30:18+00:00","mainEntityOfPage":{"@id":"https:\/\/www.africa-press.net\/tchad\/politique\/le-premier-ministre-du-niger-recu-par-le-president-de-transition-du-tchad"},"wordCount":185,"commentCount":0,"image":{"@id":"https:\/\/www.africa-press.net\/tchad\/politique\/le-premier-ministre-du-niger-recu-par-le-president-de-transition-du-tchad#primaryimage"},"thumbnailUrl":"https:\/\/static.africa-press.net\/tchad\/sites\/41\/2024\/02\/sm_1709132256.184347.jpg","keywords":["Africa Press","Africa Press-Tchad","Tchad"],"articleSection":["Politique","Top Nouvelles","Toutes les actualit\u00e9s"],"inLanguage":"fr-FR","potentialAction":[{"@type":"CommentAction","name":"Comment","target":["https:\/\/www.africa-press.net\/tchad\/politique\/le-premier-ministre-du-niger-recu-par-le-president-de-transition-du-tchad#respond"]}]},{"@type":"WebPage","@id":"https:\/\/www.africa-press.net\/tchad\/politique\/le-premier-ministre-du-niger-recu-par-le-president-de-transition-du-tchad","url":"https:\/\/www.africa-press.net\/tchad\/politique\/le-premier-ministre-du-niger-recu-par-le-president-de-transition-du-tchad","name":"le Premier ministre du Niger re\u00e7u par le Pr\u00e9sident de Transition du Tchad - tchad","isPartOf":{"@id":"https:\/\/www.africa-press.net\/tchad\/#website"},"primaryImageOfPage":{"@id":"https:\/\/www.africa-press.net\/tchad\/politique\/le-premier-ministre-du-niger-recu-par-le-president-de-transition-du-tchad#primaryimage"},"image":{"@id":"https:\/\/www.africa-press.net\/tchad\/politique\/le-premier-ministre-du-niger-recu-par-le-president-de-transition-du-tchad#primaryimage"},"thumbnailUrl":"https:\/\/static.africa-press.net\/tchad\/sites\/41\/2024\/02\/sm_1709132256.184347.jpg","datePublished":"2024-02-28T17:43:03+00:00","dateModified":"2024-02-28T18:30:18+00:00","author":{"@id":"https:\/\/www.africa-press.net\/tchad\/#\/schema\/person\/2b1cf3cd81a31e3cd26889ca66d677f1"},"description":"Le lundi 26 fe\u0301vrier 2024, le Premier ministre du Niger, Ali Mahaman Lamine Zene, a e\u0301te\u0301 rec\u0327u en audience par le Pre\u0301sident ...","breadcrumb":{"@id":"https:\/\/www.africa-press.net\/tchad\/politique\/le-premier-ministre-du-niger-recu-par-le-president-de-transition-du-tchad#breadcrumb"},"inLanguage":"fr-FR","potentialAction":[{"@type":"ReadAction","target":["https:\/\/www.africa-press.net\/tchad\/politique\/le-premier-ministre-du-niger-recu-par-le-president-de-transition-du-tchad"]}]},{"@type":"ImageObject","inLanguage":"fr-FR","@id":"https:\/\/www.africa-press.net\/tchad\/politique\/le-premier-ministre-du-niger-recu-par-le-president-de-transition-du-tchad#primaryimage","url":"https:\/\/static.africa-press.net\/tchad\/sites\/41\/2024\/02\/sm_1709132256.184347.jpg","contentUrl":"https:\/\/static.africa-press.net\/tchad\/sites\/41\/2024\/02\/sm_1709132256.184347.jpg","width":720,"height":438,"caption":"le Premier ministre du Niger re\u00e7u par le Pr\u00e9sident de Transition du Tchad"},{"@type":"BreadcrumbList","@id":"https:\/\/www.africa-press.net\/tchad\/politique\/le-premier-ministre-du-niger-recu-par-le-president-de-transition-du-tchad#breadcrumb","itemListElement":[{"@type":"ListItem","position":1,"name":"Accueil","item":"https:\/\/www.africa-press.net\/tchad\/"},{"@type":"ListItem","position":2,"name":"le Premier ministre du Niger re\u00e7u par le Pr\u00e9sident de Transition du Tchad"}]},{"@type":"WebSite","@id":"https:\/\/www.africa-press.net\/tchad\/#website","url":"https:\/\/www.africa-press.net\/tchad\/","name":"tchad","description":"Just another Africa News Agency Sites site","potentialAction":[{"@type":"SearchAction","target":{"@type":"EntryPoint","urlTemplate":"https:\/\/www.africa-press.net\/tchad\/?s={search_term_string}"},"query-input":{"@type":"PropertyValueSpecification","valueRequired":true,"valueName":"search_term_string"}}],"inLanguage":"fr-FR"},{"@type":"Person","@id":"https:\/\/www.africa-press.net\/tchad\/#\/schema\/person\/2b1cf3cd81a31e3cd26889ca66d677f1","name":"cfeditorfr"}]}},"_links":{"self":[{"href":"https:\/\/www.africa-press.net\/tchad\/wp-json\/wp\/v2\/posts\/59803","targetHints":{"allow":["GET"]}}],"collection":[{"href":"https:\/\/www.africa-press.net\/tchad\/wp-json\/wp\/v2\/posts"}],"about":[{"href":"https:\/\/www.africa-press.net\/tchad\/wp-json\/wp\/v2\/types\/post"}],"author":[{"embeddable":true,"href":"https:\/\/www.africa-press.net\/tchad\/wp-json\/wp\/v2\/users\/82"}],"replies":[{"embeddable":true,"href":"https:\/\/www.africa-press.net\/tchad\/wp-json\/wp\/v2\/comments?post=59803"}],"version-history":[{"count":0,"href":"https:\/\/www.africa-press.net\/tchad\/wp-json\/wp\/v2\/posts\/59803\/revisions"}],"wp:featuredmedia":[{"embeddable":true,"href":"https:\/\/www.africa-press.net\/tchad\/wp-json\/wp\/v2\/media\/59802"}],"wp:attachment":[{"href":"https:\/\/www.africa-press.net\/tchad\/wp-json\/wp\/v2\/media?parent=59803"}],"wp:term":[{"taxonomy":"category","embeddable":true,"href":"https:\/\/www.africa-press.net\/tchad\/wp-json\/wp\/v2\/categories?post=59803"},{"taxonomy":"post_tag","embeddable":true,"href":"https:\/\/www.africa-press.net\/tchad\/wp-json\/wp\/v2\/tags?post=59803"}],"curies":[{"name":"wp","href":"https:\/\/api.w.org\/{rel}","templated":true}]}}