{"id":613,"date":"2020-12-07T15:23:39","date_gmt":"2020-12-07T15:23:39","guid":{"rendered":"https:\/\/www.africa-press.com\/tchad\/?p=613"},"modified":"2020-12-07T15:23:39","modified_gmt":"2020-12-07T15:23:39","slug":"le-chef-de-letat-en-sejour-a-ati-dans-le-batha","status":"publish","type":"post","link":"https:\/\/www.africa-press.net\/tchad\/homepage-french\/le-chef-de-letat-en-sejour-a-ati-dans-le-batha","title":{"rendered":"le chef de l&rsquo;\u00c9tat en s\u00e9jour \u00e0 Ati, dans le Batha"},"content":{"rendered":"<p><span style=\"color: #ff6600\"><strong><a href=\"https:\/\/www.africa-press.com\">Africa-Press<\/a> &#8211; <a href=\"https:\/\/www.africa-press.com\/tchad\">Tchad<\/a>. <\/strong><\/span>Le pr\u00e9sident de la R\u00e9publique Idriss Deby est arriv\u00e9 lundi en milieu de matin\u00e9e \u00e0 Ati, chef-lieu de la province du Batha, dans le cadre sa tourn\u00e9e provinciale entam\u00e9e depuis quelques semaines. Il se rendra \u00e9galement \u00e0 Mongo, dans la province du Gu\u00e9ra et probablement au Salamat.<\/p>\n<p>Au programme de son d\u00e9placement, des rencontres sont pr\u00e9vues avec les responsables administratifs et militaires, ainsi que les repr\u00e9sentants des couches sociales de la population.<\/p>\n<p>Cette tourn\u00e9e intervient \u00e0 quelques mois de l&rsquo;\u00e9lection pr\u00e9sidentielle pr\u00e9vue en avril 2021.<\/p>\n<p>D\u00e9tails \u00e0 suivre.<\/p>\n","protected":false},"excerpt":{"rendered":"<p>Africa-Press &#8211; Tchad. Le pr\u00e9sident de la R\u00e9publique Idriss Deby est arriv\u00e9 lundi en milieu de matin\u00e9e \u00e0 Ati, chef-lieu de la province du Batha, dans le cadre sa tourn\u00e9e provinciale entam\u00e9e depuis quelques semaines. Il se rendra \u00e9galement \u00e0 Mongo, dans la province du Gu\u00e9ra et probablement au Salamat. Au programme de son d\u00e9placement, [&hellip;]<\/p>\n","protected":false},"author":82,"featured_media":620,"comment_status":"open","ping_status":"closed","sticky":false,"template":"","format":"standard","meta":{"footnotes":""},"categories":[11,2,20,10],"tags":[],"class_list":["post-613","post","type-post","status-publish","format-standard","has-post-thumbnail","hentry","category-homepage-french","category-politique","category-top-nouvelles","category-toutes-les-actualites"],"yoast_head":"<!-- This site is optimized with the Yoast SEO Premium plugin v26.1 (Yoast SEO v27.0) - https:\/\/yoast.com\/product\/yoast-seo-premium-wordpress\/ -->\n<title>le chef de l&#039;\u00c9tat en s\u00e9jour \u00e0 Ati, dans le Batha - tchad<\/title>\n<meta name=\"description\" content=\"Africa-Press - Tchad. Le pr\u00e9sident de la R\u00e9publique Idriss Deby est arriv\u00e9 lundi en milieu de matin\u00e9e \u00e0 Ati, chef-lieu de la\" \/>\n<meta name=\"robots\" content=\"index, follow, max-snippet:-1, max-image-preview:large, max-video-preview:-1\" \/>\n<link rel=\"canonical\" href=\"https:\/\/www.africa-press.net\/tchad\/homepage-french\/le-chef-de-letat-en-sejour-a-ati-dans-le-batha\" \/>\n<meta property=\"og:locale\" content=\"fr_FR\" \/>\n<meta property=\"og:type\" content=\"article\" \/>\n<meta property=\"og:title\" content=\"le chef de l&#039;\u00c9tat en s\u00e9jour \u00e0 Ati, dans le Batha\" \/>\n<meta property=\"og:description\" content=\"Africa-Press - Tchad. Le pr\u00e9sident de la R\u00e9publique Idriss Deby est arriv\u00e9 lundi en milieu de matin\u00e9e \u00e0 Ati, chef-lieu de la\" \/>\n<meta property=\"og:url\" content=\"https:\/\/www.africa-press.net\/tchad\/homepage-french\/le-chef-de-letat-en-sejour-a-ati-dans-le-batha\" \/>\n<meta property=\"og:site_name\" content=\"tchad\" \/>\n<meta property=\"article:published_time\" content=\"2020-12-07T15:23:39+00:00\" \/>\n<meta property=\"og:image\" content=\"https:\/\/static.africa-press.net\/tchad\/sites\/41\/2020\/12\/61.jpg\" \/>\n\t<meta property=\"og:image:width\" content=\"870\" \/>\n\t<meta property=\"og:image:height\" content=\"580\" \/>\n\t<meta property=\"og:image:type\" content=\"image\/jpeg\" \/>\n<meta name=\"author\" content=\"cfeditorfr\" \/>\n<meta name=\"twitter:card\" content=\"summary_large_image\" \/>\n<meta name=\"twitter:label1\" content=\"\u00c9crit par\" \/>\n\t<meta name=\"twitter:data1\" content=\"cfeditorfr\" \/>\n\t<meta name=\"twitter:label2\" content=\"Dur\u00e9e de lecture estim\u00e9e\" \/>\n\t<meta name=\"twitter:data2\" content=\"1 minute\" \/>\n<script type=\"application\/ld+json\" class=\"yoast-schema-graph\">{\"@context\":\"https:\/\/schema.org\",\"@graph\":[{\"@type\":\"Article\",\"@id\":\"https:\/\/www.africa-press.net\/tchad\/homepage-french\/le-chef-de-letat-en-sejour-a-ati-dans-le-batha#article\",\"isPartOf\":{\"@id\":\"https:\/\/www.africa-press.net\/tchad\/homepage-french\/le-chef-de-letat-en-sejour-a-ati-dans-le-batha\"},\"author\":{\"name\":\"cfeditorfr\",\"@id\":\"https:\/\/www.africa-press.net\/tchad\/#\/schema\/person\/2b1cf3cd81a31e3cd26889ca66d677f1\"},\"headline\":\"le chef de l&rsquo;\u00c9tat en s\u00e9jour \u00e0 Ati, dans le Batha\",\"datePublished\":\"2020-12-07T15:23:39+00:00\",\"mainEntityOfPage\":{\"@id\":\"https:\/\/www.africa-press.net\/tchad\/homepage-french\/le-chef-de-letat-en-sejour-a-ati-dans-le-batha\"},\"wordCount\":112,\"commentCount\":0,\"image\":{\"@id\":\"https:\/\/www.africa-press.net\/tchad\/homepage-french\/le-chef-de-letat-en-sejour-a-ati-dans-le-batha#primaryimage\"},\"thumbnailUrl\":\"https:\/\/static.africa-press.net\/tchad\/sites\/41\/2020\/12\/61.jpg\",\"articleSection\":[\"homepage-french\",\"Politique\",\"Top Nouvelles\",\"Toutes les actualit\u00e9s\"],\"inLanguage\":\"fr-FR\",\"potentialAction\":[{\"@type\":\"CommentAction\",\"name\":\"Comment\",\"target\":[\"https:\/\/www.africa-press.net\/tchad\/homepage-french\/le-chef-de-letat-en-sejour-a-ati-dans-le-batha#respond\"]}]},{\"@type\":\"WebPage\",\"@id\":\"https:\/\/www.africa-press.net\/tchad\/homepage-french\/le-chef-de-letat-en-sejour-a-ati-dans-le-batha\",\"url\":\"https:\/\/www.africa-press.net\/tchad\/homepage-french\/le-chef-de-letat-en-sejour-a-ati-dans-le-batha\",\"name\":\"le chef de l'\u00c9tat en s\u00e9jour \u00e0 Ati, dans le Batha - tchad\",\"isPartOf\":{\"@id\":\"https:\/\/www.africa-press.net\/tchad\/#website\"},\"primaryImageOfPage\":{\"@id\":\"https:\/\/www.africa-press.net\/tchad\/homepage-french\/le-chef-de-letat-en-sejour-a-ati-dans-le-batha#primaryimage\"},\"image\":{\"@id\":\"https:\/\/www.africa-press.net\/tchad\/homepage-french\/le-chef-de-letat-en-sejour-a-ati-dans-le-batha#primaryimage\"},\"thumbnailUrl\":\"https:\/\/static.africa-press.net\/tchad\/sites\/41\/2020\/12\/61.jpg\",\"datePublished\":\"2020-12-07T15:23:39+00:00\",\"author\":{\"@id\":\"https:\/\/www.africa-press.net\/tchad\/#\/schema\/person\/2b1cf3cd81a31e3cd26889ca66d677f1\"},\"description\":\"Africa-Press - Tchad. Le pr\u00e9sident de la R\u00e9publique Idriss Deby est arriv\u00e9 lundi en milieu de matin\u00e9e \u00e0 Ati, chef-lieu de la\",\"breadcrumb\":{\"@id\":\"https:\/\/www.africa-press.net\/tchad\/homepage-french\/le-chef-de-letat-en-sejour-a-ati-dans-le-batha#breadcrumb\"},\"inLanguage\":\"fr-FR\",\"potentialAction\":[{\"@type\":\"ReadAction\",\"target\":[\"https:\/\/www.africa-press.net\/tchad\/homepage-french\/le-chef-de-letat-en-sejour-a-ati-dans-le-batha\"]}]},{\"@type\":\"ImageObject\",\"inLanguage\":\"fr-FR\",\"@id\":\"https:\/\/www.africa-press.net\/tchad\/homepage-french\/le-chef-de-letat-en-sejour-a-ati-dans-le-batha#primaryimage\",\"url\":\"https:\/\/static.africa-press.net\/tchad\/sites\/41\/2020\/12\/61.jpg\",\"contentUrl\":\"https:\/\/static.africa-press.net\/tchad\/sites\/41\/2020\/12\/61.jpg\",\"width\":870,\"height\":580},{\"@type\":\"BreadcrumbList\",\"@id\":\"https:\/\/www.africa-press.net\/tchad\/homepage-french\/le-chef-de-letat-en-sejour-a-ati-dans-le-batha#breadcrumb\",\"itemListElement\":[{\"@type\":\"ListItem\",\"position\":1,\"name\":\"Accueil\",\"item\":\"https:\/\/www.africa-press.net\/tchad\/\"},{\"@type\":\"ListItem\",\"position\":2,\"name\":\"le chef de l&#8217;\u00c9tat en s\u00e9jour \u00e0 Ati, dans le Batha\"}]},{\"@type\":\"WebSite\",\"@id\":\"https:\/\/www.africa-press.net\/tchad\/#website\",\"url\":\"https:\/\/www.africa-press.net\/tchad\/\",\"name\":\"tchad\",\"description\":\"Just another Africa News Agency Sites site\",\"potentialAction\":[{\"@type\":\"SearchAction\",\"target\":{\"@type\":\"EntryPoint\",\"urlTemplate\":\"https:\/\/www.africa-press.net\/tchad\/?s={search_term_string}\"},\"query-input\":{\"@type\":\"PropertyValueSpecification\",\"valueRequired\":true,\"valueName\":\"search_term_string\"}}],\"inLanguage\":\"fr-FR\"},{\"@type\":\"Person\",\"@id\":\"https:\/\/www.africa-press.net\/tchad\/#\/schema\/person\/2b1cf3cd81a31e3cd26889ca66d677f1\",\"name\":\"cfeditorfr\"}]}<\/script>\n<!-- \/ Yoast SEO Premium plugin. -->","yoast_head_json":{"title":"le chef de l'\u00c9tat en s\u00e9jour \u00e0 Ati, dans le Batha - tchad","description":"Africa-Press - Tchad. Le pr\u00e9sident de la R\u00e9publique Idriss Deby est arriv\u00e9 lundi en milieu de matin\u00e9e \u00e0 Ati, chef-lieu de la","robots":{"index":"index","follow":"follow","max-snippet":"max-snippet:-1","max-image-preview":"max-image-preview:large","max-video-preview":"max-video-preview:-1"},"canonical":"https:\/\/www.africa-press.net\/tchad\/homepage-french\/le-chef-de-letat-en-sejour-a-ati-dans-le-batha","og_locale":"fr_FR","og_type":"article","og_title":"le chef de l'\u00c9tat en s\u00e9jour \u00e0 Ati, dans le Batha","og_description":"Africa-Press - Tchad. Le pr\u00e9sident de la R\u00e9publique Idriss Deby est arriv\u00e9 lundi en milieu de matin\u00e9e \u00e0 Ati, chef-lieu de la","og_url":"https:\/\/www.africa-press.net\/tchad\/homepage-french\/le-chef-de-letat-en-sejour-a-ati-dans-le-batha","og_site_name":"tchad","article_published_time":"2020-12-07T15:23:39+00:00","og_image":[{"width":870,"height":580,"url":"https:\/\/static.africa-press.net\/tchad\/sites\/41\/2020\/12\/61.jpg","type":"image\/jpeg"}],"author":"cfeditorfr","twitter_card":"summary_large_image","twitter_misc":{"\u00c9crit par":"cfeditorfr","Dur\u00e9e de lecture estim\u00e9e":"1 minute"},"schema":{"@context":"https:\/\/schema.org","@graph":[{"@type":"Article","@id":"https:\/\/www.africa-press.net\/tchad\/homepage-french\/le-chef-de-letat-en-sejour-a-ati-dans-le-batha#article","isPartOf":{"@id":"https:\/\/www.africa-press.net\/tchad\/homepage-french\/le-chef-de-letat-en-sejour-a-ati-dans-le-batha"},"author":{"name":"cfeditorfr","@id":"https:\/\/www.africa-press.net\/tchad\/#\/schema\/person\/2b1cf3cd81a31e3cd26889ca66d677f1"},"headline":"le chef de l&rsquo;\u00c9tat en s\u00e9jour \u00e0 Ati, dans le Batha","datePublished":"2020-12-07T15:23:39+00:00","mainEntityOfPage":{"@id":"https:\/\/www.africa-press.net\/tchad\/homepage-french\/le-chef-de-letat-en-sejour-a-ati-dans-le-batha"},"wordCount":112,"commentCount":0,"image":{"@id":"https:\/\/www.africa-press.net\/tchad\/homepage-french\/le-chef-de-letat-en-sejour-a-ati-dans-le-batha#primaryimage"},"thumbnailUrl":"https:\/\/static.africa-press.net\/tchad\/sites\/41\/2020\/12\/61.jpg","articleSection":["homepage-french","Politique","Top Nouvelles","Toutes les actualit\u00e9s"],"inLanguage":"fr-FR","potentialAction":[{"@type":"CommentAction","name":"Comment","target":["https:\/\/www.africa-press.net\/tchad\/homepage-french\/le-chef-de-letat-en-sejour-a-ati-dans-le-batha#respond"]}]},{"@type":"WebPage","@id":"https:\/\/www.africa-press.net\/tchad\/homepage-french\/le-chef-de-letat-en-sejour-a-ati-dans-le-batha","url":"https:\/\/www.africa-press.net\/tchad\/homepage-french\/le-chef-de-letat-en-sejour-a-ati-dans-le-batha","name":"le chef de l'\u00c9tat en s\u00e9jour \u00e0 Ati, dans le Batha - tchad","isPartOf":{"@id":"https:\/\/www.africa-press.net\/tchad\/#website"},"primaryImageOfPage":{"@id":"https:\/\/www.africa-press.net\/tchad\/homepage-french\/le-chef-de-letat-en-sejour-a-ati-dans-le-batha#primaryimage"},"image":{"@id":"https:\/\/www.africa-press.net\/tchad\/homepage-french\/le-chef-de-letat-en-sejour-a-ati-dans-le-batha#primaryimage"},"thumbnailUrl":"https:\/\/static.africa-press.net\/tchad\/sites\/41\/2020\/12\/61.jpg","datePublished":"2020-12-07T15:23:39+00:00","author":{"@id":"https:\/\/www.africa-press.net\/tchad\/#\/schema\/person\/2b1cf3cd81a31e3cd26889ca66d677f1"},"description":"Africa-Press - Tchad. Le pr\u00e9sident de la R\u00e9publique Idriss Deby est arriv\u00e9 lundi en milieu de matin\u00e9e \u00e0 Ati, chef-lieu de la","breadcrumb":{"@id":"https:\/\/www.africa-press.net\/tchad\/homepage-french\/le-chef-de-letat-en-sejour-a-ati-dans-le-batha#breadcrumb"},"inLanguage":"fr-FR","potentialAction":[{"@type":"ReadAction","target":["https:\/\/www.africa-press.net\/tchad\/homepage-french\/le-chef-de-letat-en-sejour-a-ati-dans-le-batha"]}]},{"@type":"ImageObject","inLanguage":"fr-FR","@id":"https:\/\/www.africa-press.net\/tchad\/homepage-french\/le-chef-de-letat-en-sejour-a-ati-dans-le-batha#primaryimage","url":"https:\/\/static.africa-press.net\/tchad\/sites\/41\/2020\/12\/61.jpg","contentUrl":"https:\/\/static.africa-press.net\/tchad\/sites\/41\/2020\/12\/61.jpg","width":870,"height":580},{"@type":"BreadcrumbList","@id":"https:\/\/www.africa-press.net\/tchad\/homepage-french\/le-chef-de-letat-en-sejour-a-ati-dans-le-batha#breadcrumb","itemListElement":[{"@type":"ListItem","position":1,"name":"Accueil","item":"https:\/\/www.africa-press.net\/tchad\/"},{"@type":"ListItem","position":2,"name":"le chef de l&#8217;\u00c9tat en s\u00e9jour \u00e0 Ati, dans le Batha"}]},{"@type":"WebSite","@id":"https:\/\/www.africa-press.net\/tchad\/#website","url":"https:\/\/www.africa-press.net\/tchad\/","name":"tchad","description":"Just another Africa News Agency Sites site","potentialAction":[{"@type":"SearchAction","target":{"@type":"EntryPoint","urlTemplate":"https:\/\/www.africa-press.net\/tchad\/?s={search_term_string}"},"query-input":{"@type":"PropertyValueSpecification","valueRequired":true,"valueName":"search_term_string"}}],"inLanguage":"fr-FR"},{"@type":"Person","@id":"https:\/\/www.africa-press.net\/tchad\/#\/schema\/person\/2b1cf3cd81a31e3cd26889ca66d677f1","name":"cfeditorfr"}]}},"_links":{"self":[{"href":"https:\/\/www.africa-press.net\/tchad\/wp-json\/wp\/v2\/posts\/613","targetHints":{"allow":["GET"]}}],"collection":[{"href":"https:\/\/www.africa-press.net\/tchad\/wp-json\/wp\/v2\/posts"}],"about":[{"href":"https:\/\/www.africa-press.net\/tchad\/wp-json\/wp\/v2\/types\/post"}],"author":[{"embeddable":true,"href":"https:\/\/www.africa-press.net\/tchad\/wp-json\/wp\/v2\/users\/82"}],"replies":[{"embeddable":true,"href":"https:\/\/www.africa-press.net\/tchad\/wp-json\/wp\/v2\/comments?post=613"}],"version-history":[{"count":0,"href":"https:\/\/www.africa-press.net\/tchad\/wp-json\/wp\/v2\/posts\/613\/revisions"}],"wp:featuredmedia":[{"embeddable":true,"href":"https:\/\/www.africa-press.net\/tchad\/wp-json\/wp\/v2\/media\/620"}],"wp:attachment":[{"href":"https:\/\/www.africa-press.net\/tchad\/wp-json\/wp\/v2\/media?parent=613"}],"wp:term":[{"taxonomy":"category","embeddable":true,"href":"https:\/\/www.africa-press.net\/tchad\/wp-json\/wp\/v2\/categories?post=613"},{"taxonomy":"post_tag","embeddable":true,"href":"https:\/\/www.africa-press.net\/tchad\/wp-json\/wp\/v2\/tags?post=613"}],"curies":[{"name":"wp","href":"https:\/\/api.w.org\/{rel}","templated":true}]}}