{"id":6196,"date":"2021-05-12T10:45:42","date_gmt":"2021-05-12T10:45:42","guid":{"rendered":"https:\/\/www.africa-press.net\/tchad\/?p=6196"},"modified":"2021-05-12T13:05:30","modified_gmt":"2021-05-12T13:05:30","slug":"le-tchad-demande-le-retrait-du-directeur-national-de-la-beac","status":"publish","type":"post","link":"https:\/\/www.africa-press.net\/tchad\/politique\/le-tchad-demande-le-retrait-du-directeur-national-de-la-beac","title":{"rendered":"Le Tchad demande le retrait du directeur national de la BEAC"},"content":{"rendered":"<p><span style=\"color: #ff6600\"><strong><a href=\"https:\/\/www.africa-press.net\/\">Africa-Press<\/a> &#8211; <a href=\"https:\/\/www.africa-press.net\/tchad\">Tchad<\/a>. <\/strong><\/span><b>Dans une correspondance du 04 mai 2021, adress\u00e9e au gouverneur de la BEAC, le ministre des Finances et du Budget Thir Hamid Nguilin demande le retrait de retirer Annour Mahamat Hassan<\/b><\/p>\n<p>La note sign\u00e9e du ministre tchadien des Finances et du Budget ne pr\u00e9cise pas le motif de la demande de retrait du Directeur national de la Banque Africaine des Etats de l\u2019Afrique Central (BEAC).<\/p>\n<p>Les termes de la correspondance sont les suivantes : \u00ab J\u2019ai l\u2019avantage de vous informer que les plus hautes autorit\u00e9s tchadiennes ont d\u00e9cid\u00e9 de retirer leur confiance au directeur national de la BEAC pour le Tchad, monsieur Annour Mahamat Hassan \u00bb, \u00e9crit Tahir Hami Nguilin<\/p>\n<p>Dans son document, il fait savoir qu\u2019il attend le retour du patron de la BEAC pour un nouveau d\u00e9part : \u00ab tout en vous demandant de prendre les dispositions administratives requises en vue du fonctionnement r\u00e9gulier et normal de la BEAC pour le Tchad, j\u2019attends vos propositions de remplacement conform\u00e9ment aux textes en vigueur en la mati\u00e8re \u00bb<\/p>\n","protected":false},"excerpt":{"rendered":"<p>Africa-Press &#8211; Tchad. Dans une correspondance du 04 mai 2021, adress\u00e9e au gouverneur de la BEAC, le ministre des Finances et du Budget Thir Hamid Nguilin demande le retrait de retirer Annour Mahamat Hassan La note sign\u00e9e du ministre tchadien des Finances et du Budget ne pr\u00e9cise pas le motif de la demande de retrait [&hellip;]<\/p>\n","protected":false},"author":82,"featured_media":6195,"comment_status":"open","ping_status":"closed","sticky":false,"template":"","format":"standard","meta":{"footnotes":""},"categories":[11,2,10],"tags":[37,292,761,232,29],"class_list":["post-6196","post","type-post","status-publish","format-standard","has-post-thumbnail","hentry","category-homepage-french","category-politique","category-toutes-les-actualites","tag-africa-press","tag-africa-press-tchad","tag-beac","tag-ministere-des-finances","tag-tchad"],"yoast_head":"<!-- This site is optimized with the Yoast SEO Premium plugin v26.1 (Yoast SEO v27.0) - https:\/\/yoast.com\/product\/yoast-seo-premium-wordpress\/ -->\n<title>Le Tchad demande le retrait du directeur national de la BEAC - tchad<\/title>\n<meta name=\"description\" content=\"Dans une correspondance du 04 mai 2021, adress\u00e9e au gouverneur de la BEAC, le ministre des Finances et du Budget Thir ...\" \/>\n<meta name=\"robots\" content=\"index, follow, max-snippet:-1, max-image-preview:large, max-video-preview:-1\" \/>\n<link rel=\"canonical\" href=\"https:\/\/www.africa-press.net\/tchad\/politique\/le-tchad-demande-le-retrait-du-directeur-national-de-la-beac\" \/>\n<meta property=\"og:locale\" content=\"fr_FR\" \/>\n<meta property=\"og:type\" content=\"article\" \/>\n<meta property=\"og:title\" content=\"Le Tchad demande le retrait du directeur national de la BEAC\" \/>\n<meta property=\"og:description\" content=\"Dans une correspondance du 04 mai 2021, adress\u00e9e au gouverneur de la BEAC, le ministre des Finances et du Budget Thir ...\" \/>\n<meta property=\"og:url\" content=\"https:\/\/www.africa-press.net\/tchad\/politique\/le-tchad-demande-le-retrait-du-directeur-national-de-la-beac\" \/>\n<meta property=\"og:site_name\" content=\"tchad\" \/>\n<meta property=\"article:published_time\" content=\"2021-05-12T10:45:42+00:00\" \/>\n<meta property=\"article:modified_time\" content=\"2021-05-12T13:05:30+00:00\" \/>\n<meta property=\"og:image\" content=\"https:\/\/static.africa-press.net\/tchad\/sites\/41\/2021\/05\/img-609baf67f2430.jpg\" \/>\n\t<meta property=\"og:image:width\" content=\"780\" \/>\n\t<meta property=\"og:image:height\" content=\"440\" \/>\n\t<meta property=\"og:image:type\" content=\"image\/jpeg\" \/>\n<meta name=\"author\" content=\"cfeditorfr\" \/>\n<meta name=\"twitter:card\" content=\"summary_large_image\" \/>\n<meta name=\"twitter:label1\" content=\"\u00c9crit par\" \/>\n\t<meta name=\"twitter:data1\" content=\"cfeditorfr\" \/>\n\t<meta name=\"twitter:label2\" content=\"Dur\u00e9e de lecture estim\u00e9e\" \/>\n\t<meta name=\"twitter:data2\" content=\"1 minute\" \/>\n<script type=\"application\/ld+json\" class=\"yoast-schema-graph\">{\"@context\":\"https:\/\/schema.org\",\"@graph\":[{\"@type\":\"Article\",\"@id\":\"https:\/\/www.africa-press.net\/tchad\/politique\/le-tchad-demande-le-retrait-du-directeur-national-de-la-beac#article\",\"isPartOf\":{\"@id\":\"https:\/\/www.africa-press.net\/tchad\/politique\/le-tchad-demande-le-retrait-du-directeur-national-de-la-beac\"},\"author\":{\"name\":\"cfeditorfr\",\"@id\":\"https:\/\/www.africa-press.net\/tchad\/#\/schema\/person\/2b1cf3cd81a31e3cd26889ca66d677f1\"},\"headline\":\"Le Tchad demande le retrait du directeur national de la BEAC\",\"datePublished\":\"2021-05-12T10:45:42+00:00\",\"dateModified\":\"2021-05-12T13:05:30+00:00\",\"mainEntityOfPage\":{\"@id\":\"https:\/\/www.africa-press.net\/tchad\/politique\/le-tchad-demande-le-retrait-du-directeur-national-de-la-beac\"},\"wordCount\":188,\"commentCount\":0,\"image\":{\"@id\":\"https:\/\/www.africa-press.net\/tchad\/politique\/le-tchad-demande-le-retrait-du-directeur-national-de-la-beac#primaryimage\"},\"thumbnailUrl\":\"https:\/\/static.africa-press.net\/tchad\/sites\/41\/2021\/05\/img-609baf67f2430.jpg\",\"keywords\":[\"Africa Press\",\"Africa Press-Tchad\",\"BEAC\",\"minist\u00e8re des finances\",\"Tchad\"],\"articleSection\":[\"homepage-french\",\"Politique\",\"Toutes les actualit\u00e9s\"],\"inLanguage\":\"fr-FR\",\"potentialAction\":[{\"@type\":\"CommentAction\",\"name\":\"Comment\",\"target\":[\"https:\/\/www.africa-press.net\/tchad\/politique\/le-tchad-demande-le-retrait-du-directeur-national-de-la-beac#respond\"]}]},{\"@type\":\"WebPage\",\"@id\":\"https:\/\/www.africa-press.net\/tchad\/politique\/le-tchad-demande-le-retrait-du-directeur-national-de-la-beac\",\"url\":\"https:\/\/www.africa-press.net\/tchad\/politique\/le-tchad-demande-le-retrait-du-directeur-national-de-la-beac\",\"name\":\"Le Tchad demande le retrait du directeur national de la BEAC - tchad\",\"isPartOf\":{\"@id\":\"https:\/\/www.africa-press.net\/tchad\/#website\"},\"primaryImageOfPage\":{\"@id\":\"https:\/\/www.africa-press.net\/tchad\/politique\/le-tchad-demande-le-retrait-du-directeur-national-de-la-beac#primaryimage\"},\"image\":{\"@id\":\"https:\/\/www.africa-press.net\/tchad\/politique\/le-tchad-demande-le-retrait-du-directeur-national-de-la-beac#primaryimage\"},\"thumbnailUrl\":\"https:\/\/static.africa-press.net\/tchad\/sites\/41\/2021\/05\/img-609baf67f2430.jpg\",\"datePublished\":\"2021-05-12T10:45:42+00:00\",\"dateModified\":\"2021-05-12T13:05:30+00:00\",\"author\":{\"@id\":\"https:\/\/www.africa-press.net\/tchad\/#\/schema\/person\/2b1cf3cd81a31e3cd26889ca66d677f1\"},\"description\":\"Dans une correspondance du 04 mai 2021, adress\u00e9e au gouverneur de la BEAC, le ministre des Finances et du Budget Thir ...\",\"breadcrumb\":{\"@id\":\"https:\/\/www.africa-press.net\/tchad\/politique\/le-tchad-demande-le-retrait-du-directeur-national-de-la-beac#breadcrumb\"},\"inLanguage\":\"fr-FR\",\"potentialAction\":[{\"@type\":\"ReadAction\",\"target\":[\"https:\/\/www.africa-press.net\/tchad\/politique\/le-tchad-demande-le-retrait-du-directeur-national-de-la-beac\"]}]},{\"@type\":\"ImageObject\",\"inLanguage\":\"fr-FR\",\"@id\":\"https:\/\/www.africa-press.net\/tchad\/politique\/le-tchad-demande-le-retrait-du-directeur-national-de-la-beac#primaryimage\",\"url\":\"https:\/\/static.africa-press.net\/tchad\/sites\/41\/2021\/05\/img-609baf67f2430.jpg\",\"contentUrl\":\"https:\/\/static.africa-press.net\/tchad\/sites\/41\/2021\/05\/img-609baf67f2430.jpg\",\"width\":780,\"height\":440,\"caption\":\"Le Tchad demande le retrait du directeur national de la BEAC\"},{\"@type\":\"BreadcrumbList\",\"@id\":\"https:\/\/www.africa-press.net\/tchad\/politique\/le-tchad-demande-le-retrait-du-directeur-national-de-la-beac#breadcrumb\",\"itemListElement\":[{\"@type\":\"ListItem\",\"position\":1,\"name\":\"Accueil\",\"item\":\"https:\/\/www.africa-press.net\/tchad\/\"},{\"@type\":\"ListItem\",\"position\":2,\"name\":\"Le Tchad demande le retrait du directeur national de la BEAC\"}]},{\"@type\":\"WebSite\",\"@id\":\"https:\/\/www.africa-press.net\/tchad\/#website\",\"url\":\"https:\/\/www.africa-press.net\/tchad\/\",\"name\":\"tchad\",\"description\":\"Just another Africa News Agency Sites site\",\"potentialAction\":[{\"@type\":\"SearchAction\",\"target\":{\"@type\":\"EntryPoint\",\"urlTemplate\":\"https:\/\/www.africa-press.net\/tchad\/?s={search_term_string}\"},\"query-input\":{\"@type\":\"PropertyValueSpecification\",\"valueRequired\":true,\"valueName\":\"search_term_string\"}}],\"inLanguage\":\"fr-FR\"},{\"@type\":\"Person\",\"@id\":\"https:\/\/www.africa-press.net\/tchad\/#\/schema\/person\/2b1cf3cd81a31e3cd26889ca66d677f1\",\"name\":\"cfeditorfr\"}]}<\/script>\n<!-- \/ Yoast SEO Premium plugin. -->","yoast_head_json":{"title":"Le Tchad demande le retrait du directeur national de la BEAC - tchad","description":"Dans une correspondance du 04 mai 2021, adress\u00e9e au gouverneur de la BEAC, le ministre des Finances et du Budget Thir ...","robots":{"index":"index","follow":"follow","max-snippet":"max-snippet:-1","max-image-preview":"max-image-preview:large","max-video-preview":"max-video-preview:-1"},"canonical":"https:\/\/www.africa-press.net\/tchad\/politique\/le-tchad-demande-le-retrait-du-directeur-national-de-la-beac","og_locale":"fr_FR","og_type":"article","og_title":"Le Tchad demande le retrait du directeur national de la BEAC","og_description":"Dans une correspondance du 04 mai 2021, adress\u00e9e au gouverneur de la BEAC, le ministre des Finances et du Budget Thir ...","og_url":"https:\/\/www.africa-press.net\/tchad\/politique\/le-tchad-demande-le-retrait-du-directeur-national-de-la-beac","og_site_name":"tchad","article_published_time":"2021-05-12T10:45:42+00:00","article_modified_time":"2021-05-12T13:05:30+00:00","og_image":[{"width":780,"height":440,"url":"https:\/\/static.africa-press.net\/tchad\/sites\/41\/2021\/05\/img-609baf67f2430.jpg","type":"image\/jpeg"}],"author":"cfeditorfr","twitter_card":"summary_large_image","twitter_misc":{"\u00c9crit par":"cfeditorfr","Dur\u00e9e de lecture estim\u00e9e":"1 minute"},"schema":{"@context":"https:\/\/schema.org","@graph":[{"@type":"Article","@id":"https:\/\/www.africa-press.net\/tchad\/politique\/le-tchad-demande-le-retrait-du-directeur-national-de-la-beac#article","isPartOf":{"@id":"https:\/\/www.africa-press.net\/tchad\/politique\/le-tchad-demande-le-retrait-du-directeur-national-de-la-beac"},"author":{"name":"cfeditorfr","@id":"https:\/\/www.africa-press.net\/tchad\/#\/schema\/person\/2b1cf3cd81a31e3cd26889ca66d677f1"},"headline":"Le Tchad demande le retrait du directeur national de la BEAC","datePublished":"2021-05-12T10:45:42+00:00","dateModified":"2021-05-12T13:05:30+00:00","mainEntityOfPage":{"@id":"https:\/\/www.africa-press.net\/tchad\/politique\/le-tchad-demande-le-retrait-du-directeur-national-de-la-beac"},"wordCount":188,"commentCount":0,"image":{"@id":"https:\/\/www.africa-press.net\/tchad\/politique\/le-tchad-demande-le-retrait-du-directeur-national-de-la-beac#primaryimage"},"thumbnailUrl":"https:\/\/static.africa-press.net\/tchad\/sites\/41\/2021\/05\/img-609baf67f2430.jpg","keywords":["Africa Press","Africa Press-Tchad","BEAC","minist\u00e8re des finances","Tchad"],"articleSection":["homepage-french","Politique","Toutes les actualit\u00e9s"],"inLanguage":"fr-FR","potentialAction":[{"@type":"CommentAction","name":"Comment","target":["https:\/\/www.africa-press.net\/tchad\/politique\/le-tchad-demande-le-retrait-du-directeur-national-de-la-beac#respond"]}]},{"@type":"WebPage","@id":"https:\/\/www.africa-press.net\/tchad\/politique\/le-tchad-demande-le-retrait-du-directeur-national-de-la-beac","url":"https:\/\/www.africa-press.net\/tchad\/politique\/le-tchad-demande-le-retrait-du-directeur-national-de-la-beac","name":"Le Tchad demande le retrait du directeur national de la BEAC - tchad","isPartOf":{"@id":"https:\/\/www.africa-press.net\/tchad\/#website"},"primaryImageOfPage":{"@id":"https:\/\/www.africa-press.net\/tchad\/politique\/le-tchad-demande-le-retrait-du-directeur-national-de-la-beac#primaryimage"},"image":{"@id":"https:\/\/www.africa-press.net\/tchad\/politique\/le-tchad-demande-le-retrait-du-directeur-national-de-la-beac#primaryimage"},"thumbnailUrl":"https:\/\/static.africa-press.net\/tchad\/sites\/41\/2021\/05\/img-609baf67f2430.jpg","datePublished":"2021-05-12T10:45:42+00:00","dateModified":"2021-05-12T13:05:30+00:00","author":{"@id":"https:\/\/www.africa-press.net\/tchad\/#\/schema\/person\/2b1cf3cd81a31e3cd26889ca66d677f1"},"description":"Dans une correspondance du 04 mai 2021, adress\u00e9e au gouverneur de la BEAC, le ministre des Finances et du Budget Thir ...","breadcrumb":{"@id":"https:\/\/www.africa-press.net\/tchad\/politique\/le-tchad-demande-le-retrait-du-directeur-national-de-la-beac#breadcrumb"},"inLanguage":"fr-FR","potentialAction":[{"@type":"ReadAction","target":["https:\/\/www.africa-press.net\/tchad\/politique\/le-tchad-demande-le-retrait-du-directeur-national-de-la-beac"]}]},{"@type":"ImageObject","inLanguage":"fr-FR","@id":"https:\/\/www.africa-press.net\/tchad\/politique\/le-tchad-demande-le-retrait-du-directeur-national-de-la-beac#primaryimage","url":"https:\/\/static.africa-press.net\/tchad\/sites\/41\/2021\/05\/img-609baf67f2430.jpg","contentUrl":"https:\/\/static.africa-press.net\/tchad\/sites\/41\/2021\/05\/img-609baf67f2430.jpg","width":780,"height":440,"caption":"Le Tchad demande le retrait du directeur national de la BEAC"},{"@type":"BreadcrumbList","@id":"https:\/\/www.africa-press.net\/tchad\/politique\/le-tchad-demande-le-retrait-du-directeur-national-de-la-beac#breadcrumb","itemListElement":[{"@type":"ListItem","position":1,"name":"Accueil","item":"https:\/\/www.africa-press.net\/tchad\/"},{"@type":"ListItem","position":2,"name":"Le Tchad demande le retrait du directeur national de la BEAC"}]},{"@type":"WebSite","@id":"https:\/\/www.africa-press.net\/tchad\/#website","url":"https:\/\/www.africa-press.net\/tchad\/","name":"tchad","description":"Just another Africa News Agency Sites site","potentialAction":[{"@type":"SearchAction","target":{"@type":"EntryPoint","urlTemplate":"https:\/\/www.africa-press.net\/tchad\/?s={search_term_string}"},"query-input":{"@type":"PropertyValueSpecification","valueRequired":true,"valueName":"search_term_string"}}],"inLanguage":"fr-FR"},{"@type":"Person","@id":"https:\/\/www.africa-press.net\/tchad\/#\/schema\/person\/2b1cf3cd81a31e3cd26889ca66d677f1","name":"cfeditorfr"}]}},"_links":{"self":[{"href":"https:\/\/www.africa-press.net\/tchad\/wp-json\/wp\/v2\/posts\/6196","targetHints":{"allow":["GET"]}}],"collection":[{"href":"https:\/\/www.africa-press.net\/tchad\/wp-json\/wp\/v2\/posts"}],"about":[{"href":"https:\/\/www.africa-press.net\/tchad\/wp-json\/wp\/v2\/types\/post"}],"author":[{"embeddable":true,"href":"https:\/\/www.africa-press.net\/tchad\/wp-json\/wp\/v2\/users\/82"}],"replies":[{"embeddable":true,"href":"https:\/\/www.africa-press.net\/tchad\/wp-json\/wp\/v2\/comments?post=6196"}],"version-history":[{"count":0,"href":"https:\/\/www.africa-press.net\/tchad\/wp-json\/wp\/v2\/posts\/6196\/revisions"}],"wp:featuredmedia":[{"embeddable":true,"href":"https:\/\/www.africa-press.net\/tchad\/wp-json\/wp\/v2\/media\/6195"}],"wp:attachment":[{"href":"https:\/\/www.africa-press.net\/tchad\/wp-json\/wp\/v2\/media?parent=6196"}],"wp:term":[{"taxonomy":"category","embeddable":true,"href":"https:\/\/www.africa-press.net\/tchad\/wp-json\/wp\/v2\/categories?post=6196"},{"taxonomy":"post_tag","embeddable":true,"href":"https:\/\/www.africa-press.net\/tchad\/wp-json\/wp\/v2\/tags?post=6196"}],"curies":[{"name":"wp","href":"https:\/\/api.w.org\/{rel}","templated":true}]}}