{"id":735,"date":"2020-12-10T22:16:38","date_gmt":"2020-12-10T22:16:38","guid":{"rendered":"https:\/\/www.africa-press.com\/tchad\/?p=735"},"modified":"2020-12-10T15:48:41","modified_gmt":"2020-12-10T15:48:41","slug":"tchad-le-pnud-forme-les-operateurs-economiques-a-massakory","status":"publish","type":"post","link":"https:\/\/www.africa-press.net\/tchad\/economie\/tchad-le-pnud-forme-les-operateurs-economiques-a-massakory","title":{"rendered":"le PNUD forme les op\u00e9rateurs \u00e9conomiques \u00e0 Massakory"},"content":{"rendered":"<p><span style=\"color: #ff6600\"><strong><a href=\"https:\/\/www.africa-press.com\">Africa-Press<\/a> &#8211; <a href=\"https:\/\/www.africa-press.com\/tchad\">Tchad<\/a>. <\/strong><\/span>Cette s\u00e9ance des op\u00e9rateurs \u00e9conomiques de renforcement de capacit\u00e9s vise \u00e9difier les b\u00e9n\u00e9ficiaires sur les r\u00e8gles et proc\u00e9dures en vigueur tant au Tchad qu\u2019\u00e0 l\u2019international. Sur les principes de passation de march\u00e9s, la constitution des dossiers d\u2019appel d\u2019offre et la maitrise des outils et plateformes de soumission des appels d\u2019offre.<\/p>\n<p>Le gouverneur de la province du Hadjer Lamis, Dr Haoua Outman Djam\u00e9 souhaite qu\u2019\u00e0 l\u2019issue de ces travaux les op\u00e9rateurs \u00e9conomiques impulse un nouveau souffle \u00e0 l\u2019\u00e9conomie du court terme, et un espoir de perspectives \u00e9conomiques. Il s\u2019est r\u00e9joui que le d\u00e9veloppement \u00e9conomique \u00e0 long terme commence prendre de l\u2019envol.<\/p>\n<p>La formation des op\u00e9rateurs \u00e9conomiques du Lac et du Hadjer Lamis veut booster le d\u00e9veloppement des deux provinces et contribuer \u00e0 la relance \u00e9conomique.<\/p>\n","protected":false},"excerpt":{"rendered":"<p>Africa-Press &#8211; Tchad. Cette s\u00e9ance des op\u00e9rateurs \u00e9conomiques de renforcement de capacit\u00e9s vise \u00e9difier les b\u00e9n\u00e9ficiaires sur les r\u00e8gles et proc\u00e9dures en vigueur tant au Tchad qu\u2019\u00e0 l\u2019international. Sur les principes de passation de march\u00e9s, la constitution des dossiers d\u2019appel d\u2019offre et la maitrise des outils et plateformes de soumission des appels d\u2019offre. Le gouverneur [&hellip;]<\/p>\n","protected":false},"author":82,"featured_media":734,"comment_status":"open","ping_status":"closed","sticky":false,"template":"","format":"standard","meta":{"footnotes":""},"categories":[3,11,20,10],"tags":[37,219,220,221,29],"class_list":["post-735","post","type-post","status-publish","format-standard","has-post-thumbnail","hentry","category-economie","category-homepage-french","category-top-nouvelles","category-toutes-les-actualites","tag-africa-press","tag-hadjer-lamis","tag-lac","tag-operateurs-economique","tag-tchad"],"yoast_head":"<!-- This site is optimized with the Yoast SEO Premium plugin v26.1 (Yoast SEO v27.0) - https:\/\/yoast.com\/product\/yoast-seo-premium-wordpress\/ -->\n<title>le PNUD forme les op\u00e9rateurs \u00e9conomiques \u00e0 Massakory - tchad<\/title>\n<meta name=\"description\" content=\"Africa-Press - Tchad. Cette s\u00e9ance des op\u00e9rateurs \u00e9conomiques de renforcement de capacit\u00e9s vise \u00e9difier\" \/>\n<meta name=\"robots\" content=\"index, follow, max-snippet:-1, max-image-preview:large, max-video-preview:-1\" \/>\n<link rel=\"canonical\" href=\"https:\/\/www.africa-press.net\/tchad\/economie\/tchad-le-pnud-forme-les-operateurs-economiques-a-massakory\" \/>\n<meta property=\"og:locale\" content=\"fr_FR\" \/>\n<meta property=\"og:type\" content=\"article\" \/>\n<meta property=\"og:title\" content=\"le PNUD forme les op\u00e9rateurs \u00e9conomiques \u00e0 Massakory\" \/>\n<meta property=\"og:description\" content=\"Africa-Press - Tchad. Cette s\u00e9ance des op\u00e9rateurs \u00e9conomiques de renforcement de capacit\u00e9s vise \u00e9difier\" \/>\n<meta property=\"og:url\" content=\"https:\/\/www.africa-press.net\/tchad\/economie\/tchad-le-pnud-forme-les-operateurs-economiques-a-massakory\" \/>\n<meta property=\"og:site_name\" content=\"tchad\" \/>\n<meta property=\"article:published_time\" content=\"2020-12-10T22:16:38+00:00\" \/>\n<meta property=\"og:image\" content=\"https:\/\/static.africa-press.net\/tchad\/sites\/41\/2020\/12\/img-5fd2429393d02.jpg\" \/>\n\t<meta property=\"og:image:width\" content=\"780\" \/>\n\t<meta property=\"og:image:height\" content=\"440\" \/>\n\t<meta property=\"og:image:type\" content=\"image\/jpeg\" \/>\n<meta name=\"author\" content=\"cfeditorfr\" \/>\n<meta name=\"twitter:card\" content=\"summary_large_image\" \/>\n<meta name=\"twitter:label1\" content=\"\u00c9crit par\" \/>\n\t<meta name=\"twitter:data1\" content=\"cfeditorfr\" \/>\n\t<meta name=\"twitter:label2\" content=\"Dur\u00e9e de lecture estim\u00e9e\" \/>\n\t<meta name=\"twitter:data2\" content=\"1 minute\" \/>\n<script type=\"application\/ld+json\" class=\"yoast-schema-graph\">{\"@context\":\"https:\/\/schema.org\",\"@graph\":[{\"@type\":\"Article\",\"@id\":\"https:\/\/www.africa-press.net\/tchad\/economie\/tchad-le-pnud-forme-les-operateurs-economiques-a-massakory#article\",\"isPartOf\":{\"@id\":\"https:\/\/www.africa-press.net\/tchad\/economie\/tchad-le-pnud-forme-les-operateurs-economiques-a-massakory\"},\"author\":{\"name\":\"cfeditorfr\",\"@id\":\"https:\/\/www.africa-press.net\/tchad\/#\/schema\/person\/2b1cf3cd81a31e3cd26889ca66d677f1\"},\"headline\":\"le PNUD forme les op\u00e9rateurs \u00e9conomiques \u00e0 Massakory\",\"datePublished\":\"2020-12-10T22:16:38+00:00\",\"mainEntityOfPage\":{\"@id\":\"https:\/\/www.africa-press.net\/tchad\/economie\/tchad-le-pnud-forme-les-operateurs-economiques-a-massakory\"},\"wordCount\":153,\"commentCount\":0,\"image\":{\"@id\":\"https:\/\/www.africa-press.net\/tchad\/economie\/tchad-le-pnud-forme-les-operateurs-economiques-a-massakory#primaryimage\"},\"thumbnailUrl\":\"https:\/\/static.africa-press.net\/tchad\/sites\/41\/2020\/12\/img-5fd2429393d02.jpg\",\"keywords\":[\"Africa Press\",\"Hadjer-Lamis\",\"Lac\",\"Op\u00e9rateurs \u00e9conomique\",\"Tchad\"],\"articleSection\":[\"\u00c9conomie\",\"homepage-french\",\"Top Nouvelles\",\"Toutes les actualit\u00e9s\"],\"inLanguage\":\"fr-FR\",\"potentialAction\":[{\"@type\":\"CommentAction\",\"name\":\"Comment\",\"target\":[\"https:\/\/www.africa-press.net\/tchad\/economie\/tchad-le-pnud-forme-les-operateurs-economiques-a-massakory#respond\"]}]},{\"@type\":\"WebPage\",\"@id\":\"https:\/\/www.africa-press.net\/tchad\/economie\/tchad-le-pnud-forme-les-operateurs-economiques-a-massakory\",\"url\":\"https:\/\/www.africa-press.net\/tchad\/economie\/tchad-le-pnud-forme-les-operateurs-economiques-a-massakory\",\"name\":\"le PNUD forme les op\u00e9rateurs \u00e9conomiques \u00e0 Massakory - tchad\",\"isPartOf\":{\"@id\":\"https:\/\/www.africa-press.net\/tchad\/#website\"},\"primaryImageOfPage\":{\"@id\":\"https:\/\/www.africa-press.net\/tchad\/economie\/tchad-le-pnud-forme-les-operateurs-economiques-a-massakory#primaryimage\"},\"image\":{\"@id\":\"https:\/\/www.africa-press.net\/tchad\/economie\/tchad-le-pnud-forme-les-operateurs-economiques-a-massakory#primaryimage\"},\"thumbnailUrl\":\"https:\/\/static.africa-press.net\/tchad\/sites\/41\/2020\/12\/img-5fd2429393d02.jpg\",\"datePublished\":\"2020-12-10T22:16:38+00:00\",\"author\":{\"@id\":\"https:\/\/www.africa-press.net\/tchad\/#\/schema\/person\/2b1cf3cd81a31e3cd26889ca66d677f1\"},\"description\":\"Africa-Press - Tchad. Cette s\u00e9ance des op\u00e9rateurs \u00e9conomiques de renforcement de capacit\u00e9s vise \u00e9difier\",\"breadcrumb\":{\"@id\":\"https:\/\/www.africa-press.net\/tchad\/economie\/tchad-le-pnud-forme-les-operateurs-economiques-a-massakory#breadcrumb\"},\"inLanguage\":\"fr-FR\",\"potentialAction\":[{\"@type\":\"ReadAction\",\"target\":[\"https:\/\/www.africa-press.net\/tchad\/economie\/tchad-le-pnud-forme-les-operateurs-economiques-a-massakory\"]}]},{\"@type\":\"ImageObject\",\"inLanguage\":\"fr-FR\",\"@id\":\"https:\/\/www.africa-press.net\/tchad\/economie\/tchad-le-pnud-forme-les-operateurs-economiques-a-massakory#primaryimage\",\"url\":\"https:\/\/static.africa-press.net\/tchad\/sites\/41\/2020\/12\/img-5fd2429393d02.jpg\",\"contentUrl\":\"https:\/\/static.africa-press.net\/tchad\/sites\/41\/2020\/12\/img-5fd2429393d02.jpg\",\"width\":780,\"height\":440,\"caption\":\"Tchad : le PNUD forme les op\u00e9rateurs \u00e9conomiques \u00e0 Massakory\"},{\"@type\":\"BreadcrumbList\",\"@id\":\"https:\/\/www.africa-press.net\/tchad\/economie\/tchad-le-pnud-forme-les-operateurs-economiques-a-massakory#breadcrumb\",\"itemListElement\":[{\"@type\":\"ListItem\",\"position\":1,\"name\":\"Accueil\",\"item\":\"https:\/\/www.africa-press.net\/tchad\/\"},{\"@type\":\"ListItem\",\"position\":2,\"name\":\"le PNUD forme les op\u00e9rateurs \u00e9conomiques \u00e0 Massakory\"}]},{\"@type\":\"WebSite\",\"@id\":\"https:\/\/www.africa-press.net\/tchad\/#website\",\"url\":\"https:\/\/www.africa-press.net\/tchad\/\",\"name\":\"tchad\",\"description\":\"Just another Africa News Agency Sites site\",\"potentialAction\":[{\"@type\":\"SearchAction\",\"target\":{\"@type\":\"EntryPoint\",\"urlTemplate\":\"https:\/\/www.africa-press.net\/tchad\/?s={search_term_string}\"},\"query-input\":{\"@type\":\"PropertyValueSpecification\",\"valueRequired\":true,\"valueName\":\"search_term_string\"}}],\"inLanguage\":\"fr-FR\"},{\"@type\":\"Person\",\"@id\":\"https:\/\/www.africa-press.net\/tchad\/#\/schema\/person\/2b1cf3cd81a31e3cd26889ca66d677f1\",\"name\":\"cfeditorfr\"}]}<\/script>\n<!-- \/ Yoast SEO Premium plugin. -->","yoast_head_json":{"title":"le PNUD forme les op\u00e9rateurs \u00e9conomiques \u00e0 Massakory - tchad","description":"Africa-Press - Tchad. Cette s\u00e9ance des op\u00e9rateurs \u00e9conomiques de renforcement de capacit\u00e9s vise \u00e9difier","robots":{"index":"index","follow":"follow","max-snippet":"max-snippet:-1","max-image-preview":"max-image-preview:large","max-video-preview":"max-video-preview:-1"},"canonical":"https:\/\/www.africa-press.net\/tchad\/economie\/tchad-le-pnud-forme-les-operateurs-economiques-a-massakory","og_locale":"fr_FR","og_type":"article","og_title":"le PNUD forme les op\u00e9rateurs \u00e9conomiques \u00e0 Massakory","og_description":"Africa-Press - Tchad. Cette s\u00e9ance des op\u00e9rateurs \u00e9conomiques de renforcement de capacit\u00e9s vise \u00e9difier","og_url":"https:\/\/www.africa-press.net\/tchad\/economie\/tchad-le-pnud-forme-les-operateurs-economiques-a-massakory","og_site_name":"tchad","article_published_time":"2020-12-10T22:16:38+00:00","og_image":[{"width":780,"height":440,"url":"https:\/\/static.africa-press.net\/tchad\/sites\/41\/2020\/12\/img-5fd2429393d02.jpg","type":"image\/jpeg"}],"author":"cfeditorfr","twitter_card":"summary_large_image","twitter_misc":{"\u00c9crit par":"cfeditorfr","Dur\u00e9e de lecture estim\u00e9e":"1 minute"},"schema":{"@context":"https:\/\/schema.org","@graph":[{"@type":"Article","@id":"https:\/\/www.africa-press.net\/tchad\/economie\/tchad-le-pnud-forme-les-operateurs-economiques-a-massakory#article","isPartOf":{"@id":"https:\/\/www.africa-press.net\/tchad\/economie\/tchad-le-pnud-forme-les-operateurs-economiques-a-massakory"},"author":{"name":"cfeditorfr","@id":"https:\/\/www.africa-press.net\/tchad\/#\/schema\/person\/2b1cf3cd81a31e3cd26889ca66d677f1"},"headline":"le PNUD forme les op\u00e9rateurs \u00e9conomiques \u00e0 Massakory","datePublished":"2020-12-10T22:16:38+00:00","mainEntityOfPage":{"@id":"https:\/\/www.africa-press.net\/tchad\/economie\/tchad-le-pnud-forme-les-operateurs-economiques-a-massakory"},"wordCount":153,"commentCount":0,"image":{"@id":"https:\/\/www.africa-press.net\/tchad\/economie\/tchad-le-pnud-forme-les-operateurs-economiques-a-massakory#primaryimage"},"thumbnailUrl":"https:\/\/static.africa-press.net\/tchad\/sites\/41\/2020\/12\/img-5fd2429393d02.jpg","keywords":["Africa Press","Hadjer-Lamis","Lac","Op\u00e9rateurs \u00e9conomique","Tchad"],"articleSection":["\u00c9conomie","homepage-french","Top Nouvelles","Toutes les actualit\u00e9s"],"inLanguage":"fr-FR","potentialAction":[{"@type":"CommentAction","name":"Comment","target":["https:\/\/www.africa-press.net\/tchad\/economie\/tchad-le-pnud-forme-les-operateurs-economiques-a-massakory#respond"]}]},{"@type":"WebPage","@id":"https:\/\/www.africa-press.net\/tchad\/economie\/tchad-le-pnud-forme-les-operateurs-economiques-a-massakory","url":"https:\/\/www.africa-press.net\/tchad\/economie\/tchad-le-pnud-forme-les-operateurs-economiques-a-massakory","name":"le PNUD forme les op\u00e9rateurs \u00e9conomiques \u00e0 Massakory - tchad","isPartOf":{"@id":"https:\/\/www.africa-press.net\/tchad\/#website"},"primaryImageOfPage":{"@id":"https:\/\/www.africa-press.net\/tchad\/economie\/tchad-le-pnud-forme-les-operateurs-economiques-a-massakory#primaryimage"},"image":{"@id":"https:\/\/www.africa-press.net\/tchad\/economie\/tchad-le-pnud-forme-les-operateurs-economiques-a-massakory#primaryimage"},"thumbnailUrl":"https:\/\/static.africa-press.net\/tchad\/sites\/41\/2020\/12\/img-5fd2429393d02.jpg","datePublished":"2020-12-10T22:16:38+00:00","author":{"@id":"https:\/\/www.africa-press.net\/tchad\/#\/schema\/person\/2b1cf3cd81a31e3cd26889ca66d677f1"},"description":"Africa-Press - Tchad. Cette s\u00e9ance des op\u00e9rateurs \u00e9conomiques de renforcement de capacit\u00e9s vise \u00e9difier","breadcrumb":{"@id":"https:\/\/www.africa-press.net\/tchad\/economie\/tchad-le-pnud-forme-les-operateurs-economiques-a-massakory#breadcrumb"},"inLanguage":"fr-FR","potentialAction":[{"@type":"ReadAction","target":["https:\/\/www.africa-press.net\/tchad\/economie\/tchad-le-pnud-forme-les-operateurs-economiques-a-massakory"]}]},{"@type":"ImageObject","inLanguage":"fr-FR","@id":"https:\/\/www.africa-press.net\/tchad\/economie\/tchad-le-pnud-forme-les-operateurs-economiques-a-massakory#primaryimage","url":"https:\/\/static.africa-press.net\/tchad\/sites\/41\/2020\/12\/img-5fd2429393d02.jpg","contentUrl":"https:\/\/static.africa-press.net\/tchad\/sites\/41\/2020\/12\/img-5fd2429393d02.jpg","width":780,"height":440,"caption":"Tchad : le PNUD forme les op\u00e9rateurs \u00e9conomiques \u00e0 Massakory"},{"@type":"BreadcrumbList","@id":"https:\/\/www.africa-press.net\/tchad\/economie\/tchad-le-pnud-forme-les-operateurs-economiques-a-massakory#breadcrumb","itemListElement":[{"@type":"ListItem","position":1,"name":"Accueil","item":"https:\/\/www.africa-press.net\/tchad\/"},{"@type":"ListItem","position":2,"name":"le PNUD forme les op\u00e9rateurs \u00e9conomiques \u00e0 Massakory"}]},{"@type":"WebSite","@id":"https:\/\/www.africa-press.net\/tchad\/#website","url":"https:\/\/www.africa-press.net\/tchad\/","name":"tchad","description":"Just another Africa News Agency Sites site","potentialAction":[{"@type":"SearchAction","target":{"@type":"EntryPoint","urlTemplate":"https:\/\/www.africa-press.net\/tchad\/?s={search_term_string}"},"query-input":{"@type":"PropertyValueSpecification","valueRequired":true,"valueName":"search_term_string"}}],"inLanguage":"fr-FR"},{"@type":"Person","@id":"https:\/\/www.africa-press.net\/tchad\/#\/schema\/person\/2b1cf3cd81a31e3cd26889ca66d677f1","name":"cfeditorfr"}]}},"_links":{"self":[{"href":"https:\/\/www.africa-press.net\/tchad\/wp-json\/wp\/v2\/posts\/735","targetHints":{"allow":["GET"]}}],"collection":[{"href":"https:\/\/www.africa-press.net\/tchad\/wp-json\/wp\/v2\/posts"}],"about":[{"href":"https:\/\/www.africa-press.net\/tchad\/wp-json\/wp\/v2\/types\/post"}],"author":[{"embeddable":true,"href":"https:\/\/www.africa-press.net\/tchad\/wp-json\/wp\/v2\/users\/82"}],"replies":[{"embeddable":true,"href":"https:\/\/www.africa-press.net\/tchad\/wp-json\/wp\/v2\/comments?post=735"}],"version-history":[{"count":0,"href":"https:\/\/www.africa-press.net\/tchad\/wp-json\/wp\/v2\/posts\/735\/revisions"}],"wp:featuredmedia":[{"embeddable":true,"href":"https:\/\/www.africa-press.net\/tchad\/wp-json\/wp\/v2\/media\/734"}],"wp:attachment":[{"href":"https:\/\/www.africa-press.net\/tchad\/wp-json\/wp\/v2\/media?parent=735"}],"wp:term":[{"taxonomy":"category","embeddable":true,"href":"https:\/\/www.africa-press.net\/tchad\/wp-json\/wp\/v2\/categories?post=735"},{"taxonomy":"post_tag","embeddable":true,"href":"https:\/\/www.africa-press.net\/tchad\/wp-json\/wp\/v2\/tags?post=735"}],"curies":[{"name":"wp","href":"https:\/\/api.w.org\/{rel}","templated":true}]}}