{"id":7457,"date":"2021-06-10T17:08:23","date_gmt":"2021-06-10T17:08:23","guid":{"rendered":"https:\/\/www.africa-press.net\/tchad\/?p=7457"},"modified":"2021-06-10T17:08:23","modified_gmt":"2021-06-10T17:08:23","slug":"un-pre-forum-sur-la-refondation-du-systeme-educatif","status":"publish","type":"post","link":"https:\/\/www.africa-press.net\/tchad\/homepage-french\/un-pre-forum-sur-la-refondation-du-systeme-educatif","title":{"rendered":"un pr\u00e9-forum sur la refondation du syst\u00e8me \u00e9ducatif"},"content":{"rendered":"<p><span style=\"color: #ff6600\"><strong><a href=\"https:\/\/www.africa-press.net\/\">Africa-Press<\/a> &#8211; <a href=\"https:\/\/www.africa-press.net\/tchad\">Tchad<\/a>. <\/strong><\/span>Le ministre de l&rsquo;\u00c9ducation nationale et de la Promotion civique, Kosmadji Merci, a ouvert ce jeudi 10 juin \u00e0 K\u00e9lo, le pr\u00e9-forum de l&rsquo;\u00e9ducation plac\u00e9 sous le th\u00e8me : \u00ab\u00a0la redynamisation de l&rsquo;\u00e9cole tchadienne\u00a0\u00bb.<\/p>\n<p>L&rsquo;\u00e9cole tchadienne est malade, il lui faut de rem\u00e8de pour retrouver ses lettres de noblesse. C&rsquo;est dans ce sens que les acteurs de l&rsquo;\u00e9ducation nationale se sont donn\u00e9s rendez-vous \u00e0 Kelo pour r\u00e9fl\u00e9chir et diagnostiquer tous les probl\u00e8mes de l&rsquo;\u00e9cole tchadienne.<\/p>\n<p>Pour le chef du personnel de la d\u00e9l\u00e9gation de l&rsquo;\u00e9ducation nationale de la Tandjil\u00e9, Djimti Tend\u00e9, repr\u00e9sentant le d\u00e9l\u00e9gu\u00e9, les maux qui minent ce syst\u00e8me \u00e9ducatif sont nombreux et perceptifs. Pour ce faire, il invite ses coll\u00e8gues \u00e0 un travail serein.<\/p>\n<p>Le recteur de l&rsquo;acad\u00e9mie du Sud-Ouest, Pr. Banbo Benbanto Anti Pass, a identifi\u00e9 quelques probl\u00e8mes qui minent l&rsquo;\u00e9cole tchadienne. Entre autres : le manque de niveau de certains enseignants et l&rsquo;immixtion de certains hommes politiques dans le syst\u00e8me \u00e9ducatif, pour ne citer que ceux-l\u00e0.<\/p>\n<p>Ouvrant les travaux, le ministre de l&rsquo;\u00c9ducation nationale et de la Promotion civique, Kosmadji Merci, a indiqu\u00e9 que la mission premi\u00e8re de l&rsquo;\u00e9cole tchadienne est le creuset de l&rsquo;unit\u00e9 nationale. Kosmadji Merci exhorte les participants \u00e0 \u00eatre attentifs et assidus aux afin d&rsquo;identifier les vrais probl\u00e8mes de l&rsquo;\u00e9cole tchadienne.<\/p>\n","protected":false},"excerpt":{"rendered":"<p>Africa-Press &#8211; Tchad. Le ministre de l&rsquo;\u00c9ducation nationale et de la Promotion civique, Kosmadji Merci, a ouvert ce jeudi 10 juin \u00e0 K\u00e9lo, le pr\u00e9-forum de l&rsquo;\u00e9ducation plac\u00e9 sous le th\u00e8me : \u00ab\u00a0la redynamisation de l&rsquo;\u00e9cole tchadienne\u00a0\u00bb. L&rsquo;\u00e9cole tchadienne est malade, il lui faut de rem\u00e8de pour retrouver ses lettres de noblesse. C&rsquo;est dans ce [&hellip;]<\/p>\n","protected":false},"author":82,"featured_media":7471,"comment_status":"open","ping_status":"closed","sticky":false,"template":"","format":"standard","meta":{"footnotes":""},"categories":[5,11,10],"tags":[],"class_list":["post-7457","post","type-post","status-publish","format-standard","has-post-thumbnail","hentry","category-culture-et-art","category-homepage-french","category-toutes-les-actualites"],"yoast_head":"<!-- This site is optimized with the Yoast SEO Premium plugin v26.1 (Yoast SEO v27.0) - https:\/\/yoast.com\/product\/yoast-seo-premium-wordpress\/ -->\n<title>un pr\u00e9-forum sur la refondation du syst\u00e8me \u00e9ducatif - tchad<\/title>\n<meta name=\"description\" content=\"Africa-Press - Tchad. Le ministre de l&#039;\u00c9ducation nationale et de la Promotion civique, Kosmadji Merci, a ouvert\" \/>\n<meta name=\"robots\" content=\"index, follow, max-snippet:-1, max-image-preview:large, max-video-preview:-1\" \/>\n<link rel=\"canonical\" href=\"https:\/\/www.africa-press.net\/tchad\/homepage-french\/un-pre-forum-sur-la-refondation-du-systeme-educatif\" \/>\n<meta property=\"og:locale\" content=\"fr_FR\" \/>\n<meta property=\"og:type\" content=\"article\" \/>\n<meta property=\"og:title\" content=\"un pr\u00e9-forum sur la refondation du syst\u00e8me \u00e9ducatif\" \/>\n<meta property=\"og:description\" content=\"Africa-Press - Tchad. Le ministre de l&#039;\u00c9ducation nationale et de la Promotion civique, Kosmadji Merci, a ouvert\" \/>\n<meta property=\"og:url\" content=\"https:\/\/www.africa-press.net\/tchad\/homepage-french\/un-pre-forum-sur-la-refondation-du-systeme-educatif\" \/>\n<meta property=\"og:site_name\" content=\"tchad\" \/>\n<meta property=\"article:published_time\" content=\"2021-06-10T17:08:23+00:00\" \/>\n<meta property=\"og:image\" content=\"https:\/\/static.africa-press.net\/tchad\/sites\/41\/2021\/06\/66.jpg\" \/>\n\t<meta property=\"og:image:width\" content=\"870\" \/>\n\t<meta property=\"og:image:height\" content=\"653\" \/>\n\t<meta property=\"og:image:type\" content=\"image\/jpeg\" \/>\n<meta name=\"author\" content=\"cfeditorfr\" \/>\n<meta name=\"twitter:card\" content=\"summary_large_image\" \/>\n<meta name=\"twitter:label1\" content=\"\u00c9crit par\" \/>\n\t<meta name=\"twitter:data1\" content=\"cfeditorfr\" \/>\n\t<meta name=\"twitter:label2\" content=\"Dur\u00e9e de lecture estim\u00e9e\" \/>\n\t<meta name=\"twitter:data2\" content=\"1 minute\" \/>\n<script type=\"application\/ld+json\" class=\"yoast-schema-graph\">{\"@context\":\"https:\/\/schema.org\",\"@graph\":[{\"@type\":\"Article\",\"@id\":\"https:\/\/www.africa-press.net\/tchad\/homepage-french\/un-pre-forum-sur-la-refondation-du-systeme-educatif#article\",\"isPartOf\":{\"@id\":\"https:\/\/www.africa-press.net\/tchad\/homepage-french\/un-pre-forum-sur-la-refondation-du-systeme-educatif\"},\"author\":{\"name\":\"cfeditorfr\",\"@id\":\"https:\/\/www.africa-press.net\/tchad\/#\/schema\/person\/2b1cf3cd81a31e3cd26889ca66d677f1\"},\"headline\":\"un pr\u00e9-forum sur la refondation du syst\u00e8me \u00e9ducatif\",\"datePublished\":\"2021-06-10T17:08:23+00:00\",\"mainEntityOfPage\":{\"@id\":\"https:\/\/www.africa-press.net\/tchad\/homepage-french\/un-pre-forum-sur-la-refondation-du-systeme-educatif\"},\"wordCount\":251,\"commentCount\":0,\"image\":{\"@id\":\"https:\/\/www.africa-press.net\/tchad\/homepage-french\/un-pre-forum-sur-la-refondation-du-systeme-educatif#primaryimage\"},\"thumbnailUrl\":\"https:\/\/static.africa-press.net\/tchad\/sites\/41\/2021\/06\/66.jpg\",\"articleSection\":[\"Culture et Art\",\"homepage-french\",\"Toutes les actualit\u00e9s\"],\"inLanguage\":\"fr-FR\",\"potentialAction\":[{\"@type\":\"CommentAction\",\"name\":\"Comment\",\"target\":[\"https:\/\/www.africa-press.net\/tchad\/homepage-french\/un-pre-forum-sur-la-refondation-du-systeme-educatif#respond\"]}]},{\"@type\":\"WebPage\",\"@id\":\"https:\/\/www.africa-press.net\/tchad\/homepage-french\/un-pre-forum-sur-la-refondation-du-systeme-educatif\",\"url\":\"https:\/\/www.africa-press.net\/tchad\/homepage-french\/un-pre-forum-sur-la-refondation-du-systeme-educatif\",\"name\":\"un pr\u00e9-forum sur la refondation du syst\u00e8me \u00e9ducatif - tchad\",\"isPartOf\":{\"@id\":\"https:\/\/www.africa-press.net\/tchad\/#website\"},\"primaryImageOfPage\":{\"@id\":\"https:\/\/www.africa-press.net\/tchad\/homepage-french\/un-pre-forum-sur-la-refondation-du-systeme-educatif#primaryimage\"},\"image\":{\"@id\":\"https:\/\/www.africa-press.net\/tchad\/homepage-french\/un-pre-forum-sur-la-refondation-du-systeme-educatif#primaryimage\"},\"thumbnailUrl\":\"https:\/\/static.africa-press.net\/tchad\/sites\/41\/2021\/06\/66.jpg\",\"datePublished\":\"2021-06-10T17:08:23+00:00\",\"author\":{\"@id\":\"https:\/\/www.africa-press.net\/tchad\/#\/schema\/person\/2b1cf3cd81a31e3cd26889ca66d677f1\"},\"description\":\"Africa-Press - Tchad. Le ministre de l'\u00c9ducation nationale et de la Promotion civique, Kosmadji Merci, a ouvert\",\"breadcrumb\":{\"@id\":\"https:\/\/www.africa-press.net\/tchad\/homepage-french\/un-pre-forum-sur-la-refondation-du-systeme-educatif#breadcrumb\"},\"inLanguage\":\"fr-FR\",\"potentialAction\":[{\"@type\":\"ReadAction\",\"target\":[\"https:\/\/www.africa-press.net\/tchad\/homepage-french\/un-pre-forum-sur-la-refondation-du-systeme-educatif\"]}]},{\"@type\":\"ImageObject\",\"inLanguage\":\"fr-FR\",\"@id\":\"https:\/\/www.africa-press.net\/tchad\/homepage-french\/un-pre-forum-sur-la-refondation-du-systeme-educatif#primaryimage\",\"url\":\"https:\/\/static.africa-press.net\/tchad\/sites\/41\/2021\/06\/66.jpg\",\"contentUrl\":\"https:\/\/static.africa-press.net\/tchad\/sites\/41\/2021\/06\/66.jpg\",\"width\":870,\"height\":653},{\"@type\":\"BreadcrumbList\",\"@id\":\"https:\/\/www.africa-press.net\/tchad\/homepage-french\/un-pre-forum-sur-la-refondation-du-systeme-educatif#breadcrumb\",\"itemListElement\":[{\"@type\":\"ListItem\",\"position\":1,\"name\":\"Accueil\",\"item\":\"https:\/\/www.africa-press.net\/tchad\/\"},{\"@type\":\"ListItem\",\"position\":2,\"name\":\"un pr\u00e9-forum sur la refondation du syst\u00e8me \u00e9ducatif\"}]},{\"@type\":\"WebSite\",\"@id\":\"https:\/\/www.africa-press.net\/tchad\/#website\",\"url\":\"https:\/\/www.africa-press.net\/tchad\/\",\"name\":\"tchad\",\"description\":\"Just another Africa News Agency Sites site\",\"potentialAction\":[{\"@type\":\"SearchAction\",\"target\":{\"@type\":\"EntryPoint\",\"urlTemplate\":\"https:\/\/www.africa-press.net\/tchad\/?s={search_term_string}\"},\"query-input\":{\"@type\":\"PropertyValueSpecification\",\"valueRequired\":true,\"valueName\":\"search_term_string\"}}],\"inLanguage\":\"fr-FR\"},{\"@type\":\"Person\",\"@id\":\"https:\/\/www.africa-press.net\/tchad\/#\/schema\/person\/2b1cf3cd81a31e3cd26889ca66d677f1\",\"name\":\"cfeditorfr\"}]}<\/script>\n<!-- \/ Yoast SEO Premium plugin. -->","yoast_head_json":{"title":"un pr\u00e9-forum sur la refondation du syst\u00e8me \u00e9ducatif - tchad","description":"Africa-Press - Tchad. Le ministre de l'\u00c9ducation nationale et de la Promotion civique, Kosmadji Merci, a ouvert","robots":{"index":"index","follow":"follow","max-snippet":"max-snippet:-1","max-image-preview":"max-image-preview:large","max-video-preview":"max-video-preview:-1"},"canonical":"https:\/\/www.africa-press.net\/tchad\/homepage-french\/un-pre-forum-sur-la-refondation-du-systeme-educatif","og_locale":"fr_FR","og_type":"article","og_title":"un pr\u00e9-forum sur la refondation du syst\u00e8me \u00e9ducatif","og_description":"Africa-Press - Tchad. Le ministre de l'\u00c9ducation nationale et de la Promotion civique, Kosmadji Merci, a ouvert","og_url":"https:\/\/www.africa-press.net\/tchad\/homepage-french\/un-pre-forum-sur-la-refondation-du-systeme-educatif","og_site_name":"tchad","article_published_time":"2021-06-10T17:08:23+00:00","og_image":[{"width":870,"height":653,"url":"https:\/\/static.africa-press.net\/tchad\/sites\/41\/2021\/06\/66.jpg","type":"image\/jpeg"}],"author":"cfeditorfr","twitter_card":"summary_large_image","twitter_misc":{"\u00c9crit par":"cfeditorfr","Dur\u00e9e de lecture estim\u00e9e":"1 minute"},"schema":{"@context":"https:\/\/schema.org","@graph":[{"@type":"Article","@id":"https:\/\/www.africa-press.net\/tchad\/homepage-french\/un-pre-forum-sur-la-refondation-du-systeme-educatif#article","isPartOf":{"@id":"https:\/\/www.africa-press.net\/tchad\/homepage-french\/un-pre-forum-sur-la-refondation-du-systeme-educatif"},"author":{"name":"cfeditorfr","@id":"https:\/\/www.africa-press.net\/tchad\/#\/schema\/person\/2b1cf3cd81a31e3cd26889ca66d677f1"},"headline":"un pr\u00e9-forum sur la refondation du syst\u00e8me \u00e9ducatif","datePublished":"2021-06-10T17:08:23+00:00","mainEntityOfPage":{"@id":"https:\/\/www.africa-press.net\/tchad\/homepage-french\/un-pre-forum-sur-la-refondation-du-systeme-educatif"},"wordCount":251,"commentCount":0,"image":{"@id":"https:\/\/www.africa-press.net\/tchad\/homepage-french\/un-pre-forum-sur-la-refondation-du-systeme-educatif#primaryimage"},"thumbnailUrl":"https:\/\/static.africa-press.net\/tchad\/sites\/41\/2021\/06\/66.jpg","articleSection":["Culture et Art","homepage-french","Toutes les actualit\u00e9s"],"inLanguage":"fr-FR","potentialAction":[{"@type":"CommentAction","name":"Comment","target":["https:\/\/www.africa-press.net\/tchad\/homepage-french\/un-pre-forum-sur-la-refondation-du-systeme-educatif#respond"]}]},{"@type":"WebPage","@id":"https:\/\/www.africa-press.net\/tchad\/homepage-french\/un-pre-forum-sur-la-refondation-du-systeme-educatif","url":"https:\/\/www.africa-press.net\/tchad\/homepage-french\/un-pre-forum-sur-la-refondation-du-systeme-educatif","name":"un pr\u00e9-forum sur la refondation du syst\u00e8me \u00e9ducatif - tchad","isPartOf":{"@id":"https:\/\/www.africa-press.net\/tchad\/#website"},"primaryImageOfPage":{"@id":"https:\/\/www.africa-press.net\/tchad\/homepage-french\/un-pre-forum-sur-la-refondation-du-systeme-educatif#primaryimage"},"image":{"@id":"https:\/\/www.africa-press.net\/tchad\/homepage-french\/un-pre-forum-sur-la-refondation-du-systeme-educatif#primaryimage"},"thumbnailUrl":"https:\/\/static.africa-press.net\/tchad\/sites\/41\/2021\/06\/66.jpg","datePublished":"2021-06-10T17:08:23+00:00","author":{"@id":"https:\/\/www.africa-press.net\/tchad\/#\/schema\/person\/2b1cf3cd81a31e3cd26889ca66d677f1"},"description":"Africa-Press - Tchad. Le ministre de l'\u00c9ducation nationale et de la Promotion civique, Kosmadji Merci, a ouvert","breadcrumb":{"@id":"https:\/\/www.africa-press.net\/tchad\/homepage-french\/un-pre-forum-sur-la-refondation-du-systeme-educatif#breadcrumb"},"inLanguage":"fr-FR","potentialAction":[{"@type":"ReadAction","target":["https:\/\/www.africa-press.net\/tchad\/homepage-french\/un-pre-forum-sur-la-refondation-du-systeme-educatif"]}]},{"@type":"ImageObject","inLanguage":"fr-FR","@id":"https:\/\/www.africa-press.net\/tchad\/homepage-french\/un-pre-forum-sur-la-refondation-du-systeme-educatif#primaryimage","url":"https:\/\/static.africa-press.net\/tchad\/sites\/41\/2021\/06\/66.jpg","contentUrl":"https:\/\/static.africa-press.net\/tchad\/sites\/41\/2021\/06\/66.jpg","width":870,"height":653},{"@type":"BreadcrumbList","@id":"https:\/\/www.africa-press.net\/tchad\/homepage-french\/un-pre-forum-sur-la-refondation-du-systeme-educatif#breadcrumb","itemListElement":[{"@type":"ListItem","position":1,"name":"Accueil","item":"https:\/\/www.africa-press.net\/tchad\/"},{"@type":"ListItem","position":2,"name":"un pr\u00e9-forum sur la refondation du syst\u00e8me \u00e9ducatif"}]},{"@type":"WebSite","@id":"https:\/\/www.africa-press.net\/tchad\/#website","url":"https:\/\/www.africa-press.net\/tchad\/","name":"tchad","description":"Just another Africa News Agency Sites site","potentialAction":[{"@type":"SearchAction","target":{"@type":"EntryPoint","urlTemplate":"https:\/\/www.africa-press.net\/tchad\/?s={search_term_string}"},"query-input":{"@type":"PropertyValueSpecification","valueRequired":true,"valueName":"search_term_string"}}],"inLanguage":"fr-FR"},{"@type":"Person","@id":"https:\/\/www.africa-press.net\/tchad\/#\/schema\/person\/2b1cf3cd81a31e3cd26889ca66d677f1","name":"cfeditorfr"}]}},"_links":{"self":[{"href":"https:\/\/www.africa-press.net\/tchad\/wp-json\/wp\/v2\/posts\/7457","targetHints":{"allow":["GET"]}}],"collection":[{"href":"https:\/\/www.africa-press.net\/tchad\/wp-json\/wp\/v2\/posts"}],"about":[{"href":"https:\/\/www.africa-press.net\/tchad\/wp-json\/wp\/v2\/types\/post"}],"author":[{"embeddable":true,"href":"https:\/\/www.africa-press.net\/tchad\/wp-json\/wp\/v2\/users\/82"}],"replies":[{"embeddable":true,"href":"https:\/\/www.africa-press.net\/tchad\/wp-json\/wp\/v2\/comments?post=7457"}],"version-history":[{"count":0,"href":"https:\/\/www.africa-press.net\/tchad\/wp-json\/wp\/v2\/posts\/7457\/revisions"}],"wp:featuredmedia":[{"embeddable":true,"href":"https:\/\/www.africa-press.net\/tchad\/wp-json\/wp\/v2\/media\/7471"}],"wp:attachment":[{"href":"https:\/\/www.africa-press.net\/tchad\/wp-json\/wp\/v2\/media?parent=7457"}],"wp:term":[{"taxonomy":"category","embeddable":true,"href":"https:\/\/www.africa-press.net\/tchad\/wp-json\/wp\/v2\/categories?post=7457"},{"taxonomy":"post_tag","embeddable":true,"href":"https:\/\/www.africa-press.net\/tchad\/wp-json\/wp\/v2\/tags?post=7457"}],"curies":[{"name":"wp","href":"https:\/\/api.w.org\/{rel}","templated":true}]}}