{"id":7891,"date":"2021-06-22T10:40:23","date_gmt":"2021-06-22T10:40:23","guid":{"rendered":"https:\/\/www.africa-press.net\/tchad\/politique\/tchad-covid-le-ministre-de-la-sante-donne-les-orientations-en-vue-de-la-2e-dose-du-vaccin"},"modified":"2021-06-22T19:27:35","modified_gmt":"2021-06-22T19:27:35","slug":"tchad-covid-le-ministre-de-la-sante-donne-les-orientations-en-vue-de-la-2e-dose-du-vaccin","status":"publish","type":"post","link":"https:\/\/www.africa-press.net\/tchad\/toutes-les-actualites\/tchad-covid-le-ministre-de-la-sante-donne-les-orientations-en-vue-de-la-2e-dose-du-vaccin","title":{"rendered":"Tchad-Covid : le ministre de la sant\u00e9 donne les orientations en vue de la 2e dose du vaccin"},"content":{"rendered":"<p><span style=\"color: #ff6600\"><strong><a href=\"https:\/\/www.africa-press.net\/\">Africa-Press<\/a> &#8211; <a href=\"https:\/\/www.africa-press.net\/tchad\">Tchad<\/a>. <\/strong><\/span><b>Le ministre de la Sant\u00e9 publique, Abdoulaye Sabre Fadoul s\u2019est entretenu le 21 juin 2021 avec les membres du comit\u00e9 national de coordination pour l\u2019introduction du vaccin contre le covid-19<\/b><\/p>\n<p>La r\u00e9union de travail de ces patrons de la sant\u00e9 fait suite \u00e0 la campagne de vaccination contre le Covid-19 en cours et l\u2019arriv\u00e9e dans les prochains jours du vaccin Pfizer. Le coordonnateur du programme \u00e9largi de vaccination a laiss\u00e9 fait savoir que ceux qui ont pris la premi\u00e8re dose du vaccin Sinopharm peuvent repartir prendre la deuxi\u00e8me comme cela a \u00e9t\u00e9 indiqu\u00e9 sur la fiche re\u00e7ue.<\/p>\n<p>Le ministre de la Sant\u00e9 publique, Abdoulaye Sabre Fadoul a exhort\u00e9 les services de sant\u00e9 qui abritent les sites de vaccination \u00e0 travailler samedi et dimanche, afin d\u2019acc\u00e9l\u00e9rer l\u2019administration de la deuxi\u00e8me dose. Il a \u00e9galement \u00e9voqu\u00e9 de la n\u00e9cessit\u00e9 pour le personnel de la sant\u00e9 de se faire vacciner.<\/p>\n<p>Dr Abdoulaye Sabre Fadoul a instruit les responsables concern\u00e9s de tout mettre en \u0153uvre pour mieux pr\u00e9parer les op\u00e9rations de vaccinations et \u00e9viter les surprises am\u00e8res par rapport \u00e0 ce qui se vit dans certains pays notamment la recrudescence de la pand\u00e9mie. La caravane de vaccination contre le Covi-19 est ouvert aux personnes \u00e2g\u00e9es de 18 ans et plus.<\/p>\n","protected":false},"excerpt":{"rendered":"<p>Africa-Press &#8211; Tchad. Le ministre de la Sant\u00e9 publique, Abdoulaye Sabre Fadoul s\u2019est entretenu le 21 juin 2021 avec les membres du comit\u00e9 national de coordination pour l\u2019introduction du vaccin contre le covid-19 La r\u00e9union de travail de ces patrons de la sant\u00e9 fait suite \u00e0 la campagne de vaccination contre le Covid-19 en cours [&hellip;]<\/p>\n","protected":false},"author":82,"featured_media":7890,"comment_status":"open","ping_status":"closed","sticky":false,"template":"","format":"standard","meta":{"footnotes":""},"categories":[21,11,10],"tags":[37,292,921,89,29],"class_list":["post-7891","post","type-post","status-publish","format-standard","has-post-thumbnail","hentry","category-communaute","category-homepage-french","category-toutes-les-actualites","tag-africa-press","tag-africa-press-tchad","tag-caravane-de-vaccination","tag-covid-19","tag-tchad"],"yoast_head":"<!-- This site is optimized with the Yoast SEO Premium plugin v26.1 (Yoast SEO v27.0) - https:\/\/yoast.com\/product\/yoast-seo-premium-wordpress\/ -->\n<title>Tchad-Covid : le ministre de la sant\u00e9 donne les orientations en vue de la 2e dose du vaccin - tchad<\/title>\n<meta name=\"description\" content=\"Le ministre de la Sant\u00e9 publique, Abdoulaye Sabre Fadoul s\u2019est entretenu le 21 juin 2021 avec les membres du comit\u00e9 n ...\" \/>\n<meta name=\"robots\" content=\"index, follow, max-snippet:-1, max-image-preview:large, max-video-preview:-1\" \/>\n<link rel=\"canonical\" href=\"https:\/\/www.africa-press.net\/tchad\/toutes-les-actualites\/tchad-covid-le-ministre-de-la-sante-donne-les-orientations-en-vue-de-la-2e-dose-du-vaccin\" \/>\n<meta property=\"og:locale\" content=\"fr_FR\" \/>\n<meta property=\"og:type\" content=\"article\" \/>\n<meta property=\"og:title\" content=\"Tchad-Covid : le ministre de la sant\u00e9 donne les orientations en vue de la 2e dose du vaccin\" \/>\n<meta property=\"og:description\" content=\"Le ministre de la Sant\u00e9 publique, Abdoulaye Sabre Fadoul s\u2019est entretenu le 21 juin 2021 avec les membres du comit\u00e9 n ...\" \/>\n<meta property=\"og:url\" content=\"https:\/\/www.africa-press.net\/tchad\/toutes-les-actualites\/tchad-covid-le-ministre-de-la-sante-donne-les-orientations-en-vue-de-la-2e-dose-du-vaccin\" \/>\n<meta property=\"og:site_name\" content=\"tchad\" \/>\n<meta property=\"article:published_time\" content=\"2021-06-22T10:40:23+00:00\" \/>\n<meta property=\"article:modified_time\" content=\"2021-06-22T19:27:35+00:00\" \/>\n<meta property=\"og:image\" content=\"https:\/\/static.africa-press.net\/tchad\/sites\/41\/2021\/06\/img-60d1bdc7da211.jpg\" \/>\n\t<meta property=\"og:image:width\" content=\"780\" \/>\n\t<meta property=\"og:image:height\" content=\"440\" \/>\n\t<meta property=\"og:image:type\" content=\"image\/jpeg\" \/>\n<meta name=\"author\" content=\"cfeditorfr\" \/>\n<meta name=\"twitter:card\" content=\"summary_large_image\" \/>\n<meta name=\"twitter:label1\" content=\"\u00c9crit par\" \/>\n\t<meta name=\"twitter:data1\" content=\"cfeditorfr\" \/>\n\t<meta name=\"twitter:label2\" content=\"Dur\u00e9e de lecture estim\u00e9e\" \/>\n\t<meta name=\"twitter:data2\" content=\"1 minute\" \/>\n<script type=\"application\/ld+json\" class=\"yoast-schema-graph\">{\"@context\":\"https:\/\/schema.org\",\"@graph\":[{\"@type\":\"Article\",\"@id\":\"https:\/\/www.africa-press.net\/tchad\/toutes-les-actualites\/tchad-covid-le-ministre-de-la-sante-donne-les-orientations-en-vue-de-la-2e-dose-du-vaccin#article\",\"isPartOf\":{\"@id\":\"https:\/\/www.africa-press.net\/tchad\/toutes-les-actualites\/tchad-covid-le-ministre-de-la-sante-donne-les-orientations-en-vue-de-la-2e-dose-du-vaccin\"},\"author\":{\"name\":\"cfeditorfr\",\"@id\":\"https:\/\/www.africa-press.net\/tchad\/#\/schema\/person\/2b1cf3cd81a31e3cd26889ca66d677f1\"},\"headline\":\"Tchad-Covid : le ministre de la sant\u00e9 donne les orientations en vue de la 2e dose du vaccin\",\"datePublished\":\"2021-06-22T10:40:23+00:00\",\"dateModified\":\"2021-06-22T19:27:35+00:00\",\"mainEntityOfPage\":{\"@id\":\"https:\/\/www.africa-press.net\/tchad\/toutes-les-actualites\/tchad-covid-le-ministre-de-la-sante-donne-les-orientations-en-vue-de-la-2e-dose-du-vaccin\"},\"wordCount\":240,\"commentCount\":0,\"image\":{\"@id\":\"https:\/\/www.africa-press.net\/tchad\/toutes-les-actualites\/tchad-covid-le-ministre-de-la-sante-donne-les-orientations-en-vue-de-la-2e-dose-du-vaccin#primaryimage\"},\"thumbnailUrl\":\"https:\/\/static.africa-press.net\/tchad\/sites\/41\/2021\/06\/img-60d1bdc7da211.jpg\",\"keywords\":[\"Africa Press\",\"Africa Press-Tchad\",\"caravane de vaccination\",\"COVID 19\",\"Tchad\"],\"articleSection\":[\"Communaut\u00e9\",\"homepage-french\",\"Toutes les actualit\u00e9s\"],\"inLanguage\":\"fr-FR\",\"potentialAction\":[{\"@type\":\"CommentAction\",\"name\":\"Comment\",\"target\":[\"https:\/\/www.africa-press.net\/tchad\/toutes-les-actualites\/tchad-covid-le-ministre-de-la-sante-donne-les-orientations-en-vue-de-la-2e-dose-du-vaccin#respond\"]}]},{\"@type\":\"WebPage\",\"@id\":\"https:\/\/www.africa-press.net\/tchad\/toutes-les-actualites\/tchad-covid-le-ministre-de-la-sante-donne-les-orientations-en-vue-de-la-2e-dose-du-vaccin\",\"url\":\"https:\/\/www.africa-press.net\/tchad\/toutes-les-actualites\/tchad-covid-le-ministre-de-la-sante-donne-les-orientations-en-vue-de-la-2e-dose-du-vaccin\",\"name\":\"Tchad-Covid : le ministre de la sant\u00e9 donne les orientations en vue de la 2e dose du vaccin - tchad\",\"isPartOf\":{\"@id\":\"https:\/\/www.africa-press.net\/tchad\/#website\"},\"primaryImageOfPage\":{\"@id\":\"https:\/\/www.africa-press.net\/tchad\/toutes-les-actualites\/tchad-covid-le-ministre-de-la-sante-donne-les-orientations-en-vue-de-la-2e-dose-du-vaccin#primaryimage\"},\"image\":{\"@id\":\"https:\/\/www.africa-press.net\/tchad\/toutes-les-actualites\/tchad-covid-le-ministre-de-la-sante-donne-les-orientations-en-vue-de-la-2e-dose-du-vaccin#primaryimage\"},\"thumbnailUrl\":\"https:\/\/static.africa-press.net\/tchad\/sites\/41\/2021\/06\/img-60d1bdc7da211.jpg\",\"datePublished\":\"2021-06-22T10:40:23+00:00\",\"dateModified\":\"2021-06-22T19:27:35+00:00\",\"author\":{\"@id\":\"https:\/\/www.africa-press.net\/tchad\/#\/schema\/person\/2b1cf3cd81a31e3cd26889ca66d677f1\"},\"description\":\"Le ministre de la Sant\u00e9 publique, Abdoulaye Sabre Fadoul s\u2019est entretenu le 21 juin 2021 avec les membres du comit\u00e9 n ...\",\"breadcrumb\":{\"@id\":\"https:\/\/www.africa-press.net\/tchad\/toutes-les-actualites\/tchad-covid-le-ministre-de-la-sante-donne-les-orientations-en-vue-de-la-2e-dose-du-vaccin#breadcrumb\"},\"inLanguage\":\"fr-FR\",\"potentialAction\":[{\"@type\":\"ReadAction\",\"target\":[\"https:\/\/www.africa-press.net\/tchad\/toutes-les-actualites\/tchad-covid-le-ministre-de-la-sante-donne-les-orientations-en-vue-de-la-2e-dose-du-vaccin\"]}]},{\"@type\":\"ImageObject\",\"inLanguage\":\"fr-FR\",\"@id\":\"https:\/\/www.africa-press.net\/tchad\/toutes-les-actualites\/tchad-covid-le-ministre-de-la-sante-donne-les-orientations-en-vue-de-la-2e-dose-du-vaccin#primaryimage\",\"url\":\"https:\/\/static.africa-press.net\/tchad\/sites\/41\/2021\/06\/img-60d1bdc7da211.jpg\",\"contentUrl\":\"https:\/\/static.africa-press.net\/tchad\/sites\/41\/2021\/06\/img-60d1bdc7da211.jpg\",\"width\":780,\"height\":440,\"caption\":\"Tchad-Covid : le ministre de la sant\u00e9 donne les orientations en vue de la 2e dose du vaccin\"},{\"@type\":\"BreadcrumbList\",\"@id\":\"https:\/\/www.africa-press.net\/tchad\/toutes-les-actualites\/tchad-covid-le-ministre-de-la-sante-donne-les-orientations-en-vue-de-la-2e-dose-du-vaccin#breadcrumb\",\"itemListElement\":[{\"@type\":\"ListItem\",\"position\":1,\"name\":\"Accueil\",\"item\":\"https:\/\/www.africa-press.net\/tchad\/\"},{\"@type\":\"ListItem\",\"position\":2,\"name\":\"Tchad-Covid : le ministre de la sant\u00e9 donne les orientations en vue de la 2e dose du vaccin\"}]},{\"@type\":\"WebSite\",\"@id\":\"https:\/\/www.africa-press.net\/tchad\/#website\",\"url\":\"https:\/\/www.africa-press.net\/tchad\/\",\"name\":\"tchad\",\"description\":\"Just another Africa News Agency Sites site\",\"potentialAction\":[{\"@type\":\"SearchAction\",\"target\":{\"@type\":\"EntryPoint\",\"urlTemplate\":\"https:\/\/www.africa-press.net\/tchad\/?s={search_term_string}\"},\"query-input\":{\"@type\":\"PropertyValueSpecification\",\"valueRequired\":true,\"valueName\":\"search_term_string\"}}],\"inLanguage\":\"fr-FR\"},{\"@type\":\"Person\",\"@id\":\"https:\/\/www.africa-press.net\/tchad\/#\/schema\/person\/2b1cf3cd81a31e3cd26889ca66d677f1\",\"name\":\"cfeditorfr\"}]}<\/script>\n<!-- \/ Yoast SEO Premium plugin. -->","yoast_head_json":{"title":"Tchad-Covid : le ministre de la sant\u00e9 donne les orientations en vue de la 2e dose du vaccin - tchad","description":"Le ministre de la Sant\u00e9 publique, Abdoulaye Sabre Fadoul s\u2019est entretenu le 21 juin 2021 avec les membres du comit\u00e9 n ...","robots":{"index":"index","follow":"follow","max-snippet":"max-snippet:-1","max-image-preview":"max-image-preview:large","max-video-preview":"max-video-preview:-1"},"canonical":"https:\/\/www.africa-press.net\/tchad\/toutes-les-actualites\/tchad-covid-le-ministre-de-la-sante-donne-les-orientations-en-vue-de-la-2e-dose-du-vaccin","og_locale":"fr_FR","og_type":"article","og_title":"Tchad-Covid : le ministre de la sant\u00e9 donne les orientations en vue de la 2e dose du vaccin","og_description":"Le ministre de la Sant\u00e9 publique, Abdoulaye Sabre Fadoul s\u2019est entretenu le 21 juin 2021 avec les membres du comit\u00e9 n ...","og_url":"https:\/\/www.africa-press.net\/tchad\/toutes-les-actualites\/tchad-covid-le-ministre-de-la-sante-donne-les-orientations-en-vue-de-la-2e-dose-du-vaccin","og_site_name":"tchad","article_published_time":"2021-06-22T10:40:23+00:00","article_modified_time":"2021-06-22T19:27:35+00:00","og_image":[{"width":780,"height":440,"url":"https:\/\/static.africa-press.net\/tchad\/sites\/41\/2021\/06\/img-60d1bdc7da211.jpg","type":"image\/jpeg"}],"author":"cfeditorfr","twitter_card":"summary_large_image","twitter_misc":{"\u00c9crit par":"cfeditorfr","Dur\u00e9e de lecture estim\u00e9e":"1 minute"},"schema":{"@context":"https:\/\/schema.org","@graph":[{"@type":"Article","@id":"https:\/\/www.africa-press.net\/tchad\/toutes-les-actualites\/tchad-covid-le-ministre-de-la-sante-donne-les-orientations-en-vue-de-la-2e-dose-du-vaccin#article","isPartOf":{"@id":"https:\/\/www.africa-press.net\/tchad\/toutes-les-actualites\/tchad-covid-le-ministre-de-la-sante-donne-les-orientations-en-vue-de-la-2e-dose-du-vaccin"},"author":{"name":"cfeditorfr","@id":"https:\/\/www.africa-press.net\/tchad\/#\/schema\/person\/2b1cf3cd81a31e3cd26889ca66d677f1"},"headline":"Tchad-Covid : le ministre de la sant\u00e9 donne les orientations en vue de la 2e dose du vaccin","datePublished":"2021-06-22T10:40:23+00:00","dateModified":"2021-06-22T19:27:35+00:00","mainEntityOfPage":{"@id":"https:\/\/www.africa-press.net\/tchad\/toutes-les-actualites\/tchad-covid-le-ministre-de-la-sante-donne-les-orientations-en-vue-de-la-2e-dose-du-vaccin"},"wordCount":240,"commentCount":0,"image":{"@id":"https:\/\/www.africa-press.net\/tchad\/toutes-les-actualites\/tchad-covid-le-ministre-de-la-sante-donne-les-orientations-en-vue-de-la-2e-dose-du-vaccin#primaryimage"},"thumbnailUrl":"https:\/\/static.africa-press.net\/tchad\/sites\/41\/2021\/06\/img-60d1bdc7da211.jpg","keywords":["Africa Press","Africa Press-Tchad","caravane de vaccination","COVID 19","Tchad"],"articleSection":["Communaut\u00e9","homepage-french","Toutes les actualit\u00e9s"],"inLanguage":"fr-FR","potentialAction":[{"@type":"CommentAction","name":"Comment","target":["https:\/\/www.africa-press.net\/tchad\/toutes-les-actualites\/tchad-covid-le-ministre-de-la-sante-donne-les-orientations-en-vue-de-la-2e-dose-du-vaccin#respond"]}]},{"@type":"WebPage","@id":"https:\/\/www.africa-press.net\/tchad\/toutes-les-actualites\/tchad-covid-le-ministre-de-la-sante-donne-les-orientations-en-vue-de-la-2e-dose-du-vaccin","url":"https:\/\/www.africa-press.net\/tchad\/toutes-les-actualites\/tchad-covid-le-ministre-de-la-sante-donne-les-orientations-en-vue-de-la-2e-dose-du-vaccin","name":"Tchad-Covid : le ministre de la sant\u00e9 donne les orientations en vue de la 2e dose du vaccin - tchad","isPartOf":{"@id":"https:\/\/www.africa-press.net\/tchad\/#website"},"primaryImageOfPage":{"@id":"https:\/\/www.africa-press.net\/tchad\/toutes-les-actualites\/tchad-covid-le-ministre-de-la-sante-donne-les-orientations-en-vue-de-la-2e-dose-du-vaccin#primaryimage"},"image":{"@id":"https:\/\/www.africa-press.net\/tchad\/toutes-les-actualites\/tchad-covid-le-ministre-de-la-sante-donne-les-orientations-en-vue-de-la-2e-dose-du-vaccin#primaryimage"},"thumbnailUrl":"https:\/\/static.africa-press.net\/tchad\/sites\/41\/2021\/06\/img-60d1bdc7da211.jpg","datePublished":"2021-06-22T10:40:23+00:00","dateModified":"2021-06-22T19:27:35+00:00","author":{"@id":"https:\/\/www.africa-press.net\/tchad\/#\/schema\/person\/2b1cf3cd81a31e3cd26889ca66d677f1"},"description":"Le ministre de la Sant\u00e9 publique, Abdoulaye Sabre Fadoul s\u2019est entretenu le 21 juin 2021 avec les membres du comit\u00e9 n ...","breadcrumb":{"@id":"https:\/\/www.africa-press.net\/tchad\/toutes-les-actualites\/tchad-covid-le-ministre-de-la-sante-donne-les-orientations-en-vue-de-la-2e-dose-du-vaccin#breadcrumb"},"inLanguage":"fr-FR","potentialAction":[{"@type":"ReadAction","target":["https:\/\/www.africa-press.net\/tchad\/toutes-les-actualites\/tchad-covid-le-ministre-de-la-sante-donne-les-orientations-en-vue-de-la-2e-dose-du-vaccin"]}]},{"@type":"ImageObject","inLanguage":"fr-FR","@id":"https:\/\/www.africa-press.net\/tchad\/toutes-les-actualites\/tchad-covid-le-ministre-de-la-sante-donne-les-orientations-en-vue-de-la-2e-dose-du-vaccin#primaryimage","url":"https:\/\/static.africa-press.net\/tchad\/sites\/41\/2021\/06\/img-60d1bdc7da211.jpg","contentUrl":"https:\/\/static.africa-press.net\/tchad\/sites\/41\/2021\/06\/img-60d1bdc7da211.jpg","width":780,"height":440,"caption":"Tchad-Covid : le ministre de la sant\u00e9 donne les orientations en vue de la 2e dose du vaccin"},{"@type":"BreadcrumbList","@id":"https:\/\/www.africa-press.net\/tchad\/toutes-les-actualites\/tchad-covid-le-ministre-de-la-sante-donne-les-orientations-en-vue-de-la-2e-dose-du-vaccin#breadcrumb","itemListElement":[{"@type":"ListItem","position":1,"name":"Accueil","item":"https:\/\/www.africa-press.net\/tchad\/"},{"@type":"ListItem","position":2,"name":"Tchad-Covid : le ministre de la sant\u00e9 donne les orientations en vue de la 2e dose du vaccin"}]},{"@type":"WebSite","@id":"https:\/\/www.africa-press.net\/tchad\/#website","url":"https:\/\/www.africa-press.net\/tchad\/","name":"tchad","description":"Just another Africa News Agency Sites site","potentialAction":[{"@type":"SearchAction","target":{"@type":"EntryPoint","urlTemplate":"https:\/\/www.africa-press.net\/tchad\/?s={search_term_string}"},"query-input":{"@type":"PropertyValueSpecification","valueRequired":true,"valueName":"search_term_string"}}],"inLanguage":"fr-FR"},{"@type":"Person","@id":"https:\/\/www.africa-press.net\/tchad\/#\/schema\/person\/2b1cf3cd81a31e3cd26889ca66d677f1","name":"cfeditorfr"}]}},"_links":{"self":[{"href":"https:\/\/www.africa-press.net\/tchad\/wp-json\/wp\/v2\/posts\/7891","targetHints":{"allow":["GET"]}}],"collection":[{"href":"https:\/\/www.africa-press.net\/tchad\/wp-json\/wp\/v2\/posts"}],"about":[{"href":"https:\/\/www.africa-press.net\/tchad\/wp-json\/wp\/v2\/types\/post"}],"author":[{"embeddable":true,"href":"https:\/\/www.africa-press.net\/tchad\/wp-json\/wp\/v2\/users\/82"}],"replies":[{"embeddable":true,"href":"https:\/\/www.africa-press.net\/tchad\/wp-json\/wp\/v2\/comments?post=7891"}],"version-history":[{"count":0,"href":"https:\/\/www.africa-press.net\/tchad\/wp-json\/wp\/v2\/posts\/7891\/revisions"}],"wp:featuredmedia":[{"embeddable":true,"href":"https:\/\/www.africa-press.net\/tchad\/wp-json\/wp\/v2\/media\/7890"}],"wp:attachment":[{"href":"https:\/\/www.africa-press.net\/tchad\/wp-json\/wp\/v2\/media?parent=7891"}],"wp:term":[{"taxonomy":"category","embeddable":true,"href":"https:\/\/www.africa-press.net\/tchad\/wp-json\/wp\/v2\/categories?post=7891"},{"taxonomy":"post_tag","embeddable":true,"href":"https:\/\/www.africa-press.net\/tchad\/wp-json\/wp\/v2\/tags?post=7891"}],"curies":[{"name":"wp","href":"https:\/\/api.w.org\/{rel}","templated":true}]}}