{"id":7897,"date":"2021-06-22T10:57:42","date_gmt":"2021-06-22T10:57:42","guid":{"rendered":"https:\/\/www.africa-press.net\/tchad\/?p=7897"},"modified":"2021-06-22T19:27:49","modified_gmt":"2021-06-22T19:27:49","slug":"covid-19-des-entrepreneurs-africains-en-concours-dinnovations","status":"publish","type":"post","link":"https:\/\/www.africa-press.net\/tchad\/toutes-les-actualites\/covid-19-des-entrepreneurs-africains-en-concours-dinnovations","title":{"rendered":"Covid-19 : des entrepreneurs africains en concours d\u2019innovations"},"content":{"rendered":"<ul>\n<li><span style=\"color: #ff6600\"><strong><a href=\"https:\/\/www.africa-press.net\/\">Africa-Press<\/a> &#8211; <a href=\"https:\/\/www.africa-press.net\/tchad\">Tchad<\/a>. <\/strong><\/span>Le d\u00e9partement d\u2019\u00c9tat am\u00e9ricain et l\u2019organisation internationale \u00e0 but non lucratif, Pact, ont r\u00e9uni, durant trois jours, 120 jeunes entrepreneurs de l\u2019Afrique de l\u2019Ouest afin de d\u00e9velopper leurs solutions innovantes pour r\u00e9pondre aux d\u00e9fis li\u00e9s \u00e0 la Covid-19.Le D\u00e9partement d\u2019Etat am\u00e9ricain et l\u2019ONG Pact misent sur la cr\u00e9ativit\u00e9 de la jeunesse africaine pour venir \u00e0 bout de la pand\u00e9mie sur le continent. Durant 72 heures, ils ont convi\u00e9 des jeunes entrepreneurs africains \u00e0 une r\u00e9union d\u2019\u00e9change et de partage d\u2019id\u00e9es. Objectif : mettre leurs inventions au service de la lutte contre le coronavirus.<\/li>\n<\/ul>\n<p>L\u2019\u00e9v\u00e9nement fait partie d\u2019AfrIdea, un programme en cours, qui d\u00e9verrouille le potentiel des entrepreneurs, des militants sociaux, et des d\u00e9veloppeurs ouest-africains, financ\u00e9 par le d\u00e9partement d\u2019\u00c9tat et mis en \u0153uvre par Pact, informe un communiqu\u00e9 parvenu lundi \u00e0 APA.<\/p>\n<p>Par le biais de ce concours, d\u2019une formation, d\u2019un marathon d\u2019id\u00e9es et d\u2019un financement de suivi, souligne la note, AfrIdea compte activer un r\u00e9seau de jeunes entrepreneurs et innovateurs de la Guin\u00e9e-Conakry, du Mali, du S\u00e9n\u00e9gal, et du Togo pour relever les d\u00e9fis locaux.<\/p>\n<p>Pour le Secr\u00e9taire d\u2019\u00c9tat am\u00e9ricain, Anthony Blinken, \u00ab la meilleure fa\u00e7on de pr\u00e9parer les communaut\u00e9s pour les d\u00e9fis majeurs comme la pand\u00e9mie est de construire la r\u00e9silience, d\u2019\u00e9largir les opportunit\u00e9s, de renforcer les voix locales des leaders \u00e9mergents d\u2019avant crise, et en garantissant que les innovations technologiques et les autres outils essentiels r\u00e9pondent aux besoins de ces m\u00eames communaut\u00e9s, pas seulement les personnes ais\u00e9es et bien-connect\u00e9es. \u00bb<\/p>\n<p>\u00c0 la fin de l\u2019\u00e9v\u00e8nement, 12 groupes (trois de chaque pays) ont pr\u00e9sent\u00e9 leurs solutions innovantes \u00e0 un panel de juges et 4 \u00e9quipes de chaque pays ont \u00e9t\u00e9 d\u00e9clar\u00e9es gagnantes. Les gagnants b\u00e9n\u00e9ficieront d\u2019un coaching de six mois dans les incubateurs de leurs pays respectifs.<\/p>\n<p>Apr\u00e8s cette \u00e9tape, 40 participants seront invit\u00e9s \u00e0 demander un financement de d\u00e9marrage pouvant atteindre 10.000 dollars pour chaque pays, et ils b\u00e9n\u00e9ficieront de six mois de conseils pour soutenir la phase pilote de leur entreprise.<\/p>\n<p>\u00ab Ces derniers mois j\u2019ai vu beaucoup d\u2019id\u00e9es merveilleuses et j\u2019ai \u00e9t\u00e9 encourag\u00e9 par la passion et la motivation des centaines d\u2019innovateurs \u00bb, a dit l\u2019agent principal de l\u2019innovation et directrice de ce projet pour Pact, Taylor Cruz Mwila.<\/p>\n","protected":false},"excerpt":{"rendered":"<p>Africa-Press &#8211; Tchad. Le d\u00e9partement d\u2019\u00c9tat am\u00e9ricain et l\u2019organisation internationale \u00e0 but non lucratif, Pact, ont r\u00e9uni, durant trois jours, 120 jeunes entrepreneurs de l\u2019Afrique de l\u2019Ouest afin de d\u00e9velopper leurs solutions innovantes pour r\u00e9pondre aux d\u00e9fis li\u00e9s \u00e0 la Covid-19.Le D\u00e9partement d\u2019Etat am\u00e9ricain et l\u2019ONG Pact misent sur la cr\u00e9ativit\u00e9 de la jeunesse africaine [&hellip;]<\/p>\n","protected":false},"author":82,"featured_media":7896,"comment_status":"open","ping_status":"closed","sticky":false,"template":"","format":"standard","meta":{"footnotes":""},"categories":[21,11,10],"tags":[37,292,401,398,531,925,391,629,404,395,388,69,397,393,502,399,622,924,627,400,93,529,396,923,392,386,625,246,385,383,29,390,387],"class_list":["post-7897","post","type-post","status-publish","format-standard","has-post-thumbnail","hentry","category-communaute","category-homepage-french","category-toutes-les-actualites","tag-africa-press","tag-africa-press-tchad","tag-algerie","tag-apa","tag-burkina-faso","tag-cabo-verde","tag-cameroun","tag-centrafique","tag-centre","tag-congo-rdc","tag-congo-rep","tag-coronavirus","tag-cote-divoire","tag-egypte","tag-est","tag-gabon","tag-gambie","tag-ghana","tag-madagascar","tag-mali","tag-maroc","tag-mauritanie","tag-mozambique","tag-namibie","tag-nord","tag-ouest","tag-rwanda","tag-sante","tag-senegal","tag-sud","tag-tchad","tag-tunisie","tag-zimbabwe"],"yoast_head":"<!-- This site is optimized with the Yoast SEO Premium plugin v26.1 (Yoast SEO v27.0) - https:\/\/yoast.com\/product\/yoast-seo-premium-wordpress\/ -->\n<title>Covid-19 : des entrepreneurs africains en concours d\u2019innovations - tchad<\/title>\n<meta name=\"description\" content=\"Le d\u00e9partement d\u2019\u00c9tat am\u00e9ricain et l\u2019organisation internationale \u00e0 but non lucratif, Pact, ont r\u00e9uni, durant trois jours ...\" \/>\n<meta name=\"robots\" content=\"index, follow, max-snippet:-1, max-image-preview:large, max-video-preview:-1\" \/>\n<link rel=\"canonical\" href=\"https:\/\/www.africa-press.net\/tchad\/toutes-les-actualites\/covid-19-des-entrepreneurs-africains-en-concours-dinnovations\" \/>\n<meta property=\"og:locale\" content=\"fr_FR\" \/>\n<meta property=\"og:type\" content=\"article\" \/>\n<meta property=\"og:title\" content=\"Covid-19 : des entrepreneurs africains en concours d\u2019innovations\" \/>\n<meta property=\"og:description\" content=\"Le d\u00e9partement d\u2019\u00c9tat am\u00e9ricain et l\u2019organisation internationale \u00e0 but non lucratif, Pact, ont r\u00e9uni, durant trois jours ...\" \/>\n<meta property=\"og:url\" content=\"https:\/\/www.africa-press.net\/tchad\/toutes-les-actualites\/covid-19-des-entrepreneurs-africains-en-concours-dinnovations\" \/>\n<meta property=\"og:site_name\" content=\"tchad\" \/>\n<meta property=\"article:published_time\" content=\"2021-06-22T10:57:42+00:00\" \/>\n<meta property=\"article:modified_time\" content=\"2021-06-22T19:27:49+00:00\" \/>\n<meta property=\"og:image\" content=\"https:\/\/static.africa-press.net\/tchad\/sites\/41\/2021\/06\/img-60d1be2c00423.jpg\" \/>\n\t<meta property=\"og:image:width\" content=\"780\" \/>\n\t<meta property=\"og:image:height\" content=\"440\" \/>\n\t<meta property=\"og:image:type\" content=\"image\/jpeg\" \/>\n<meta name=\"author\" content=\"cfeditorfr\" \/>\n<meta name=\"twitter:card\" content=\"summary_large_image\" \/>\n<meta name=\"twitter:label1\" content=\"\u00c9crit par\" \/>\n\t<meta name=\"twitter:data1\" content=\"cfeditorfr\" \/>\n\t<meta name=\"twitter:label2\" content=\"Dur\u00e9e de lecture estim\u00e9e\" \/>\n\t<meta name=\"twitter:data2\" content=\"2 minutes\" \/>\n<script type=\"application\/ld+json\" class=\"yoast-schema-graph\">{\"@context\":\"https:\/\/schema.org\",\"@graph\":[{\"@type\":\"Article\",\"@id\":\"https:\/\/www.africa-press.net\/tchad\/toutes-les-actualites\/covid-19-des-entrepreneurs-africains-en-concours-dinnovations#article\",\"isPartOf\":{\"@id\":\"https:\/\/www.africa-press.net\/tchad\/toutes-les-actualites\/covid-19-des-entrepreneurs-africains-en-concours-dinnovations\"},\"author\":{\"name\":\"cfeditorfr\",\"@id\":\"https:\/\/www.africa-press.net\/tchad\/#\/schema\/person\/2b1cf3cd81a31e3cd26889ca66d677f1\"},\"headline\":\"Covid-19 : des entrepreneurs africains en concours d\u2019innovations\",\"datePublished\":\"2021-06-22T10:57:42+00:00\",\"dateModified\":\"2021-06-22T19:27:49+00:00\",\"mainEntityOfPage\":{\"@id\":\"https:\/\/www.africa-press.net\/tchad\/toutes-les-actualites\/covid-19-des-entrepreneurs-africains-en-concours-dinnovations\"},\"wordCount\":432,\"commentCount\":0,\"image\":{\"@id\":\"https:\/\/www.africa-press.net\/tchad\/toutes-les-actualites\/covid-19-des-entrepreneurs-africains-en-concours-dinnovations#primaryimage\"},\"thumbnailUrl\":\"https:\/\/static.africa-press.net\/tchad\/sites\/41\/2021\/06\/img-60d1be2c00423.jpg\",\"keywords\":[\"Africa Press\",\"Africa Press-Tchad\",\"Algerie\",\"APA\",\"Burkina Faso\",\"CABO VERDE\",\"Cameroun\",\"CENTRAFIQUE\",\"CENTRE\",\"CONGO (RDC)\",\"CONGO (REP.)\",\"Coronavirus\",\"COTE D'IVOIRE\",\"EGYPTE\",\"EST\",\"Gabon\",\"GAMBIE\",\"GHANA\",\"MADAGASCAR\",\"MALI\",\"MAROC\",\"Mauritanie\",\"MOZAMBIQUE\",\"NAMIBIE\",\"NORD\",\"OUEST\",\"Rwanda\",\"Sant\u00e9\",\"SENEGAL\",\"SUD\",\"Tchad\",\"TUNISIE\",\"Zimbabwe\"],\"articleSection\":[\"Communaut\u00e9\",\"homepage-french\",\"Toutes les actualit\u00e9s\"],\"inLanguage\":\"fr-FR\",\"potentialAction\":[{\"@type\":\"CommentAction\",\"name\":\"Comment\",\"target\":[\"https:\/\/www.africa-press.net\/tchad\/toutes-les-actualites\/covid-19-des-entrepreneurs-africains-en-concours-dinnovations#respond\"]}]},{\"@type\":\"WebPage\",\"@id\":\"https:\/\/www.africa-press.net\/tchad\/toutes-les-actualites\/covid-19-des-entrepreneurs-africains-en-concours-dinnovations\",\"url\":\"https:\/\/www.africa-press.net\/tchad\/toutes-les-actualites\/covid-19-des-entrepreneurs-africains-en-concours-dinnovations\",\"name\":\"Covid-19 : des entrepreneurs africains en concours d\u2019innovations - tchad\",\"isPartOf\":{\"@id\":\"https:\/\/www.africa-press.net\/tchad\/#website\"},\"primaryImageOfPage\":{\"@id\":\"https:\/\/www.africa-press.net\/tchad\/toutes-les-actualites\/covid-19-des-entrepreneurs-africains-en-concours-dinnovations#primaryimage\"},\"image\":{\"@id\":\"https:\/\/www.africa-press.net\/tchad\/toutes-les-actualites\/covid-19-des-entrepreneurs-africains-en-concours-dinnovations#primaryimage\"},\"thumbnailUrl\":\"https:\/\/static.africa-press.net\/tchad\/sites\/41\/2021\/06\/img-60d1be2c00423.jpg\",\"datePublished\":\"2021-06-22T10:57:42+00:00\",\"dateModified\":\"2021-06-22T19:27:49+00:00\",\"author\":{\"@id\":\"https:\/\/www.africa-press.net\/tchad\/#\/schema\/person\/2b1cf3cd81a31e3cd26889ca66d677f1\"},\"description\":\"Le d\u00e9partement d\u2019\u00c9tat am\u00e9ricain et l\u2019organisation internationale \u00e0 but non lucratif, Pact, ont r\u00e9uni, durant trois jours ...\",\"breadcrumb\":{\"@id\":\"https:\/\/www.africa-press.net\/tchad\/toutes-les-actualites\/covid-19-des-entrepreneurs-africains-en-concours-dinnovations#breadcrumb\"},\"inLanguage\":\"fr-FR\",\"potentialAction\":[{\"@type\":\"ReadAction\",\"target\":[\"https:\/\/www.africa-press.net\/tchad\/toutes-les-actualites\/covid-19-des-entrepreneurs-africains-en-concours-dinnovations\"]}]},{\"@type\":\"ImageObject\",\"inLanguage\":\"fr-FR\",\"@id\":\"https:\/\/www.africa-press.net\/tchad\/toutes-les-actualites\/covid-19-des-entrepreneurs-africains-en-concours-dinnovations#primaryimage\",\"url\":\"https:\/\/static.africa-press.net\/tchad\/sites\/41\/2021\/06\/img-60d1be2c00423.jpg\",\"contentUrl\":\"https:\/\/static.africa-press.net\/tchad\/sites\/41\/2021\/06\/img-60d1be2c00423.jpg\",\"width\":780,\"height\":440,\"caption\":\"Covid-19 : des entrepreneurs africains en concours d\u2019innovations\"},{\"@type\":\"BreadcrumbList\",\"@id\":\"https:\/\/www.africa-press.net\/tchad\/toutes-les-actualites\/covid-19-des-entrepreneurs-africains-en-concours-dinnovations#breadcrumb\",\"itemListElement\":[{\"@type\":\"ListItem\",\"position\":1,\"name\":\"Accueil\",\"item\":\"https:\/\/www.africa-press.net\/tchad\/\"},{\"@type\":\"ListItem\",\"position\":2,\"name\":\"Covid-19 : des entrepreneurs africains en concours d\u2019innovations\"}]},{\"@type\":\"WebSite\",\"@id\":\"https:\/\/www.africa-press.net\/tchad\/#website\",\"url\":\"https:\/\/www.africa-press.net\/tchad\/\",\"name\":\"tchad\",\"description\":\"Just another Africa News Agency Sites site\",\"potentialAction\":[{\"@type\":\"SearchAction\",\"target\":{\"@type\":\"EntryPoint\",\"urlTemplate\":\"https:\/\/www.africa-press.net\/tchad\/?s={search_term_string}\"},\"query-input\":{\"@type\":\"PropertyValueSpecification\",\"valueRequired\":true,\"valueName\":\"search_term_string\"}}],\"inLanguage\":\"fr-FR\"},{\"@type\":\"Person\",\"@id\":\"https:\/\/www.africa-press.net\/tchad\/#\/schema\/person\/2b1cf3cd81a31e3cd26889ca66d677f1\",\"name\":\"cfeditorfr\"}]}<\/script>\n<!-- \/ Yoast SEO Premium plugin. -->","yoast_head_json":{"title":"Covid-19 : des entrepreneurs africains en concours d\u2019innovations - tchad","description":"Le d\u00e9partement d\u2019\u00c9tat am\u00e9ricain et l\u2019organisation internationale \u00e0 but non lucratif, Pact, ont r\u00e9uni, durant trois jours ...","robots":{"index":"index","follow":"follow","max-snippet":"max-snippet:-1","max-image-preview":"max-image-preview:large","max-video-preview":"max-video-preview:-1"},"canonical":"https:\/\/www.africa-press.net\/tchad\/toutes-les-actualites\/covid-19-des-entrepreneurs-africains-en-concours-dinnovations","og_locale":"fr_FR","og_type":"article","og_title":"Covid-19 : des entrepreneurs africains en concours d\u2019innovations","og_description":"Le d\u00e9partement d\u2019\u00c9tat am\u00e9ricain et l\u2019organisation internationale \u00e0 but non lucratif, Pact, ont r\u00e9uni, durant trois jours ...","og_url":"https:\/\/www.africa-press.net\/tchad\/toutes-les-actualites\/covid-19-des-entrepreneurs-africains-en-concours-dinnovations","og_site_name":"tchad","article_published_time":"2021-06-22T10:57:42+00:00","article_modified_time":"2021-06-22T19:27:49+00:00","og_image":[{"width":780,"height":440,"url":"https:\/\/static.africa-press.net\/tchad\/sites\/41\/2021\/06\/img-60d1be2c00423.jpg","type":"image\/jpeg"}],"author":"cfeditorfr","twitter_card":"summary_large_image","twitter_misc":{"\u00c9crit par":"cfeditorfr","Dur\u00e9e de lecture estim\u00e9e":"2 minutes"},"schema":{"@context":"https:\/\/schema.org","@graph":[{"@type":"Article","@id":"https:\/\/www.africa-press.net\/tchad\/toutes-les-actualites\/covid-19-des-entrepreneurs-africains-en-concours-dinnovations#article","isPartOf":{"@id":"https:\/\/www.africa-press.net\/tchad\/toutes-les-actualites\/covid-19-des-entrepreneurs-africains-en-concours-dinnovations"},"author":{"name":"cfeditorfr","@id":"https:\/\/www.africa-press.net\/tchad\/#\/schema\/person\/2b1cf3cd81a31e3cd26889ca66d677f1"},"headline":"Covid-19 : des entrepreneurs africains en concours d\u2019innovations","datePublished":"2021-06-22T10:57:42+00:00","dateModified":"2021-06-22T19:27:49+00:00","mainEntityOfPage":{"@id":"https:\/\/www.africa-press.net\/tchad\/toutes-les-actualites\/covid-19-des-entrepreneurs-africains-en-concours-dinnovations"},"wordCount":432,"commentCount":0,"image":{"@id":"https:\/\/www.africa-press.net\/tchad\/toutes-les-actualites\/covid-19-des-entrepreneurs-africains-en-concours-dinnovations#primaryimage"},"thumbnailUrl":"https:\/\/static.africa-press.net\/tchad\/sites\/41\/2021\/06\/img-60d1be2c00423.jpg","keywords":["Africa Press","Africa Press-Tchad","Algerie","APA","Burkina Faso","CABO VERDE","Cameroun","CENTRAFIQUE","CENTRE","CONGO (RDC)","CONGO (REP.)","Coronavirus","COTE D'IVOIRE","EGYPTE","EST","Gabon","GAMBIE","GHANA","MADAGASCAR","MALI","MAROC","Mauritanie","MOZAMBIQUE","NAMIBIE","NORD","OUEST","Rwanda","Sant\u00e9","SENEGAL","SUD","Tchad","TUNISIE","Zimbabwe"],"articleSection":["Communaut\u00e9","homepage-french","Toutes les actualit\u00e9s"],"inLanguage":"fr-FR","potentialAction":[{"@type":"CommentAction","name":"Comment","target":["https:\/\/www.africa-press.net\/tchad\/toutes-les-actualites\/covid-19-des-entrepreneurs-africains-en-concours-dinnovations#respond"]}]},{"@type":"WebPage","@id":"https:\/\/www.africa-press.net\/tchad\/toutes-les-actualites\/covid-19-des-entrepreneurs-africains-en-concours-dinnovations","url":"https:\/\/www.africa-press.net\/tchad\/toutes-les-actualites\/covid-19-des-entrepreneurs-africains-en-concours-dinnovations","name":"Covid-19 : des entrepreneurs africains en concours d\u2019innovations - tchad","isPartOf":{"@id":"https:\/\/www.africa-press.net\/tchad\/#website"},"primaryImageOfPage":{"@id":"https:\/\/www.africa-press.net\/tchad\/toutes-les-actualites\/covid-19-des-entrepreneurs-africains-en-concours-dinnovations#primaryimage"},"image":{"@id":"https:\/\/www.africa-press.net\/tchad\/toutes-les-actualites\/covid-19-des-entrepreneurs-africains-en-concours-dinnovations#primaryimage"},"thumbnailUrl":"https:\/\/static.africa-press.net\/tchad\/sites\/41\/2021\/06\/img-60d1be2c00423.jpg","datePublished":"2021-06-22T10:57:42+00:00","dateModified":"2021-06-22T19:27:49+00:00","author":{"@id":"https:\/\/www.africa-press.net\/tchad\/#\/schema\/person\/2b1cf3cd81a31e3cd26889ca66d677f1"},"description":"Le d\u00e9partement d\u2019\u00c9tat am\u00e9ricain et l\u2019organisation internationale \u00e0 but non lucratif, Pact, ont r\u00e9uni, durant trois jours ...","breadcrumb":{"@id":"https:\/\/www.africa-press.net\/tchad\/toutes-les-actualites\/covid-19-des-entrepreneurs-africains-en-concours-dinnovations#breadcrumb"},"inLanguage":"fr-FR","potentialAction":[{"@type":"ReadAction","target":["https:\/\/www.africa-press.net\/tchad\/toutes-les-actualites\/covid-19-des-entrepreneurs-africains-en-concours-dinnovations"]}]},{"@type":"ImageObject","inLanguage":"fr-FR","@id":"https:\/\/www.africa-press.net\/tchad\/toutes-les-actualites\/covid-19-des-entrepreneurs-africains-en-concours-dinnovations#primaryimage","url":"https:\/\/static.africa-press.net\/tchad\/sites\/41\/2021\/06\/img-60d1be2c00423.jpg","contentUrl":"https:\/\/static.africa-press.net\/tchad\/sites\/41\/2021\/06\/img-60d1be2c00423.jpg","width":780,"height":440,"caption":"Covid-19 : des entrepreneurs africains en concours d\u2019innovations"},{"@type":"BreadcrumbList","@id":"https:\/\/www.africa-press.net\/tchad\/toutes-les-actualites\/covid-19-des-entrepreneurs-africains-en-concours-dinnovations#breadcrumb","itemListElement":[{"@type":"ListItem","position":1,"name":"Accueil","item":"https:\/\/www.africa-press.net\/tchad\/"},{"@type":"ListItem","position":2,"name":"Covid-19 : des entrepreneurs africains en concours d\u2019innovations"}]},{"@type":"WebSite","@id":"https:\/\/www.africa-press.net\/tchad\/#website","url":"https:\/\/www.africa-press.net\/tchad\/","name":"tchad","description":"Just another Africa News Agency Sites site","potentialAction":[{"@type":"SearchAction","target":{"@type":"EntryPoint","urlTemplate":"https:\/\/www.africa-press.net\/tchad\/?s={search_term_string}"},"query-input":{"@type":"PropertyValueSpecification","valueRequired":true,"valueName":"search_term_string"}}],"inLanguage":"fr-FR"},{"@type":"Person","@id":"https:\/\/www.africa-press.net\/tchad\/#\/schema\/person\/2b1cf3cd81a31e3cd26889ca66d677f1","name":"cfeditorfr"}]}},"_links":{"self":[{"href":"https:\/\/www.africa-press.net\/tchad\/wp-json\/wp\/v2\/posts\/7897","targetHints":{"allow":["GET"]}}],"collection":[{"href":"https:\/\/www.africa-press.net\/tchad\/wp-json\/wp\/v2\/posts"}],"about":[{"href":"https:\/\/www.africa-press.net\/tchad\/wp-json\/wp\/v2\/types\/post"}],"author":[{"embeddable":true,"href":"https:\/\/www.africa-press.net\/tchad\/wp-json\/wp\/v2\/users\/82"}],"replies":[{"embeddable":true,"href":"https:\/\/www.africa-press.net\/tchad\/wp-json\/wp\/v2\/comments?post=7897"}],"version-history":[{"count":0,"href":"https:\/\/www.africa-press.net\/tchad\/wp-json\/wp\/v2\/posts\/7897\/revisions"}],"wp:featuredmedia":[{"embeddable":true,"href":"https:\/\/www.africa-press.net\/tchad\/wp-json\/wp\/v2\/media\/7896"}],"wp:attachment":[{"href":"https:\/\/www.africa-press.net\/tchad\/wp-json\/wp\/v2\/media?parent=7897"}],"wp:term":[{"taxonomy":"category","embeddable":true,"href":"https:\/\/www.africa-press.net\/tchad\/wp-json\/wp\/v2\/categories?post=7897"},{"taxonomy":"post_tag","embeddable":true,"href":"https:\/\/www.africa-press.net\/tchad\/wp-json\/wp\/v2\/tags?post=7897"}],"curies":[{"name":"wp","href":"https:\/\/api.w.org\/{rel}","templated":true}]}}