{"id":8284,"date":"2021-07-07T14:12:51","date_gmt":"2021-07-07T14:12:51","guid":{"rendered":"https:\/\/www.africa-press.net\/tchad\/?p=8284"},"modified":"2021-07-08T02:55:02","modified_gmt":"2021-07-08T02:55:02","slug":"tchad-les-laureats-de-la-premiere-cuvee-de-lenastic-de-sarh-recoivent-leurs-parchemins","status":"publish","type":"post","link":"https:\/\/www.africa-press.net\/tchad\/culture-et-art\/tchad-les-laureats-de-la-premiere-cuvee-de-lenastic-de-sarh-recoivent-leurs-parchemins","title":{"rendered":"les laur\u00e9ats de la premi\u00e8re cuv\u00e9e de l\u2019ENASTIC de Sarh re\u00e7oivent leurs parchemins"},"content":{"rendered":"<p><span style=\"color: #ff6600\"><strong><a href=\"https:\/\/www.africa-press.net\/\">Africa-Press<\/a> &#8211; <a href=\"https:\/\/www.africa-press.net\/tchad\">Tchad<\/a>. <\/strong><\/span><b>Ils sont 38 laur\u00e9ats, dont 21 en fili\u00e8re informatique et 17 en fili\u00e8re t\u00e9l\u00e9com \u00e0 recevoir les dipl\u00f4mes de fin de formation ce mardi 06 juillet 2021 \u00e0 l\u2019ENASTIC de Sarh, province du Moyen Chari<\/b><\/p>\n<p>Ils sont 38 laur\u00e9ats, dont 21 en fili\u00e8re informatique et 17 en fili\u00e8re t\u00e9l\u00e9com \u00e0 recevoir les dipl\u00f4mes de fin de formation ce mardi 06 juillet 2021 \u00e0 l\u2019ENASTIC de Sarh, province du Moyen Chari<\/p>\n<p>Fin de formation pour les apprenants de la 1\u00e8re promotion du cycle de Dipl\u00f4mes de Techniciens Sup\u00e9rieurs (DTS), de l\u2019Ecole Nationale Sup\u00e9rieure des Technologies de l\u2019Information et de la Communication (ENASTIC).<\/p>\n<p>de la 1\u00e8re promotion du cycle de Dipl\u00f4mes de Techniciens Sup\u00e9rieurs (DTS), de l\u2019Ecole Nationale Sup\u00e9rieure des Technologies de l\u2019Information et de la Communication (ENASTIC).<\/p>\n<p>La ministre en charge de l\u2019Enseignement sup\u00e9rieur et de la Recherche scientifique et de l\u2019Innovation, Mme Lydie B\u00e9assoumda, a pr\u00e9sid\u00e9 ce jour, la c\u00e9r\u00e9monie de remise de parchemins aux laur\u00e9ats de la 1\u00e8re promotion du cycle de Dipl\u00f4mes de Techniciens Sup\u00e9rieurs (DTS) de l\u2019ENASTIC. Le membre du gouvernement r\u00e9it\u00e8re, l\u2019importance de l\u2019apprentissage dans le domaine des technologies de l\u2019information et de la communication. Cette cause est selon elle : \u00ab l\u2019une des voies les plus cr\u00e9dibles \u00bb, pour r\u00e9aliser de grands d\u00e9fis li\u00e9s au d\u00e9veloppement, \u00e0 la consolidation de la paix, au renforcement et \u00e0 la valorisation de nos diversit\u00e9s culturelles.<\/p>\n<p>La ministre en charge de l\u2019Enseignement sup\u00e9rieur et de la Recherche scientifique et de l\u2019Innovation, Mme Lydie B\u00e9assoumda, a pr\u00e9sid\u00e9 ce jour, la c\u00e9r\u00e9monie de remise de parchemins aux laur\u00e9ats de la 1\u00e8re promotion du cycle de Dipl\u00f4mes de Techniciens Sup\u00e9rieurs (DTS) de l\u2019ENASTIC. Le membre du gouvernement r\u00e9it\u00e8re, l\u2019importance de l\u2019apprentissage dans le domaine des technologies de l\u2019information et de la communication. Cette cause est selon elle : \u00ab l\u2019une des voies les plus cr\u00e9dibles \u00bb, pour r\u00e9aliser de grands d\u00e9fis li\u00e9s au d\u00e9veloppement, \u00e0 la consolidation de la paix, au renforcement et \u00e0 la valorisation de nos diversit\u00e9s culturelles.<\/p>\n<p>Le directeur g\u00e9n\u00e9ral de l\u2019ENASTIC, Dr Haggar Bachar Salim a, tenu \u00e0 pr\u00e9ciser aux laur\u00e9ats que : \u00ab le DTS en informatique et en T\u00e9l\u00e9com qu\u2019ils viennent d\u2019achever, visent \u00e0 former des sp\u00e9cialistes en d\u00e9veloppement des applications informatiques et des sp\u00e9cialistes en t\u00e9l\u00e9communication \u00bb.<\/p>\n<p>Le directeur g\u00e9n\u00e9ral de l\u2019ENASTIC, Dr Haggar Bachar Salim a, tenu \u00e0 pr\u00e9ciser aux laur\u00e9ats que : \u00ab le DTS en informatique et en T\u00e9l\u00e9com qu\u2019ils viennent d\u2019achever, visent \u00e0 former des sp\u00e9cialistes en d\u00e9veloppement des applications informatiques et des sp\u00e9cialistes en t\u00e9l\u00e9communication \u00bb.<\/p>\n<p>Egalement pr\u00e9sent sur les lieux, le ministre des Postes et de l\u2019Economie num\u00e9rique, Dr Idriss Saleh Bachar, a laiss\u00e9 entendre que l\u2019ENASTIC : \u00ab depuis sa cr\u00e9ation, ne cesse de prendre ses marques \u00bb. Il estime que, cette \u00e9volution traduit \u00e0 suffisance le progr\u00e8s r\u00e9alis\u00e9 pour l\u2019encadrement et la formation des futurs cadres du pays.<\/p>\n<p>Egalement pr\u00e9sent sur les lieux, le ministre des Postes et de l\u2019Economie num\u00e9rique, Dr Idriss Saleh Bachar, a laiss\u00e9 entendre que l\u2019ENASTIC : \u00ab depuis sa cr\u00e9ation, ne cesse de prendre ses marques \u00bb. Il estime que, cette \u00e9volution traduit \u00e0 suffisance le progr\u00e8s r\u00e9alis\u00e9 pour l\u2019encadrement et la formation des futurs cadres du pays.<\/p>\n","protected":false},"excerpt":{"rendered":"<p>Africa-Press &#8211; Tchad. Ils sont 38 laur\u00e9ats, dont 21 en fili\u00e8re informatique et 17 en fili\u00e8re t\u00e9l\u00e9com \u00e0 recevoir les dipl\u00f4mes de fin de formation ce mardi 06 juillet 2021 \u00e0 l\u2019ENASTIC de Sarh, province du Moyen Chari Ils sont 38 laur\u00e9ats, dont 21 en fili\u00e8re informatique et 17 en fili\u00e8re t\u00e9l\u00e9com \u00e0 recevoir les [&hellip;]<\/p>\n","protected":false},"author":82,"featured_media":8283,"comment_status":"open","ping_status":"closed","sticky":false,"template":"","format":"standard","meta":{"footnotes":""},"categories":[5,11,10],"tags":[37,292,101,992,991,29],"class_list":["post-8284","post","type-post","status-publish","format-standard","has-post-thumbnail","hentry","category-culture-et-art","category-homepage-french","category-toutes-les-actualites","tag-africa-press","tag-africa-press-tchad","tag-enastic","tag-fin-de-formation","tag-laureats","tag-tchad"],"yoast_head":"<!-- This site is optimized with the Yoast SEO Premium plugin v26.1 (Yoast SEO v27.0) - https:\/\/yoast.com\/product\/yoast-seo-premium-wordpress\/ -->\n<title>les laur\u00e9ats de la premi\u00e8re cuv\u00e9e de l\u2019ENASTIC de Sarh re\u00e7oivent leurs parchemins - tchad<\/title>\n<meta name=\"description\" content=\"Ils sont 38 laur\u00e9ats, dont 21 en fili\u00e8re informatique et 17 en fili\u00e8re t\u00e9l\u00e9com \u00e0 recevoir les dipl\u00f4mes de fin de form ...\" \/>\n<meta name=\"robots\" content=\"index, follow, max-snippet:-1, max-image-preview:large, max-video-preview:-1\" \/>\n<link rel=\"canonical\" href=\"https:\/\/www.africa-press.net\/tchad\/culture-et-art\/tchad-les-laureats-de-la-premiere-cuvee-de-lenastic-de-sarh-recoivent-leurs-parchemins\" \/>\n<meta property=\"og:locale\" content=\"fr_FR\" \/>\n<meta property=\"og:type\" content=\"article\" \/>\n<meta property=\"og:title\" content=\"les laur\u00e9ats de la premi\u00e8re cuv\u00e9e de l\u2019ENASTIC de Sarh re\u00e7oivent leurs parchemins\" \/>\n<meta property=\"og:description\" content=\"Ils sont 38 laur\u00e9ats, dont 21 en fili\u00e8re informatique et 17 en fili\u00e8re t\u00e9l\u00e9com \u00e0 recevoir les dipl\u00f4mes de fin de form ...\" \/>\n<meta property=\"og:url\" content=\"https:\/\/www.africa-press.net\/tchad\/culture-et-art\/tchad-les-laureats-de-la-premiere-cuvee-de-lenastic-de-sarh-recoivent-leurs-parchemins\" \/>\n<meta property=\"og:site_name\" content=\"tchad\" \/>\n<meta property=\"article:published_time\" content=\"2021-07-07T14:12:51+00:00\" \/>\n<meta property=\"article:modified_time\" content=\"2021-07-08T02:55:02+00:00\" \/>\n<meta property=\"og:image\" content=\"https:\/\/static.africa-press.net\/tchad\/sites\/41\/2021\/07\/img-60e5b464641bf.jpg\" \/>\n\t<meta property=\"og:image:width\" content=\"780\" \/>\n\t<meta property=\"og:image:height\" content=\"440\" \/>\n\t<meta property=\"og:image:type\" content=\"image\/jpeg\" \/>\n<meta name=\"author\" content=\"cfeditorfr\" \/>\n<meta name=\"twitter:card\" content=\"summary_large_image\" \/>\n<meta name=\"twitter:label1\" content=\"\u00c9crit par\" \/>\n\t<meta name=\"twitter:data1\" content=\"cfeditorfr\" \/>\n\t<meta name=\"twitter:label2\" content=\"Dur\u00e9e de lecture estim\u00e9e\" \/>\n\t<meta name=\"twitter:data2\" content=\"3 minutes\" \/>\n<script type=\"application\/ld+json\" class=\"yoast-schema-graph\">{\"@context\":\"https:\/\/schema.org\",\"@graph\":[{\"@type\":\"Article\",\"@id\":\"https:\/\/www.africa-press.net\/tchad\/culture-et-art\/tchad-les-laureats-de-la-premiere-cuvee-de-lenastic-de-sarh-recoivent-leurs-parchemins#article\",\"isPartOf\":{\"@id\":\"https:\/\/www.africa-press.net\/tchad\/culture-et-art\/tchad-les-laureats-de-la-premiere-cuvee-de-lenastic-de-sarh-recoivent-leurs-parchemins\"},\"author\":{\"name\":\"cfeditorfr\",\"@id\":\"https:\/\/www.africa-press.net\/tchad\/#\/schema\/person\/2b1cf3cd81a31e3cd26889ca66d677f1\"},\"headline\":\"les laur\u00e9ats de la premi\u00e8re cuv\u00e9e de l\u2019ENASTIC de Sarh re\u00e7oivent leurs parchemins\",\"datePublished\":\"2021-07-07T14:12:51+00:00\",\"dateModified\":\"2021-07-08T02:55:02+00:00\",\"mainEntityOfPage\":{\"@id\":\"https:\/\/www.africa-press.net\/tchad\/culture-et-art\/tchad-les-laureats-de-la-premiere-cuvee-de-lenastic-de-sarh-recoivent-leurs-parchemins\"},\"wordCount\":619,\"commentCount\":0,\"image\":{\"@id\":\"https:\/\/www.africa-press.net\/tchad\/culture-et-art\/tchad-les-laureats-de-la-premiere-cuvee-de-lenastic-de-sarh-recoivent-leurs-parchemins#primaryimage\"},\"thumbnailUrl\":\"https:\/\/static.africa-press.net\/tchad\/sites\/41\/2021\/07\/img-60e5b464641bf.jpg\",\"keywords\":[\"Africa Press\",\"Africa Press-Tchad\",\"ENASTIC\",\"fin de formation\",\"Laur\u00e9ats\",\"Tchad\"],\"articleSection\":[\"Culture et Art\",\"homepage-french\",\"Toutes les actualit\u00e9s\"],\"inLanguage\":\"fr-FR\",\"potentialAction\":[{\"@type\":\"CommentAction\",\"name\":\"Comment\",\"target\":[\"https:\/\/www.africa-press.net\/tchad\/culture-et-art\/tchad-les-laureats-de-la-premiere-cuvee-de-lenastic-de-sarh-recoivent-leurs-parchemins#respond\"]}]},{\"@type\":\"WebPage\",\"@id\":\"https:\/\/www.africa-press.net\/tchad\/culture-et-art\/tchad-les-laureats-de-la-premiere-cuvee-de-lenastic-de-sarh-recoivent-leurs-parchemins\",\"url\":\"https:\/\/www.africa-press.net\/tchad\/culture-et-art\/tchad-les-laureats-de-la-premiere-cuvee-de-lenastic-de-sarh-recoivent-leurs-parchemins\",\"name\":\"les laur\u00e9ats de la premi\u00e8re cuv\u00e9e de l\u2019ENASTIC de Sarh re\u00e7oivent leurs parchemins - tchad\",\"isPartOf\":{\"@id\":\"https:\/\/www.africa-press.net\/tchad\/#website\"},\"primaryImageOfPage\":{\"@id\":\"https:\/\/www.africa-press.net\/tchad\/culture-et-art\/tchad-les-laureats-de-la-premiere-cuvee-de-lenastic-de-sarh-recoivent-leurs-parchemins#primaryimage\"},\"image\":{\"@id\":\"https:\/\/www.africa-press.net\/tchad\/culture-et-art\/tchad-les-laureats-de-la-premiere-cuvee-de-lenastic-de-sarh-recoivent-leurs-parchemins#primaryimage\"},\"thumbnailUrl\":\"https:\/\/static.africa-press.net\/tchad\/sites\/41\/2021\/07\/img-60e5b464641bf.jpg\",\"datePublished\":\"2021-07-07T14:12:51+00:00\",\"dateModified\":\"2021-07-08T02:55:02+00:00\",\"author\":{\"@id\":\"https:\/\/www.africa-press.net\/tchad\/#\/schema\/person\/2b1cf3cd81a31e3cd26889ca66d677f1\"},\"description\":\"Ils sont 38 laur\u00e9ats, dont 21 en fili\u00e8re informatique et 17 en fili\u00e8re t\u00e9l\u00e9com \u00e0 recevoir les dipl\u00f4mes de fin de form ...\",\"breadcrumb\":{\"@id\":\"https:\/\/www.africa-press.net\/tchad\/culture-et-art\/tchad-les-laureats-de-la-premiere-cuvee-de-lenastic-de-sarh-recoivent-leurs-parchemins#breadcrumb\"},\"inLanguage\":\"fr-FR\",\"potentialAction\":[{\"@type\":\"ReadAction\",\"target\":[\"https:\/\/www.africa-press.net\/tchad\/culture-et-art\/tchad-les-laureats-de-la-premiere-cuvee-de-lenastic-de-sarh-recoivent-leurs-parchemins\"]}]},{\"@type\":\"ImageObject\",\"inLanguage\":\"fr-FR\",\"@id\":\"https:\/\/www.africa-press.net\/tchad\/culture-et-art\/tchad-les-laureats-de-la-premiere-cuvee-de-lenastic-de-sarh-recoivent-leurs-parchemins#primaryimage\",\"url\":\"https:\/\/static.africa-press.net\/tchad\/sites\/41\/2021\/07\/img-60e5b464641bf.jpg\",\"contentUrl\":\"https:\/\/static.africa-press.net\/tchad\/sites\/41\/2021\/07\/img-60e5b464641bf.jpg\",\"width\":780,\"height\":440,\"caption\":\"Tchad : les laur\u00e9ats de la premi\u00e8re cuv\u00e9e de l\u2019ENASTIC de Sarh re\u00e7oivent leurs parchemins\"},{\"@type\":\"BreadcrumbList\",\"@id\":\"https:\/\/www.africa-press.net\/tchad\/culture-et-art\/tchad-les-laureats-de-la-premiere-cuvee-de-lenastic-de-sarh-recoivent-leurs-parchemins#breadcrumb\",\"itemListElement\":[{\"@type\":\"ListItem\",\"position\":1,\"name\":\"Accueil\",\"item\":\"https:\/\/www.africa-press.net\/tchad\/\"},{\"@type\":\"ListItem\",\"position\":2,\"name\":\"les laur\u00e9ats de la premi\u00e8re cuv\u00e9e de l\u2019ENASTIC de Sarh re\u00e7oivent leurs parchemins\"}]},{\"@type\":\"WebSite\",\"@id\":\"https:\/\/www.africa-press.net\/tchad\/#website\",\"url\":\"https:\/\/www.africa-press.net\/tchad\/\",\"name\":\"tchad\",\"description\":\"Just another Africa News Agency Sites site\",\"potentialAction\":[{\"@type\":\"SearchAction\",\"target\":{\"@type\":\"EntryPoint\",\"urlTemplate\":\"https:\/\/www.africa-press.net\/tchad\/?s={search_term_string}\"},\"query-input\":{\"@type\":\"PropertyValueSpecification\",\"valueRequired\":true,\"valueName\":\"search_term_string\"}}],\"inLanguage\":\"fr-FR\"},{\"@type\":\"Person\",\"@id\":\"https:\/\/www.africa-press.net\/tchad\/#\/schema\/person\/2b1cf3cd81a31e3cd26889ca66d677f1\",\"name\":\"cfeditorfr\"}]}<\/script>\n<!-- \/ Yoast SEO Premium plugin. -->","yoast_head_json":{"title":"les laur\u00e9ats de la premi\u00e8re cuv\u00e9e de l\u2019ENASTIC de Sarh re\u00e7oivent leurs parchemins - tchad","description":"Ils sont 38 laur\u00e9ats, dont 21 en fili\u00e8re informatique et 17 en fili\u00e8re t\u00e9l\u00e9com \u00e0 recevoir les dipl\u00f4mes de fin de form ...","robots":{"index":"index","follow":"follow","max-snippet":"max-snippet:-1","max-image-preview":"max-image-preview:large","max-video-preview":"max-video-preview:-1"},"canonical":"https:\/\/www.africa-press.net\/tchad\/culture-et-art\/tchad-les-laureats-de-la-premiere-cuvee-de-lenastic-de-sarh-recoivent-leurs-parchemins","og_locale":"fr_FR","og_type":"article","og_title":"les laur\u00e9ats de la premi\u00e8re cuv\u00e9e de l\u2019ENASTIC de Sarh re\u00e7oivent leurs parchemins","og_description":"Ils sont 38 laur\u00e9ats, dont 21 en fili\u00e8re informatique et 17 en fili\u00e8re t\u00e9l\u00e9com \u00e0 recevoir les dipl\u00f4mes de fin de form ...","og_url":"https:\/\/www.africa-press.net\/tchad\/culture-et-art\/tchad-les-laureats-de-la-premiere-cuvee-de-lenastic-de-sarh-recoivent-leurs-parchemins","og_site_name":"tchad","article_published_time":"2021-07-07T14:12:51+00:00","article_modified_time":"2021-07-08T02:55:02+00:00","og_image":[{"width":780,"height":440,"url":"https:\/\/static.africa-press.net\/tchad\/sites\/41\/2021\/07\/img-60e5b464641bf.jpg","type":"image\/jpeg"}],"author":"cfeditorfr","twitter_card":"summary_large_image","twitter_misc":{"\u00c9crit par":"cfeditorfr","Dur\u00e9e de lecture estim\u00e9e":"3 minutes"},"schema":{"@context":"https:\/\/schema.org","@graph":[{"@type":"Article","@id":"https:\/\/www.africa-press.net\/tchad\/culture-et-art\/tchad-les-laureats-de-la-premiere-cuvee-de-lenastic-de-sarh-recoivent-leurs-parchemins#article","isPartOf":{"@id":"https:\/\/www.africa-press.net\/tchad\/culture-et-art\/tchad-les-laureats-de-la-premiere-cuvee-de-lenastic-de-sarh-recoivent-leurs-parchemins"},"author":{"name":"cfeditorfr","@id":"https:\/\/www.africa-press.net\/tchad\/#\/schema\/person\/2b1cf3cd81a31e3cd26889ca66d677f1"},"headline":"les laur\u00e9ats de la premi\u00e8re cuv\u00e9e de l\u2019ENASTIC de Sarh re\u00e7oivent leurs parchemins","datePublished":"2021-07-07T14:12:51+00:00","dateModified":"2021-07-08T02:55:02+00:00","mainEntityOfPage":{"@id":"https:\/\/www.africa-press.net\/tchad\/culture-et-art\/tchad-les-laureats-de-la-premiere-cuvee-de-lenastic-de-sarh-recoivent-leurs-parchemins"},"wordCount":619,"commentCount":0,"image":{"@id":"https:\/\/www.africa-press.net\/tchad\/culture-et-art\/tchad-les-laureats-de-la-premiere-cuvee-de-lenastic-de-sarh-recoivent-leurs-parchemins#primaryimage"},"thumbnailUrl":"https:\/\/static.africa-press.net\/tchad\/sites\/41\/2021\/07\/img-60e5b464641bf.jpg","keywords":["Africa Press","Africa Press-Tchad","ENASTIC","fin de formation","Laur\u00e9ats","Tchad"],"articleSection":["Culture et Art","homepage-french","Toutes les actualit\u00e9s"],"inLanguage":"fr-FR","potentialAction":[{"@type":"CommentAction","name":"Comment","target":["https:\/\/www.africa-press.net\/tchad\/culture-et-art\/tchad-les-laureats-de-la-premiere-cuvee-de-lenastic-de-sarh-recoivent-leurs-parchemins#respond"]}]},{"@type":"WebPage","@id":"https:\/\/www.africa-press.net\/tchad\/culture-et-art\/tchad-les-laureats-de-la-premiere-cuvee-de-lenastic-de-sarh-recoivent-leurs-parchemins","url":"https:\/\/www.africa-press.net\/tchad\/culture-et-art\/tchad-les-laureats-de-la-premiere-cuvee-de-lenastic-de-sarh-recoivent-leurs-parchemins","name":"les laur\u00e9ats de la premi\u00e8re cuv\u00e9e de l\u2019ENASTIC de Sarh re\u00e7oivent leurs parchemins - tchad","isPartOf":{"@id":"https:\/\/www.africa-press.net\/tchad\/#website"},"primaryImageOfPage":{"@id":"https:\/\/www.africa-press.net\/tchad\/culture-et-art\/tchad-les-laureats-de-la-premiere-cuvee-de-lenastic-de-sarh-recoivent-leurs-parchemins#primaryimage"},"image":{"@id":"https:\/\/www.africa-press.net\/tchad\/culture-et-art\/tchad-les-laureats-de-la-premiere-cuvee-de-lenastic-de-sarh-recoivent-leurs-parchemins#primaryimage"},"thumbnailUrl":"https:\/\/static.africa-press.net\/tchad\/sites\/41\/2021\/07\/img-60e5b464641bf.jpg","datePublished":"2021-07-07T14:12:51+00:00","dateModified":"2021-07-08T02:55:02+00:00","author":{"@id":"https:\/\/www.africa-press.net\/tchad\/#\/schema\/person\/2b1cf3cd81a31e3cd26889ca66d677f1"},"description":"Ils sont 38 laur\u00e9ats, dont 21 en fili\u00e8re informatique et 17 en fili\u00e8re t\u00e9l\u00e9com \u00e0 recevoir les dipl\u00f4mes de fin de form ...","breadcrumb":{"@id":"https:\/\/www.africa-press.net\/tchad\/culture-et-art\/tchad-les-laureats-de-la-premiere-cuvee-de-lenastic-de-sarh-recoivent-leurs-parchemins#breadcrumb"},"inLanguage":"fr-FR","potentialAction":[{"@type":"ReadAction","target":["https:\/\/www.africa-press.net\/tchad\/culture-et-art\/tchad-les-laureats-de-la-premiere-cuvee-de-lenastic-de-sarh-recoivent-leurs-parchemins"]}]},{"@type":"ImageObject","inLanguage":"fr-FR","@id":"https:\/\/www.africa-press.net\/tchad\/culture-et-art\/tchad-les-laureats-de-la-premiere-cuvee-de-lenastic-de-sarh-recoivent-leurs-parchemins#primaryimage","url":"https:\/\/static.africa-press.net\/tchad\/sites\/41\/2021\/07\/img-60e5b464641bf.jpg","contentUrl":"https:\/\/static.africa-press.net\/tchad\/sites\/41\/2021\/07\/img-60e5b464641bf.jpg","width":780,"height":440,"caption":"Tchad : les laur\u00e9ats de la premi\u00e8re cuv\u00e9e de l\u2019ENASTIC de Sarh re\u00e7oivent leurs parchemins"},{"@type":"BreadcrumbList","@id":"https:\/\/www.africa-press.net\/tchad\/culture-et-art\/tchad-les-laureats-de-la-premiere-cuvee-de-lenastic-de-sarh-recoivent-leurs-parchemins#breadcrumb","itemListElement":[{"@type":"ListItem","position":1,"name":"Accueil","item":"https:\/\/www.africa-press.net\/tchad\/"},{"@type":"ListItem","position":2,"name":"les laur\u00e9ats de la premi\u00e8re cuv\u00e9e de l\u2019ENASTIC de Sarh re\u00e7oivent leurs parchemins"}]},{"@type":"WebSite","@id":"https:\/\/www.africa-press.net\/tchad\/#website","url":"https:\/\/www.africa-press.net\/tchad\/","name":"tchad","description":"Just another Africa News Agency Sites site","potentialAction":[{"@type":"SearchAction","target":{"@type":"EntryPoint","urlTemplate":"https:\/\/www.africa-press.net\/tchad\/?s={search_term_string}"},"query-input":{"@type":"PropertyValueSpecification","valueRequired":true,"valueName":"search_term_string"}}],"inLanguage":"fr-FR"},{"@type":"Person","@id":"https:\/\/www.africa-press.net\/tchad\/#\/schema\/person\/2b1cf3cd81a31e3cd26889ca66d677f1","name":"cfeditorfr"}]}},"_links":{"self":[{"href":"https:\/\/www.africa-press.net\/tchad\/wp-json\/wp\/v2\/posts\/8284","targetHints":{"allow":["GET"]}}],"collection":[{"href":"https:\/\/www.africa-press.net\/tchad\/wp-json\/wp\/v2\/posts"}],"about":[{"href":"https:\/\/www.africa-press.net\/tchad\/wp-json\/wp\/v2\/types\/post"}],"author":[{"embeddable":true,"href":"https:\/\/www.africa-press.net\/tchad\/wp-json\/wp\/v2\/users\/82"}],"replies":[{"embeddable":true,"href":"https:\/\/www.africa-press.net\/tchad\/wp-json\/wp\/v2\/comments?post=8284"}],"version-history":[{"count":0,"href":"https:\/\/www.africa-press.net\/tchad\/wp-json\/wp\/v2\/posts\/8284\/revisions"}],"wp:featuredmedia":[{"embeddable":true,"href":"https:\/\/www.africa-press.net\/tchad\/wp-json\/wp\/v2\/media\/8283"}],"wp:attachment":[{"href":"https:\/\/www.africa-press.net\/tchad\/wp-json\/wp\/v2\/media?parent=8284"}],"wp:term":[{"taxonomy":"category","embeddable":true,"href":"https:\/\/www.africa-press.net\/tchad\/wp-json\/wp\/v2\/categories?post=8284"},{"taxonomy":"post_tag","embeddable":true,"href":"https:\/\/www.africa-press.net\/tchad\/wp-json\/wp\/v2\/tags?post=8284"}],"curies":[{"name":"wp","href":"https:\/\/api.w.org\/{rel}","templated":true}]}}