{"id":8352,"date":"2021-07-14T15:07:40","date_gmt":"2021-07-14T15:07:40","guid":{"rendered":"https:\/\/www.africa-press.net\/tchad\/?p=8352"},"modified":"2021-07-15T18:54:40","modified_gmt":"2021-07-15T18:54:40","slug":"tchad-la-marche-pacifique-du-parti-politique-les-transformateurs-autorisee","status":"publish","type":"post","link":"https:\/\/www.africa-press.net\/tchad\/parties\/tchad-la-marche-pacifique-du-parti-politique-les-transformateurs-autorisee","title":{"rendered":"la marche pacifique du parti politique, Les Transformateurs autoris\u00e9e"},"content":{"rendered":"<p><span style=\"color: #ff6600\"><strong><a href=\"https:\/\/www.africa-press.net\/\">Africa-Press<\/a> &#8211; <a href=\"https:\/\/www.africa-press.net\/tchad\">Tchad<\/a>. <\/strong><\/span>Par arr\u00eat\u00e9 n\u00b0 76 du 12 juillet 2021, le ministre de la S\u00e9curit\u00e9 publique, Souleyman Abakar Adam, autorise le parti de Succ\u00e8s Masra et certains organisations de Wakit Tama \u00e0 marcher pacifiquement le vendredi 16 juillet 2021<\/p>\n<p>Pour la premi\u00e8re fois, les autorit\u00e9s en place autorisent une manifestation du parti \u2018\u2019Les Transformateurs\u2019\u2019 de Succ\u00e8s Masra et des autres associations appartenant au mouvement de revendication \u2018\u2019Wakit Tamma\u2019\u2019. Dans une note publi\u00e9 ce jour, le ministre en charge de la S\u00e9curit\u00e9 publique a donn\u00e9 quitus afin que la manifestation se d\u00e9roule. Les marcheurs : \u00ab contre la confiscation du pouvoir et les violations des droits de l\u2019Homme par le CMT. L\u2019ing\u00e9rence de la France et la complicit\u00e9 de l\u2019Union africaine \u00bb, partiront du Rond-point Hamama au Palais de 15 janvier.<\/p>\n<p>La marche regroupera les Transformateurs, certaines organisations de la soci\u00e9t\u00e9 civile. A savoir la LTDH, la CTDDH et l\u2019UST. D\u2019apr\u00e8s le ministre de la S\u00e9curit\u00e9 publique, la demande d\u2019autorisation \u00e9t\u00e9 enregistr\u00e9e le 06 juillet 2021. Il appelle au respect des termes du Communiqu\u00e9.<\/p>\n<p>\u00ab Cependant, en cas de casses, de vols, d\u2019effractions, de toute autre infraction ou de d\u00e9bordements, les organisateurs seront tenus pour responsables devant les Juridictions de la R\u00e9publique. \u00bb, met en garde Souleyman Abakar Adam, ministre de la s\u00e9curit\u00e9 publique.<\/p>\n<p>Il est \u00e0 noter que la date sollicit\u00e9 par Wakit Tamma a \u00e9galement \u00e9t\u00e9 modi\u00e9e. Au lieu du 14 juillet initialement pr\u00e9vu, elle est report\u00e9e au 16 du m\u00eame mois.<\/p>\n","protected":false},"excerpt":{"rendered":"<p>Africa-Press &#8211; Tchad. Par arr\u00eat\u00e9 n\u00b0 76 du 12 juillet 2021, le ministre de la S\u00e9curit\u00e9 publique, Souleyman Abakar Adam, autorise le parti de Succ\u00e8s Masra et certains organisations de Wakit Tama \u00e0 marcher pacifiquement le vendredi 16 juillet 2021 Pour la premi\u00e8re fois, les autorit\u00e9s en place autorisent une manifestation du parti \u2018\u2019Les Transformateurs\u2019\u2019 [&hellip;]<\/p>\n","protected":false},"author":82,"featured_media":8351,"comment_status":"open","ping_status":"closed","sticky":false,"template":"","format":"standard","meta":{"footnotes":""},"categories":[11,4,20,10],"tags":[1013,37,292,1014,29],"class_list":["post-8352","post","type-post","status-publish","format-standard","has-post-thumbnail","hentry","category-homepage-french","category-parties","category-top-nouvelles","category-toutes-les-actualites","tag-les-transformateurs","tag-africa-press","tag-africa-press-tchad","tag-marches-pacifique","tag-tchad"],"yoast_head":"<!-- This site is optimized with the Yoast SEO Premium plugin v26.1 (Yoast SEO v27.0) - https:\/\/yoast.com\/product\/yoast-seo-premium-wordpress\/ -->\n<title>la marche pacifique du parti politique, Les Transformateurs autoris\u00e9e - tchad<\/title>\n<meta name=\"description\" content=\"Par arr\u00eat\u00e9 n\u00b0 76 du 12 juillet 2021, le ministre de la S\u00e9curit\u00e9 publique, Souleyman Abakar Adam, autorise le parti de Su ...\" \/>\n<meta name=\"robots\" content=\"index, follow, max-snippet:-1, max-image-preview:large, max-video-preview:-1\" \/>\n<link rel=\"canonical\" href=\"https:\/\/www.africa-press.net\/tchad\/parties\/tchad-la-marche-pacifique-du-parti-politique-les-transformateurs-autorisee\" \/>\n<meta property=\"og:locale\" content=\"fr_FR\" \/>\n<meta property=\"og:type\" content=\"article\" \/>\n<meta property=\"og:title\" content=\"la marche pacifique du parti politique, Les Transformateurs autoris\u00e9e\" \/>\n<meta property=\"og:description\" content=\"Par arr\u00eat\u00e9 n\u00b0 76 du 12 juillet 2021, le ministre de la S\u00e9curit\u00e9 publique, Souleyman Abakar Adam, autorise le parti de Su ...\" \/>\n<meta property=\"og:url\" content=\"https:\/\/www.africa-press.net\/tchad\/parties\/tchad-la-marche-pacifique-du-parti-politique-les-transformateurs-autorisee\" \/>\n<meta property=\"og:site_name\" content=\"tchad\" \/>\n<meta property=\"article:published_time\" content=\"2021-07-14T15:07:40+00:00\" \/>\n<meta property=\"article:modified_time\" content=\"2021-07-15T18:54:40+00:00\" \/>\n<meta property=\"og:image\" content=\"https:\/\/static.africa-press.net\/tchad\/sites\/41\/2021\/07\/img-60eef04b9f6bd.jpg\" \/>\n\t<meta property=\"og:image:width\" content=\"780\" \/>\n\t<meta property=\"og:image:height\" content=\"440\" \/>\n\t<meta property=\"og:image:type\" content=\"image\/jpeg\" \/>\n<meta name=\"author\" content=\"cfeditorfr\" \/>\n<meta name=\"twitter:card\" content=\"summary_large_image\" \/>\n<meta name=\"twitter:label1\" content=\"\u00c9crit par\" \/>\n\t<meta name=\"twitter:data1\" content=\"cfeditorfr\" \/>\n\t<meta name=\"twitter:label2\" content=\"Dur\u00e9e de lecture estim\u00e9e\" \/>\n\t<meta name=\"twitter:data2\" content=\"1 minute\" \/>\n<script type=\"application\/ld+json\" class=\"yoast-schema-graph\">{\"@context\":\"https:\/\/schema.org\",\"@graph\":[{\"@type\":\"Article\",\"@id\":\"https:\/\/www.africa-press.net\/tchad\/parties\/tchad-la-marche-pacifique-du-parti-politique-les-transformateurs-autorisee#article\",\"isPartOf\":{\"@id\":\"https:\/\/www.africa-press.net\/tchad\/parties\/tchad-la-marche-pacifique-du-parti-politique-les-transformateurs-autorisee\"},\"author\":{\"name\":\"cfeditorfr\",\"@id\":\"https:\/\/www.africa-press.net\/tchad\/#\/schema\/person\/2b1cf3cd81a31e3cd26889ca66d677f1\"},\"headline\":\"la marche pacifique du parti politique, Les Transformateurs autoris\u00e9e\",\"datePublished\":\"2021-07-14T15:07:40+00:00\",\"dateModified\":\"2021-07-15T18:54:40+00:00\",\"mainEntityOfPage\":{\"@id\":\"https:\/\/www.africa-press.net\/tchad\/parties\/tchad-la-marche-pacifique-du-parti-politique-les-transformateurs-autorisee\"},\"wordCount\":264,\"commentCount\":0,\"image\":{\"@id\":\"https:\/\/www.africa-press.net\/tchad\/parties\/tchad-la-marche-pacifique-du-parti-politique-les-transformateurs-autorisee#primaryimage\"},\"thumbnailUrl\":\"https:\/\/static.africa-press.net\/tchad\/sites\/41\/2021\/07\/img-60eef04b9f6bd.jpg\",\"keywords\":[\"\u00ab Les transformateurs \u00bb\",\"Africa Press\",\"Africa Press-Tchad\",\"marches pacifique\",\"Tchad\"],\"articleSection\":[\"homepage-french\",\"Parties\",\"Top Nouvelles\",\"Toutes les actualit\u00e9s\"],\"inLanguage\":\"fr-FR\",\"potentialAction\":[{\"@type\":\"CommentAction\",\"name\":\"Comment\",\"target\":[\"https:\/\/www.africa-press.net\/tchad\/parties\/tchad-la-marche-pacifique-du-parti-politique-les-transformateurs-autorisee#respond\"]}]},{\"@type\":\"WebPage\",\"@id\":\"https:\/\/www.africa-press.net\/tchad\/parties\/tchad-la-marche-pacifique-du-parti-politique-les-transformateurs-autorisee\",\"url\":\"https:\/\/www.africa-press.net\/tchad\/parties\/tchad-la-marche-pacifique-du-parti-politique-les-transformateurs-autorisee\",\"name\":\"la marche pacifique du parti politique, Les Transformateurs autoris\u00e9e - tchad\",\"isPartOf\":{\"@id\":\"https:\/\/www.africa-press.net\/tchad\/#website\"},\"primaryImageOfPage\":{\"@id\":\"https:\/\/www.africa-press.net\/tchad\/parties\/tchad-la-marche-pacifique-du-parti-politique-les-transformateurs-autorisee#primaryimage\"},\"image\":{\"@id\":\"https:\/\/www.africa-press.net\/tchad\/parties\/tchad-la-marche-pacifique-du-parti-politique-les-transformateurs-autorisee#primaryimage\"},\"thumbnailUrl\":\"https:\/\/static.africa-press.net\/tchad\/sites\/41\/2021\/07\/img-60eef04b9f6bd.jpg\",\"datePublished\":\"2021-07-14T15:07:40+00:00\",\"dateModified\":\"2021-07-15T18:54:40+00:00\",\"author\":{\"@id\":\"https:\/\/www.africa-press.net\/tchad\/#\/schema\/person\/2b1cf3cd81a31e3cd26889ca66d677f1\"},\"description\":\"Par arr\u00eat\u00e9 n\u00b0 76 du 12 juillet 2021, le ministre de la S\u00e9curit\u00e9 publique, Souleyman Abakar Adam, autorise le parti de Su ...\",\"breadcrumb\":{\"@id\":\"https:\/\/www.africa-press.net\/tchad\/parties\/tchad-la-marche-pacifique-du-parti-politique-les-transformateurs-autorisee#breadcrumb\"},\"inLanguage\":\"fr-FR\",\"potentialAction\":[{\"@type\":\"ReadAction\",\"target\":[\"https:\/\/www.africa-press.net\/tchad\/parties\/tchad-la-marche-pacifique-du-parti-politique-les-transformateurs-autorisee\"]}]},{\"@type\":\"ImageObject\",\"inLanguage\":\"fr-FR\",\"@id\":\"https:\/\/www.africa-press.net\/tchad\/parties\/tchad-la-marche-pacifique-du-parti-politique-les-transformateurs-autorisee#primaryimage\",\"url\":\"https:\/\/static.africa-press.net\/tchad\/sites\/41\/2021\/07\/img-60eef04b9f6bd.jpg\",\"contentUrl\":\"https:\/\/static.africa-press.net\/tchad\/sites\/41\/2021\/07\/img-60eef04b9f6bd.jpg\",\"width\":780,\"height\":440,\"caption\":\"Tchad : la marche pacifique du parti politique, Les Transformateurs autoris\u00e9e\"},{\"@type\":\"BreadcrumbList\",\"@id\":\"https:\/\/www.africa-press.net\/tchad\/parties\/tchad-la-marche-pacifique-du-parti-politique-les-transformateurs-autorisee#breadcrumb\",\"itemListElement\":[{\"@type\":\"ListItem\",\"position\":1,\"name\":\"Accueil\",\"item\":\"https:\/\/www.africa-press.net\/tchad\/\"},{\"@type\":\"ListItem\",\"position\":2,\"name\":\"la marche pacifique du parti politique, Les Transformateurs autoris\u00e9e\"}]},{\"@type\":\"WebSite\",\"@id\":\"https:\/\/www.africa-press.net\/tchad\/#website\",\"url\":\"https:\/\/www.africa-press.net\/tchad\/\",\"name\":\"tchad\",\"description\":\"Just another Africa News Agency Sites site\",\"potentialAction\":[{\"@type\":\"SearchAction\",\"target\":{\"@type\":\"EntryPoint\",\"urlTemplate\":\"https:\/\/www.africa-press.net\/tchad\/?s={search_term_string}\"},\"query-input\":{\"@type\":\"PropertyValueSpecification\",\"valueRequired\":true,\"valueName\":\"search_term_string\"}}],\"inLanguage\":\"fr-FR\"},{\"@type\":\"Person\",\"@id\":\"https:\/\/www.africa-press.net\/tchad\/#\/schema\/person\/2b1cf3cd81a31e3cd26889ca66d677f1\",\"name\":\"cfeditorfr\"}]}<\/script>\n<!-- \/ Yoast SEO Premium plugin. -->","yoast_head_json":{"title":"la marche pacifique du parti politique, Les Transformateurs autoris\u00e9e - tchad","description":"Par arr\u00eat\u00e9 n\u00b0 76 du 12 juillet 2021, le ministre de la S\u00e9curit\u00e9 publique, Souleyman Abakar Adam, autorise le parti de Su ...","robots":{"index":"index","follow":"follow","max-snippet":"max-snippet:-1","max-image-preview":"max-image-preview:large","max-video-preview":"max-video-preview:-1"},"canonical":"https:\/\/www.africa-press.net\/tchad\/parties\/tchad-la-marche-pacifique-du-parti-politique-les-transformateurs-autorisee","og_locale":"fr_FR","og_type":"article","og_title":"la marche pacifique du parti politique, Les Transformateurs autoris\u00e9e","og_description":"Par arr\u00eat\u00e9 n\u00b0 76 du 12 juillet 2021, le ministre de la S\u00e9curit\u00e9 publique, Souleyman Abakar Adam, autorise le parti de Su ...","og_url":"https:\/\/www.africa-press.net\/tchad\/parties\/tchad-la-marche-pacifique-du-parti-politique-les-transformateurs-autorisee","og_site_name":"tchad","article_published_time":"2021-07-14T15:07:40+00:00","article_modified_time":"2021-07-15T18:54:40+00:00","og_image":[{"width":780,"height":440,"url":"https:\/\/static.africa-press.net\/tchad\/sites\/41\/2021\/07\/img-60eef04b9f6bd.jpg","type":"image\/jpeg"}],"author":"cfeditorfr","twitter_card":"summary_large_image","twitter_misc":{"\u00c9crit par":"cfeditorfr","Dur\u00e9e de lecture estim\u00e9e":"1 minute"},"schema":{"@context":"https:\/\/schema.org","@graph":[{"@type":"Article","@id":"https:\/\/www.africa-press.net\/tchad\/parties\/tchad-la-marche-pacifique-du-parti-politique-les-transformateurs-autorisee#article","isPartOf":{"@id":"https:\/\/www.africa-press.net\/tchad\/parties\/tchad-la-marche-pacifique-du-parti-politique-les-transformateurs-autorisee"},"author":{"name":"cfeditorfr","@id":"https:\/\/www.africa-press.net\/tchad\/#\/schema\/person\/2b1cf3cd81a31e3cd26889ca66d677f1"},"headline":"la marche pacifique du parti politique, Les Transformateurs autoris\u00e9e","datePublished":"2021-07-14T15:07:40+00:00","dateModified":"2021-07-15T18:54:40+00:00","mainEntityOfPage":{"@id":"https:\/\/www.africa-press.net\/tchad\/parties\/tchad-la-marche-pacifique-du-parti-politique-les-transformateurs-autorisee"},"wordCount":264,"commentCount":0,"image":{"@id":"https:\/\/www.africa-press.net\/tchad\/parties\/tchad-la-marche-pacifique-du-parti-politique-les-transformateurs-autorisee#primaryimage"},"thumbnailUrl":"https:\/\/static.africa-press.net\/tchad\/sites\/41\/2021\/07\/img-60eef04b9f6bd.jpg","keywords":["\u00ab Les transformateurs \u00bb","Africa Press","Africa Press-Tchad","marches pacifique","Tchad"],"articleSection":["homepage-french","Parties","Top Nouvelles","Toutes les actualit\u00e9s"],"inLanguage":"fr-FR","potentialAction":[{"@type":"CommentAction","name":"Comment","target":["https:\/\/www.africa-press.net\/tchad\/parties\/tchad-la-marche-pacifique-du-parti-politique-les-transformateurs-autorisee#respond"]}]},{"@type":"WebPage","@id":"https:\/\/www.africa-press.net\/tchad\/parties\/tchad-la-marche-pacifique-du-parti-politique-les-transformateurs-autorisee","url":"https:\/\/www.africa-press.net\/tchad\/parties\/tchad-la-marche-pacifique-du-parti-politique-les-transformateurs-autorisee","name":"la marche pacifique du parti politique, Les Transformateurs autoris\u00e9e - tchad","isPartOf":{"@id":"https:\/\/www.africa-press.net\/tchad\/#website"},"primaryImageOfPage":{"@id":"https:\/\/www.africa-press.net\/tchad\/parties\/tchad-la-marche-pacifique-du-parti-politique-les-transformateurs-autorisee#primaryimage"},"image":{"@id":"https:\/\/www.africa-press.net\/tchad\/parties\/tchad-la-marche-pacifique-du-parti-politique-les-transformateurs-autorisee#primaryimage"},"thumbnailUrl":"https:\/\/static.africa-press.net\/tchad\/sites\/41\/2021\/07\/img-60eef04b9f6bd.jpg","datePublished":"2021-07-14T15:07:40+00:00","dateModified":"2021-07-15T18:54:40+00:00","author":{"@id":"https:\/\/www.africa-press.net\/tchad\/#\/schema\/person\/2b1cf3cd81a31e3cd26889ca66d677f1"},"description":"Par arr\u00eat\u00e9 n\u00b0 76 du 12 juillet 2021, le ministre de la S\u00e9curit\u00e9 publique, Souleyman Abakar Adam, autorise le parti de Su ...","breadcrumb":{"@id":"https:\/\/www.africa-press.net\/tchad\/parties\/tchad-la-marche-pacifique-du-parti-politique-les-transformateurs-autorisee#breadcrumb"},"inLanguage":"fr-FR","potentialAction":[{"@type":"ReadAction","target":["https:\/\/www.africa-press.net\/tchad\/parties\/tchad-la-marche-pacifique-du-parti-politique-les-transformateurs-autorisee"]}]},{"@type":"ImageObject","inLanguage":"fr-FR","@id":"https:\/\/www.africa-press.net\/tchad\/parties\/tchad-la-marche-pacifique-du-parti-politique-les-transformateurs-autorisee#primaryimage","url":"https:\/\/static.africa-press.net\/tchad\/sites\/41\/2021\/07\/img-60eef04b9f6bd.jpg","contentUrl":"https:\/\/static.africa-press.net\/tchad\/sites\/41\/2021\/07\/img-60eef04b9f6bd.jpg","width":780,"height":440,"caption":"Tchad : la marche pacifique du parti politique, Les Transformateurs autoris\u00e9e"},{"@type":"BreadcrumbList","@id":"https:\/\/www.africa-press.net\/tchad\/parties\/tchad-la-marche-pacifique-du-parti-politique-les-transformateurs-autorisee#breadcrumb","itemListElement":[{"@type":"ListItem","position":1,"name":"Accueil","item":"https:\/\/www.africa-press.net\/tchad\/"},{"@type":"ListItem","position":2,"name":"la marche pacifique du parti politique, Les Transformateurs autoris\u00e9e"}]},{"@type":"WebSite","@id":"https:\/\/www.africa-press.net\/tchad\/#website","url":"https:\/\/www.africa-press.net\/tchad\/","name":"tchad","description":"Just another Africa News Agency Sites site","potentialAction":[{"@type":"SearchAction","target":{"@type":"EntryPoint","urlTemplate":"https:\/\/www.africa-press.net\/tchad\/?s={search_term_string}"},"query-input":{"@type":"PropertyValueSpecification","valueRequired":true,"valueName":"search_term_string"}}],"inLanguage":"fr-FR"},{"@type":"Person","@id":"https:\/\/www.africa-press.net\/tchad\/#\/schema\/person\/2b1cf3cd81a31e3cd26889ca66d677f1","name":"cfeditorfr"}]}},"_links":{"self":[{"href":"https:\/\/www.africa-press.net\/tchad\/wp-json\/wp\/v2\/posts\/8352","targetHints":{"allow":["GET"]}}],"collection":[{"href":"https:\/\/www.africa-press.net\/tchad\/wp-json\/wp\/v2\/posts"}],"about":[{"href":"https:\/\/www.africa-press.net\/tchad\/wp-json\/wp\/v2\/types\/post"}],"author":[{"embeddable":true,"href":"https:\/\/www.africa-press.net\/tchad\/wp-json\/wp\/v2\/users\/82"}],"replies":[{"embeddable":true,"href":"https:\/\/www.africa-press.net\/tchad\/wp-json\/wp\/v2\/comments?post=8352"}],"version-history":[{"count":0,"href":"https:\/\/www.africa-press.net\/tchad\/wp-json\/wp\/v2\/posts\/8352\/revisions"}],"wp:featuredmedia":[{"embeddable":true,"href":"https:\/\/www.africa-press.net\/tchad\/wp-json\/wp\/v2\/media\/8351"}],"wp:attachment":[{"href":"https:\/\/www.africa-press.net\/tchad\/wp-json\/wp\/v2\/media?parent=8352"}],"wp:term":[{"taxonomy":"category","embeddable":true,"href":"https:\/\/www.africa-press.net\/tchad\/wp-json\/wp\/v2\/categories?post=8352"},{"taxonomy":"post_tag","embeddable":true,"href":"https:\/\/www.africa-press.net\/tchad\/wp-json\/wp\/v2\/tags?post=8352"}],"curies":[{"name":"wp","href":"https:\/\/api.w.org\/{rel}","templated":true}]}}