{"id":90053,"date":"2025-07-20T17:55:46","date_gmt":"2025-07-20T17:55:46","guid":{"rendered":"https:\/\/www.africa-press.net\/tchad\/politique\/secretaire-general-des-transformateurs-empeche-de-voyager"},"modified":"2025-07-20T18:23:05","modified_gmt":"2025-07-20T18:23:05","slug":"secretaire-general-des-transformateurs-empeche-de-voyager","status":"publish","type":"post","link":"https:\/\/www.africa-press.net\/tchad\/parties\/secretaire-general-des-transformateurs-empeche-de-voyager","title":{"rendered":"Secr\u00e9taire G\u00e9n\u00e9ral Des Transformateurs Emp\u00each\u00e9 De Voyager"},"content":{"rendered":"<p><span style=\"color: #ff6600\"><strong>Africa-Press &#8211; Tchad. <\/strong><\/span>Au Tchad, Ndolembai\u0308 Njesada est toujours empe\u0302che\u0301 de quitter le territoire tchadien. Le secre\u0301taire ge\u0301ne\u0301ral du parti les Transformateurs, dont le pre\u0301sident, Succe\u0300s Masra, est en de\u0301tention pre\u0301ventive depuis plus de deux mois, s&rsquo;est vu confisquer ses passeports tchadien et ame\u0301ricain le lundi 14 juillet alors qu&rsquo;il prenait un avion Turkish Airlines pour se rendre aux E\u0301tats-Unis. Pour des proches du secre\u0301taire ge\u0301ne\u0301ral des Transformateurs, il s&rsquo;agit d&rsquo;une \u00ab intole\u0301rable prise d&rsquo;otage d&rsquo;un citoyen ame\u0301ricain \u00bb.<\/p>\n<p>Ndolembai\u0308 Njesada a fait tamponner ses passeports tchadien et ame\u0301ricain aupre\u0300s de la douane puis il s&rsquo;est rendu dans la salle d&#8217;embarquement VIP de l&rsquo;ae\u0301roport international Hassan Djamous de Ndjamena. C&rsquo;est alors que \u00ab des agents des services de renseignement tchadiens lui ont demande\u0301 de les suivre \u00bb, confient des proches du secre\u0301taire ge\u0301ne\u0301ral des Transformateurs. Il a ensuite e\u0301te\u0301 conduit au bureau des renseignements ge\u0301ne\u0301raux ou\u0300 <b>ses passeports ont alors e\u0301te\u0301 confisque\u0301s<\/b>, \u00ab sans aucune explication \u00bb, de\u0301taillent ses proches.<\/p>\n<p>Une source proche du dossier explique que \u00ab l&rsquo;ambassade ame\u0301ricaine se donne jusqu&rsquo;a\u0300 vendredi pour intervenir diplomatiquement afin de re\u0301cupe\u0301rer le document fe\u0301de\u0301ral ame\u0301ricain confisque\u0301 \u00bb.<\/p>\n<p>Depuis <b>l&rsquo;arrestation de Succe\u0300s Masra<\/b> le 14 mai dernier, c&rsquo;est la deuxie\u0300me fois qu&rsquo;un membre du bureau des Transformateurs est empe\u0302che\u0301 de voyager. Sitack Yombatina, le vice-pre\u0301sident du parti, s&rsquo;est vu retirer son passeport le 7 juin alors qu&rsquo;il prenait un avion pour se rendre a\u0300 la confe\u0301rence internationale sur les oce\u0301ans en France. Il a pu re\u0301cupe\u0301rer son passeport, mais aucune explication ne lui a e\u0301te\u0301 donne\u0301e, a-t-il confie\u0301.<\/p>\n<p>Contacte\u0301 par RFI, Gassim Cherif, ministre de la communication et porte-parole du gouvernement, dit ne pas disposer d&rsquo;assez d&rsquo;informations et ne souhaite pas faire de commentaire pour le moment.<\/p>\n<p><strong>Pour plus d&rsquo;informations et d&rsquo;analyses sur la <span style=\"color: #ff6600\">Tchad<\/span>, suivez <span style=\"color: #ff6600\">Africa-Press<\/span><\/strong><\/p>\n","protected":false},"excerpt":{"rendered":"<p>Africa-Press &#8211; Tchad. Au Tchad, Ndolembai\u0308 Njesada est toujours empe\u0302che\u0301 de quitter le territoire tchadien. Le secre\u0301taire ge\u0301ne\u0301ral du parti les Transformateurs, dont le pre\u0301sident, Succe\u0300s Masra, est en de\u0301tention pre\u0301ventive depuis plus de deux mois, s&rsquo;est vu confisquer ses passeports tchadien et ame\u0301ricain le lundi 14 juillet alors qu&rsquo;il prenait un avion Turkish Airlines [&hellip;]<\/p>\n","protected":false},"author":82,"featured_media":90052,"comment_status":"open","ping_status":"closed","sticky":false,"template":"","format":"standard","meta":{"footnotes":""},"categories":[11,4,20,10],"tags":[29],"class_list":["post-90053","post","type-post","status-publish","format-standard","has-post-thumbnail","hentry","category-homepage-french","category-parties","category-top-nouvelles","category-toutes-les-actualites","tag-tchad"],"yoast_head":"<!-- This site is optimized with the Yoast SEO Premium plugin v26.1 (Yoast SEO v27.0) - https:\/\/yoast.com\/product\/yoast-seo-premium-wordpress\/ -->\n<title>Secr\u00e9taire G\u00e9n\u00e9ral Des Transformateurs Emp\u00each\u00e9 De Voyager - tchad<\/title>\n<meta name=\"description\" content=\"Au Tchad, Ndolembai\u0308 Njesada est toujours empe\u0302che\u0301 de quitter le territoire tchadien. Le secre\u0301taire ge\u0301ne\u0301ral du parti ...\" \/>\n<meta name=\"robots\" content=\"index, follow, max-snippet:-1, max-image-preview:large, max-video-preview:-1\" \/>\n<link rel=\"canonical\" href=\"https:\/\/www.africa-press.net\/tchad\/parties\/secretaire-general-des-transformateurs-empeche-de-voyager\" \/>\n<meta property=\"og:locale\" content=\"fr_FR\" \/>\n<meta property=\"og:type\" content=\"article\" \/>\n<meta property=\"og:title\" content=\"Secr\u00e9taire G\u00e9n\u00e9ral Des Transformateurs Emp\u00each\u00e9 De Voyager\" \/>\n<meta property=\"og:description\" content=\"Au Tchad, Ndolembai\u0308 Njesada est toujours empe\u0302che\u0301 de quitter le territoire tchadien. Le secre\u0301taire ge\u0301ne\u0301ral du parti ...\" \/>\n<meta property=\"og:url\" content=\"https:\/\/www.africa-press.net\/tchad\/parties\/secretaire-general-des-transformateurs-empeche-de-voyager\" \/>\n<meta property=\"og:site_name\" content=\"tchad\" \/>\n<meta property=\"article:published_time\" content=\"2025-07-20T17:55:46+00:00\" \/>\n<meta property=\"article:modified_time\" content=\"2025-07-20T18:23:05+00:00\" \/>\n<meta property=\"og:image\" content=\"https:\/\/static.africa-press.net\/tchad\/sites\/41\/2025\/07\/sm_1753023148.206699.jpg\" \/>\n\t<meta property=\"og:image:width\" content=\"842\" \/>\n\t<meta property=\"og:image:height\" content=\"480\" \/>\n\t<meta property=\"og:image:type\" content=\"image\/jpeg\" \/>\n<meta name=\"author\" content=\"cfeditorfr\" \/>\n<meta name=\"twitter:card\" content=\"summary_large_image\" \/>\n<meta name=\"twitter:label1\" content=\"\u00c9crit par\" \/>\n\t<meta name=\"twitter:data1\" content=\"cfeditorfr\" \/>\n\t<meta name=\"twitter:label2\" content=\"Dur\u00e9e de lecture estim\u00e9e\" \/>\n\t<meta name=\"twitter:data2\" content=\"2 minutes\" \/>\n<script type=\"application\/ld+json\" class=\"yoast-schema-graph\">{\"@context\":\"https:\/\/schema.org\",\"@graph\":[{\"@type\":\"Article\",\"@id\":\"https:\/\/www.africa-press.net\/tchad\/parties\/secretaire-general-des-transformateurs-empeche-de-voyager#article\",\"isPartOf\":{\"@id\":\"https:\/\/www.africa-press.net\/tchad\/parties\/secretaire-general-des-transformateurs-empeche-de-voyager\"},\"author\":{\"name\":\"cfeditorfr\",\"@id\":\"https:\/\/www.africa-press.net\/tchad\/#\/schema\/person\/2b1cf3cd81a31e3cd26889ca66d677f1\"},\"headline\":\"Secr\u00e9taire G\u00e9n\u00e9ral Des Transformateurs Emp\u00each\u00e9 De Voyager\",\"datePublished\":\"2025-07-20T17:55:46+00:00\",\"dateModified\":\"2025-07-20T18:23:05+00:00\",\"mainEntityOfPage\":{\"@id\":\"https:\/\/www.africa-press.net\/tchad\/parties\/secretaire-general-des-transformateurs-empeche-de-voyager\"},\"wordCount\":359,\"commentCount\":0,\"image\":{\"@id\":\"https:\/\/www.africa-press.net\/tchad\/parties\/secretaire-general-des-transformateurs-empeche-de-voyager#primaryimage\"},\"thumbnailUrl\":\"https:\/\/static.africa-press.net\/tchad\/sites\/41\/2025\/07\/sm_1753023148.206699.jpg\",\"keywords\":[\"Tchad\"],\"articleSection\":[\"homepage-french\",\"Parties\",\"Top Nouvelles\",\"Toutes les actualit\u00e9s\"],\"inLanguage\":\"fr-FR\",\"potentialAction\":[{\"@type\":\"CommentAction\",\"name\":\"Comment\",\"target\":[\"https:\/\/www.africa-press.net\/tchad\/parties\/secretaire-general-des-transformateurs-empeche-de-voyager#respond\"]}]},{\"@type\":\"WebPage\",\"@id\":\"https:\/\/www.africa-press.net\/tchad\/parties\/secretaire-general-des-transformateurs-empeche-de-voyager\",\"url\":\"https:\/\/www.africa-press.net\/tchad\/parties\/secretaire-general-des-transformateurs-empeche-de-voyager\",\"name\":\"Secr\u00e9taire G\u00e9n\u00e9ral Des Transformateurs Emp\u00each\u00e9 De Voyager - tchad\",\"isPartOf\":{\"@id\":\"https:\/\/www.africa-press.net\/tchad\/#website\"},\"primaryImageOfPage\":{\"@id\":\"https:\/\/www.africa-press.net\/tchad\/parties\/secretaire-general-des-transformateurs-empeche-de-voyager#primaryimage\"},\"image\":{\"@id\":\"https:\/\/www.africa-press.net\/tchad\/parties\/secretaire-general-des-transformateurs-empeche-de-voyager#primaryimage\"},\"thumbnailUrl\":\"https:\/\/static.africa-press.net\/tchad\/sites\/41\/2025\/07\/sm_1753023148.206699.jpg\",\"datePublished\":\"2025-07-20T17:55:46+00:00\",\"dateModified\":\"2025-07-20T18:23:05+00:00\",\"author\":{\"@id\":\"https:\/\/www.africa-press.net\/tchad\/#\/schema\/person\/2b1cf3cd81a31e3cd26889ca66d677f1\"},\"description\":\"Au Tchad, Ndolembai\u0308 Njesada est toujours empe\u0302che\u0301 de quitter le territoire tchadien. Le secre\u0301taire ge\u0301ne\u0301ral du parti ...\",\"breadcrumb\":{\"@id\":\"https:\/\/www.africa-press.net\/tchad\/parties\/secretaire-general-des-transformateurs-empeche-de-voyager#breadcrumb\"},\"inLanguage\":\"fr-FR\",\"potentialAction\":[{\"@type\":\"ReadAction\",\"target\":[\"https:\/\/www.africa-press.net\/tchad\/parties\/secretaire-general-des-transformateurs-empeche-de-voyager\"]}]},{\"@type\":\"ImageObject\",\"inLanguage\":\"fr-FR\",\"@id\":\"https:\/\/www.africa-press.net\/tchad\/parties\/secretaire-general-des-transformateurs-empeche-de-voyager#primaryimage\",\"url\":\"https:\/\/static.africa-press.net\/tchad\/sites\/41\/2025\/07\/sm_1753023148.206699.jpg\",\"contentUrl\":\"https:\/\/static.africa-press.net\/tchad\/sites\/41\/2025\/07\/sm_1753023148.206699.jpg\",\"width\":842,\"height\":480,\"caption\":\"Secr\u00e9taire G\u00e9n\u00e9ral Des Transformateurs Emp\u00each\u00e9 De Voyager\"},{\"@type\":\"BreadcrumbList\",\"@id\":\"https:\/\/www.africa-press.net\/tchad\/parties\/secretaire-general-des-transformateurs-empeche-de-voyager#breadcrumb\",\"itemListElement\":[{\"@type\":\"ListItem\",\"position\":1,\"name\":\"Accueil\",\"item\":\"https:\/\/www.africa-press.net\/tchad\/\"},{\"@type\":\"ListItem\",\"position\":2,\"name\":\"Secr\u00e9taire G\u00e9n\u00e9ral Des Transformateurs Emp\u00each\u00e9 De Voyager\"}]},{\"@type\":\"WebSite\",\"@id\":\"https:\/\/www.africa-press.net\/tchad\/#website\",\"url\":\"https:\/\/www.africa-press.net\/tchad\/\",\"name\":\"tchad\",\"description\":\"Just another Africa News Agency Sites site\",\"potentialAction\":[{\"@type\":\"SearchAction\",\"target\":{\"@type\":\"EntryPoint\",\"urlTemplate\":\"https:\/\/www.africa-press.net\/tchad\/?s={search_term_string}\"},\"query-input\":{\"@type\":\"PropertyValueSpecification\",\"valueRequired\":true,\"valueName\":\"search_term_string\"}}],\"inLanguage\":\"fr-FR\"},{\"@type\":\"Person\",\"@id\":\"https:\/\/www.africa-press.net\/tchad\/#\/schema\/person\/2b1cf3cd81a31e3cd26889ca66d677f1\",\"name\":\"cfeditorfr\"}]}<\/script>\n<!-- \/ Yoast SEO Premium plugin. -->","yoast_head_json":{"title":"Secr\u00e9taire G\u00e9n\u00e9ral Des Transformateurs Emp\u00each\u00e9 De Voyager - tchad","description":"Au Tchad, Ndolembai\u0308 Njesada est toujours empe\u0302che\u0301 de quitter le territoire tchadien. Le secre\u0301taire ge\u0301ne\u0301ral du parti ...","robots":{"index":"index","follow":"follow","max-snippet":"max-snippet:-1","max-image-preview":"max-image-preview:large","max-video-preview":"max-video-preview:-1"},"canonical":"https:\/\/www.africa-press.net\/tchad\/parties\/secretaire-general-des-transformateurs-empeche-de-voyager","og_locale":"fr_FR","og_type":"article","og_title":"Secr\u00e9taire G\u00e9n\u00e9ral Des Transformateurs Emp\u00each\u00e9 De Voyager","og_description":"Au Tchad, Ndolembai\u0308 Njesada est toujours empe\u0302che\u0301 de quitter le territoire tchadien. Le secre\u0301taire ge\u0301ne\u0301ral du parti ...","og_url":"https:\/\/www.africa-press.net\/tchad\/parties\/secretaire-general-des-transformateurs-empeche-de-voyager","og_site_name":"tchad","article_published_time":"2025-07-20T17:55:46+00:00","article_modified_time":"2025-07-20T18:23:05+00:00","og_image":[{"width":842,"height":480,"url":"https:\/\/static.africa-press.net\/tchad\/sites\/41\/2025\/07\/sm_1753023148.206699.jpg","type":"image\/jpeg"}],"author":"cfeditorfr","twitter_card":"summary_large_image","twitter_misc":{"\u00c9crit par":"cfeditorfr","Dur\u00e9e de lecture estim\u00e9e":"2 minutes"},"schema":{"@context":"https:\/\/schema.org","@graph":[{"@type":"Article","@id":"https:\/\/www.africa-press.net\/tchad\/parties\/secretaire-general-des-transformateurs-empeche-de-voyager#article","isPartOf":{"@id":"https:\/\/www.africa-press.net\/tchad\/parties\/secretaire-general-des-transformateurs-empeche-de-voyager"},"author":{"name":"cfeditorfr","@id":"https:\/\/www.africa-press.net\/tchad\/#\/schema\/person\/2b1cf3cd81a31e3cd26889ca66d677f1"},"headline":"Secr\u00e9taire G\u00e9n\u00e9ral Des Transformateurs Emp\u00each\u00e9 De Voyager","datePublished":"2025-07-20T17:55:46+00:00","dateModified":"2025-07-20T18:23:05+00:00","mainEntityOfPage":{"@id":"https:\/\/www.africa-press.net\/tchad\/parties\/secretaire-general-des-transformateurs-empeche-de-voyager"},"wordCount":359,"commentCount":0,"image":{"@id":"https:\/\/www.africa-press.net\/tchad\/parties\/secretaire-general-des-transformateurs-empeche-de-voyager#primaryimage"},"thumbnailUrl":"https:\/\/static.africa-press.net\/tchad\/sites\/41\/2025\/07\/sm_1753023148.206699.jpg","keywords":["Tchad"],"articleSection":["homepage-french","Parties","Top Nouvelles","Toutes les actualit\u00e9s"],"inLanguage":"fr-FR","potentialAction":[{"@type":"CommentAction","name":"Comment","target":["https:\/\/www.africa-press.net\/tchad\/parties\/secretaire-general-des-transformateurs-empeche-de-voyager#respond"]}]},{"@type":"WebPage","@id":"https:\/\/www.africa-press.net\/tchad\/parties\/secretaire-general-des-transformateurs-empeche-de-voyager","url":"https:\/\/www.africa-press.net\/tchad\/parties\/secretaire-general-des-transformateurs-empeche-de-voyager","name":"Secr\u00e9taire G\u00e9n\u00e9ral Des Transformateurs Emp\u00each\u00e9 De Voyager - tchad","isPartOf":{"@id":"https:\/\/www.africa-press.net\/tchad\/#website"},"primaryImageOfPage":{"@id":"https:\/\/www.africa-press.net\/tchad\/parties\/secretaire-general-des-transformateurs-empeche-de-voyager#primaryimage"},"image":{"@id":"https:\/\/www.africa-press.net\/tchad\/parties\/secretaire-general-des-transformateurs-empeche-de-voyager#primaryimage"},"thumbnailUrl":"https:\/\/static.africa-press.net\/tchad\/sites\/41\/2025\/07\/sm_1753023148.206699.jpg","datePublished":"2025-07-20T17:55:46+00:00","dateModified":"2025-07-20T18:23:05+00:00","author":{"@id":"https:\/\/www.africa-press.net\/tchad\/#\/schema\/person\/2b1cf3cd81a31e3cd26889ca66d677f1"},"description":"Au Tchad, Ndolembai\u0308 Njesada est toujours empe\u0302che\u0301 de quitter le territoire tchadien. Le secre\u0301taire ge\u0301ne\u0301ral du parti ...","breadcrumb":{"@id":"https:\/\/www.africa-press.net\/tchad\/parties\/secretaire-general-des-transformateurs-empeche-de-voyager#breadcrumb"},"inLanguage":"fr-FR","potentialAction":[{"@type":"ReadAction","target":["https:\/\/www.africa-press.net\/tchad\/parties\/secretaire-general-des-transformateurs-empeche-de-voyager"]}]},{"@type":"ImageObject","inLanguage":"fr-FR","@id":"https:\/\/www.africa-press.net\/tchad\/parties\/secretaire-general-des-transformateurs-empeche-de-voyager#primaryimage","url":"https:\/\/static.africa-press.net\/tchad\/sites\/41\/2025\/07\/sm_1753023148.206699.jpg","contentUrl":"https:\/\/static.africa-press.net\/tchad\/sites\/41\/2025\/07\/sm_1753023148.206699.jpg","width":842,"height":480,"caption":"Secr\u00e9taire G\u00e9n\u00e9ral Des Transformateurs Emp\u00each\u00e9 De Voyager"},{"@type":"BreadcrumbList","@id":"https:\/\/www.africa-press.net\/tchad\/parties\/secretaire-general-des-transformateurs-empeche-de-voyager#breadcrumb","itemListElement":[{"@type":"ListItem","position":1,"name":"Accueil","item":"https:\/\/www.africa-press.net\/tchad\/"},{"@type":"ListItem","position":2,"name":"Secr\u00e9taire G\u00e9n\u00e9ral Des Transformateurs Emp\u00each\u00e9 De Voyager"}]},{"@type":"WebSite","@id":"https:\/\/www.africa-press.net\/tchad\/#website","url":"https:\/\/www.africa-press.net\/tchad\/","name":"tchad","description":"Just another Africa News Agency Sites site","potentialAction":[{"@type":"SearchAction","target":{"@type":"EntryPoint","urlTemplate":"https:\/\/www.africa-press.net\/tchad\/?s={search_term_string}"},"query-input":{"@type":"PropertyValueSpecification","valueRequired":true,"valueName":"search_term_string"}}],"inLanguage":"fr-FR"},{"@type":"Person","@id":"https:\/\/www.africa-press.net\/tchad\/#\/schema\/person\/2b1cf3cd81a31e3cd26889ca66d677f1","name":"cfeditorfr"}]}},"_links":{"self":[{"href":"https:\/\/www.africa-press.net\/tchad\/wp-json\/wp\/v2\/posts\/90053","targetHints":{"allow":["GET"]}}],"collection":[{"href":"https:\/\/www.africa-press.net\/tchad\/wp-json\/wp\/v2\/posts"}],"about":[{"href":"https:\/\/www.africa-press.net\/tchad\/wp-json\/wp\/v2\/types\/post"}],"author":[{"embeddable":true,"href":"https:\/\/www.africa-press.net\/tchad\/wp-json\/wp\/v2\/users\/82"}],"replies":[{"embeddable":true,"href":"https:\/\/www.africa-press.net\/tchad\/wp-json\/wp\/v2\/comments?post=90053"}],"version-history":[{"count":0,"href":"https:\/\/www.africa-press.net\/tchad\/wp-json\/wp\/v2\/posts\/90053\/revisions"}],"wp:featuredmedia":[{"embeddable":true,"href":"https:\/\/www.africa-press.net\/tchad\/wp-json\/wp\/v2\/media\/90052"}],"wp:attachment":[{"href":"https:\/\/www.africa-press.net\/tchad\/wp-json\/wp\/v2\/media?parent=90053"}],"wp:term":[{"taxonomy":"category","embeddable":true,"href":"https:\/\/www.africa-press.net\/tchad\/wp-json\/wp\/v2\/categories?post=90053"},{"taxonomy":"post_tag","embeddable":true,"href":"https:\/\/www.africa-press.net\/tchad\/wp-json\/wp\/v2\/tags?post=90053"}],"curies":[{"name":"wp","href":"https:\/\/api.w.org\/{rel}","templated":true}]}}