{"id":93165,"date":"2025-09-20T18:37:15","date_gmt":"2025-09-20T18:37:15","guid":{"rendered":"https:\/\/www.africa-press.net\/tchad\/politique\/tchad-reste-175e-mondial-et-48e-africain"},"modified":"2025-09-20T19:20:06","modified_gmt":"2025-09-20T19:20:06","slug":"tchad-reste-175e-mondial-et-48e-africain","status":"publish","type":"post","link":"https:\/\/www.africa-press.net\/tchad\/sports\/tchad-reste-175e-mondial-et-48e-africain","title":{"rendered":"Tchad Reste 175e Mondial et 48e Africain"},"content":{"rendered":"<p><span style=\"color: #ff6600\"><strong>Africa-Press &#8211; Tchad. <\/strong><\/span>En te\u0302te du continent africain, le Maroc confirme son statut de leader. Les Lions de l&rsquo;Atlas, qui profitent de leurs deux victoires lors de la dernie\u0300re fene\u0302tre internationale et de leur titre remporte\u0301 au CHAN 2024, grimpent a\u0300 la 11e place mondiale, juste apre\u0300s l&rsquo;Italie, et conservent la 1e\u0300re place africaine, devant le Se\u0301ne\u0301gal.<\/p>\n<p>L&rsquo;E\u0301gypte perd une place et devient la 3e nation africaine, tandis que l&rsquo;Alge\u0301rie est la plus grande perdante du top 5. Les Fennecs chutent de deux rangs et se classent de\u0301sormais 4e. La Co\u0302te d&rsquo;Ivoire comple\u0300te ce top 5 africain. On note e\u0301galement la belle remonte\u0301e de la Tunisie, qui gagne trois places pour se hisser au 7e rang continental. Le Mali, quant a\u0300 lui, glisse et ferme la marche du top 10.<\/p>\n<p>En ce qui concerne l&rsquo;e\u0301quipe nationale du Tchad, les Sao conservent leur 175e place au classement mondial et leur 48e rang africain, malgre\u0301 le match nul (1-1) conce\u0301de\u0301 face au Ghana ici a\u0300 N\u2019Djame\u0301na, au Stade Olympique Mare\u0301chal Idriss Deby Itno, et la de\u0301faite (3-1) contre Madagascar lors des dernie\u0300res e\u0301liminatoires.<\/p>\n<p><strong>Pour plus d&rsquo;informations et d&rsquo;analyses sur la <span style=\"color: #ff6600\">Tchad<\/span>, suivez <span style=\"color: #ff6600\">Africa-Press<\/span><\/strong><\/p>\n","protected":false},"excerpt":{"rendered":"<p>Africa-Press &#8211; Tchad. En te\u0302te du continent africain, le Maroc confirme son statut de leader. Les Lions de l&rsquo;Atlas, qui profitent de leurs deux victoires lors de la dernie\u0300re fene\u0302tre internationale et de leur titre remporte\u0301 au CHAN 2024, grimpent a\u0300 la 11e place mondiale, juste apre\u0300s l&rsquo;Italie, et conservent la 1e\u0300re place africaine, devant [&hellip;]<\/p>\n","protected":false},"author":82,"featured_media":93164,"comment_status":"open","ping_status":"closed","sticky":false,"template":"","format":"standard","meta":{"footnotes":""},"categories":[6,10],"tags":[29],"class_list":["post-93165","post","type-post","status-publish","format-standard","has-post-thumbnail","hentry","category-sports","category-toutes-les-actualites","tag-tchad"],"yoast_head":"<!-- This site is optimized with the Yoast SEO Premium plugin v26.1 (Yoast SEO v27.0) - https:\/\/yoast.com\/product\/yoast-seo-premium-wordpress\/ -->\n<title>Tchad Reste 175e Mondial et 48e Africain - tchad<\/title>\n<meta name=\"description\" content=\"En te\u0302te du continent africain, le Maroc confirme son statut de leader. Les Lions de l&#039;Atlas, qui profitent de leurs deu ...\" \/>\n<meta name=\"robots\" content=\"index, follow, max-snippet:-1, max-image-preview:large, max-video-preview:-1\" \/>\n<link rel=\"canonical\" href=\"https:\/\/www.africa-press.net\/tchad\/sports\/tchad-reste-175e-mondial-et-48e-africain\" \/>\n<meta property=\"og:locale\" content=\"fr_FR\" \/>\n<meta property=\"og:type\" content=\"article\" \/>\n<meta property=\"og:title\" content=\"Tchad Reste 175e Mondial et 48e Africain\" \/>\n<meta property=\"og:description\" content=\"En te\u0302te du continent africain, le Maroc confirme son statut de leader. Les Lions de l&#039;Atlas, qui profitent de leurs deu ...\" \/>\n<meta property=\"og:url\" content=\"https:\/\/www.africa-press.net\/tchad\/sports\/tchad-reste-175e-mondial-et-48e-africain\" \/>\n<meta property=\"og:site_name\" content=\"tchad\" \/>\n<meta property=\"article:published_time\" content=\"2025-09-20T18:37:15+00:00\" \/>\n<meta property=\"article:modified_time\" content=\"2025-09-20T19:20:06+00:00\" \/>\n<meta property=\"og:image\" content=\"https:\/\/static.africa-press.net\/tchad\/sites\/41\/2025\/09\/sm_1758383387.5576.jpg\" \/>\n\t<meta property=\"og:image:width\" content=\"1600\" \/>\n\t<meta property=\"og:image:height\" content=\"1067\" \/>\n\t<meta property=\"og:image:type\" content=\"image\/jpeg\" \/>\n<meta name=\"author\" content=\"cfeditorfr\" \/>\n<meta name=\"twitter:card\" content=\"summary_large_image\" \/>\n<meta name=\"twitter:label1\" content=\"\u00c9crit par\" \/>\n\t<meta name=\"twitter:data1\" content=\"cfeditorfr\" \/>\n\t<meta name=\"twitter:label2\" content=\"Dur\u00e9e de lecture estim\u00e9e\" \/>\n\t<meta name=\"twitter:data2\" content=\"2 minutes\" \/>\n<script type=\"application\/ld+json\" class=\"yoast-schema-graph\">{\"@context\":\"https:\/\/schema.org\",\"@graph\":[{\"@type\":\"Article\",\"@id\":\"https:\/\/www.africa-press.net\/tchad\/sports\/tchad-reste-175e-mondial-et-48e-africain#article\",\"isPartOf\":{\"@id\":\"https:\/\/www.africa-press.net\/tchad\/sports\/tchad-reste-175e-mondial-et-48e-africain\"},\"author\":{\"name\":\"cfeditorfr\",\"@id\":\"https:\/\/www.africa-press.net\/tchad\/#\/schema\/person\/2b1cf3cd81a31e3cd26889ca66d677f1\"},\"headline\":\"Tchad Reste 175e Mondial et 48e Africain\",\"datePublished\":\"2025-09-20T18:37:15+00:00\",\"dateModified\":\"2025-09-20T19:20:06+00:00\",\"mainEntityOfPage\":{\"@id\":\"https:\/\/www.africa-press.net\/tchad\/sports\/tchad-reste-175e-mondial-et-48e-africain\"},\"wordCount\":224,\"commentCount\":0,\"image\":{\"@id\":\"https:\/\/www.africa-press.net\/tchad\/sports\/tchad-reste-175e-mondial-et-48e-africain#primaryimage\"},\"thumbnailUrl\":\"https:\/\/static.africa-press.net\/tchad\/sites\/41\/2025\/09\/sm_1758383387.5576.jpg\",\"keywords\":[\"Tchad\"],\"articleSection\":[\"Sports\",\"Toutes les actualit\u00e9s\"],\"inLanguage\":\"fr-FR\",\"potentialAction\":[{\"@type\":\"CommentAction\",\"name\":\"Comment\",\"target\":[\"https:\/\/www.africa-press.net\/tchad\/sports\/tchad-reste-175e-mondial-et-48e-africain#respond\"]}]},{\"@type\":\"WebPage\",\"@id\":\"https:\/\/www.africa-press.net\/tchad\/sports\/tchad-reste-175e-mondial-et-48e-africain\",\"url\":\"https:\/\/www.africa-press.net\/tchad\/sports\/tchad-reste-175e-mondial-et-48e-africain\",\"name\":\"Tchad Reste 175e Mondial et 48e Africain - tchad\",\"isPartOf\":{\"@id\":\"https:\/\/www.africa-press.net\/tchad\/#website\"},\"primaryImageOfPage\":{\"@id\":\"https:\/\/www.africa-press.net\/tchad\/sports\/tchad-reste-175e-mondial-et-48e-africain#primaryimage\"},\"image\":{\"@id\":\"https:\/\/www.africa-press.net\/tchad\/sports\/tchad-reste-175e-mondial-et-48e-africain#primaryimage\"},\"thumbnailUrl\":\"https:\/\/static.africa-press.net\/tchad\/sites\/41\/2025\/09\/sm_1758383387.5576.jpg\",\"datePublished\":\"2025-09-20T18:37:15+00:00\",\"dateModified\":\"2025-09-20T19:20:06+00:00\",\"author\":{\"@id\":\"https:\/\/www.africa-press.net\/tchad\/#\/schema\/person\/2b1cf3cd81a31e3cd26889ca66d677f1\"},\"description\":\"En te\u0302te du continent africain, le Maroc confirme son statut de leader. Les Lions de l'Atlas, qui profitent de leurs deu ...\",\"breadcrumb\":{\"@id\":\"https:\/\/www.africa-press.net\/tchad\/sports\/tchad-reste-175e-mondial-et-48e-africain#breadcrumb\"},\"inLanguage\":\"fr-FR\",\"potentialAction\":[{\"@type\":\"ReadAction\",\"target\":[\"https:\/\/www.africa-press.net\/tchad\/sports\/tchad-reste-175e-mondial-et-48e-africain\"]}]},{\"@type\":\"ImageObject\",\"inLanguage\":\"fr-FR\",\"@id\":\"https:\/\/www.africa-press.net\/tchad\/sports\/tchad-reste-175e-mondial-et-48e-africain#primaryimage\",\"url\":\"https:\/\/static.africa-press.net\/tchad\/sites\/41\/2025\/09\/sm_1758383387.5576.jpg\",\"contentUrl\":\"https:\/\/static.africa-press.net\/tchad\/sites\/41\/2025\/09\/sm_1758383387.5576.jpg\",\"width\":1600,\"height\":1067,\"caption\":\"Tchad Reste 175e Mondial et 48e Africain\"},{\"@type\":\"BreadcrumbList\",\"@id\":\"https:\/\/www.africa-press.net\/tchad\/sports\/tchad-reste-175e-mondial-et-48e-africain#breadcrumb\",\"itemListElement\":[{\"@type\":\"ListItem\",\"position\":1,\"name\":\"Accueil\",\"item\":\"https:\/\/www.africa-press.net\/tchad\/\"},{\"@type\":\"ListItem\",\"position\":2,\"name\":\"Tchad Reste 175e Mondial et 48e Africain\"}]},{\"@type\":\"WebSite\",\"@id\":\"https:\/\/www.africa-press.net\/tchad\/#website\",\"url\":\"https:\/\/www.africa-press.net\/tchad\/\",\"name\":\"tchad\",\"description\":\"Just another Africa News Agency Sites site\",\"potentialAction\":[{\"@type\":\"SearchAction\",\"target\":{\"@type\":\"EntryPoint\",\"urlTemplate\":\"https:\/\/www.africa-press.net\/tchad\/?s={search_term_string}\"},\"query-input\":{\"@type\":\"PropertyValueSpecification\",\"valueRequired\":true,\"valueName\":\"search_term_string\"}}],\"inLanguage\":\"fr-FR\"},{\"@type\":\"Person\",\"@id\":\"https:\/\/www.africa-press.net\/tchad\/#\/schema\/person\/2b1cf3cd81a31e3cd26889ca66d677f1\",\"name\":\"cfeditorfr\"}]}<\/script>\n<!-- \/ Yoast SEO Premium plugin. -->","yoast_head_json":{"title":"Tchad Reste 175e Mondial et 48e Africain - tchad","description":"En te\u0302te du continent africain, le Maroc confirme son statut de leader. Les Lions de l'Atlas, qui profitent de leurs deu ...","robots":{"index":"index","follow":"follow","max-snippet":"max-snippet:-1","max-image-preview":"max-image-preview:large","max-video-preview":"max-video-preview:-1"},"canonical":"https:\/\/www.africa-press.net\/tchad\/sports\/tchad-reste-175e-mondial-et-48e-africain","og_locale":"fr_FR","og_type":"article","og_title":"Tchad Reste 175e Mondial et 48e Africain","og_description":"En te\u0302te du continent africain, le Maroc confirme son statut de leader. Les Lions de l'Atlas, qui profitent de leurs deu ...","og_url":"https:\/\/www.africa-press.net\/tchad\/sports\/tchad-reste-175e-mondial-et-48e-africain","og_site_name":"tchad","article_published_time":"2025-09-20T18:37:15+00:00","article_modified_time":"2025-09-20T19:20:06+00:00","og_image":[{"width":1600,"height":1067,"url":"https:\/\/static.africa-press.net\/tchad\/sites\/41\/2025\/09\/sm_1758383387.5576.jpg","type":"image\/jpeg"}],"author":"cfeditorfr","twitter_card":"summary_large_image","twitter_misc":{"\u00c9crit par":"cfeditorfr","Dur\u00e9e de lecture estim\u00e9e":"2 minutes"},"schema":{"@context":"https:\/\/schema.org","@graph":[{"@type":"Article","@id":"https:\/\/www.africa-press.net\/tchad\/sports\/tchad-reste-175e-mondial-et-48e-africain#article","isPartOf":{"@id":"https:\/\/www.africa-press.net\/tchad\/sports\/tchad-reste-175e-mondial-et-48e-africain"},"author":{"name":"cfeditorfr","@id":"https:\/\/www.africa-press.net\/tchad\/#\/schema\/person\/2b1cf3cd81a31e3cd26889ca66d677f1"},"headline":"Tchad Reste 175e Mondial et 48e Africain","datePublished":"2025-09-20T18:37:15+00:00","dateModified":"2025-09-20T19:20:06+00:00","mainEntityOfPage":{"@id":"https:\/\/www.africa-press.net\/tchad\/sports\/tchad-reste-175e-mondial-et-48e-africain"},"wordCount":224,"commentCount":0,"image":{"@id":"https:\/\/www.africa-press.net\/tchad\/sports\/tchad-reste-175e-mondial-et-48e-africain#primaryimage"},"thumbnailUrl":"https:\/\/static.africa-press.net\/tchad\/sites\/41\/2025\/09\/sm_1758383387.5576.jpg","keywords":["Tchad"],"articleSection":["Sports","Toutes les actualit\u00e9s"],"inLanguage":"fr-FR","potentialAction":[{"@type":"CommentAction","name":"Comment","target":["https:\/\/www.africa-press.net\/tchad\/sports\/tchad-reste-175e-mondial-et-48e-africain#respond"]}]},{"@type":"WebPage","@id":"https:\/\/www.africa-press.net\/tchad\/sports\/tchad-reste-175e-mondial-et-48e-africain","url":"https:\/\/www.africa-press.net\/tchad\/sports\/tchad-reste-175e-mondial-et-48e-africain","name":"Tchad Reste 175e Mondial et 48e Africain - tchad","isPartOf":{"@id":"https:\/\/www.africa-press.net\/tchad\/#website"},"primaryImageOfPage":{"@id":"https:\/\/www.africa-press.net\/tchad\/sports\/tchad-reste-175e-mondial-et-48e-africain#primaryimage"},"image":{"@id":"https:\/\/www.africa-press.net\/tchad\/sports\/tchad-reste-175e-mondial-et-48e-africain#primaryimage"},"thumbnailUrl":"https:\/\/static.africa-press.net\/tchad\/sites\/41\/2025\/09\/sm_1758383387.5576.jpg","datePublished":"2025-09-20T18:37:15+00:00","dateModified":"2025-09-20T19:20:06+00:00","author":{"@id":"https:\/\/www.africa-press.net\/tchad\/#\/schema\/person\/2b1cf3cd81a31e3cd26889ca66d677f1"},"description":"En te\u0302te du continent africain, le Maroc confirme son statut de leader. Les Lions de l'Atlas, qui profitent de leurs deu ...","breadcrumb":{"@id":"https:\/\/www.africa-press.net\/tchad\/sports\/tchad-reste-175e-mondial-et-48e-africain#breadcrumb"},"inLanguage":"fr-FR","potentialAction":[{"@type":"ReadAction","target":["https:\/\/www.africa-press.net\/tchad\/sports\/tchad-reste-175e-mondial-et-48e-africain"]}]},{"@type":"ImageObject","inLanguage":"fr-FR","@id":"https:\/\/www.africa-press.net\/tchad\/sports\/tchad-reste-175e-mondial-et-48e-africain#primaryimage","url":"https:\/\/static.africa-press.net\/tchad\/sites\/41\/2025\/09\/sm_1758383387.5576.jpg","contentUrl":"https:\/\/static.africa-press.net\/tchad\/sites\/41\/2025\/09\/sm_1758383387.5576.jpg","width":1600,"height":1067,"caption":"Tchad Reste 175e Mondial et 48e Africain"},{"@type":"BreadcrumbList","@id":"https:\/\/www.africa-press.net\/tchad\/sports\/tchad-reste-175e-mondial-et-48e-africain#breadcrumb","itemListElement":[{"@type":"ListItem","position":1,"name":"Accueil","item":"https:\/\/www.africa-press.net\/tchad\/"},{"@type":"ListItem","position":2,"name":"Tchad Reste 175e Mondial et 48e Africain"}]},{"@type":"WebSite","@id":"https:\/\/www.africa-press.net\/tchad\/#website","url":"https:\/\/www.africa-press.net\/tchad\/","name":"tchad","description":"Just another Africa News Agency Sites site","potentialAction":[{"@type":"SearchAction","target":{"@type":"EntryPoint","urlTemplate":"https:\/\/www.africa-press.net\/tchad\/?s={search_term_string}"},"query-input":{"@type":"PropertyValueSpecification","valueRequired":true,"valueName":"search_term_string"}}],"inLanguage":"fr-FR"},{"@type":"Person","@id":"https:\/\/www.africa-press.net\/tchad\/#\/schema\/person\/2b1cf3cd81a31e3cd26889ca66d677f1","name":"cfeditorfr"}]}},"_links":{"self":[{"href":"https:\/\/www.africa-press.net\/tchad\/wp-json\/wp\/v2\/posts\/93165","targetHints":{"allow":["GET"]}}],"collection":[{"href":"https:\/\/www.africa-press.net\/tchad\/wp-json\/wp\/v2\/posts"}],"about":[{"href":"https:\/\/www.africa-press.net\/tchad\/wp-json\/wp\/v2\/types\/post"}],"author":[{"embeddable":true,"href":"https:\/\/www.africa-press.net\/tchad\/wp-json\/wp\/v2\/users\/82"}],"replies":[{"embeddable":true,"href":"https:\/\/www.africa-press.net\/tchad\/wp-json\/wp\/v2\/comments?post=93165"}],"version-history":[{"count":0,"href":"https:\/\/www.africa-press.net\/tchad\/wp-json\/wp\/v2\/posts\/93165\/revisions"}],"wp:featuredmedia":[{"embeddable":true,"href":"https:\/\/www.africa-press.net\/tchad\/wp-json\/wp\/v2\/media\/93164"}],"wp:attachment":[{"href":"https:\/\/www.africa-press.net\/tchad\/wp-json\/wp\/v2\/media?parent=93165"}],"wp:term":[{"taxonomy":"category","embeddable":true,"href":"https:\/\/www.africa-press.net\/tchad\/wp-json\/wp\/v2\/categories?post=93165"},{"taxonomy":"post_tag","embeddable":true,"href":"https:\/\/www.africa-press.net\/tchad\/wp-json\/wp\/v2\/tags?post=93165"}],"curies":[{"name":"wp","href":"https:\/\/api.w.org\/{rel}","templated":true}]}}