{"id":9360,"date":"2021-08-09T11:16:28","date_gmt":"2021-08-09T11:16:28","guid":{"rendered":"https:\/\/www.africa-press.net\/tchad\/?p=9360"},"modified":"2021-08-09T17:57:07","modified_gmt":"2021-08-09T17:57:07","slug":"tchad-au-moins-22-morts-dans-un-affrontement-intercommunautaire-dans-le-hadjer-lamis","status":"publish","type":"post","link":"https:\/\/www.africa-press.net\/tchad\/politique\/tchad-au-moins-22-morts-dans-un-affrontement-intercommunautaire-dans-le-hadjer-lamis","title":{"rendered":"au moins 22 morts dans un affrontement intercommunautaire dans le Hadjer Lamis"},"content":{"rendered":"<p><span style=\"color: #ff6600\"><strong><a href=\"https:\/\/www.africa-press.net\/\">Africa-Press<\/a> &#8211; <a href=\"https:\/\/www.africa-press.net\/tchad\">Tchad<\/a>. <\/strong><\/span>Le village Haradjah, dans la province du Hadjer Lamis a \u00e9t\u00e9 le th\u00e9atre d\u2019un violent affrontement sanglant le samedi 07 ao\u00fbt 2021. Au moins 22 personnes sont mortes et une vingtaine de bless\u00e9s<\/p>\n<p>Le village Haradjah, dans la province du Hadjer Lamis a \u00e9t\u00e9 le th\u00e9atre d\u2019un violent affrontement sanglant le samedi 07 ao\u00fbt 2021. Au moins 22 personnes sont mortes et une vingtaine de bless\u00e9s<\/p>\n<p>Le conflit opposant les agriculteurs aux \u00e9leveurs fait de nouveau couler du sang. Le week-end dernier plus de vingt habitants du village Haradjah, dans le canton Moyto situ\u00e9 dans le d\u00e9partement de Ngoura, province du Hadjer Lamis, sont morts dans un conflit intercommunautaire, plusieurs bless\u00e9s ont \u00e9galement \u00e9t\u00e9 enregistr\u00e9s. Le conflit oppose les Boulala, des cultivateurs s\u00e9dentaires, aux Arabes, des \u00e9leveurs nomades\u00bb dans le village de Zohana, a d\u00e9clar\u00e9 \u00e0 l\u2019AFP Amina Kodjiana, gouverneure de la province de Hadjer-Lamis, dans le centre du Tchad.<\/p>\n<p>Tout est parti des discussions sur un terrain agricole avant de d\u00e9g\u00e9n\u00e9rer. Les agriculteurs font savoir que la propri\u00e9t\u00e9 leur appartient et permet de faire des travaux champ\u00eatres. Les \u00e9leveurs quant \u00e0 veulent s\u2019accaparer cette portion de terre, pour en faire un lieu de p\u00e2turage et de parcage pour b\u00e9tail.<\/p>\n<p>Le ministre de la S\u00e9curit\u00e9 publique et de l\u2019Immigration, Souleyman Abakar Adam, le ministre de l\u2019Administration du territoire accompagn\u00e9s de deux autres ministres sont arriv\u00e9s sur le site des affrontements pour prendre le pool de la situation. Apr\u00e8s une rencontre avec les bellig\u00e9rants, une \u00e9quipe de force de s\u00e9curit\u00e9 a \u00e9t\u00e9 mise en place, s\u00e9curiser la zone et veiller sur les populations. Quelques pr\u00e9sum\u00e9s instigateurs ont d\u2019ores et d\u00e9j\u00e0 \u00e9t\u00e9 arr\u00eat\u00e9s.<\/p>\n","protected":false},"excerpt":{"rendered":"<p>Africa-Press &#8211; Tchad. Le village Haradjah, dans la province du Hadjer Lamis a \u00e9t\u00e9 le th\u00e9atre d\u2019un violent affrontement sanglant le samedi 07 ao\u00fbt 2021. Au moins 22 personnes sont mortes et une vingtaine de bless\u00e9s Le village Haradjah, dans la province du Hadjer Lamis a \u00e9t\u00e9 le th\u00e9atre d\u2019un violent affrontement sanglant le samedi [&hellip;]<\/p>\n","protected":false},"author":82,"featured_media":9359,"comment_status":"open","ping_status":"closed","sticky":false,"template":"","format":"standard","meta":{"footnotes":""},"categories":[11,2,20,10],"tags":[37,292,1170,219,29],"class_list":["post-9360","post","type-post","status-publish","format-standard","has-post-thumbnail","hentry","category-homepage-french","category-politique","category-top-nouvelles","category-toutes-les-actualites","tag-africa-press","tag-africa-press-tchad","tag-conflit-intercomunautaire","tag-hadjer-lamis","tag-tchad"],"yoast_head":"<!-- This site is optimized with the Yoast SEO Premium plugin v26.1 (Yoast SEO v27.0) - https:\/\/yoast.com\/product\/yoast-seo-premium-wordpress\/ -->\n<title>au moins 22 morts dans un affrontement intercommunautaire dans le Hadjer Lamis - tchad<\/title>\n<meta name=\"description\" content=\"Le village Haradjah, dans la province du Hadjer Lamis a \u00e9t\u00e9 le th\u00e9atre d\u2019un violent affrontement sanglant le samedi 07 a ...\" \/>\n<meta name=\"robots\" content=\"index, follow, max-snippet:-1, max-image-preview:large, max-video-preview:-1\" \/>\n<link rel=\"canonical\" href=\"https:\/\/www.africa-press.net\/tchad\/politique\/tchad-au-moins-22-morts-dans-un-affrontement-intercommunautaire-dans-le-hadjer-lamis\" \/>\n<meta property=\"og:locale\" content=\"fr_FR\" \/>\n<meta property=\"og:type\" content=\"article\" \/>\n<meta property=\"og:title\" content=\"au moins 22 morts dans un affrontement intercommunautaire dans le Hadjer Lamis\" \/>\n<meta property=\"og:description\" content=\"Le village Haradjah, dans la province du Hadjer Lamis a \u00e9t\u00e9 le th\u00e9atre d\u2019un violent affrontement sanglant le samedi 07 a ...\" \/>\n<meta property=\"og:url\" content=\"https:\/\/www.africa-press.net\/tchad\/politique\/tchad-au-moins-22-morts-dans-un-affrontement-intercommunautaire-dans-le-hadjer-lamis\" \/>\n<meta property=\"og:site_name\" content=\"tchad\" \/>\n<meta property=\"article:published_time\" content=\"2021-08-09T11:16:28+00:00\" \/>\n<meta property=\"article:modified_time\" content=\"2021-08-09T17:57:07+00:00\" \/>\n<meta property=\"og:image\" content=\"https:\/\/static.africa-press.net\/tchad\/sites\/41\/2021\/08\/img-61110af946148.jpg\" \/>\n\t<meta property=\"og:image:width\" content=\"780\" \/>\n\t<meta property=\"og:image:height\" content=\"440\" \/>\n\t<meta property=\"og:image:type\" content=\"image\/jpeg\" \/>\n<meta name=\"author\" content=\"cfeditorfr\" \/>\n<meta name=\"twitter:card\" content=\"summary_large_image\" \/>\n<meta name=\"twitter:label1\" content=\"\u00c9crit par\" \/>\n\t<meta name=\"twitter:data1\" content=\"cfeditorfr\" \/>\n\t<meta name=\"twitter:label2\" content=\"Dur\u00e9e de lecture estim\u00e9e\" \/>\n\t<meta name=\"twitter:data2\" content=\"2 minutes\" \/>\n<script type=\"application\/ld+json\" class=\"yoast-schema-graph\">{\"@context\":\"https:\/\/schema.org\",\"@graph\":[{\"@type\":\"Article\",\"@id\":\"https:\/\/www.africa-press.net\/tchad\/politique\/tchad-au-moins-22-morts-dans-un-affrontement-intercommunautaire-dans-le-hadjer-lamis#article\",\"isPartOf\":{\"@id\":\"https:\/\/www.africa-press.net\/tchad\/politique\/tchad-au-moins-22-morts-dans-un-affrontement-intercommunautaire-dans-le-hadjer-lamis\"},\"author\":{\"name\":\"cfeditorfr\",\"@id\":\"https:\/\/www.africa-press.net\/tchad\/#\/schema\/person\/2b1cf3cd81a31e3cd26889ca66d677f1\"},\"headline\":\"au moins 22 morts dans un affrontement intercommunautaire dans le Hadjer Lamis\",\"datePublished\":\"2021-08-09T11:16:28+00:00\",\"dateModified\":\"2021-08-09T17:57:07+00:00\",\"mainEntityOfPage\":{\"@id\":\"https:\/\/www.africa-press.net\/tchad\/politique\/tchad-au-moins-22-morts-dans-un-affrontement-intercommunautaire-dans-le-hadjer-lamis\"},\"wordCount\":314,\"commentCount\":0,\"image\":{\"@id\":\"https:\/\/www.africa-press.net\/tchad\/politique\/tchad-au-moins-22-morts-dans-un-affrontement-intercommunautaire-dans-le-hadjer-lamis#primaryimage\"},\"thumbnailUrl\":\"https:\/\/static.africa-press.net\/tchad\/sites\/41\/2021\/08\/img-61110af946148.jpg\",\"keywords\":[\"Africa Press\",\"Africa Press-Tchad\",\"conflit intercomunautaire\",\"Hadjer-Lamis\",\"Tchad\"],\"articleSection\":[\"homepage-french\",\"Politique\",\"Top Nouvelles\",\"Toutes les actualit\u00e9s\"],\"inLanguage\":\"fr-FR\",\"potentialAction\":[{\"@type\":\"CommentAction\",\"name\":\"Comment\",\"target\":[\"https:\/\/www.africa-press.net\/tchad\/politique\/tchad-au-moins-22-morts-dans-un-affrontement-intercommunautaire-dans-le-hadjer-lamis#respond\"]}]},{\"@type\":\"WebPage\",\"@id\":\"https:\/\/www.africa-press.net\/tchad\/politique\/tchad-au-moins-22-morts-dans-un-affrontement-intercommunautaire-dans-le-hadjer-lamis\",\"url\":\"https:\/\/www.africa-press.net\/tchad\/politique\/tchad-au-moins-22-morts-dans-un-affrontement-intercommunautaire-dans-le-hadjer-lamis\",\"name\":\"au moins 22 morts dans un affrontement intercommunautaire dans le Hadjer Lamis - tchad\",\"isPartOf\":{\"@id\":\"https:\/\/www.africa-press.net\/tchad\/#website\"},\"primaryImageOfPage\":{\"@id\":\"https:\/\/www.africa-press.net\/tchad\/politique\/tchad-au-moins-22-morts-dans-un-affrontement-intercommunautaire-dans-le-hadjer-lamis#primaryimage\"},\"image\":{\"@id\":\"https:\/\/www.africa-press.net\/tchad\/politique\/tchad-au-moins-22-morts-dans-un-affrontement-intercommunautaire-dans-le-hadjer-lamis#primaryimage\"},\"thumbnailUrl\":\"https:\/\/static.africa-press.net\/tchad\/sites\/41\/2021\/08\/img-61110af946148.jpg\",\"datePublished\":\"2021-08-09T11:16:28+00:00\",\"dateModified\":\"2021-08-09T17:57:07+00:00\",\"author\":{\"@id\":\"https:\/\/www.africa-press.net\/tchad\/#\/schema\/person\/2b1cf3cd81a31e3cd26889ca66d677f1\"},\"description\":\"Le village Haradjah, dans la province du Hadjer Lamis a \u00e9t\u00e9 le th\u00e9atre d\u2019un violent affrontement sanglant le samedi 07 a ...\",\"breadcrumb\":{\"@id\":\"https:\/\/www.africa-press.net\/tchad\/politique\/tchad-au-moins-22-morts-dans-un-affrontement-intercommunautaire-dans-le-hadjer-lamis#breadcrumb\"},\"inLanguage\":\"fr-FR\",\"potentialAction\":[{\"@type\":\"ReadAction\",\"target\":[\"https:\/\/www.africa-press.net\/tchad\/politique\/tchad-au-moins-22-morts-dans-un-affrontement-intercommunautaire-dans-le-hadjer-lamis\"]}]},{\"@type\":\"ImageObject\",\"inLanguage\":\"fr-FR\",\"@id\":\"https:\/\/www.africa-press.net\/tchad\/politique\/tchad-au-moins-22-morts-dans-un-affrontement-intercommunautaire-dans-le-hadjer-lamis#primaryimage\",\"url\":\"https:\/\/static.africa-press.net\/tchad\/sites\/41\/2021\/08\/img-61110af946148.jpg\",\"contentUrl\":\"https:\/\/static.africa-press.net\/tchad\/sites\/41\/2021\/08\/img-61110af946148.jpg\",\"width\":780,\"height\":440,\"caption\":\"Tchad : au moins 22 morts dans un affrontement intercommunautaire dans le Hadjer Lamis\"},{\"@type\":\"BreadcrumbList\",\"@id\":\"https:\/\/www.africa-press.net\/tchad\/politique\/tchad-au-moins-22-morts-dans-un-affrontement-intercommunautaire-dans-le-hadjer-lamis#breadcrumb\",\"itemListElement\":[{\"@type\":\"ListItem\",\"position\":1,\"name\":\"Accueil\",\"item\":\"https:\/\/www.africa-press.net\/tchad\/\"},{\"@type\":\"ListItem\",\"position\":2,\"name\":\"au moins 22 morts dans un affrontement intercommunautaire dans le Hadjer Lamis\"}]},{\"@type\":\"WebSite\",\"@id\":\"https:\/\/www.africa-press.net\/tchad\/#website\",\"url\":\"https:\/\/www.africa-press.net\/tchad\/\",\"name\":\"tchad\",\"description\":\"Just another Africa News Agency Sites site\",\"potentialAction\":[{\"@type\":\"SearchAction\",\"target\":{\"@type\":\"EntryPoint\",\"urlTemplate\":\"https:\/\/www.africa-press.net\/tchad\/?s={search_term_string}\"},\"query-input\":{\"@type\":\"PropertyValueSpecification\",\"valueRequired\":true,\"valueName\":\"search_term_string\"}}],\"inLanguage\":\"fr-FR\"},{\"@type\":\"Person\",\"@id\":\"https:\/\/www.africa-press.net\/tchad\/#\/schema\/person\/2b1cf3cd81a31e3cd26889ca66d677f1\",\"name\":\"cfeditorfr\"}]}<\/script>\n<!-- \/ Yoast SEO Premium plugin. -->","yoast_head_json":{"title":"au moins 22 morts dans un affrontement intercommunautaire dans le Hadjer Lamis - tchad","description":"Le village Haradjah, dans la province du Hadjer Lamis a \u00e9t\u00e9 le th\u00e9atre d\u2019un violent affrontement sanglant le samedi 07 a ...","robots":{"index":"index","follow":"follow","max-snippet":"max-snippet:-1","max-image-preview":"max-image-preview:large","max-video-preview":"max-video-preview:-1"},"canonical":"https:\/\/www.africa-press.net\/tchad\/politique\/tchad-au-moins-22-morts-dans-un-affrontement-intercommunautaire-dans-le-hadjer-lamis","og_locale":"fr_FR","og_type":"article","og_title":"au moins 22 morts dans un affrontement intercommunautaire dans le Hadjer Lamis","og_description":"Le village Haradjah, dans la province du Hadjer Lamis a \u00e9t\u00e9 le th\u00e9atre d\u2019un violent affrontement sanglant le samedi 07 a ...","og_url":"https:\/\/www.africa-press.net\/tchad\/politique\/tchad-au-moins-22-morts-dans-un-affrontement-intercommunautaire-dans-le-hadjer-lamis","og_site_name":"tchad","article_published_time":"2021-08-09T11:16:28+00:00","article_modified_time":"2021-08-09T17:57:07+00:00","og_image":[{"width":780,"height":440,"url":"https:\/\/static.africa-press.net\/tchad\/sites\/41\/2021\/08\/img-61110af946148.jpg","type":"image\/jpeg"}],"author":"cfeditorfr","twitter_card":"summary_large_image","twitter_misc":{"\u00c9crit par":"cfeditorfr","Dur\u00e9e de lecture estim\u00e9e":"2 minutes"},"schema":{"@context":"https:\/\/schema.org","@graph":[{"@type":"Article","@id":"https:\/\/www.africa-press.net\/tchad\/politique\/tchad-au-moins-22-morts-dans-un-affrontement-intercommunautaire-dans-le-hadjer-lamis#article","isPartOf":{"@id":"https:\/\/www.africa-press.net\/tchad\/politique\/tchad-au-moins-22-morts-dans-un-affrontement-intercommunautaire-dans-le-hadjer-lamis"},"author":{"name":"cfeditorfr","@id":"https:\/\/www.africa-press.net\/tchad\/#\/schema\/person\/2b1cf3cd81a31e3cd26889ca66d677f1"},"headline":"au moins 22 morts dans un affrontement intercommunautaire dans le Hadjer Lamis","datePublished":"2021-08-09T11:16:28+00:00","dateModified":"2021-08-09T17:57:07+00:00","mainEntityOfPage":{"@id":"https:\/\/www.africa-press.net\/tchad\/politique\/tchad-au-moins-22-morts-dans-un-affrontement-intercommunautaire-dans-le-hadjer-lamis"},"wordCount":314,"commentCount":0,"image":{"@id":"https:\/\/www.africa-press.net\/tchad\/politique\/tchad-au-moins-22-morts-dans-un-affrontement-intercommunautaire-dans-le-hadjer-lamis#primaryimage"},"thumbnailUrl":"https:\/\/static.africa-press.net\/tchad\/sites\/41\/2021\/08\/img-61110af946148.jpg","keywords":["Africa Press","Africa Press-Tchad","conflit intercomunautaire","Hadjer-Lamis","Tchad"],"articleSection":["homepage-french","Politique","Top Nouvelles","Toutes les actualit\u00e9s"],"inLanguage":"fr-FR","potentialAction":[{"@type":"CommentAction","name":"Comment","target":["https:\/\/www.africa-press.net\/tchad\/politique\/tchad-au-moins-22-morts-dans-un-affrontement-intercommunautaire-dans-le-hadjer-lamis#respond"]}]},{"@type":"WebPage","@id":"https:\/\/www.africa-press.net\/tchad\/politique\/tchad-au-moins-22-morts-dans-un-affrontement-intercommunautaire-dans-le-hadjer-lamis","url":"https:\/\/www.africa-press.net\/tchad\/politique\/tchad-au-moins-22-morts-dans-un-affrontement-intercommunautaire-dans-le-hadjer-lamis","name":"au moins 22 morts dans un affrontement intercommunautaire dans le Hadjer Lamis - tchad","isPartOf":{"@id":"https:\/\/www.africa-press.net\/tchad\/#website"},"primaryImageOfPage":{"@id":"https:\/\/www.africa-press.net\/tchad\/politique\/tchad-au-moins-22-morts-dans-un-affrontement-intercommunautaire-dans-le-hadjer-lamis#primaryimage"},"image":{"@id":"https:\/\/www.africa-press.net\/tchad\/politique\/tchad-au-moins-22-morts-dans-un-affrontement-intercommunautaire-dans-le-hadjer-lamis#primaryimage"},"thumbnailUrl":"https:\/\/static.africa-press.net\/tchad\/sites\/41\/2021\/08\/img-61110af946148.jpg","datePublished":"2021-08-09T11:16:28+00:00","dateModified":"2021-08-09T17:57:07+00:00","author":{"@id":"https:\/\/www.africa-press.net\/tchad\/#\/schema\/person\/2b1cf3cd81a31e3cd26889ca66d677f1"},"description":"Le village Haradjah, dans la province du Hadjer Lamis a \u00e9t\u00e9 le th\u00e9atre d\u2019un violent affrontement sanglant le samedi 07 a ...","breadcrumb":{"@id":"https:\/\/www.africa-press.net\/tchad\/politique\/tchad-au-moins-22-morts-dans-un-affrontement-intercommunautaire-dans-le-hadjer-lamis#breadcrumb"},"inLanguage":"fr-FR","potentialAction":[{"@type":"ReadAction","target":["https:\/\/www.africa-press.net\/tchad\/politique\/tchad-au-moins-22-morts-dans-un-affrontement-intercommunautaire-dans-le-hadjer-lamis"]}]},{"@type":"ImageObject","inLanguage":"fr-FR","@id":"https:\/\/www.africa-press.net\/tchad\/politique\/tchad-au-moins-22-morts-dans-un-affrontement-intercommunautaire-dans-le-hadjer-lamis#primaryimage","url":"https:\/\/static.africa-press.net\/tchad\/sites\/41\/2021\/08\/img-61110af946148.jpg","contentUrl":"https:\/\/static.africa-press.net\/tchad\/sites\/41\/2021\/08\/img-61110af946148.jpg","width":780,"height":440,"caption":"Tchad : au moins 22 morts dans un affrontement intercommunautaire dans le Hadjer Lamis"},{"@type":"BreadcrumbList","@id":"https:\/\/www.africa-press.net\/tchad\/politique\/tchad-au-moins-22-morts-dans-un-affrontement-intercommunautaire-dans-le-hadjer-lamis#breadcrumb","itemListElement":[{"@type":"ListItem","position":1,"name":"Accueil","item":"https:\/\/www.africa-press.net\/tchad\/"},{"@type":"ListItem","position":2,"name":"au moins 22 morts dans un affrontement intercommunautaire dans le Hadjer Lamis"}]},{"@type":"WebSite","@id":"https:\/\/www.africa-press.net\/tchad\/#website","url":"https:\/\/www.africa-press.net\/tchad\/","name":"tchad","description":"Just another Africa News Agency Sites site","potentialAction":[{"@type":"SearchAction","target":{"@type":"EntryPoint","urlTemplate":"https:\/\/www.africa-press.net\/tchad\/?s={search_term_string}"},"query-input":{"@type":"PropertyValueSpecification","valueRequired":true,"valueName":"search_term_string"}}],"inLanguage":"fr-FR"},{"@type":"Person","@id":"https:\/\/www.africa-press.net\/tchad\/#\/schema\/person\/2b1cf3cd81a31e3cd26889ca66d677f1","name":"cfeditorfr"}]}},"_links":{"self":[{"href":"https:\/\/www.africa-press.net\/tchad\/wp-json\/wp\/v2\/posts\/9360","targetHints":{"allow":["GET"]}}],"collection":[{"href":"https:\/\/www.africa-press.net\/tchad\/wp-json\/wp\/v2\/posts"}],"about":[{"href":"https:\/\/www.africa-press.net\/tchad\/wp-json\/wp\/v2\/types\/post"}],"author":[{"embeddable":true,"href":"https:\/\/www.africa-press.net\/tchad\/wp-json\/wp\/v2\/users\/82"}],"replies":[{"embeddable":true,"href":"https:\/\/www.africa-press.net\/tchad\/wp-json\/wp\/v2\/comments?post=9360"}],"version-history":[{"count":0,"href":"https:\/\/www.africa-press.net\/tchad\/wp-json\/wp\/v2\/posts\/9360\/revisions"}],"wp:featuredmedia":[{"embeddable":true,"href":"https:\/\/www.africa-press.net\/tchad\/wp-json\/wp\/v2\/media\/9359"}],"wp:attachment":[{"href":"https:\/\/www.africa-press.net\/tchad\/wp-json\/wp\/v2\/media?parent=9360"}],"wp:term":[{"taxonomy":"category","embeddable":true,"href":"https:\/\/www.africa-press.net\/tchad\/wp-json\/wp\/v2\/categories?post=9360"},{"taxonomy":"post_tag","embeddable":true,"href":"https:\/\/www.africa-press.net\/tchad\/wp-json\/wp\/v2\/tags?post=9360"}],"curies":[{"name":"wp","href":"https:\/\/api.w.org\/{rel}","templated":true}]}}