{"id":9382,"date":"2021-08-10T13:55:46","date_gmt":"2021-08-10T13:55:46","guid":{"rendered":"https:\/\/www.africa-press.net\/tchad\/?p=9382"},"modified":"2021-08-11T20:39:43","modified_gmt":"2021-08-11T20:39:43","slug":"tchad-deux-policiers-impliques-dans-laffrontement-sanglant-du-hadjer-lamis-arretes","status":"publish","type":"post","link":"https:\/\/www.africa-press.net\/tchad\/politique\/tchad-deux-policiers-impliques-dans-laffrontement-sanglant-du-hadjer-lamis-arretes","title":{"rendered":"deux policiers impliqu\u00e9s dans l\u2019affrontement sanglant du Hadjer Lamis arr\u00eat\u00e9s"},"content":{"rendered":"<p><span style=\"color: #ff6600\"><strong><a href=\"https:\/\/www.africa-press.net\/\">Africa-Press<\/a> &#8211; <a href=\"https:\/\/www.africa-press.net\/tchad\">Tchad<\/a>. <\/strong><\/span>Les visages des personnes impliqu\u00e9es dans l\u2019affrontement sanglant du canton Mo\u00efto, d\u00e9partement de Ngoura, province du Hadjer Lamis commencent \u00e0 \u00eatre d\u00e9voil\u00e9s<\/p>\n<p><b>Plus de 20 personnes ont perdu la vie dans le conflit intercommunautaire opposant \u2018\u2019les<\/b><\/p>\n<p>Boulala, des cultivateurs s\u00e9dentaires, aux Arabes, des \u00e9leveurs nomades\u2019\u2019. Une d\u00e9l\u00e9gation minist\u00e9rielle s\u2019est rendue sur les lieux pour s\u2019impr\u00e9gner de la situation et \u00e9ventuellement chercher des pistes de solution pour un retour d\u00e9finitif au calme. Apr\u00e8s concertation avec les forces vives de la circonscription, le ministre de la S\u00e9curit\u00e9 publique, Souleymane Abakar Adam a intim\u00e9 l\u2019ordre de r\u00e9pertorier et de mettre aux arr\u00eats tous les instigateurs dudit conflit.<\/p>\n<p><b>Plus de 20 personnes ont perdu la vie dans le conflit intercommunautaire opposant \u2018\u2019les<\/b><\/p>\n<p><b>ministre de la S\u00e9curit\u00e9 publique, Souleymane Abakar Adam a intim\u00e9 l\u2019ordre de r\u00e9pertorier et de mettre aux arr\u00eats tous les instigateurs dudit conflit.<\/b><\/p>\n<p><b>Ainsi, deux agents<\/b><\/p>\n<p>des forces de l\u2019ordre ont \u00e9t\u00e9 arr\u00eat\u00e9s. Il a \u00e9t\u00e9 rapport\u00e9 aux membres du gouvernement que ces derniers ont particip\u00e9 au combat en faisant usage des armes \u00e0 feu. \u00ab Nous avons \u00e9galement proc\u00e9d\u00e9 \u00e0 l\u2019arrestation imm\u00e9diate de tous les d\u00e9tenteurs des armes \u00e0 feu et ordonn\u00e9 \u00e0 la justice locale de les juger avec les proc\u00e9dures d\u2019urgence pour leur transf\u00e8rement \u00e0 des prisons de haute s\u00e9curit\u00e9 \u00bb, fait savoir le ministre en charge de la s\u00e9curit\u00e9.<\/p>\n<p><b>Ainsi, deux agents<\/b><\/p>\n<p><b>Nous avons \u00e9galement proc\u00e9d\u00e9 \u00e0 l\u2019arrestation imm\u00e9diate de tous les d\u00e9tenteurs des armes \u00e0 feu et ordonn\u00e9 \u00e0 la justice locale de les juger avec les proc\u00e9dures d\u2019urgence pour leur transf\u00e8rement \u00e0 des prisons de haute s\u00e9curit\u00e9<\/b><\/p>\n<p>Le ministre de la Justice Mahamat Ahmat Alhabo, regrette que du sang soit vers\u00e9 \u00e0 cause des probl\u00e8mes de terre : \u00ab Le Tchad a une superficie de 1.284 000km2 et pour une superficie qui ne d\u00e9passe pas 1 hectare, 22 personnes sont mortes. Chacun pense qu\u2019il peut se faire justice lui-m\u00eame et n\u2019a pas besoin d\u2019attendre l\u2019autorit\u00e9 de l\u2019\u00c9tat ni une d\u00e9cision de justice \u00bb. Il s\u2019indigne \u00e9galement de la volont\u00e9 de certains citoyens de vouloir se faire justice face \u00e0 certaines situations.<\/p>\n<p><b>Le Tchad a une superficie de 1.284 000km2 et pour une superficie qui ne d\u00e9passe pas 1 hectare, 22 personnes sont mortes. Chacun pense qu\u2019il peut se faire justice lui-m\u00eame et n\u2019a pas besoin d\u2019attendre l\u2019autorit\u00e9 de l\u2019\u00c9tat ni une d\u00e9cision de justice<\/b><\/p>\n<p>&nbsp;<\/p>\n<p>Rappelons que le conflit oppose les agriculteurs et les \u00e9leveurs, il est n\u00e9 de la discussion d\u2019un terrain. Pour le moment, la d\u00e9l\u00e9gation minist\u00e9rielle a d\u00e9cid\u00e9 que la surface soit utilis\u00e9e par les deux parties.<\/p>\n","protected":false},"excerpt":{"rendered":"<p>Africa-Press &#8211; Tchad. Les visages des personnes impliqu\u00e9es dans l\u2019affrontement sanglant du canton Mo\u00efto, d\u00e9partement de Ngoura, province du Hadjer Lamis commencent \u00e0 \u00eatre d\u00e9voil\u00e9s Plus de 20 personnes ont perdu la vie dans le conflit intercommunautaire opposant \u2018\u2019les Boulala, des cultivateurs s\u00e9dentaires, aux Arabes, des \u00e9leveurs nomades\u2019\u2019. Une d\u00e9l\u00e9gation minist\u00e9rielle s\u2019est rendue sur les [&hellip;]<\/p>\n","protected":false},"author":82,"featured_media":9381,"comment_status":"open","ping_status":"closed","sticky":false,"template":"","format":"standard","meta":{"footnotes":""},"categories":[11,2,20,10],"tags":[37,292,219,1172,29],"class_list":["post-9382","post","type-post","status-publish","format-standard","has-post-thumbnail","hentry","category-homepage-french","category-politique","category-top-nouvelles","category-toutes-les-actualites","tag-africa-press","tag-africa-press-tchad","tag-hadjer-lamis","tag-moito","tag-tchad"],"yoast_head":"<!-- This site is optimized with the Yoast SEO Premium plugin v26.1 (Yoast SEO v27.0) - https:\/\/yoast.com\/product\/yoast-seo-premium-wordpress\/ -->\n<title>deux policiers impliqu\u00e9s dans l\u2019affrontement sanglant du Hadjer Lamis arr\u00eat\u00e9s - tchad<\/title>\n<meta name=\"description\" content=\"Les visages des personnes impliqu\u00e9es dans l\u2019affrontement sanglant du canton Mo\u00efto, d\u00e9partement de Ngoura, province du Ha ...\" \/>\n<meta name=\"robots\" content=\"index, follow, max-snippet:-1, max-image-preview:large, max-video-preview:-1\" \/>\n<link rel=\"canonical\" href=\"https:\/\/www.africa-press.net\/tchad\/politique\/tchad-deux-policiers-impliques-dans-laffrontement-sanglant-du-hadjer-lamis-arretes\" \/>\n<meta property=\"og:locale\" content=\"fr_FR\" \/>\n<meta property=\"og:type\" content=\"article\" \/>\n<meta property=\"og:title\" content=\"deux policiers impliqu\u00e9s dans l\u2019affrontement sanglant du Hadjer Lamis arr\u00eat\u00e9s\" \/>\n<meta property=\"og:description\" content=\"Les visages des personnes impliqu\u00e9es dans l\u2019affrontement sanglant du canton Mo\u00efto, d\u00e9partement de Ngoura, province du Ha ...\" \/>\n<meta property=\"og:url\" content=\"https:\/\/www.africa-press.net\/tchad\/politique\/tchad-deux-policiers-impliques-dans-laffrontement-sanglant-du-hadjer-lamis-arretes\" \/>\n<meta property=\"og:site_name\" content=\"tchad\" \/>\n<meta property=\"article:published_time\" content=\"2021-08-10T13:55:46+00:00\" \/>\n<meta property=\"article:modified_time\" content=\"2021-08-11T20:39:43+00:00\" \/>\n<meta property=\"og:image\" content=\"https:\/\/static.africa-press.net\/tchad\/sites\/41\/2021\/08\/img-6112827faf4ba.jpg\" \/>\n\t<meta property=\"og:image:width\" content=\"780\" \/>\n\t<meta property=\"og:image:height\" content=\"440\" \/>\n\t<meta property=\"og:image:type\" content=\"image\/jpeg\" \/>\n<meta name=\"author\" content=\"cfeditorfr\" \/>\n<meta name=\"twitter:card\" content=\"summary_large_image\" \/>\n<meta name=\"twitter:label1\" content=\"\u00c9crit par\" \/>\n\t<meta name=\"twitter:data1\" content=\"cfeditorfr\" \/>\n\t<meta name=\"twitter:label2\" content=\"Dur\u00e9e de lecture estim\u00e9e\" \/>\n\t<meta name=\"twitter:data2\" content=\"2 minutes\" \/>\n<script type=\"application\/ld+json\" class=\"yoast-schema-graph\">{\"@context\":\"https:\/\/schema.org\",\"@graph\":[{\"@type\":\"Article\",\"@id\":\"https:\/\/www.africa-press.net\/tchad\/politique\/tchad-deux-policiers-impliques-dans-laffrontement-sanglant-du-hadjer-lamis-arretes#article\",\"isPartOf\":{\"@id\":\"https:\/\/www.africa-press.net\/tchad\/politique\/tchad-deux-policiers-impliques-dans-laffrontement-sanglant-du-hadjer-lamis-arretes\"},\"author\":{\"name\":\"cfeditorfr\",\"@id\":\"https:\/\/www.africa-press.net\/tchad\/#\/schema\/person\/2b1cf3cd81a31e3cd26889ca66d677f1\"},\"headline\":\"deux policiers impliqu\u00e9s dans l\u2019affrontement sanglant du Hadjer Lamis arr\u00eat\u00e9s\",\"datePublished\":\"2021-08-10T13:55:46+00:00\",\"dateModified\":\"2021-08-11T20:39:43+00:00\",\"mainEntityOfPage\":{\"@id\":\"https:\/\/www.africa-press.net\/tchad\/politique\/tchad-deux-policiers-impliques-dans-laffrontement-sanglant-du-hadjer-lamis-arretes\"},\"wordCount\":483,\"commentCount\":0,\"image\":{\"@id\":\"https:\/\/www.africa-press.net\/tchad\/politique\/tchad-deux-policiers-impliques-dans-laffrontement-sanglant-du-hadjer-lamis-arretes#primaryimage\"},\"thumbnailUrl\":\"https:\/\/static.africa-press.net\/tchad\/sites\/41\/2021\/08\/img-6112827faf4ba.jpg\",\"keywords\":[\"Africa Press\",\"Africa Press-Tchad\",\"Hadjer-Lamis\",\"Mo\u00efto\",\"Tchad\"],\"articleSection\":[\"homepage-french\",\"Politique\",\"Top Nouvelles\",\"Toutes les actualit\u00e9s\"],\"inLanguage\":\"fr-FR\",\"potentialAction\":[{\"@type\":\"CommentAction\",\"name\":\"Comment\",\"target\":[\"https:\/\/www.africa-press.net\/tchad\/politique\/tchad-deux-policiers-impliques-dans-laffrontement-sanglant-du-hadjer-lamis-arretes#respond\"]}]},{\"@type\":\"WebPage\",\"@id\":\"https:\/\/www.africa-press.net\/tchad\/politique\/tchad-deux-policiers-impliques-dans-laffrontement-sanglant-du-hadjer-lamis-arretes\",\"url\":\"https:\/\/www.africa-press.net\/tchad\/politique\/tchad-deux-policiers-impliques-dans-laffrontement-sanglant-du-hadjer-lamis-arretes\",\"name\":\"deux policiers impliqu\u00e9s dans l\u2019affrontement sanglant du Hadjer Lamis arr\u00eat\u00e9s - tchad\",\"isPartOf\":{\"@id\":\"https:\/\/www.africa-press.net\/tchad\/#website\"},\"primaryImageOfPage\":{\"@id\":\"https:\/\/www.africa-press.net\/tchad\/politique\/tchad-deux-policiers-impliques-dans-laffrontement-sanglant-du-hadjer-lamis-arretes#primaryimage\"},\"image\":{\"@id\":\"https:\/\/www.africa-press.net\/tchad\/politique\/tchad-deux-policiers-impliques-dans-laffrontement-sanglant-du-hadjer-lamis-arretes#primaryimage\"},\"thumbnailUrl\":\"https:\/\/static.africa-press.net\/tchad\/sites\/41\/2021\/08\/img-6112827faf4ba.jpg\",\"datePublished\":\"2021-08-10T13:55:46+00:00\",\"dateModified\":\"2021-08-11T20:39:43+00:00\",\"author\":{\"@id\":\"https:\/\/www.africa-press.net\/tchad\/#\/schema\/person\/2b1cf3cd81a31e3cd26889ca66d677f1\"},\"description\":\"Les visages des personnes impliqu\u00e9es dans l\u2019affrontement sanglant du canton Mo\u00efto, d\u00e9partement de Ngoura, province du Ha ...\",\"breadcrumb\":{\"@id\":\"https:\/\/www.africa-press.net\/tchad\/politique\/tchad-deux-policiers-impliques-dans-laffrontement-sanglant-du-hadjer-lamis-arretes#breadcrumb\"},\"inLanguage\":\"fr-FR\",\"potentialAction\":[{\"@type\":\"ReadAction\",\"target\":[\"https:\/\/www.africa-press.net\/tchad\/politique\/tchad-deux-policiers-impliques-dans-laffrontement-sanglant-du-hadjer-lamis-arretes\"]}]},{\"@type\":\"ImageObject\",\"inLanguage\":\"fr-FR\",\"@id\":\"https:\/\/www.africa-press.net\/tchad\/politique\/tchad-deux-policiers-impliques-dans-laffrontement-sanglant-du-hadjer-lamis-arretes#primaryimage\",\"url\":\"https:\/\/static.africa-press.net\/tchad\/sites\/41\/2021\/08\/img-6112827faf4ba.jpg\",\"contentUrl\":\"https:\/\/static.africa-press.net\/tchad\/sites\/41\/2021\/08\/img-6112827faf4ba.jpg\",\"width\":780,\"height\":440,\"caption\":\"Tchad : deux policiers impliqu\u00e9s dans l\u2019affrontement sanglant du Hadjer Lamis arr\u00eat\u00e9s\"},{\"@type\":\"BreadcrumbList\",\"@id\":\"https:\/\/www.africa-press.net\/tchad\/politique\/tchad-deux-policiers-impliques-dans-laffrontement-sanglant-du-hadjer-lamis-arretes#breadcrumb\",\"itemListElement\":[{\"@type\":\"ListItem\",\"position\":1,\"name\":\"Accueil\",\"item\":\"https:\/\/www.africa-press.net\/tchad\/\"},{\"@type\":\"ListItem\",\"position\":2,\"name\":\"deux policiers impliqu\u00e9s dans l\u2019affrontement sanglant du Hadjer Lamis arr\u00eat\u00e9s\"}]},{\"@type\":\"WebSite\",\"@id\":\"https:\/\/www.africa-press.net\/tchad\/#website\",\"url\":\"https:\/\/www.africa-press.net\/tchad\/\",\"name\":\"tchad\",\"description\":\"Just another Africa News Agency Sites site\",\"potentialAction\":[{\"@type\":\"SearchAction\",\"target\":{\"@type\":\"EntryPoint\",\"urlTemplate\":\"https:\/\/www.africa-press.net\/tchad\/?s={search_term_string}\"},\"query-input\":{\"@type\":\"PropertyValueSpecification\",\"valueRequired\":true,\"valueName\":\"search_term_string\"}}],\"inLanguage\":\"fr-FR\"},{\"@type\":\"Person\",\"@id\":\"https:\/\/www.africa-press.net\/tchad\/#\/schema\/person\/2b1cf3cd81a31e3cd26889ca66d677f1\",\"name\":\"cfeditorfr\"}]}<\/script>\n<!-- \/ Yoast SEO Premium plugin. -->","yoast_head_json":{"title":"deux policiers impliqu\u00e9s dans l\u2019affrontement sanglant du Hadjer Lamis arr\u00eat\u00e9s - tchad","description":"Les visages des personnes impliqu\u00e9es dans l\u2019affrontement sanglant du canton Mo\u00efto, d\u00e9partement de Ngoura, province du Ha ...","robots":{"index":"index","follow":"follow","max-snippet":"max-snippet:-1","max-image-preview":"max-image-preview:large","max-video-preview":"max-video-preview:-1"},"canonical":"https:\/\/www.africa-press.net\/tchad\/politique\/tchad-deux-policiers-impliques-dans-laffrontement-sanglant-du-hadjer-lamis-arretes","og_locale":"fr_FR","og_type":"article","og_title":"deux policiers impliqu\u00e9s dans l\u2019affrontement sanglant du Hadjer Lamis arr\u00eat\u00e9s","og_description":"Les visages des personnes impliqu\u00e9es dans l\u2019affrontement sanglant du canton Mo\u00efto, d\u00e9partement de Ngoura, province du Ha ...","og_url":"https:\/\/www.africa-press.net\/tchad\/politique\/tchad-deux-policiers-impliques-dans-laffrontement-sanglant-du-hadjer-lamis-arretes","og_site_name":"tchad","article_published_time":"2021-08-10T13:55:46+00:00","article_modified_time":"2021-08-11T20:39:43+00:00","og_image":[{"width":780,"height":440,"url":"https:\/\/static.africa-press.net\/tchad\/sites\/41\/2021\/08\/img-6112827faf4ba.jpg","type":"image\/jpeg"}],"author":"cfeditorfr","twitter_card":"summary_large_image","twitter_misc":{"\u00c9crit par":"cfeditorfr","Dur\u00e9e de lecture estim\u00e9e":"2 minutes"},"schema":{"@context":"https:\/\/schema.org","@graph":[{"@type":"Article","@id":"https:\/\/www.africa-press.net\/tchad\/politique\/tchad-deux-policiers-impliques-dans-laffrontement-sanglant-du-hadjer-lamis-arretes#article","isPartOf":{"@id":"https:\/\/www.africa-press.net\/tchad\/politique\/tchad-deux-policiers-impliques-dans-laffrontement-sanglant-du-hadjer-lamis-arretes"},"author":{"name":"cfeditorfr","@id":"https:\/\/www.africa-press.net\/tchad\/#\/schema\/person\/2b1cf3cd81a31e3cd26889ca66d677f1"},"headline":"deux policiers impliqu\u00e9s dans l\u2019affrontement sanglant du Hadjer Lamis arr\u00eat\u00e9s","datePublished":"2021-08-10T13:55:46+00:00","dateModified":"2021-08-11T20:39:43+00:00","mainEntityOfPage":{"@id":"https:\/\/www.africa-press.net\/tchad\/politique\/tchad-deux-policiers-impliques-dans-laffrontement-sanglant-du-hadjer-lamis-arretes"},"wordCount":483,"commentCount":0,"image":{"@id":"https:\/\/www.africa-press.net\/tchad\/politique\/tchad-deux-policiers-impliques-dans-laffrontement-sanglant-du-hadjer-lamis-arretes#primaryimage"},"thumbnailUrl":"https:\/\/static.africa-press.net\/tchad\/sites\/41\/2021\/08\/img-6112827faf4ba.jpg","keywords":["Africa Press","Africa Press-Tchad","Hadjer-Lamis","Mo\u00efto","Tchad"],"articleSection":["homepage-french","Politique","Top Nouvelles","Toutes les actualit\u00e9s"],"inLanguage":"fr-FR","potentialAction":[{"@type":"CommentAction","name":"Comment","target":["https:\/\/www.africa-press.net\/tchad\/politique\/tchad-deux-policiers-impliques-dans-laffrontement-sanglant-du-hadjer-lamis-arretes#respond"]}]},{"@type":"WebPage","@id":"https:\/\/www.africa-press.net\/tchad\/politique\/tchad-deux-policiers-impliques-dans-laffrontement-sanglant-du-hadjer-lamis-arretes","url":"https:\/\/www.africa-press.net\/tchad\/politique\/tchad-deux-policiers-impliques-dans-laffrontement-sanglant-du-hadjer-lamis-arretes","name":"deux policiers impliqu\u00e9s dans l\u2019affrontement sanglant du Hadjer Lamis arr\u00eat\u00e9s - tchad","isPartOf":{"@id":"https:\/\/www.africa-press.net\/tchad\/#website"},"primaryImageOfPage":{"@id":"https:\/\/www.africa-press.net\/tchad\/politique\/tchad-deux-policiers-impliques-dans-laffrontement-sanglant-du-hadjer-lamis-arretes#primaryimage"},"image":{"@id":"https:\/\/www.africa-press.net\/tchad\/politique\/tchad-deux-policiers-impliques-dans-laffrontement-sanglant-du-hadjer-lamis-arretes#primaryimage"},"thumbnailUrl":"https:\/\/static.africa-press.net\/tchad\/sites\/41\/2021\/08\/img-6112827faf4ba.jpg","datePublished":"2021-08-10T13:55:46+00:00","dateModified":"2021-08-11T20:39:43+00:00","author":{"@id":"https:\/\/www.africa-press.net\/tchad\/#\/schema\/person\/2b1cf3cd81a31e3cd26889ca66d677f1"},"description":"Les visages des personnes impliqu\u00e9es dans l\u2019affrontement sanglant du canton Mo\u00efto, d\u00e9partement de Ngoura, province du Ha ...","breadcrumb":{"@id":"https:\/\/www.africa-press.net\/tchad\/politique\/tchad-deux-policiers-impliques-dans-laffrontement-sanglant-du-hadjer-lamis-arretes#breadcrumb"},"inLanguage":"fr-FR","potentialAction":[{"@type":"ReadAction","target":["https:\/\/www.africa-press.net\/tchad\/politique\/tchad-deux-policiers-impliques-dans-laffrontement-sanglant-du-hadjer-lamis-arretes"]}]},{"@type":"ImageObject","inLanguage":"fr-FR","@id":"https:\/\/www.africa-press.net\/tchad\/politique\/tchad-deux-policiers-impliques-dans-laffrontement-sanglant-du-hadjer-lamis-arretes#primaryimage","url":"https:\/\/static.africa-press.net\/tchad\/sites\/41\/2021\/08\/img-6112827faf4ba.jpg","contentUrl":"https:\/\/static.africa-press.net\/tchad\/sites\/41\/2021\/08\/img-6112827faf4ba.jpg","width":780,"height":440,"caption":"Tchad : deux policiers impliqu\u00e9s dans l\u2019affrontement sanglant du Hadjer Lamis arr\u00eat\u00e9s"},{"@type":"BreadcrumbList","@id":"https:\/\/www.africa-press.net\/tchad\/politique\/tchad-deux-policiers-impliques-dans-laffrontement-sanglant-du-hadjer-lamis-arretes#breadcrumb","itemListElement":[{"@type":"ListItem","position":1,"name":"Accueil","item":"https:\/\/www.africa-press.net\/tchad\/"},{"@type":"ListItem","position":2,"name":"deux policiers impliqu\u00e9s dans l\u2019affrontement sanglant du Hadjer Lamis arr\u00eat\u00e9s"}]},{"@type":"WebSite","@id":"https:\/\/www.africa-press.net\/tchad\/#website","url":"https:\/\/www.africa-press.net\/tchad\/","name":"tchad","description":"Just another Africa News Agency Sites site","potentialAction":[{"@type":"SearchAction","target":{"@type":"EntryPoint","urlTemplate":"https:\/\/www.africa-press.net\/tchad\/?s={search_term_string}"},"query-input":{"@type":"PropertyValueSpecification","valueRequired":true,"valueName":"search_term_string"}}],"inLanguage":"fr-FR"},{"@type":"Person","@id":"https:\/\/www.africa-press.net\/tchad\/#\/schema\/person\/2b1cf3cd81a31e3cd26889ca66d677f1","name":"cfeditorfr"}]}},"_links":{"self":[{"href":"https:\/\/www.africa-press.net\/tchad\/wp-json\/wp\/v2\/posts\/9382","targetHints":{"allow":["GET"]}}],"collection":[{"href":"https:\/\/www.africa-press.net\/tchad\/wp-json\/wp\/v2\/posts"}],"about":[{"href":"https:\/\/www.africa-press.net\/tchad\/wp-json\/wp\/v2\/types\/post"}],"author":[{"embeddable":true,"href":"https:\/\/www.africa-press.net\/tchad\/wp-json\/wp\/v2\/users\/82"}],"replies":[{"embeddable":true,"href":"https:\/\/www.africa-press.net\/tchad\/wp-json\/wp\/v2\/comments?post=9382"}],"version-history":[{"count":0,"href":"https:\/\/www.africa-press.net\/tchad\/wp-json\/wp\/v2\/posts\/9382\/revisions"}],"wp:featuredmedia":[{"embeddable":true,"href":"https:\/\/www.africa-press.net\/tchad\/wp-json\/wp\/v2\/media\/9381"}],"wp:attachment":[{"href":"https:\/\/www.africa-press.net\/tchad\/wp-json\/wp\/v2\/media?parent=9382"}],"wp:term":[{"taxonomy":"category","embeddable":true,"href":"https:\/\/www.africa-press.net\/tchad\/wp-json\/wp\/v2\/categories?post=9382"},{"taxonomy":"post_tag","embeddable":true,"href":"https:\/\/www.africa-press.net\/tchad\/wp-json\/wp\/v2\/tags?post=9382"}],"curies":[{"name":"wp","href":"https:\/\/api.w.org\/{rel}","templated":true}]}}