{"id":96208,"date":"2025-11-18T11:40:00","date_gmt":"2025-11-18T11:40:00","guid":{"rendered":"https:\/\/www.africa-press.net\/tchad\/politique\/creation-dune-force-conjointe-libye-tchad"},"modified":"2025-11-18T12:55:16","modified_gmt":"2025-11-18T12:55:16","slug":"creation-dune-force-conjointe-libye-tchad","status":"publish","type":"post","link":"https:\/\/www.africa-press.net\/tchad\/dossiers\/creation-dune-force-conjointe-libye-tchad","title":{"rendered":"Cr\u00e9ation d&rsquo;une Force Conjointe Libye-Tchad"},"content":{"rendered":"<p><b>Par Frida Dahmani<\/b><\/p>\n<p><span style=\"color: #ff6600\"><strong>Africa-Press &#8211; Tchad. <\/strong><\/span>L\u2019annonce intervient alors que les mouvements rebelles tchadiens se font de plus en plus offensifs a\u0300 la frontie\u0300re entre les deux pays. Qui subissent aussi les conse\u0301quences du conflit soudanais, source de de\u0301stabilisation sur leur flanc est.<\/p>\n<p>La monte\u0301e en puissance de Saddam Haftar, successeur adoube\u0301 par son pe\u0300re Khalifa Haftar, s\u2019accompagne d\u2019une que\u0302te d\u2019influence croissante dans la re\u0301gion. Les me\u0301dias favorables au clan fonde\u0301 par le mare\u0301chal affirment ainsi qu\u2019une force conjointe a e\u0301te\u0301 cre\u0301e\u0301e fin octobre entre le \u00ab commandement ge\u0301ne\u0301ral \u00bb de l\u2019arme\u0301e Haftar et l\u2019arme\u0301e tchadienne, celle-ci e\u0301tant place\u0301e sous la direction de son commandant adjoint, Saddam Haftar.<\/p>\n<p>L\u2019annonce intervient dans un contexte de changements importants au sein de la structure de commandement militaire de l\u2019autorite\u0301 qui domine l\u2019est de la Libye, suite a\u0300 la nomination du ge\u0301ne\u0301ral de division Ahmed Al-Dressi en tant que chef d\u2019e\u0301tat-major des forces terrestres. Il remplace a\u0300 ce poste le fils du mare\u0301chal Haftar, promu commandant en chef adjoint. Ce ge\u0301ne\u0301ral est aussi un proche d\u2019un autre fils du mare\u0301chal, Khaled.<\/p>\n<p><b>Des e\u0301quilibres frontaliers pre\u0301caires<\/b><\/p>\n<p>S\u2019il be\u0301ne\u0301ficie de nombreux appuis dans la re\u0301gion frontalie\u0300re, Ahmed Al-Dressi devra composer avec les e\u0301quilibres tre\u0300s fragiles a\u0300 la frontie\u0300re entre la Libye et le Tchad, et notamment avec l\u2019ethnie des Toubous. Tout en restant vigilant sur le conflit au Soudan qui menace de contaminer la re\u0301gion, et sur l\u2019influence des E\u0301mirats arabes unis, inte\u0301resse\u0301s par les richesses minie\u0300res de la re\u0301gion comme les mines d\u2019or du Darfour. Une pre\u0301sence a\u0300 laquelle le pre\u0301sident tchadien Mahamat Idriss De\u0301by Itno est favorable, mais qui n\u2019est pas appre\u0301cie\u0301e par tout le monde dans le pays.<\/p>\n<p>La Libye accueille quant a\u0300 elle trois bases militaires e\u0301miraties. Elle est re\u0301cemment intervenue pour faciliter le transfert d\u2019une ranc\u0327on \u2013 dont une partie sous forme d\u2019armes \u2013 suite a\u0300 l\u2019enle\u0300vement au Mali, fin octobre, de Joumoua Ben Maktoum Al Maktoum, membre de la famille re\u0301gnante a\u0300 Dubai\u0308, et de deux de ses compagnons.<\/p>\n<p>L\u2019annonce de la cre\u0301ation de cette force conjointe entre les deux voisins intervient, par ailleurs, dans un contexte re\u0301gional de plus en plus tendu. Les mouvements rebelles tchadiens tentent actuellement d\u2019unifier leurs rangs et se re\u0301fugient fre\u0301quemment dans les zones frontalie\u0300res. Tandis que plus a\u0300 l\u2019Est, au Soudan, le conflit entre les Forces arme\u0301es soudanaises et les Forces de soutien rapide de\u0301stabilise e\u0301galement les re\u0301gions limitrophes avec le Tchad.<\/p>\n<p>Selon des sources a\u0300 Bengazi, le jeune vice-commandant de l\u2019arme\u0301e nationale libyenne a demande\u0301 a\u0300 l\u2019administration des gardes-frontie\u0300res, charge\u0301e des patrouilles dans le de\u0301sert et affilie\u0301e au bataillon \u00ab Subul Al-Salam \u00bb, d\u2019entamer des ope\u0301rations sur le terrain dans le cadre de la nouvelle force conjointe. Quant a\u0300 la Division d\u2019information de guerre affilie\u0301e au camp Haftar, elle a confirme\u0301 le 6 novembre que cette force vise a\u0300 soutenir la coope\u0301ration en matie\u0300re de se\u0301curite\u0301 entre la Libye et le Tchad et a\u0300 renforcer les efforts pour lutter contre \u00ab les gangs, les bandits et les re\u0301seaux de contrebande \u00bb.<\/p>\n<p><b>Source: JeuneAfrique<\/b><\/p>\n<p><strong>Pour plus d&rsquo;informations et d&rsquo;analyses sur la <span style=\"color: #ff6600\">Tchad<\/span>, suivez <span style=\"color: #ff6600\">Africa-Press<\/span><\/strong><\/p>\n","protected":false},"excerpt":{"rendered":"<p>Par Frida Dahmani Africa-Press &#8211; Tchad. L\u2019annonce intervient alors que les mouvements rebelles tchadiens se font de plus en plus offensifs a\u0300 la frontie\u0300re entre les deux pays. Qui subissent aussi les conse\u0301quences du conflit soudanais, source de de\u0301stabilisation sur leur flanc est. La monte\u0301e en puissance de Saddam Haftar, successeur adoube\u0301 par son pe\u0300re [&hellip;]<\/p>\n","protected":false},"author":82,"featured_media":96207,"comment_status":"open","ping_status":"closed","sticky":false,"template":"","format":"standard","meta":{"footnotes":""},"categories":[7,426,20,10],"tags":[29],"class_list":["post-96208","post","type-post","status-publish","format-standard","has-post-thumbnail","hentry","category-dossiers","category-to-homepage","category-top-nouvelles","category-toutes-les-actualites","tag-tchad"],"yoast_head":"<!-- This site is optimized with the Yoast SEO Premium plugin v26.1 (Yoast SEO v27.0) - https:\/\/yoast.com\/product\/yoast-seo-premium-wordpress\/ -->\n<title>Cr\u00e9ation d&#039;une Force Conjointe Libye-Tchad - tchad<\/title>\n<meta name=\"description\" content=\"L\u2019annonce intervient alors que les mouvements rebelles tchadiens se font de plus en plus offensifs a\u0300 la frontie\u0300re entr ...\" \/>\n<meta name=\"robots\" content=\"index, follow, max-snippet:-1, max-image-preview:large, max-video-preview:-1\" \/>\n<link rel=\"canonical\" href=\"https:\/\/www.africa-press.net\/tchad\/dossiers\/creation-dune-force-conjointe-libye-tchad\" \/>\n<meta property=\"og:locale\" content=\"fr_FR\" \/>\n<meta property=\"og:type\" content=\"article\" \/>\n<meta property=\"og:title\" content=\"Cr\u00e9ation d&#039;une Force Conjointe Libye-Tchad\" \/>\n<meta property=\"og:description\" content=\"L\u2019annonce intervient alors que les mouvements rebelles tchadiens se font de plus en plus offensifs a\u0300 la frontie\u0300re entr ...\" \/>\n<meta property=\"og:url\" content=\"https:\/\/www.africa-press.net\/tchad\/dossiers\/creation-dune-force-conjointe-libye-tchad\" \/>\n<meta property=\"og:site_name\" content=\"tchad\" \/>\n<meta property=\"article:published_time\" content=\"2025-11-18T11:40:00+00:00\" \/>\n<meta property=\"article:modified_time\" content=\"2025-11-18T12:55:16+00:00\" \/>\n<meta property=\"og:image\" content=\"https:\/\/static.africa-press.net\/tchad\/sites\/41\/2025\/11\/sm_1763455693.733645.jpg\" \/>\n\t<meta property=\"og:image:width\" content=\"1280\" \/>\n\t<meta property=\"og:image:height\" content=\"720\" \/>\n\t<meta property=\"og:image:type\" content=\"image\/jpeg\" \/>\n<meta name=\"author\" content=\"cfeditorfr\" \/>\n<meta name=\"twitter:card\" content=\"summary_large_image\" \/>\n<meta name=\"twitter:label1\" content=\"\u00c9crit par\" \/>\n\t<meta name=\"twitter:data1\" content=\"cfeditorfr\" \/>\n\t<meta name=\"twitter:label2\" content=\"Dur\u00e9e de lecture estim\u00e9e\" \/>\n\t<meta name=\"twitter:data2\" content=\"3 minutes\" \/>\n<script type=\"application\/ld+json\" class=\"yoast-schema-graph\">{\"@context\":\"https:\/\/schema.org\",\"@graph\":[{\"@type\":\"Article\",\"@id\":\"https:\/\/www.africa-press.net\/tchad\/dossiers\/creation-dune-force-conjointe-libye-tchad#article\",\"isPartOf\":{\"@id\":\"https:\/\/www.africa-press.net\/tchad\/dossiers\/creation-dune-force-conjointe-libye-tchad\"},\"author\":{\"name\":\"cfeditorfr\",\"@id\":\"https:\/\/www.africa-press.net\/tchad\/#\/schema\/person\/2b1cf3cd81a31e3cd26889ca66d677f1\"},\"headline\":\"Cr\u00e9ation d&rsquo;une Force Conjointe Libye-Tchad\",\"datePublished\":\"2025-11-18T11:40:00+00:00\",\"dateModified\":\"2025-11-18T12:55:16+00:00\",\"mainEntityOfPage\":{\"@id\":\"https:\/\/www.africa-press.net\/tchad\/dossiers\/creation-dune-force-conjointe-libye-tchad\"},\"wordCount\":607,\"commentCount\":0,\"image\":{\"@id\":\"https:\/\/www.africa-press.net\/tchad\/dossiers\/creation-dune-force-conjointe-libye-tchad#primaryimage\"},\"thumbnailUrl\":\"https:\/\/static.africa-press.net\/tchad\/sites\/41\/2025\/11\/sm_1763455693.733645.jpg\",\"keywords\":[\"Tchad\"],\"articleSection\":[\"Dossiers\",\"to-homepage\",\"Top Nouvelles\",\"Toutes les actualit\u00e9s\"],\"inLanguage\":\"fr-FR\",\"potentialAction\":[{\"@type\":\"CommentAction\",\"name\":\"Comment\",\"target\":[\"https:\/\/www.africa-press.net\/tchad\/dossiers\/creation-dune-force-conjointe-libye-tchad#respond\"]}]},{\"@type\":\"WebPage\",\"@id\":\"https:\/\/www.africa-press.net\/tchad\/dossiers\/creation-dune-force-conjointe-libye-tchad\",\"url\":\"https:\/\/www.africa-press.net\/tchad\/dossiers\/creation-dune-force-conjointe-libye-tchad\",\"name\":\"Cr\u00e9ation d'une Force Conjointe Libye-Tchad - tchad\",\"isPartOf\":{\"@id\":\"https:\/\/www.africa-press.net\/tchad\/#website\"},\"primaryImageOfPage\":{\"@id\":\"https:\/\/www.africa-press.net\/tchad\/dossiers\/creation-dune-force-conjointe-libye-tchad#primaryimage\"},\"image\":{\"@id\":\"https:\/\/www.africa-press.net\/tchad\/dossiers\/creation-dune-force-conjointe-libye-tchad#primaryimage\"},\"thumbnailUrl\":\"https:\/\/static.africa-press.net\/tchad\/sites\/41\/2025\/11\/sm_1763455693.733645.jpg\",\"datePublished\":\"2025-11-18T11:40:00+00:00\",\"dateModified\":\"2025-11-18T12:55:16+00:00\",\"author\":{\"@id\":\"https:\/\/www.africa-press.net\/tchad\/#\/schema\/person\/2b1cf3cd81a31e3cd26889ca66d677f1\"},\"description\":\"L\u2019annonce intervient alors que les mouvements rebelles tchadiens se font de plus en plus offensifs a\u0300 la frontie\u0300re entr ...\",\"breadcrumb\":{\"@id\":\"https:\/\/www.africa-press.net\/tchad\/dossiers\/creation-dune-force-conjointe-libye-tchad#breadcrumb\"},\"inLanguage\":\"fr-FR\",\"potentialAction\":[{\"@type\":\"ReadAction\",\"target\":[\"https:\/\/www.africa-press.net\/tchad\/dossiers\/creation-dune-force-conjointe-libye-tchad\"]}]},{\"@type\":\"ImageObject\",\"inLanguage\":\"fr-FR\",\"@id\":\"https:\/\/www.africa-press.net\/tchad\/dossiers\/creation-dune-force-conjointe-libye-tchad#primaryimage\",\"url\":\"https:\/\/static.africa-press.net\/tchad\/sites\/41\/2025\/11\/sm_1763455693.733645.jpg\",\"contentUrl\":\"https:\/\/static.africa-press.net\/tchad\/sites\/41\/2025\/11\/sm_1763455693.733645.jpg\",\"width\":1280,\"height\":720,\"caption\":\"Cr\u00e9ation d'une Force Conjointe Libye-Tchad\"},{\"@type\":\"BreadcrumbList\",\"@id\":\"https:\/\/www.africa-press.net\/tchad\/dossiers\/creation-dune-force-conjointe-libye-tchad#breadcrumb\",\"itemListElement\":[{\"@type\":\"ListItem\",\"position\":1,\"name\":\"Accueil\",\"item\":\"https:\/\/www.africa-press.net\/tchad\/\"},{\"@type\":\"ListItem\",\"position\":2,\"name\":\"Cr\u00e9ation d&#8217;une Force Conjointe Libye-Tchad\"}]},{\"@type\":\"WebSite\",\"@id\":\"https:\/\/www.africa-press.net\/tchad\/#website\",\"url\":\"https:\/\/www.africa-press.net\/tchad\/\",\"name\":\"tchad\",\"description\":\"Just another Africa News Agency Sites site\",\"potentialAction\":[{\"@type\":\"SearchAction\",\"target\":{\"@type\":\"EntryPoint\",\"urlTemplate\":\"https:\/\/www.africa-press.net\/tchad\/?s={search_term_string}\"},\"query-input\":{\"@type\":\"PropertyValueSpecification\",\"valueRequired\":true,\"valueName\":\"search_term_string\"}}],\"inLanguage\":\"fr-FR\"},{\"@type\":\"Person\",\"@id\":\"https:\/\/www.africa-press.net\/tchad\/#\/schema\/person\/2b1cf3cd81a31e3cd26889ca66d677f1\",\"name\":\"cfeditorfr\"}]}<\/script>\n<!-- \/ Yoast SEO Premium plugin. -->","yoast_head_json":{"title":"Cr\u00e9ation d'une Force Conjointe Libye-Tchad - tchad","description":"L\u2019annonce intervient alors que les mouvements rebelles tchadiens se font de plus en plus offensifs a\u0300 la frontie\u0300re entr ...","robots":{"index":"index","follow":"follow","max-snippet":"max-snippet:-1","max-image-preview":"max-image-preview:large","max-video-preview":"max-video-preview:-1"},"canonical":"https:\/\/www.africa-press.net\/tchad\/dossiers\/creation-dune-force-conjointe-libye-tchad","og_locale":"fr_FR","og_type":"article","og_title":"Cr\u00e9ation d'une Force Conjointe Libye-Tchad","og_description":"L\u2019annonce intervient alors que les mouvements rebelles tchadiens se font de plus en plus offensifs a\u0300 la frontie\u0300re entr ...","og_url":"https:\/\/www.africa-press.net\/tchad\/dossiers\/creation-dune-force-conjointe-libye-tchad","og_site_name":"tchad","article_published_time":"2025-11-18T11:40:00+00:00","article_modified_time":"2025-11-18T12:55:16+00:00","og_image":[{"width":1280,"height":720,"url":"https:\/\/static.africa-press.net\/tchad\/sites\/41\/2025\/11\/sm_1763455693.733645.jpg","type":"image\/jpeg"}],"author":"cfeditorfr","twitter_card":"summary_large_image","twitter_misc":{"\u00c9crit par":"cfeditorfr","Dur\u00e9e de lecture estim\u00e9e":"3 minutes"},"schema":{"@context":"https:\/\/schema.org","@graph":[{"@type":"Article","@id":"https:\/\/www.africa-press.net\/tchad\/dossiers\/creation-dune-force-conjointe-libye-tchad#article","isPartOf":{"@id":"https:\/\/www.africa-press.net\/tchad\/dossiers\/creation-dune-force-conjointe-libye-tchad"},"author":{"name":"cfeditorfr","@id":"https:\/\/www.africa-press.net\/tchad\/#\/schema\/person\/2b1cf3cd81a31e3cd26889ca66d677f1"},"headline":"Cr\u00e9ation d&rsquo;une Force Conjointe Libye-Tchad","datePublished":"2025-11-18T11:40:00+00:00","dateModified":"2025-11-18T12:55:16+00:00","mainEntityOfPage":{"@id":"https:\/\/www.africa-press.net\/tchad\/dossiers\/creation-dune-force-conjointe-libye-tchad"},"wordCount":607,"commentCount":0,"image":{"@id":"https:\/\/www.africa-press.net\/tchad\/dossiers\/creation-dune-force-conjointe-libye-tchad#primaryimage"},"thumbnailUrl":"https:\/\/static.africa-press.net\/tchad\/sites\/41\/2025\/11\/sm_1763455693.733645.jpg","keywords":["Tchad"],"articleSection":["Dossiers","to-homepage","Top Nouvelles","Toutes les actualit\u00e9s"],"inLanguage":"fr-FR","potentialAction":[{"@type":"CommentAction","name":"Comment","target":["https:\/\/www.africa-press.net\/tchad\/dossiers\/creation-dune-force-conjointe-libye-tchad#respond"]}]},{"@type":"WebPage","@id":"https:\/\/www.africa-press.net\/tchad\/dossiers\/creation-dune-force-conjointe-libye-tchad","url":"https:\/\/www.africa-press.net\/tchad\/dossiers\/creation-dune-force-conjointe-libye-tchad","name":"Cr\u00e9ation d'une Force Conjointe Libye-Tchad - tchad","isPartOf":{"@id":"https:\/\/www.africa-press.net\/tchad\/#website"},"primaryImageOfPage":{"@id":"https:\/\/www.africa-press.net\/tchad\/dossiers\/creation-dune-force-conjointe-libye-tchad#primaryimage"},"image":{"@id":"https:\/\/www.africa-press.net\/tchad\/dossiers\/creation-dune-force-conjointe-libye-tchad#primaryimage"},"thumbnailUrl":"https:\/\/static.africa-press.net\/tchad\/sites\/41\/2025\/11\/sm_1763455693.733645.jpg","datePublished":"2025-11-18T11:40:00+00:00","dateModified":"2025-11-18T12:55:16+00:00","author":{"@id":"https:\/\/www.africa-press.net\/tchad\/#\/schema\/person\/2b1cf3cd81a31e3cd26889ca66d677f1"},"description":"L\u2019annonce intervient alors que les mouvements rebelles tchadiens se font de plus en plus offensifs a\u0300 la frontie\u0300re entr ...","breadcrumb":{"@id":"https:\/\/www.africa-press.net\/tchad\/dossiers\/creation-dune-force-conjointe-libye-tchad#breadcrumb"},"inLanguage":"fr-FR","potentialAction":[{"@type":"ReadAction","target":["https:\/\/www.africa-press.net\/tchad\/dossiers\/creation-dune-force-conjointe-libye-tchad"]}]},{"@type":"ImageObject","inLanguage":"fr-FR","@id":"https:\/\/www.africa-press.net\/tchad\/dossiers\/creation-dune-force-conjointe-libye-tchad#primaryimage","url":"https:\/\/static.africa-press.net\/tchad\/sites\/41\/2025\/11\/sm_1763455693.733645.jpg","contentUrl":"https:\/\/static.africa-press.net\/tchad\/sites\/41\/2025\/11\/sm_1763455693.733645.jpg","width":1280,"height":720,"caption":"Cr\u00e9ation d'une Force Conjointe Libye-Tchad"},{"@type":"BreadcrumbList","@id":"https:\/\/www.africa-press.net\/tchad\/dossiers\/creation-dune-force-conjointe-libye-tchad#breadcrumb","itemListElement":[{"@type":"ListItem","position":1,"name":"Accueil","item":"https:\/\/www.africa-press.net\/tchad\/"},{"@type":"ListItem","position":2,"name":"Cr\u00e9ation d&#8217;une Force Conjointe Libye-Tchad"}]},{"@type":"WebSite","@id":"https:\/\/www.africa-press.net\/tchad\/#website","url":"https:\/\/www.africa-press.net\/tchad\/","name":"tchad","description":"Just another Africa News Agency Sites site","potentialAction":[{"@type":"SearchAction","target":{"@type":"EntryPoint","urlTemplate":"https:\/\/www.africa-press.net\/tchad\/?s={search_term_string}"},"query-input":{"@type":"PropertyValueSpecification","valueRequired":true,"valueName":"search_term_string"}}],"inLanguage":"fr-FR"},{"@type":"Person","@id":"https:\/\/www.africa-press.net\/tchad\/#\/schema\/person\/2b1cf3cd81a31e3cd26889ca66d677f1","name":"cfeditorfr"}]}},"_links":{"self":[{"href":"https:\/\/www.africa-press.net\/tchad\/wp-json\/wp\/v2\/posts\/96208","targetHints":{"allow":["GET"]}}],"collection":[{"href":"https:\/\/www.africa-press.net\/tchad\/wp-json\/wp\/v2\/posts"}],"about":[{"href":"https:\/\/www.africa-press.net\/tchad\/wp-json\/wp\/v2\/types\/post"}],"author":[{"embeddable":true,"href":"https:\/\/www.africa-press.net\/tchad\/wp-json\/wp\/v2\/users\/82"}],"replies":[{"embeddable":true,"href":"https:\/\/www.africa-press.net\/tchad\/wp-json\/wp\/v2\/comments?post=96208"}],"version-history":[{"count":0,"href":"https:\/\/www.africa-press.net\/tchad\/wp-json\/wp\/v2\/posts\/96208\/revisions"}],"wp:featuredmedia":[{"embeddable":true,"href":"https:\/\/www.africa-press.net\/tchad\/wp-json\/wp\/v2\/media\/96207"}],"wp:attachment":[{"href":"https:\/\/www.africa-press.net\/tchad\/wp-json\/wp\/v2\/media?parent=96208"}],"wp:term":[{"taxonomy":"category","embeddable":true,"href":"https:\/\/www.africa-press.net\/tchad\/wp-json\/wp\/v2\/categories?post=96208"},{"taxonomy":"post_tag","embeddable":true,"href":"https:\/\/www.africa-press.net\/tchad\/wp-json\/wp\/v2\/tags?post=96208"}],"curies":[{"name":"wp","href":"https:\/\/api.w.org\/{rel}","templated":true}]}}