{"id":9764,"date":"2021-08-17T14:04:29","date_gmt":"2021-08-17T14:04:29","guid":{"rendered":"https:\/\/www.africa-press.net\/tchad\/?p=9764"},"modified":"2021-08-18T23:15:52","modified_gmt":"2021-08-18T23:15:52","slug":"tchad-un-montant-de-3-milliards-distribue-aux-refugies-pour-amortir-les-consequences-du-covid-19","status":"publish","type":"post","link":"https:\/\/www.africa-press.net\/tchad\/toutes-les-actualites\/tchad-un-montant-de-3-milliards-distribue-aux-refugies-pour-amortir-les-consequences-du-covid-19","title":{"rendered":"un montant de 3 milliards distribu\u00e9 aux r\u00e9fugi\u00e9s pour amortir les cons\u00e9quences du Covid-19"},"content":{"rendered":"<p><span style=\"color: #ff6600\"><strong><a href=\"https:\/\/www.africa-press.net\/\">Africa-Press<\/a> &#8211; <a href=\"https:\/\/www.africa-press.net\/tchad\">Tchad<\/a>. <\/strong><\/span>Le Projet d\u2019Appui aux R\u00e9fugi\u00e9s et aux Communaut\u00e9s d\u2019Accueil (PARCA) proc\u00e8de ce mardi 17 ao\u00fbt au lancement officiel d\u2019une op\u00e9ration de Transferts Mon\u00e9taires Adaptatifs, au profit de 22.000 m\u00e9nages vuln\u00e9rables cibl\u00e9s dans la ville de N\u2019Djamena, en vue de les soutenir \u00e0 faire face aux cons\u00e9quences socio\u00e9conomiques de la pand\u00e9mie du COVID -19.<\/p>\n<p>Le Projet d\u2019Appui aux R\u00e9fugi\u00e9s et aux Communaut\u00e9s d\u2019Accueil (PARCA) proc\u00e8de ce mardi 17 ao\u00fbt au lancement officiel d\u2019une op\u00e9ration de Transferts Mon\u00e9taires Adaptatifs, au profit de 22.000 m\u00e9nages vuln\u00e9rables cibl\u00e9s dans la ville de N\u2019Djamena, en vue de les soutenir \u00e0 faire face aux cons\u00e9quences socio\u00e9conomiques de la pand\u00e9mie du COVID -19.<\/p>\n<p>Cette op\u00e9ration consiste en un transfert unique d\u2019un montant de 120. 000 FCFA par b\u00e9n\u00e9ficiaire payable une seule fois. L\u2019op\u00e9ration b\u00e9n\u00e9ficiera \u00e0 22 000 m\u00e9nages dans les 10 communes d\u2019Arrondissements de la ville de N\u2019Djamena. Le montant global mobilis\u00e9 pour cette aide financi\u00e8re est d\u2019environ trois (3) milliards de francs CFA.<\/p>\n<p><b>\u00ab Dans le but de prot\u00e9ger les m\u00e9nages les plus touch\u00e9s par les mesures contre la pand\u00e9mie du coronavirus, le gouvernement tchadien a d\u00e9cid\u00e9, en partenariat avec la Banque Mondiale, de r\u00e9pondre rapidement et massivement aux impacts \u00e9conomiques \u00bb,<\/b><\/p>\n<p>d\u00e9clare Issa Doubragne, Ministre de l\u2019Economie, de la Planification du D\u00e9veloppement et de la Coop\u00e9ration Internationale. \u00ab La d\u00e9cision a \u00e9t\u00e9 ainsi prise \u00e0 travers le PARCA, de renforcer la r\u00e9silience de ces m\u00e9nages affect\u00e9s par ces mesures, plus particuli\u00e8rement ceux de la ville de N\u2019Djam\u00e9na, qui se trouvent \u00eatre les plus touch\u00e9s par la pand\u00e9mie au vu des statistiques nationales \u00bb.<\/p>\n<p><b>\u00ab Dans le but de prot\u00e9ger les m\u00e9nages les plus touch\u00e9s par les mesures contre la pand\u00e9mie du coronavirus, le gouvernement tchadien a d\u00e9cid\u00e9, en partenariat avec la Banque Mondiale, de r\u00e9pondre rapidement et massivement aux impacts \u00e9conomiques \u00bb,<\/b><\/p>\n<p><b>\u00ab La d\u00e9cision a \u00e9t\u00e9 ainsi prise \u00e0 travers le PARCA, de renforcer la r\u00e9silience de ces m\u00e9nages affect\u00e9s par ces mesures, plus particuli\u00e8rement ceux de la ville de N\u2019Djam\u00e9na, qui se trouvent \u00eatre les plus touch\u00e9s par la pand\u00e9mie au vu des statistiques nationales \u00bb.<\/b><\/p>\n<p>La c\u00e9r\u00e9monie de lancement est plac\u00e9e sous le haut patronage du Premier Ministre, Pahimi Padack\u00e9 Albert, et se d\u00e9roule \u00e0 l\u2019Ecole Annexe d\u2019Ardebdjoumal dans le 3\u00e8me Arrondissement de N\u2019Djamena. Plusieurs personnalit\u00e9s politiques et diplomatiques, ainsi que les b\u00e9n\u00e9ficiaires, sont attendues. \u00e8me<\/p>\n<p>Le PARCA est un financement de l\u2019Association internationale de d\u00e9veloppement (IDA), sous forme de don, d\u2019un montant de 145 millions de dollars pour soutenir le Tchad \u00e0 renforcer la prise en charge des r\u00e9fugi\u00e9s et des communaut\u00e9s d\u2019accueil \u00e0 travers l\u2019am\u00e9lioration de leur acc\u00e8s aux services sociaux de base et aux moyens de subsistance. Il couvre sept (7) provinces : Wadi-Fira, Mandoul, Ennedi-Est, Moyen Chari, Logone Oriental, Ouaddai et Lac.<\/p>\n","protected":false},"excerpt":{"rendered":"<p>Africa-Press &#8211; Tchad. Le Projet d\u2019Appui aux R\u00e9fugi\u00e9s et aux Communaut\u00e9s d\u2019Accueil (PARCA) proc\u00e8de ce mardi 17 ao\u00fbt au lancement officiel d\u2019une op\u00e9ration de Transferts Mon\u00e9taires Adaptatifs, au profit de 22.000 m\u00e9nages vuln\u00e9rables cibl\u00e9s dans la ville de N\u2019Djamena, en vue de les soutenir \u00e0 faire face aux cons\u00e9quences socio\u00e9conomiques de la pand\u00e9mie du COVID [&hellip;]<\/p>\n","protected":false},"author":82,"featured_media":9763,"comment_status":"open","ping_status":"closed","sticky":false,"template":"","format":"standard","meta":{"footnotes":""},"categories":[21,11,10],"tags":[37,292,89,1226,1225,29],"class_list":["post-9764","post","type-post","status-publish","format-standard","has-post-thumbnail","hentry","category-communaute","category-homepage-french","category-toutes-les-actualites","tag-africa-press","tag-africa-press-tchad","tag-covid-19","tag-parca","tag-refugies","tag-tchad"],"yoast_head":"<!-- This site is optimized with the Yoast SEO Premium plugin v26.1 (Yoast SEO v27.0) - https:\/\/yoast.com\/product\/yoast-seo-premium-wordpress\/ -->\n<title>un montant de 3 milliards distribu\u00e9 aux r\u00e9fugi\u00e9s pour amortir les cons\u00e9quences du Covid-19 - tchad<\/title>\n<meta name=\"description\" content=\"Le Projet d\u2019Appui aux R\u00e9fugi\u00e9s et aux Communaut\u00e9s d\u2019Accueil (PARCA) proc\u00e8de ce mardi 17 ao\u00fbt au lancement officiel d\u2019une ...\" \/>\n<meta name=\"robots\" content=\"index, follow, max-snippet:-1, max-image-preview:large, max-video-preview:-1\" \/>\n<link rel=\"canonical\" href=\"https:\/\/www.africa-press.net\/tchad\/toutes-les-actualites\/tchad-un-montant-de-3-milliards-distribue-aux-refugies-pour-amortir-les-consequences-du-covid-19\" \/>\n<meta property=\"og:locale\" content=\"fr_FR\" \/>\n<meta property=\"og:type\" content=\"article\" \/>\n<meta property=\"og:title\" content=\"un montant de 3 milliards distribu\u00e9 aux r\u00e9fugi\u00e9s pour amortir les cons\u00e9quences du Covid-19\" \/>\n<meta property=\"og:description\" content=\"Le Projet d\u2019Appui aux R\u00e9fugi\u00e9s et aux Communaut\u00e9s d\u2019Accueil (PARCA) proc\u00e8de ce mardi 17 ao\u00fbt au lancement officiel d\u2019une ...\" \/>\n<meta property=\"og:url\" content=\"https:\/\/www.africa-press.net\/tchad\/toutes-les-actualites\/tchad-un-montant-de-3-milliards-distribue-aux-refugies-pour-amortir-les-consequences-du-covid-19\" \/>\n<meta property=\"og:site_name\" content=\"tchad\" \/>\n<meta property=\"article:published_time\" content=\"2021-08-17T14:04:29+00:00\" \/>\n<meta property=\"article:modified_time\" content=\"2021-08-18T23:15:52+00:00\" \/>\n<meta property=\"og:image\" content=\"https:\/\/static.africa-press.net\/tchad\/sites\/41\/2021\/08\/img-611bbf8141c34.jpg\" \/>\n\t<meta property=\"og:image:width\" content=\"780\" \/>\n\t<meta property=\"og:image:height\" content=\"440\" \/>\n\t<meta property=\"og:image:type\" content=\"image\/jpeg\" \/>\n<meta name=\"author\" content=\"cfeditorfr\" \/>\n<meta name=\"twitter:card\" content=\"summary_large_image\" \/>\n<meta name=\"twitter:label1\" content=\"\u00c9crit par\" \/>\n\t<meta name=\"twitter:data1\" content=\"cfeditorfr\" \/>\n\t<meta name=\"twitter:label2\" content=\"Dur\u00e9e de lecture estim\u00e9e\" \/>\n\t<meta name=\"twitter:data2\" content=\"2 minutes\" \/>\n<script type=\"application\/ld+json\" class=\"yoast-schema-graph\">{\"@context\":\"https:\/\/schema.org\",\"@graph\":[{\"@type\":\"Article\",\"@id\":\"https:\/\/www.africa-press.net\/tchad\/toutes-les-actualites\/tchad-un-montant-de-3-milliards-distribue-aux-refugies-pour-amortir-les-consequences-du-covid-19#article\",\"isPartOf\":{\"@id\":\"https:\/\/www.africa-press.net\/tchad\/toutes-les-actualites\/tchad-un-montant-de-3-milliards-distribue-aux-refugies-pour-amortir-les-consequences-du-covid-19\"},\"author\":{\"name\":\"cfeditorfr\",\"@id\":\"https:\/\/www.africa-press.net\/tchad\/#\/schema\/person\/2b1cf3cd81a31e3cd26889ca66d677f1\"},\"headline\":\"un montant de 3 milliards distribu\u00e9 aux r\u00e9fugi\u00e9s pour amortir les cons\u00e9quences du Covid-19\",\"datePublished\":\"2021-08-17T14:04:29+00:00\",\"dateModified\":\"2021-08-18T23:15:52+00:00\",\"mainEntityOfPage\":{\"@id\":\"https:\/\/www.africa-press.net\/tchad\/toutes-les-actualites\/tchad-un-montant-de-3-milliards-distribue-aux-refugies-pour-amortir-les-consequences-du-covid-19\"},\"wordCount\":545,\"commentCount\":0,\"image\":{\"@id\":\"https:\/\/www.africa-press.net\/tchad\/toutes-les-actualites\/tchad-un-montant-de-3-milliards-distribue-aux-refugies-pour-amortir-les-consequences-du-covid-19#primaryimage\"},\"thumbnailUrl\":\"https:\/\/static.africa-press.net\/tchad\/sites\/41\/2021\/08\/img-611bbf8141c34.jpg\",\"keywords\":[\"Africa Press\",\"Africa Press-Tchad\",\"COVID 19\",\"Parca\",\"R\u00e9fugi\u00e9s\",\"Tchad\"],\"articleSection\":[\"Communaut\u00e9\",\"homepage-french\",\"Toutes les actualit\u00e9s\"],\"inLanguage\":\"fr-FR\",\"potentialAction\":[{\"@type\":\"CommentAction\",\"name\":\"Comment\",\"target\":[\"https:\/\/www.africa-press.net\/tchad\/toutes-les-actualites\/tchad-un-montant-de-3-milliards-distribue-aux-refugies-pour-amortir-les-consequences-du-covid-19#respond\"]}]},{\"@type\":\"WebPage\",\"@id\":\"https:\/\/www.africa-press.net\/tchad\/toutes-les-actualites\/tchad-un-montant-de-3-milliards-distribue-aux-refugies-pour-amortir-les-consequences-du-covid-19\",\"url\":\"https:\/\/www.africa-press.net\/tchad\/toutes-les-actualites\/tchad-un-montant-de-3-milliards-distribue-aux-refugies-pour-amortir-les-consequences-du-covid-19\",\"name\":\"un montant de 3 milliards distribu\u00e9 aux r\u00e9fugi\u00e9s pour amortir les cons\u00e9quences du Covid-19 - tchad\",\"isPartOf\":{\"@id\":\"https:\/\/www.africa-press.net\/tchad\/#website\"},\"primaryImageOfPage\":{\"@id\":\"https:\/\/www.africa-press.net\/tchad\/toutes-les-actualites\/tchad-un-montant-de-3-milliards-distribue-aux-refugies-pour-amortir-les-consequences-du-covid-19#primaryimage\"},\"image\":{\"@id\":\"https:\/\/www.africa-press.net\/tchad\/toutes-les-actualites\/tchad-un-montant-de-3-milliards-distribue-aux-refugies-pour-amortir-les-consequences-du-covid-19#primaryimage\"},\"thumbnailUrl\":\"https:\/\/static.africa-press.net\/tchad\/sites\/41\/2021\/08\/img-611bbf8141c34.jpg\",\"datePublished\":\"2021-08-17T14:04:29+00:00\",\"dateModified\":\"2021-08-18T23:15:52+00:00\",\"author\":{\"@id\":\"https:\/\/www.africa-press.net\/tchad\/#\/schema\/person\/2b1cf3cd81a31e3cd26889ca66d677f1\"},\"description\":\"Le Projet d\u2019Appui aux R\u00e9fugi\u00e9s et aux Communaut\u00e9s d\u2019Accueil (PARCA) proc\u00e8de ce mardi 17 ao\u00fbt au lancement officiel d\u2019une ...\",\"breadcrumb\":{\"@id\":\"https:\/\/www.africa-press.net\/tchad\/toutes-les-actualites\/tchad-un-montant-de-3-milliards-distribue-aux-refugies-pour-amortir-les-consequences-du-covid-19#breadcrumb\"},\"inLanguage\":\"fr-FR\",\"potentialAction\":[{\"@type\":\"ReadAction\",\"target\":[\"https:\/\/www.africa-press.net\/tchad\/toutes-les-actualites\/tchad-un-montant-de-3-milliards-distribue-aux-refugies-pour-amortir-les-consequences-du-covid-19\"]}]},{\"@type\":\"ImageObject\",\"inLanguage\":\"fr-FR\",\"@id\":\"https:\/\/www.africa-press.net\/tchad\/toutes-les-actualites\/tchad-un-montant-de-3-milliards-distribue-aux-refugies-pour-amortir-les-consequences-du-covid-19#primaryimage\",\"url\":\"https:\/\/static.africa-press.net\/tchad\/sites\/41\/2021\/08\/img-611bbf8141c34.jpg\",\"contentUrl\":\"https:\/\/static.africa-press.net\/tchad\/sites\/41\/2021\/08\/img-611bbf8141c34.jpg\",\"width\":780,\"height\":440,\"caption\":\"Tchad : un montant de 3 milliards distribu\u00e9 aux r\u00e9fugi\u00e9s pour amortir les cons\u00e9quences du Covid-19\"},{\"@type\":\"BreadcrumbList\",\"@id\":\"https:\/\/www.africa-press.net\/tchad\/toutes-les-actualites\/tchad-un-montant-de-3-milliards-distribue-aux-refugies-pour-amortir-les-consequences-du-covid-19#breadcrumb\",\"itemListElement\":[{\"@type\":\"ListItem\",\"position\":1,\"name\":\"Accueil\",\"item\":\"https:\/\/www.africa-press.net\/tchad\/\"},{\"@type\":\"ListItem\",\"position\":2,\"name\":\"un montant de 3 milliards distribu\u00e9 aux r\u00e9fugi\u00e9s pour amortir les cons\u00e9quences du Covid-19\"}]},{\"@type\":\"WebSite\",\"@id\":\"https:\/\/www.africa-press.net\/tchad\/#website\",\"url\":\"https:\/\/www.africa-press.net\/tchad\/\",\"name\":\"tchad\",\"description\":\"Just another Africa News Agency Sites site\",\"potentialAction\":[{\"@type\":\"SearchAction\",\"target\":{\"@type\":\"EntryPoint\",\"urlTemplate\":\"https:\/\/www.africa-press.net\/tchad\/?s={search_term_string}\"},\"query-input\":{\"@type\":\"PropertyValueSpecification\",\"valueRequired\":true,\"valueName\":\"search_term_string\"}}],\"inLanguage\":\"fr-FR\"},{\"@type\":\"Person\",\"@id\":\"https:\/\/www.africa-press.net\/tchad\/#\/schema\/person\/2b1cf3cd81a31e3cd26889ca66d677f1\",\"name\":\"cfeditorfr\"}]}<\/script>\n<!-- \/ Yoast SEO Premium plugin. -->","yoast_head_json":{"title":"un montant de 3 milliards distribu\u00e9 aux r\u00e9fugi\u00e9s pour amortir les cons\u00e9quences du Covid-19 - tchad","description":"Le Projet d\u2019Appui aux R\u00e9fugi\u00e9s et aux Communaut\u00e9s d\u2019Accueil (PARCA) proc\u00e8de ce mardi 17 ao\u00fbt au lancement officiel d\u2019une ...","robots":{"index":"index","follow":"follow","max-snippet":"max-snippet:-1","max-image-preview":"max-image-preview:large","max-video-preview":"max-video-preview:-1"},"canonical":"https:\/\/www.africa-press.net\/tchad\/toutes-les-actualites\/tchad-un-montant-de-3-milliards-distribue-aux-refugies-pour-amortir-les-consequences-du-covid-19","og_locale":"fr_FR","og_type":"article","og_title":"un montant de 3 milliards distribu\u00e9 aux r\u00e9fugi\u00e9s pour amortir les cons\u00e9quences du Covid-19","og_description":"Le Projet d\u2019Appui aux R\u00e9fugi\u00e9s et aux Communaut\u00e9s d\u2019Accueil (PARCA) proc\u00e8de ce mardi 17 ao\u00fbt au lancement officiel d\u2019une ...","og_url":"https:\/\/www.africa-press.net\/tchad\/toutes-les-actualites\/tchad-un-montant-de-3-milliards-distribue-aux-refugies-pour-amortir-les-consequences-du-covid-19","og_site_name":"tchad","article_published_time":"2021-08-17T14:04:29+00:00","article_modified_time":"2021-08-18T23:15:52+00:00","og_image":[{"width":780,"height":440,"url":"https:\/\/static.africa-press.net\/tchad\/sites\/41\/2021\/08\/img-611bbf8141c34.jpg","type":"image\/jpeg"}],"author":"cfeditorfr","twitter_card":"summary_large_image","twitter_misc":{"\u00c9crit par":"cfeditorfr","Dur\u00e9e de lecture estim\u00e9e":"2 minutes"},"schema":{"@context":"https:\/\/schema.org","@graph":[{"@type":"Article","@id":"https:\/\/www.africa-press.net\/tchad\/toutes-les-actualites\/tchad-un-montant-de-3-milliards-distribue-aux-refugies-pour-amortir-les-consequences-du-covid-19#article","isPartOf":{"@id":"https:\/\/www.africa-press.net\/tchad\/toutes-les-actualites\/tchad-un-montant-de-3-milliards-distribue-aux-refugies-pour-amortir-les-consequences-du-covid-19"},"author":{"name":"cfeditorfr","@id":"https:\/\/www.africa-press.net\/tchad\/#\/schema\/person\/2b1cf3cd81a31e3cd26889ca66d677f1"},"headline":"un montant de 3 milliards distribu\u00e9 aux r\u00e9fugi\u00e9s pour amortir les cons\u00e9quences du Covid-19","datePublished":"2021-08-17T14:04:29+00:00","dateModified":"2021-08-18T23:15:52+00:00","mainEntityOfPage":{"@id":"https:\/\/www.africa-press.net\/tchad\/toutes-les-actualites\/tchad-un-montant-de-3-milliards-distribue-aux-refugies-pour-amortir-les-consequences-du-covid-19"},"wordCount":545,"commentCount":0,"image":{"@id":"https:\/\/www.africa-press.net\/tchad\/toutes-les-actualites\/tchad-un-montant-de-3-milliards-distribue-aux-refugies-pour-amortir-les-consequences-du-covid-19#primaryimage"},"thumbnailUrl":"https:\/\/static.africa-press.net\/tchad\/sites\/41\/2021\/08\/img-611bbf8141c34.jpg","keywords":["Africa Press","Africa Press-Tchad","COVID 19","Parca","R\u00e9fugi\u00e9s","Tchad"],"articleSection":["Communaut\u00e9","homepage-french","Toutes les actualit\u00e9s"],"inLanguage":"fr-FR","potentialAction":[{"@type":"CommentAction","name":"Comment","target":["https:\/\/www.africa-press.net\/tchad\/toutes-les-actualites\/tchad-un-montant-de-3-milliards-distribue-aux-refugies-pour-amortir-les-consequences-du-covid-19#respond"]}]},{"@type":"WebPage","@id":"https:\/\/www.africa-press.net\/tchad\/toutes-les-actualites\/tchad-un-montant-de-3-milliards-distribue-aux-refugies-pour-amortir-les-consequences-du-covid-19","url":"https:\/\/www.africa-press.net\/tchad\/toutes-les-actualites\/tchad-un-montant-de-3-milliards-distribue-aux-refugies-pour-amortir-les-consequences-du-covid-19","name":"un montant de 3 milliards distribu\u00e9 aux r\u00e9fugi\u00e9s pour amortir les cons\u00e9quences du Covid-19 - tchad","isPartOf":{"@id":"https:\/\/www.africa-press.net\/tchad\/#website"},"primaryImageOfPage":{"@id":"https:\/\/www.africa-press.net\/tchad\/toutes-les-actualites\/tchad-un-montant-de-3-milliards-distribue-aux-refugies-pour-amortir-les-consequences-du-covid-19#primaryimage"},"image":{"@id":"https:\/\/www.africa-press.net\/tchad\/toutes-les-actualites\/tchad-un-montant-de-3-milliards-distribue-aux-refugies-pour-amortir-les-consequences-du-covid-19#primaryimage"},"thumbnailUrl":"https:\/\/static.africa-press.net\/tchad\/sites\/41\/2021\/08\/img-611bbf8141c34.jpg","datePublished":"2021-08-17T14:04:29+00:00","dateModified":"2021-08-18T23:15:52+00:00","author":{"@id":"https:\/\/www.africa-press.net\/tchad\/#\/schema\/person\/2b1cf3cd81a31e3cd26889ca66d677f1"},"description":"Le Projet d\u2019Appui aux R\u00e9fugi\u00e9s et aux Communaut\u00e9s d\u2019Accueil (PARCA) proc\u00e8de ce mardi 17 ao\u00fbt au lancement officiel d\u2019une ...","breadcrumb":{"@id":"https:\/\/www.africa-press.net\/tchad\/toutes-les-actualites\/tchad-un-montant-de-3-milliards-distribue-aux-refugies-pour-amortir-les-consequences-du-covid-19#breadcrumb"},"inLanguage":"fr-FR","potentialAction":[{"@type":"ReadAction","target":["https:\/\/www.africa-press.net\/tchad\/toutes-les-actualites\/tchad-un-montant-de-3-milliards-distribue-aux-refugies-pour-amortir-les-consequences-du-covid-19"]}]},{"@type":"ImageObject","inLanguage":"fr-FR","@id":"https:\/\/www.africa-press.net\/tchad\/toutes-les-actualites\/tchad-un-montant-de-3-milliards-distribue-aux-refugies-pour-amortir-les-consequences-du-covid-19#primaryimage","url":"https:\/\/static.africa-press.net\/tchad\/sites\/41\/2021\/08\/img-611bbf8141c34.jpg","contentUrl":"https:\/\/static.africa-press.net\/tchad\/sites\/41\/2021\/08\/img-611bbf8141c34.jpg","width":780,"height":440,"caption":"Tchad : un montant de 3 milliards distribu\u00e9 aux r\u00e9fugi\u00e9s pour amortir les cons\u00e9quences du Covid-19"},{"@type":"BreadcrumbList","@id":"https:\/\/www.africa-press.net\/tchad\/toutes-les-actualites\/tchad-un-montant-de-3-milliards-distribue-aux-refugies-pour-amortir-les-consequences-du-covid-19#breadcrumb","itemListElement":[{"@type":"ListItem","position":1,"name":"Accueil","item":"https:\/\/www.africa-press.net\/tchad\/"},{"@type":"ListItem","position":2,"name":"un montant de 3 milliards distribu\u00e9 aux r\u00e9fugi\u00e9s pour amortir les cons\u00e9quences du Covid-19"}]},{"@type":"WebSite","@id":"https:\/\/www.africa-press.net\/tchad\/#website","url":"https:\/\/www.africa-press.net\/tchad\/","name":"tchad","description":"Just another Africa News Agency Sites site","potentialAction":[{"@type":"SearchAction","target":{"@type":"EntryPoint","urlTemplate":"https:\/\/www.africa-press.net\/tchad\/?s={search_term_string}"},"query-input":{"@type":"PropertyValueSpecification","valueRequired":true,"valueName":"search_term_string"}}],"inLanguage":"fr-FR"},{"@type":"Person","@id":"https:\/\/www.africa-press.net\/tchad\/#\/schema\/person\/2b1cf3cd81a31e3cd26889ca66d677f1","name":"cfeditorfr"}]}},"_links":{"self":[{"href":"https:\/\/www.africa-press.net\/tchad\/wp-json\/wp\/v2\/posts\/9764","targetHints":{"allow":["GET"]}}],"collection":[{"href":"https:\/\/www.africa-press.net\/tchad\/wp-json\/wp\/v2\/posts"}],"about":[{"href":"https:\/\/www.africa-press.net\/tchad\/wp-json\/wp\/v2\/types\/post"}],"author":[{"embeddable":true,"href":"https:\/\/www.africa-press.net\/tchad\/wp-json\/wp\/v2\/users\/82"}],"replies":[{"embeddable":true,"href":"https:\/\/www.africa-press.net\/tchad\/wp-json\/wp\/v2\/comments?post=9764"}],"version-history":[{"count":0,"href":"https:\/\/www.africa-press.net\/tchad\/wp-json\/wp\/v2\/posts\/9764\/revisions"}],"wp:featuredmedia":[{"embeddable":true,"href":"https:\/\/www.africa-press.net\/tchad\/wp-json\/wp\/v2\/media\/9763"}],"wp:attachment":[{"href":"https:\/\/www.africa-press.net\/tchad\/wp-json\/wp\/v2\/media?parent=9764"}],"wp:term":[{"taxonomy":"category","embeddable":true,"href":"https:\/\/www.africa-press.net\/tchad\/wp-json\/wp\/v2\/categories?post=9764"},{"taxonomy":"post_tag","embeddable":true,"href":"https:\/\/www.africa-press.net\/tchad\/wp-json\/wp\/v2\/tags?post=9764"}],"curies":[{"name":"wp","href":"https:\/\/api.w.org\/{rel}","templated":true}]}}