{"id":9829,"date":"2021-08-20T10:18:51","date_gmt":"2021-08-20T10:18:51","guid":{"rendered":"https:\/\/www.africa-press.net\/tchad\/?p=9829"},"modified":"2021-08-20T19:55:19","modified_gmt":"2021-08-20T19:55:19","slug":"cemac-communique-final-du-sommet-extraordinaire-des-chefs-detat-de-la-sous-region","status":"publish","type":"post","link":"https:\/\/www.africa-press.net\/tchad\/politique\/cemac-communique-final-du-sommet-extraordinaire-des-chefs-detat-de-la-sous-region","title":{"rendered":"CEMAC : communiqu\u00e9 final du Sommet extraordinaire des Chefs d\u2019Etat de la sous-r\u00e9gion"},"content":{"rendered":"<p><span style=\"color: #ff6600\"><strong><a href=\"https:\/\/www.africa-press.net\/\">Africa-Press<\/a> &#8211; <a href=\"https:\/\/www.africa-press.net\/tchad\">Tchad<\/a>. <\/strong><\/span>Les Chefs d\u2019Etat de la Communaut\u00e9 \u00e9conomique et mon\u00e9taire de l\u2019Afrique centrale (CEMAC), se sont retrouv\u00e9s par visioconf\u00e9rence pour redessiner l\u2019avenir \u00e9conomique et mon\u00e9taire dans la sous-r\u00e9gion<\/p>\n<p>A l\u2019invitation de Son Excellence Paul BIYA, Pr\u00e9sident en Exercice de la Conf\u00e9rence des Chefs d\u2019Etat de la CEMAC, Pr\u00e9sident de la R\u00e9publique du Cameroun, un Sommet Extraordinaire des Chefs d\u2019Etat de la Communaut\u00e9 Economique et Mon\u00e9taire de l\u2019Afrique Centrale s\u2019est tenu par visioconf\u00e9rence le 18 ao\u00fbt 2021.<\/p>\n<p>Ce Sommet avait pour objectif d\u2019\u00e9valuer la situation macro\u00e9conomique de la CEMAC, en particulier dans le contexte de la pand\u00e9mie du Covid-19 et d\u2019analyser les mesures de redressement appropri\u00e9es pour renforcer la r\u00e9silience des \u00e9conomies de la sous-r\u00e9gion et acc\u00e9l\u00e9rer leur transformation structurelle, en vue d\u2019une croissance soutenue, durable, inclusive et cr\u00e9atrice d\u2019emplois.<\/p>\n<p>Ont pris part \u00e0 cette rencontre : Son Excellence Paul BIYA, Pr\u00e9sident de la R\u00e9publique du Cameroun; Son Excellence Faustin Archange TOUADERA, Pr\u00e9sident de la R\u00e9publique Centrafricaine;<\/p>\n<p>Son Excellence Ali BONGO ONDIMBA, Pr\u00e9sident de la R\u00e9publique Gabonaise ; Son Excellence OBIANG NGUEMA MBASOGO, Pr\u00e9sident de la R\u00e9publique de Guin\u00e9e Equatoriale ;<\/p>\n<p>Son Excellence MAHAMAT IDRISS DEBY ITNO, Pr\u00e9sident du Conseil Militaire de Transition, Pr\u00e9sident de la R\u00e9publique du Tchad ; Son Excellence Anatole Collinet MAKOSSO, Premier Ministre de la R\u00e9publique du Congo.<\/p>\n<p>Son Excellence Paul BIYA, Pr\u00e9sident de la R\u00e9publique du Cameroun; Son Excellence Faustin Archange TOUADERA, Pr\u00e9sident de la R\u00e9publique Centrafricaine;<\/p>\n<p>Son Excellence Ali BONGO ONDIMBA, Pr\u00e9sident de la R\u00e9publique Gabonaise ; Son Excellence OBIANG NGUEMA MBASOGO, Pr\u00e9sident de la R\u00e9publique de Guin\u00e9e Equatoriale ;<\/p>\n<p>Son Excellence MAHAMAT IDRISS DEBY ITNO, Pr\u00e9sident du Conseil Militaire de Transition, Pr\u00e9sident de la R\u00e9publique du Tchad ; Son Excellence Anatole Collinet MAKOSSO, Premier Ministre de la R\u00e9publique du Congo.<\/p>\n<p>Ont \u00e9galement assist\u00e9 aux travaux : Madame KRISTALINA GEORGIEVA, Directrice G\u00e9n\u00e9rale du Fonds Mon\u00e9taire International; Monsieur DAVID MALPASS, Pr\u00e9sident du Groupe de la Banque Mondiale;<\/p>\n<p>Dr Serge N\u2019GUESSAN, Directeur G\u00e9n\u00e9ral du Bureau Afrique Centrale du Groupe de la Banque Africaine de D\u00e9veloppement; Monsieur Emmanuel MOULIN, Directeur G\u00e9n\u00e9ral du Tr\u00e9sor fran\u00e7ais ;<\/p>\n<p>Pr DANIEL ONA ONDO, Pr\u00e9sident de la Commission de la CEMAC; Monsieur ABBAS MAHAMAT TOLLI, Gouverneur de la Banque des Etats de l\u2019Afrique Centrale (BEAC).<\/p>\n<p>Madame KRISTALINA GEORGIEVA, Directrice G\u00e9n\u00e9rale du Fonds Mon\u00e9taire International; Monsieur DAVID MALPASS, Pr\u00e9sident du Groupe de la Banque Mondiale; Dr Serge N\u2019GUESSAN, Directeur G\u00e9n\u00e9ral du Bureau Afrique Centrale du Groupe de la Banque Africaine de D\u00e9veloppement;<\/p>\n<p>Monsieur Emmanuel MOULIN, Directeur G\u00e9n\u00e9ral du Tr\u00e9sor fran\u00e7ais ; Pr DANIEL ONA ONDO, Pr\u00e9sident de la Commission de la CEMAC; Monsieur ABBAS MAHAMAT TOLLI, Gouverneur de la Banque des Etats de l\u2019Afrique Centrale (BEAC).<\/p>\n<p>Apr\u00e8s le Discours d\u2019ouverture du Pr\u00e9sident en exercice, les Chefs d\u2019Etat et de Gouvernement ont suivi la Communication Sp\u00e9ciale du Pr\u00e9sident D\u00e9di\u00e9 au PREF-CEMAC, S.E. Denis SASSOU N\u2019GUESSO, d\u00e9livr\u00e9e par le Premier Ministre Congolais S.E. Anatole Collinet MAKOSSO, sur l\u2019\u00e9tat d\u2019avancement du Programme des R\u00e9formes \u00c9conomiques et Financi\u00e8res de la CEMAC (PREF-CEMAC) et les mesures de relance post COVID-19 adopt\u00e9es par le PREF-CEMAC.<\/p>\n<p>Les Chefs d\u2019Etat ont pr\u00e9alablement rendu un vibrant hommage au Mar\u00e9chal du Tchad, Son Excellence IDRISS DEBY ITNO, tomb\u00e9 sur le champ d\u2019honneur le 20 avril 2021. Ils ont exprim\u00e9 leur solidarit\u00e9 \u00e0 la R\u00e9publique du Tchad, au Peuple tchadien et au Pr\u00e9sident du Conseil Militaire de Transition, Pr\u00e9sident de la R\u00e9publique du Tchad, Son Excellence MAHAMAT IDRISS DEBY ITNO et exhort\u00e9 la Communaut\u00e9 Internationale \u00e0 apporter son soutien \u00e0 la r\u00e9ussite de la transition.<\/p>\n<p>Ensuite, ils ont suivi les Interventions de la Directrice G\u00e9n\u00e9rale du FMI, du Pr\u00e9sident de la Banque Mondiale, du Repr\u00e9sentant de la Banque Africaine de D\u00e9veloppement, et du Repr\u00e9sentant de la R\u00e9publique Fran\u00e7aise.<\/p>\n<p>A la suite de ces expos\u00e9s, les Chefs d\u2019Etat et de Gouvernement ont proc\u00e9d\u00e9 \u00e0 un large \u00e9change de vues sur l\u2019ampleur des cons\u00e9quences des crises s\u00e9curitaire, sanitaire et \u00e9conomique dans la sous-r\u00e9gion.<\/p>\n<p>Ces crises ont induit des d\u00e9s\u00e9quilibres \u00e9conomiques fondamentaux au sein de la CEMAC, alors que la R\u00e9gion commen\u00e7ait d\u00e9j\u00e0 \u00e0 tirer profit des r\u00e9formes engag\u00e9es par les Autorit\u00e9s nationales et r\u00e9gionales, avec l\u2019appui des partenaires ext\u00e9rieurs, dans le cadre de la strat\u00e9gie r\u00e9gionale de sortie de crise adopt\u00e9e lors du Sommet du 23 d\u00e9cembre 2016 \u00e0 Yaound\u00e9.<\/p>\n<p>A cet \u00e9gard, ils ont examin\u00e9 les mesures prises aux niveaux national et r\u00e9gional pour endiguer les effets n\u00e9gatifs de ces crises sur les populations et les \u00e9conomies de la Sous-R\u00e9gion, ainsi que les politiques et r\u00e9formes \u00e9conomiques prioritaires destin\u00e9es \u00e0 soutenir la relance post-COVID-19.<\/p>\n<p>Au terme des \u00e9changes riches et fructueux, les Chefs d\u2019\u00c9tat ont : F\u00e9licit\u00e9 le Pr\u00e9sident D\u00e9di\u00e9 du PREF-CEMAC pour les progr\u00e8s enregistr\u00e9s jusqu\u2019en 2019 dans la mise en \u0153uvre dudit Programme, qui a donn\u00e9 des r\u00e9sultats positifs sur le redressement global des \u00e9conomies de la CEMAC ;<\/p>\n<p>Relev\u00e9 avec satisfaction la consolidation progressive du niveau des r\u00e9serves de change communautaires \u00e0 plus de 3 mois d\u2019importations, renfor\u00e7ant ainsi la stabilit\u00e9 ext\u00e9rieure et \u00e9vitant un ajustement mon\u00e9taire;<\/p>\n<p>Not\u00e9 que les pays de la CEMAC ont enregistr\u00e9, du fait de la pand\u00e9mie et ses cons\u00e9quences, une r\u00e9cession en 2020 et une d\u00e9t\u00e9rioration de leurs \u00e9quilibres macro\u00e9conomiques et financiers. Bien que les perspectives macro\u00e9conomiques en 2021 soient globalement favorables, de nombreux d\u00e9fis et incertitudes persistent;<\/p>\n<p>Salu\u00e9 les mesures exceptionnelles de riposte prises par les Etats et les Institutions communautaires, notamment la Commission de la CEMAC, la BEAC, la COBAC, la BDEAC et l\u2019OCEAC pour limiter les effets n\u00e9gatifs sur les \u00e9conomies de la CEMAC li\u00e9s \u00e0 la propagation rapide de la COVID-19 et \u00e0 la forte volatilit\u00e9 des cours du p\u00e9trole ;<\/p>\n<p>Affirm\u00e9 leur d\u00e9termination \u00e0 acc\u00e9l\u00e9rer les campagnes de vaccination pour prot\u00e9ger les populations, sauver des vies et favoriser une r\u00e9ouverture ma\u00eetris\u00e9e des \u00e9conomies de la Sous- R\u00e9gion, en tirant profit des initiatives bilat\u00e9rales et multilat\u00e9rales, et sollicit\u00e9 le soutien et la solidarit\u00e9 de la communaut\u00e9 internationale en faveur d\u2019un acc\u00e8s large et \u00e9quitable au vaccin et \u00e0 la promotion d\u2019une v\u00e9ritable industrie pharmaceutique dans la sous-r\u00e9gion ;<\/p>\n<p>Exhort\u00e9 les Etats et les Institutions communautaires, notamment la BEAC et la COBAC, \u00e0 envisager une lev\u00e9e prudente et progressive des mesures exceptionnelles de soutien aux \u00e9conomies pour tenir compte de la persistance de la crise sanitaire dans la CEMAC et ses effets sur les \u00e9conomies;<\/p>\n<p>Accueilli favorablement toutes les initiatives internationales de soutien, notamment les financements d\u2019urgence, l\u2019Initiative de Suspension du Service de la Dette, la restructuration et l\u2019all\u00e8gement de la dette, la mise en place du cadre commun du G20, dans le but d\u2019assurer de mani\u00e8re durable la viabilit\u00e9 des finances publiques et la soutenabilit\u00e9 de la dette;<\/p>\n<p>Salu\u00e9 la nouvelle allocation g\u00e9n\u00e9rale des Droits de Tirage Sp\u00e9ciaux (DTS) d\u00e9cid\u00e9e par le FMI \u00e0 concurrence de 650 milliards de dollars am\u00e9ricains et plaid\u00e9 en faveur d\u2019une r\u00e9allocation des DTS des pays d\u00e9velopp\u00e9s vers les pays en d\u00e9veloppement ainsi que pour une reconstitution ambitieuse des ressources de l\u2019IDA 20 d\u2019au moins 100 milliards de dollars am\u00e9ricains;<\/p>\n<p>Exhort\u00e9 les \u00c9tats membres et les Institutions sous r\u00e9gionales \u00e0 faire du Plan communautaire de relance \u00e9conomique post- COVID-19 de la CEMAC une cause commune, et invit\u00e9 les Partenaires Techniques et Financiers \u00e0 les accompagner massivement dans sa mise en \u0153uvre;<\/p>\n<p>R\u00e9affirm\u00e9 leur attachement \u00e0 la solidarit\u00e9 communautaire face aux chocs sanitaire, s\u00e9curitaire et \u00e9conomique, \u00e0 travers la poursuite d\u2019une strat\u00e9gie coh\u00e9rente et coordonn\u00e9e pour pr\u00e9server la viabilit\u00e9 des finances publiques et renforcer la position ext\u00e9rieure de la CEMAC;<\/p>\n<p>Prescrit aux Etats membres la mise en \u0153uvre de politiques budg\u00e9taires propices ax\u00e9es sur la mobilisation accrue des recettes hors p\u00e9trole, le renforcement de la qualit\u00e9 et de l\u2019efficacit\u00e9 des d\u00e9penses publiques et une gestion rigoureuse de la dette publique ;<\/p>\n<p>Engag\u00e9 les Etats \u00e0 poursuivre l\u2019assainissement du syst\u00e8me financier par la mise en place des strat\u00e9gies d\u2019apurement des arri\u00e9r\u00e9s de paiement, cr\u00e9dibles et exhaustives, tenant compte des impacts de la crise sanitaire et conformes aux engagements contenus dans les programmes.<\/p>\n<p>R\u00e9affirm\u00e9 leur engagement au renforcement de la stabilit\u00e9 ext\u00e9rieure de la monnaie, notamment par la poursuite d\u2019une politique mon\u00e9taire prudente et efficace et l\u2019application judicieuse de la r\u00e8glementation des changes \u00e0 tous les secteurs d\u2019activit\u00e9s. A cet \u00e9gard, ils ont encourag\u00e9 la BEAC \u00e0 poursuivre toutes les actions entreprises ou envisag\u00e9es dans ce domaine;<\/p>\n<p>R\u00e9it\u00e9r\u00e9 leurs orientations \u00e0 la Commission de la CEMAC et la BEAC relativement \u00e0 la r\u00e9flexion ouverte sur le cadre et les conditions d\u2019une nouvelle coop\u00e9ration mon\u00e9taire avec la France ;<\/p>\n<p>F\u00e9licit\u00e9 le COPIL du PREF-CEMAC et la BEAC pour l\u2019aboutissement satisfaisant de la premi\u00e8re phase de la fusion des march\u00e9s financiers de la CEMAC, encourag\u00e9 la BEAC \u00e0 parachever la restructuration et l\u2019op\u00e9rationnalisation optimale des structures du march\u00e9 financier unifi\u00e9 et engag\u00e9 les \u00c9tats \u00e0 dynamiser davantage ce march\u00e9 vers une large mobilisation de l\u2019\u00e9pargne communautaire et le financement des \u00e9conomies de la sous-r\u00e9gion;<\/p>\n<p>D\u00e9cid\u00e9 de mettre r\u00e9solument en \u0153uvre les politiques et r\u00e9formes prioritaires dans le cadre de la deuxi\u00e8me phase du PREF-CEMAC pour op\u00e9rer une r\u00e9elle transformation structurelle vers l\u2019industrialisation des \u00e9conomies de la CEMAC et cr\u00e9er les meilleures conditions d\u2019une croissance soutenue, \u00e9quitable tir\u00e9e par le priv\u00e9;<\/p>\n<p>Exhort\u00e9 les \u00c9tats membres \u00e0 am\u00e9liorer le fonctionnement des institutions publiques, la gouvernance et la transparence dans les secteurs public et extractif, la gestion des finances publiques, notamment la qualit\u00e9 des investissements, ainsi que le suivi des risques budg\u00e9taires et d\u2019endettement inh\u00e9rents \u00e0 la gestion des entreprises publiques;<\/p>\n<p>Encourag\u00e9 les \u00c9tats \u00e0 accentuer les efforts pour le d\u00e9veloppement du capital humain, en assurant un financement ad\u00e9quat des secteurs de l\u2019\u00e9ducation, de la formation professionnelle et de la sant\u00e9 et renforcer les dispositifs de protection sociale pour faire face aux effets de la pand\u00e9mie actuelle et se pr\u00e9munir contre les \u00e9ventuelles crises et vuln\u00e9rabilit\u00e9s futures;<\/p>\n<p>Recommand\u00e9 la mobilisation des financements ext\u00e9rieurs de forme hybride dans les nouveaux programmes avec les partenaires, afin de combiner les caract\u00e9ristiques des appuis financiers des diff\u00e9rents bailleurs de fonds et d\u2019accroitre substantiellement les financements en privil\u00e9giant les ressources concessionnelles, ainsi que les Partenariats Public-Priv\u00e9 (PPP);<\/p>\n<p>R\u00e9solu de poursuivre la conception et la mise en \u0153uvre des politiques environnementales visant notamment la lutte contre le changement climatique et la d\u00e9gradation de l\u2019\u00e9cosyst\u00e8me ainsi que la mobilisation des financements aff\u00e9rents;<\/p>\n<p>R\u00e9affirm\u00e9 leur ferme volont\u00e9 de promouvoir et d\u2019approfondir l\u2019int\u00e9gration r\u00e9gionale, \u00e0 travers la consolidation de la libre circulation des personnes et des biens, la promotion de l\u2019\u00e9conomie num\u00e9rique, la construction des infrastructures r\u00e9gionales, l\u2019acc\u00e8s durable \u00e0 l\u2019\u00e9nergie et la mise en \u0153uvre des onze projets int\u00e9grateurs prioritaires, dont les financements ont \u00e9t\u00e9 mobilis\u00e9s avec succ\u00e8s lors de la Table ronde de Paris en novembre 2020, pour renforcer les \u00e9changes intracommunautaires et tirer davantage profit des potentialit\u00e9s de la Zone de Libre \u00c9change Continentale Africaine (ZLECAF) ;<\/p>\n<p>Convenu d\u2019 acc\u00e9l\u00e9rer l\u2019am\u00e9lioration du climat des affaires, en facilitant et simplifiant, entre autres, les proc\u00e9dures de cr\u00e9ation d\u2019entreprises et en assainissant l\u2019environnement juridique pour renforcer l\u2019attractivit\u00e9 de l\u2019espace communautaire, attirer les investissements directs \u00e9trangers afin de combler le gap de financement des grands projets structurants, devant contribuer efficacement \u00e0 l\u2019industrialisation des pays de la CEMAC;<\/p>\n<p>D\u00e9cid\u00e9 d\u2019impulser une nouvelle et forte dynamique \u00e0 la strat\u00e9gie r\u00e9gionale de redressement \u00e9conomique et financier, \u00e0 travers les programmes \u00e9conomiques et financiers de deuxi\u00e8me g\u00e9n\u00e9ration \u00e0 conclure avec le Fonds Mon\u00e9taire International (FMI), appuy\u00e9s entre autres par la Banque Mondiale, la Banque Africaine de D\u00e9veloppement, la France. A cet \u00e9gard, la coordination accrue des interventions des partenaires multilat\u00e9raux et r\u00e9gionaux sera de nature \u00e0 assurer une plus grande mobilisation des financements et un meilleur impact \u00e9conomique, financier et social ;<\/p>\n<p>Exhort\u00e9 les Etats membres concern\u00e9s \u00e0 finaliser et \u00e0 conclure des programmes avec le FMI, en vue de conf\u00e9rer \u00e0 la strat\u00e9gie r\u00e9gionale de relance son caract\u00e8re communautaire et solidaire, lui garantir le plus grand succ\u00e8s avec le soutien du FMI, de la BM, de la BAD, de la France et des autres Partenaires Techniques et Financiers.<\/p>\n<p>F\u00e9licit\u00e9 le Pr\u00e9sident D\u00e9di\u00e9 du PREF-CEMAC pour les progr\u00e8s enregistr\u00e9s jusqu\u2019en 2019 dans la mise en \u0153uvre dudit Programme, qui a donn\u00e9 des r\u00e9sultats positifs sur le redressement global des \u00e9conomies de la CEMAC ;<\/p>\n<p>Relev\u00e9 avec satisfaction la consolidation progressive du niveau des r\u00e9serves de change communautaires \u00e0 plus de 3 mois d\u2019importations, renfor\u00e7ant ainsi la stabilit\u00e9 ext\u00e9rieure et \u00e9vitant un ajustement mon\u00e9taire;<\/p>\n<p>Not\u00e9 que les pays de la CEMAC ont enregistr\u00e9, du fait de la pand\u00e9mie et ses cons\u00e9quences, une r\u00e9cession en 2020 et une d\u00e9t\u00e9rioration de leurs \u00e9quilibres macro\u00e9conomiques et financiers. Bien que les perspectives macro\u00e9conomiques en 2021 soient globalement favorables, de nombreux d\u00e9fis et incertitudes persistent;<\/p>\n<p>Salu\u00e9 les mesures exceptionnelles de riposte prises par les Etats et les Institutions communautaires, notamment la Commission de la CEMAC, la BEAC, la COBAC, la BDEAC et l\u2019OCEAC pour limiter les effets n\u00e9gatifs sur les \u00e9conomies de la CEMAC li\u00e9s \u00e0 la propagation rapide de la COVID-19 et \u00e0 la forte volatilit\u00e9 des cours du p\u00e9trole ;<\/p>\n<p>Affirm\u00e9 leur d\u00e9termination \u00e0 acc\u00e9l\u00e9rer les campagnes de vaccination pour prot\u00e9ger les populations, sauver des vies et favoriser une r\u00e9ouverture ma\u00eetris\u00e9e des \u00e9conomies de la Sous- R\u00e9gion, en tirant profit des initiatives bilat\u00e9rales et multilat\u00e9rales, et sollicit\u00e9 le soutien et la solidarit\u00e9 de la communaut\u00e9 internationale en faveur d\u2019un acc\u00e8s large et \u00e9quitable au vaccin et \u00e0 la promotion d\u2019une v\u00e9ritable industrie pharmaceutique dans la sous-r\u00e9gion ;<\/p>\n<p>Exhort\u00e9 les Etats et les Institutions communautaires, notamment la BEAC et la COBAC, \u00e0 envisager une lev\u00e9e prudente et progressive des mesures exceptionnelles de soutien aux \u00e9conomies pour tenir compte de la persistance de la crise sanitaire dans la CEMAC et ses effets sur les \u00e9conomies;<\/p>\n<p>Accueilli favorablement toutes les initiatives internationales de soutien, notamment les financements d\u2019urgence, l\u2019Initiative de Suspension du Service de la Dette, la restructuration et l\u2019all\u00e8gement de la dette, la mise en place du cadre commun du G20, dans le but d\u2019assurer de mani\u00e8re durable la viabilit\u00e9 des finances publiques et la soutenabilit\u00e9 de la dette;<\/p>\n<p>Salu\u00e9 la nouvelle allocation g\u00e9n\u00e9rale des Droits de Tirage Sp\u00e9ciaux (DTS) d\u00e9cid\u00e9e par le FMI \u00e0 concurrence de 650 milliards de dollars am\u00e9ricains et plaid\u00e9 en faveur d\u2019une r\u00e9allocation des DTS des pays d\u00e9velopp\u00e9s vers les pays en d\u00e9veloppement ainsi que pour une reconstitution ambitieuse des ressources de l\u2019IDA 20 d\u2019au moins 100 milliards de dollars am\u00e9ricains;<\/p>\n<p>Exhort\u00e9 les \u00c9tats membres et les Institutions sous r\u00e9gionales \u00e0 faire du Plan communautaire de relance \u00e9conomique post- COVID-19 de la CEMAC une cause commune, et invit\u00e9 les Partenaires Techniques et Financiers \u00e0 les accompagner massivement dans sa mise en \u0153uvre;<\/p>\n<p>R\u00e9affirm\u00e9 leur attachement \u00e0 la solidarit\u00e9 communautaire face aux chocs sanitaire, s\u00e9curitaire et \u00e9conomique, \u00e0 travers la poursuite d\u2019une strat\u00e9gie coh\u00e9rente et coordonn\u00e9e pour pr\u00e9server la viabilit\u00e9 des finances publiques et renforcer la position ext\u00e9rieure de la CEMAC;<\/p>\n<p>Prescrit aux Etats membres la mise en \u0153uvre de politiques budg\u00e9taires propices ax\u00e9es sur la mobilisation accrue des recettes hors p\u00e9trole, le renforcement de la qualit\u00e9 et de l\u2019efficacit\u00e9 des d\u00e9penses publiques et une gestion rigoureuse de la dette publique ;<\/p>\n<p>Engag\u00e9 les Etats \u00e0 poursuivre l\u2019assainissement du syst\u00e8me financier par la mise en place des strat\u00e9gies d\u2019apurement des arri\u00e9r\u00e9s de paiement, cr\u00e9dibles et exhaustives, tenant compte des impacts de la crise sanitaire et conformes aux engagements contenus dans les programmes.<\/p>\n<p>R\u00e9affirm\u00e9 leur engagement au renforcement de la stabilit\u00e9 ext\u00e9rieure de la monnaie, notamment par la poursuite d\u2019une politique mon\u00e9taire prudente et efficace et l\u2019application judicieuse de la r\u00e8glementation des changes \u00e0 tous les secteurs d\u2019activit\u00e9s. A cet \u00e9gard, ils ont encourag\u00e9 la BEAC \u00e0 poursuivre toutes les actions entreprises ou envisag\u00e9es dans ce domaine;<\/p>\n<p>R\u00e9it\u00e9r\u00e9 leurs orientations \u00e0 la Commission de la CEMAC et la BEAC relativement \u00e0 la r\u00e9flexion ouverte sur le cadre et les conditions d\u2019une nouvelle coop\u00e9ration mon\u00e9taire avec la France ;<\/p>\n<p>F\u00e9licit\u00e9 le COPIL du PREF-CEMAC et la BEAC pour l\u2019aboutissement satisfaisant de la premi\u00e8re phase de la fusion des march\u00e9s financiers de la CEMAC, encourag\u00e9 la BEAC \u00e0 parachever la restructuration et l\u2019op\u00e9rationnalisation optimale des structures du march\u00e9 financier unifi\u00e9 et engag\u00e9 les \u00c9tats \u00e0 dynamiser davantage ce march\u00e9 vers une large mobilisation de l\u2019\u00e9pargne communautaire et le financement des \u00e9conomies de la sous-r\u00e9gion;<\/p>\n<p>D\u00e9cid\u00e9 de mettre r\u00e9solument en \u0153uvre les politiques et r\u00e9formes prioritaires dans le cadre de la deuxi\u00e8me phase du PREF-CEMAC pour op\u00e9rer une r\u00e9elle transformation structurelle vers l\u2019industrialisation des \u00e9conomies de la CEMAC et cr\u00e9er les meilleures conditions d\u2019une croissance soutenue, \u00e9quitable tir\u00e9e par le priv\u00e9;<\/p>\n<p>Exhort\u00e9 les \u00c9tats membres \u00e0 am\u00e9liorer le fonctionnement des institutions publiques, la gouvernance et la transparence dans les secteurs public et extractif, la gestion des finances publiques, notamment la qualit\u00e9 des investissements, ainsi que le suivi des risques budg\u00e9taires et d\u2019endettement inh\u00e9rents \u00e0 la gestion des entreprises publiques;<\/p>\n<p>Encourag\u00e9 les \u00c9tats \u00e0 accentuer les efforts pour le d\u00e9veloppement du capital humain, en assurant un financement ad\u00e9quat des secteurs de l\u2019\u00e9ducation, de la formation professionnelle et de la sant\u00e9 et renforcer les dispositifs de protection sociale pour faire face aux effets de la pand\u00e9mie actuelle et se pr\u00e9munir contre les \u00e9ventuelles crises et vuln\u00e9rabilit\u00e9s futures;<\/p>\n<p>Recommand\u00e9 la mobilisation des financements ext\u00e9rieurs de forme hybride dans les nouveaux programmes avec les partenaires, afin de combiner les caract\u00e9ristiques des appuis financiers des diff\u00e9rents bailleurs de fonds et d\u2019accroitre substantiellement les financements en privil\u00e9giant les ressources concessionnelles, ainsi que les Partenariats Public-Priv\u00e9 (PPP);<\/p>\n<p>R\u00e9solu de poursuivre la conception et la mise en \u0153uvre des politiques environnementales visant notamment la lutte contre le changement climatique et la d\u00e9gradation de l\u2019\u00e9cosyst\u00e8me ainsi que la mobilisation des financements aff\u00e9rents;<\/p>\n<p>R\u00e9affirm\u00e9 leur ferme volont\u00e9 de promouvoir et d\u2019approfondir l\u2019int\u00e9gration r\u00e9gionale, \u00e0 travers la consolidation de la libre circulation des personnes et des biens, la promotion de l\u2019\u00e9conomie num\u00e9rique, la construction des infrastructures r\u00e9gionales, l\u2019acc\u00e8s durable \u00e0 l\u2019\u00e9nergie et la mise en \u0153uvre des onze projets int\u00e9grateurs prioritaires, dont les financements ont \u00e9t\u00e9 mobilis\u00e9s avec succ\u00e8s lors de la Table ronde de Paris en novembre 2020, pour renforcer les \u00e9changes intracommunautaires et tirer davantage profit des potentialit\u00e9s de la Zone de Libre \u00c9change Continentale Africaine (ZLECAF) ;<\/p>\n<p>Convenu d\u2019 acc\u00e9l\u00e9rer l\u2019am\u00e9lioration du climat des affaires, en facilitant et simplifiant, entre autres, les proc\u00e9dures de cr\u00e9ation d\u2019entreprises et en assainissant l\u2019environnement juridique pour renforcer l\u2019attractivit\u00e9 de l\u2019espace communautaire, attirer les investissements directs \u00e9trangers afin de combler le gap de financement des grands projets structurants, devant contribuer efficacement \u00e0 l\u2019industrialisation des pays de la CEMAC;<\/p>\n<p>D\u00e9cid\u00e9 d\u2019impulser une nouvelle et forte dynamique \u00e0 la strat\u00e9gie r\u00e9gionale de redressement \u00e9conomique et financier, \u00e0 travers les programmes \u00e9conomiques et financiers de deuxi\u00e8me g\u00e9n\u00e9ration \u00e0 conclure avec le Fonds Mon\u00e9taire International (FMI), appuy\u00e9s entre autres par la Banque Mondiale, la Banque Africaine de D\u00e9veloppement, la France. A cet \u00e9gard, la coordination accrue des interventions des partenaires multilat\u00e9raux et r\u00e9gionaux sera de nature \u00e0 assurer une plus grande mobilisation des financements et un meilleur impact \u00e9conomique, financier et social ;<\/p>\n<p>Exhort\u00e9 les Etats membres concern\u00e9s \u00e0 finaliser et \u00e0 conclure des programmes avec le FMI, en vue de conf\u00e9rer \u00e0 la strat\u00e9gie r\u00e9gionale de relance son caract\u00e8re communautaire et solidaire, lui garantir le plus grand succ\u00e8s avec le soutien du FMI, de la BM, de la BAD, de la France et des autres Partenaires Techniques et Financiers.<\/p>\n<p>Pr\u00e9occup\u00e9s par les effets n\u00e9fastes persistants des crises s\u00e9curitaire, sanitaire et \u00e9conomique sur les conditions de vie des populations, les Chefs d\u2019Etat et de Gouvernement soutiennent et encouragent toutes les initiatives internes et externes visant \u00e0 restaurer un cadre de paix, de stabilit\u00e9, de s\u00e9curit\u00e9 et de sant\u00e9 favorable \u00e0 l\u2019\u00e9mergence de la CEMAC.<\/p>\n<p>Aussi, au moment crucial de la mise en \u0153uvre de la Strat\u00e9gie de sortie de crise, engag\u00e9e par la Communaut\u00e9, les Chefs d\u2019Etat et de Gouvernement de la CEMAC marquent-ils leur volont\u00e9 r\u00e9solue et ferme de poursuivre les efforts d\u00e9ploy\u00e9s depuis 2016 dans le cadre d\u2019un deuxi\u00e8me cycle de programmes \u00e9conomiques et financiers soutenus par le FMI et tous les autres Partenaires Techniques et Financiers, orient\u00e9s vers les objectifs de croissance forte, verte, r\u00e9siliente et inclusive, en cr\u00e9ant plus de richesses et d\u2019emplois.<\/p>\n<p>Au terme de leurs travaux qui se sont d\u00e9roul\u00e9s dans une atmosph\u00e8re de s\u00e9r\u00e9nit\u00e9, de compr\u00e9hension mutuelle et d\u2019entente cordiale, les Chefs d\u2019Etat et de Gouvernement ont salu\u00e9 la participation \u00e0 ce Sommet des invit\u00e9s sp\u00e9ciaux et f\u00e9licit\u00e9 la Commission de la CEMAC pour la qualit\u00e9 de la pr\u00e9paration de cette rencontre.<\/p>\n<p>Ils ont enfin exprim\u00e9 leur profonde et fraternelle gratitude \u00e0 l\u2019endroit de Son Excellence Paul BIYA, Pr\u00e9sident en Exercice de la CEMAC, Pr\u00e9sident de la R\u00e9publique du Cameroun, pour la r\u00e9ussite de ce Sommet Extraordinaire. Fait \u00e0 Yaound\u00e9, le 18 ao\u00fbt 2021 Pour la Conf\u00e9rence des Chefs d\u2019Etat, Le Pr\u00e9sident en Exercice, Paul BIYA<\/p>\n","protected":false},"excerpt":{"rendered":"<p>Africa-Press &#8211; Tchad. Les Chefs d\u2019Etat de la Communaut\u00e9 \u00e9conomique et mon\u00e9taire de l\u2019Afrique centrale (CEMAC), se sont retrouv\u00e9s par visioconf\u00e9rence pour redessiner l\u2019avenir \u00e9conomique et mon\u00e9taire dans la sous-r\u00e9gion A l\u2019invitation de Son Excellence Paul BIYA, Pr\u00e9sident en Exercice de la Conf\u00e9rence des Chefs d\u2019Etat de la CEMAC, Pr\u00e9sident de la R\u00e9publique du Cameroun, [&hellip;]<\/p>\n","protected":false},"author":82,"featured_media":9828,"comment_status":"open","ping_status":"closed","sticky":false,"template":"","format":"standard","meta":{"footnotes":""},"categories":[11,2,10],"tags":[37,292,1235,1241,1242,29],"class_list":["post-9829","post","type-post","status-publish","format-standard","has-post-thumbnail","hentry","category-homepage-french","category-politique","category-toutes-les-actualites","tag-africa-press","tag-africa-press-tchad","tag-cemac","tag-communique-final","tag-sommet-extraordinaire-des-chefs-detat","tag-tchad"],"yoast_head":"<!-- This site is optimized with the Yoast SEO Premium plugin v26.1 (Yoast SEO v27.0) - https:\/\/yoast.com\/product\/yoast-seo-premium-wordpress\/ -->\n<title>CEMAC : communiqu\u00e9 final du Sommet extraordinaire des Chefs d\u2019Etat de la sous-r\u00e9gion - tchad<\/title>\n<meta name=\"description\" content=\"Les Chefs d\u2019Etat de la Communaut\u00e9 \u00e9conomique et mon\u00e9taire de l\u2019Afrique centrale (CEMAC), se sont retrouv\u00e9s par visioconf ...\" \/>\n<meta name=\"robots\" content=\"index, follow, max-snippet:-1, max-image-preview:large, max-video-preview:-1\" \/>\n<link rel=\"canonical\" href=\"https:\/\/www.africa-press.net\/tchad\/politique\/cemac-communique-final-du-sommet-extraordinaire-des-chefs-detat-de-la-sous-region\" \/>\n<meta property=\"og:locale\" content=\"fr_FR\" \/>\n<meta property=\"og:type\" content=\"article\" \/>\n<meta property=\"og:title\" content=\"CEMAC : communiqu\u00e9 final du Sommet extraordinaire des Chefs d\u2019Etat de la sous-r\u00e9gion\" \/>\n<meta property=\"og:description\" content=\"Les Chefs d\u2019Etat de la Communaut\u00e9 \u00e9conomique et mon\u00e9taire de l\u2019Afrique centrale (CEMAC), se sont retrouv\u00e9s par visioconf ...\" \/>\n<meta property=\"og:url\" content=\"https:\/\/www.africa-press.net\/tchad\/politique\/cemac-communique-final-du-sommet-extraordinaire-des-chefs-detat-de-la-sous-region\" \/>\n<meta property=\"og:site_name\" content=\"tchad\" \/>\n<meta property=\"article:published_time\" content=\"2021-08-20T10:18:51+00:00\" \/>\n<meta property=\"article:modified_time\" content=\"2021-08-20T19:55:19+00:00\" \/>\n<meta property=\"og:image\" content=\"https:\/\/static.africa-press.net\/tchad\/sites\/41\/2021\/08\/img-611f7dae2baa8.jpg\" \/>\n\t<meta property=\"og:image:width\" content=\"780\" \/>\n\t<meta property=\"og:image:height\" content=\"440\" \/>\n\t<meta property=\"og:image:type\" content=\"image\/jpeg\" \/>\n<meta name=\"author\" content=\"cfeditorfr\" \/>\n<meta name=\"twitter:card\" content=\"summary_large_image\" \/>\n<meta name=\"twitter:label1\" content=\"\u00c9crit par\" \/>\n\t<meta name=\"twitter:data1\" content=\"cfeditorfr\" \/>\n\t<meta name=\"twitter:label2\" content=\"Dur\u00e9e de lecture estim\u00e9e\" \/>\n\t<meta name=\"twitter:data2\" content=\"19 minutes\" \/>\n<script type=\"application\/ld+json\" class=\"yoast-schema-graph\">{\"@context\":\"https:\/\/schema.org\",\"@graph\":[{\"@type\":\"Article\",\"@id\":\"https:\/\/www.africa-press.net\/tchad\/politique\/cemac-communique-final-du-sommet-extraordinaire-des-chefs-detat-de-la-sous-region#article\",\"isPartOf\":{\"@id\":\"https:\/\/www.africa-press.net\/tchad\/politique\/cemac-communique-final-du-sommet-extraordinaire-des-chefs-detat-de-la-sous-region\"},\"author\":{\"name\":\"cfeditorfr\",\"@id\":\"https:\/\/www.africa-press.net\/tchad\/#\/schema\/person\/2b1cf3cd81a31e3cd26889ca66d677f1\"},\"headline\":\"CEMAC : communiqu\u00e9 final du Sommet extraordinaire des Chefs d\u2019Etat de la sous-r\u00e9gion\",\"datePublished\":\"2021-08-20T10:18:51+00:00\",\"dateModified\":\"2021-08-20T19:55:19+00:00\",\"mainEntityOfPage\":{\"@id\":\"https:\/\/www.africa-press.net\/tchad\/politique\/cemac-communique-final-du-sommet-extraordinaire-des-chefs-detat-de-la-sous-region\"},\"wordCount\":3846,\"commentCount\":0,\"image\":{\"@id\":\"https:\/\/www.africa-press.net\/tchad\/politique\/cemac-communique-final-du-sommet-extraordinaire-des-chefs-detat-de-la-sous-region#primaryimage\"},\"thumbnailUrl\":\"https:\/\/static.africa-press.net\/tchad\/sites\/41\/2021\/08\/img-611f7dae2baa8.jpg\",\"keywords\":[\"Africa Press\",\"Africa Press-Tchad\",\"Cemac\",\"communiqu\u00e9 final\",\"sommet extraordinaire des Chefs d'Etat\",\"Tchad\"],\"articleSection\":[\"homepage-french\",\"Politique\",\"Toutes les actualit\u00e9s\"],\"inLanguage\":\"fr-FR\",\"potentialAction\":[{\"@type\":\"CommentAction\",\"name\":\"Comment\",\"target\":[\"https:\/\/www.africa-press.net\/tchad\/politique\/cemac-communique-final-du-sommet-extraordinaire-des-chefs-detat-de-la-sous-region#respond\"]}]},{\"@type\":\"WebPage\",\"@id\":\"https:\/\/www.africa-press.net\/tchad\/politique\/cemac-communique-final-du-sommet-extraordinaire-des-chefs-detat-de-la-sous-region\",\"url\":\"https:\/\/www.africa-press.net\/tchad\/politique\/cemac-communique-final-du-sommet-extraordinaire-des-chefs-detat-de-la-sous-region\",\"name\":\"CEMAC : communiqu\u00e9 final du Sommet extraordinaire des Chefs d\u2019Etat de la sous-r\u00e9gion - tchad\",\"isPartOf\":{\"@id\":\"https:\/\/www.africa-press.net\/tchad\/#website\"},\"primaryImageOfPage\":{\"@id\":\"https:\/\/www.africa-press.net\/tchad\/politique\/cemac-communique-final-du-sommet-extraordinaire-des-chefs-detat-de-la-sous-region#primaryimage\"},\"image\":{\"@id\":\"https:\/\/www.africa-press.net\/tchad\/politique\/cemac-communique-final-du-sommet-extraordinaire-des-chefs-detat-de-la-sous-region#primaryimage\"},\"thumbnailUrl\":\"https:\/\/static.africa-press.net\/tchad\/sites\/41\/2021\/08\/img-611f7dae2baa8.jpg\",\"datePublished\":\"2021-08-20T10:18:51+00:00\",\"dateModified\":\"2021-08-20T19:55:19+00:00\",\"author\":{\"@id\":\"https:\/\/www.africa-press.net\/tchad\/#\/schema\/person\/2b1cf3cd81a31e3cd26889ca66d677f1\"},\"description\":\"Les Chefs d\u2019Etat de la Communaut\u00e9 \u00e9conomique et mon\u00e9taire de l\u2019Afrique centrale (CEMAC), se sont retrouv\u00e9s par visioconf ...\",\"breadcrumb\":{\"@id\":\"https:\/\/www.africa-press.net\/tchad\/politique\/cemac-communique-final-du-sommet-extraordinaire-des-chefs-detat-de-la-sous-region#breadcrumb\"},\"inLanguage\":\"fr-FR\",\"potentialAction\":[{\"@type\":\"ReadAction\",\"target\":[\"https:\/\/www.africa-press.net\/tchad\/politique\/cemac-communique-final-du-sommet-extraordinaire-des-chefs-detat-de-la-sous-region\"]}]},{\"@type\":\"ImageObject\",\"inLanguage\":\"fr-FR\",\"@id\":\"https:\/\/www.africa-press.net\/tchad\/politique\/cemac-communique-final-du-sommet-extraordinaire-des-chefs-detat-de-la-sous-region#primaryimage\",\"url\":\"https:\/\/static.africa-press.net\/tchad\/sites\/41\/2021\/08\/img-611f7dae2baa8.jpg\",\"contentUrl\":\"https:\/\/static.africa-press.net\/tchad\/sites\/41\/2021\/08\/img-611f7dae2baa8.jpg\",\"width\":780,\"height\":440,\"caption\":\"CEMAC : communiqu\u00e9 final du Sommet extraordinaire des Chefs d\u2019Etat de la sous-r\u00e9gion\"},{\"@type\":\"BreadcrumbList\",\"@id\":\"https:\/\/www.africa-press.net\/tchad\/politique\/cemac-communique-final-du-sommet-extraordinaire-des-chefs-detat-de-la-sous-region#breadcrumb\",\"itemListElement\":[{\"@type\":\"ListItem\",\"position\":1,\"name\":\"Accueil\",\"item\":\"https:\/\/www.africa-press.net\/tchad\/\"},{\"@type\":\"ListItem\",\"position\":2,\"name\":\"CEMAC : communiqu\u00e9 final du Sommet extraordinaire des Chefs d\u2019Etat de la sous-r\u00e9gion\"}]},{\"@type\":\"WebSite\",\"@id\":\"https:\/\/www.africa-press.net\/tchad\/#website\",\"url\":\"https:\/\/www.africa-press.net\/tchad\/\",\"name\":\"tchad\",\"description\":\"Just another Africa News Agency Sites site\",\"potentialAction\":[{\"@type\":\"SearchAction\",\"target\":{\"@type\":\"EntryPoint\",\"urlTemplate\":\"https:\/\/www.africa-press.net\/tchad\/?s={search_term_string}\"},\"query-input\":{\"@type\":\"PropertyValueSpecification\",\"valueRequired\":true,\"valueName\":\"search_term_string\"}}],\"inLanguage\":\"fr-FR\"},{\"@type\":\"Person\",\"@id\":\"https:\/\/www.africa-press.net\/tchad\/#\/schema\/person\/2b1cf3cd81a31e3cd26889ca66d677f1\",\"name\":\"cfeditorfr\"}]}<\/script>\n<!-- \/ Yoast SEO Premium plugin. -->","yoast_head_json":{"title":"CEMAC : communiqu\u00e9 final du Sommet extraordinaire des Chefs d\u2019Etat de la sous-r\u00e9gion - tchad","description":"Les Chefs d\u2019Etat de la Communaut\u00e9 \u00e9conomique et mon\u00e9taire de l\u2019Afrique centrale (CEMAC), se sont retrouv\u00e9s par visioconf ...","robots":{"index":"index","follow":"follow","max-snippet":"max-snippet:-1","max-image-preview":"max-image-preview:large","max-video-preview":"max-video-preview:-1"},"canonical":"https:\/\/www.africa-press.net\/tchad\/politique\/cemac-communique-final-du-sommet-extraordinaire-des-chefs-detat-de-la-sous-region","og_locale":"fr_FR","og_type":"article","og_title":"CEMAC : communiqu\u00e9 final du Sommet extraordinaire des Chefs d\u2019Etat de la sous-r\u00e9gion","og_description":"Les Chefs d\u2019Etat de la Communaut\u00e9 \u00e9conomique et mon\u00e9taire de l\u2019Afrique centrale (CEMAC), se sont retrouv\u00e9s par visioconf ...","og_url":"https:\/\/www.africa-press.net\/tchad\/politique\/cemac-communique-final-du-sommet-extraordinaire-des-chefs-detat-de-la-sous-region","og_site_name":"tchad","article_published_time":"2021-08-20T10:18:51+00:00","article_modified_time":"2021-08-20T19:55:19+00:00","og_image":[{"width":780,"height":440,"url":"https:\/\/static.africa-press.net\/tchad\/sites\/41\/2021\/08\/img-611f7dae2baa8.jpg","type":"image\/jpeg"}],"author":"cfeditorfr","twitter_card":"summary_large_image","twitter_misc":{"\u00c9crit par":"cfeditorfr","Dur\u00e9e de lecture estim\u00e9e":"19 minutes"},"schema":{"@context":"https:\/\/schema.org","@graph":[{"@type":"Article","@id":"https:\/\/www.africa-press.net\/tchad\/politique\/cemac-communique-final-du-sommet-extraordinaire-des-chefs-detat-de-la-sous-region#article","isPartOf":{"@id":"https:\/\/www.africa-press.net\/tchad\/politique\/cemac-communique-final-du-sommet-extraordinaire-des-chefs-detat-de-la-sous-region"},"author":{"name":"cfeditorfr","@id":"https:\/\/www.africa-press.net\/tchad\/#\/schema\/person\/2b1cf3cd81a31e3cd26889ca66d677f1"},"headline":"CEMAC : communiqu\u00e9 final du Sommet extraordinaire des Chefs d\u2019Etat de la sous-r\u00e9gion","datePublished":"2021-08-20T10:18:51+00:00","dateModified":"2021-08-20T19:55:19+00:00","mainEntityOfPage":{"@id":"https:\/\/www.africa-press.net\/tchad\/politique\/cemac-communique-final-du-sommet-extraordinaire-des-chefs-detat-de-la-sous-region"},"wordCount":3846,"commentCount":0,"image":{"@id":"https:\/\/www.africa-press.net\/tchad\/politique\/cemac-communique-final-du-sommet-extraordinaire-des-chefs-detat-de-la-sous-region#primaryimage"},"thumbnailUrl":"https:\/\/static.africa-press.net\/tchad\/sites\/41\/2021\/08\/img-611f7dae2baa8.jpg","keywords":["Africa Press","Africa Press-Tchad","Cemac","communiqu\u00e9 final","sommet extraordinaire des Chefs d'Etat","Tchad"],"articleSection":["homepage-french","Politique","Toutes les actualit\u00e9s"],"inLanguage":"fr-FR","potentialAction":[{"@type":"CommentAction","name":"Comment","target":["https:\/\/www.africa-press.net\/tchad\/politique\/cemac-communique-final-du-sommet-extraordinaire-des-chefs-detat-de-la-sous-region#respond"]}]},{"@type":"WebPage","@id":"https:\/\/www.africa-press.net\/tchad\/politique\/cemac-communique-final-du-sommet-extraordinaire-des-chefs-detat-de-la-sous-region","url":"https:\/\/www.africa-press.net\/tchad\/politique\/cemac-communique-final-du-sommet-extraordinaire-des-chefs-detat-de-la-sous-region","name":"CEMAC : communiqu\u00e9 final du Sommet extraordinaire des Chefs d\u2019Etat de la sous-r\u00e9gion - tchad","isPartOf":{"@id":"https:\/\/www.africa-press.net\/tchad\/#website"},"primaryImageOfPage":{"@id":"https:\/\/www.africa-press.net\/tchad\/politique\/cemac-communique-final-du-sommet-extraordinaire-des-chefs-detat-de-la-sous-region#primaryimage"},"image":{"@id":"https:\/\/www.africa-press.net\/tchad\/politique\/cemac-communique-final-du-sommet-extraordinaire-des-chefs-detat-de-la-sous-region#primaryimage"},"thumbnailUrl":"https:\/\/static.africa-press.net\/tchad\/sites\/41\/2021\/08\/img-611f7dae2baa8.jpg","datePublished":"2021-08-20T10:18:51+00:00","dateModified":"2021-08-20T19:55:19+00:00","author":{"@id":"https:\/\/www.africa-press.net\/tchad\/#\/schema\/person\/2b1cf3cd81a31e3cd26889ca66d677f1"},"description":"Les Chefs d\u2019Etat de la Communaut\u00e9 \u00e9conomique et mon\u00e9taire de l\u2019Afrique centrale (CEMAC), se sont retrouv\u00e9s par visioconf ...","breadcrumb":{"@id":"https:\/\/www.africa-press.net\/tchad\/politique\/cemac-communique-final-du-sommet-extraordinaire-des-chefs-detat-de-la-sous-region#breadcrumb"},"inLanguage":"fr-FR","potentialAction":[{"@type":"ReadAction","target":["https:\/\/www.africa-press.net\/tchad\/politique\/cemac-communique-final-du-sommet-extraordinaire-des-chefs-detat-de-la-sous-region"]}]},{"@type":"ImageObject","inLanguage":"fr-FR","@id":"https:\/\/www.africa-press.net\/tchad\/politique\/cemac-communique-final-du-sommet-extraordinaire-des-chefs-detat-de-la-sous-region#primaryimage","url":"https:\/\/static.africa-press.net\/tchad\/sites\/41\/2021\/08\/img-611f7dae2baa8.jpg","contentUrl":"https:\/\/static.africa-press.net\/tchad\/sites\/41\/2021\/08\/img-611f7dae2baa8.jpg","width":780,"height":440,"caption":"CEMAC : communiqu\u00e9 final du Sommet extraordinaire des Chefs d\u2019Etat de la sous-r\u00e9gion"},{"@type":"BreadcrumbList","@id":"https:\/\/www.africa-press.net\/tchad\/politique\/cemac-communique-final-du-sommet-extraordinaire-des-chefs-detat-de-la-sous-region#breadcrumb","itemListElement":[{"@type":"ListItem","position":1,"name":"Accueil","item":"https:\/\/www.africa-press.net\/tchad\/"},{"@type":"ListItem","position":2,"name":"CEMAC : communiqu\u00e9 final du Sommet extraordinaire des Chefs d\u2019Etat de la sous-r\u00e9gion"}]},{"@type":"WebSite","@id":"https:\/\/www.africa-press.net\/tchad\/#website","url":"https:\/\/www.africa-press.net\/tchad\/","name":"tchad","description":"Just another Africa News Agency Sites site","potentialAction":[{"@type":"SearchAction","target":{"@type":"EntryPoint","urlTemplate":"https:\/\/www.africa-press.net\/tchad\/?s={search_term_string}"},"query-input":{"@type":"PropertyValueSpecification","valueRequired":true,"valueName":"search_term_string"}}],"inLanguage":"fr-FR"},{"@type":"Person","@id":"https:\/\/www.africa-press.net\/tchad\/#\/schema\/person\/2b1cf3cd81a31e3cd26889ca66d677f1","name":"cfeditorfr"}]}},"_links":{"self":[{"href":"https:\/\/www.africa-press.net\/tchad\/wp-json\/wp\/v2\/posts\/9829","targetHints":{"allow":["GET"]}}],"collection":[{"href":"https:\/\/www.africa-press.net\/tchad\/wp-json\/wp\/v2\/posts"}],"about":[{"href":"https:\/\/www.africa-press.net\/tchad\/wp-json\/wp\/v2\/types\/post"}],"author":[{"embeddable":true,"href":"https:\/\/www.africa-press.net\/tchad\/wp-json\/wp\/v2\/users\/82"}],"replies":[{"embeddable":true,"href":"https:\/\/www.africa-press.net\/tchad\/wp-json\/wp\/v2\/comments?post=9829"}],"version-history":[{"count":0,"href":"https:\/\/www.africa-press.net\/tchad\/wp-json\/wp\/v2\/posts\/9829\/revisions"}],"wp:featuredmedia":[{"embeddable":true,"href":"https:\/\/www.africa-press.net\/tchad\/wp-json\/wp\/v2\/media\/9828"}],"wp:attachment":[{"href":"https:\/\/www.africa-press.net\/tchad\/wp-json\/wp\/v2\/media?parent=9829"}],"wp:term":[{"taxonomy":"category","embeddable":true,"href":"https:\/\/www.africa-press.net\/tchad\/wp-json\/wp\/v2\/categories?post=9829"},{"taxonomy":"post_tag","embeddable":true,"href":"https:\/\/www.africa-press.net\/tchad\/wp-json\/wp\/v2\/tags?post=9829"}],"curies":[{"name":"wp","href":"https:\/\/api.w.org\/{rel}","templated":true}]}}