{"id":98818,"date":"2026-02-01T13:57:58","date_gmt":"2026-02-01T13:57:58","guid":{"rendered":"https:\/\/www.africa-press.net\/tchad\/politique\/deby-met-il-en-danger-les-liens-du-tchad-avec-laes"},"modified":"2026-02-02T11:33:55","modified_gmt":"2026-02-02T11:33:55","slug":"deby-met-il-en-danger-les-liens-du-tchad-avec-laes","status":"publish","type":"post","link":"https:\/\/www.africa-press.net\/tchad\/dossiers\/deby-met-il-en-danger-les-liens-du-tchad-avec-laes","title":{"rendered":"D\u00e9by Met-il en Danger les Liens du Tchad avec l&rsquo;AES"},"content":{"rendered":"<p><b>par Drissa Traor\u00e9 <\/b><\/p>\n<p><span style=\"color: #ff6600\"><strong>Africa-Press &#8211; Tchad. <\/strong><\/span><b>Dans un contexte re\u0301gional et international particulie\u0300rement sensible, le pre\u0301sident tchadien Mahamat Idriss De\u0301by Itno s\u2019est rendu a\u0300 Paris le mercredi 28 novembre 2026, a\u0300 l\u2019invitation de son homologue franc\u0327ais, Emmanuel Macron.<\/b><\/p>\n<p>Officiellement, cette visite a e\u0301te\u0301 qualifie\u0301e de \u00ab visite de travail amicale \u00bb, et son objectif annonce\u0301 par la pre\u0301sidence franc\u0327aise e\u0301tait d\u2019examiner les moyens de \u00ab renforcer un partenariat renouvele\u0301 et mutuellement be\u0301ne\u0301fique \u00bb, au cours d\u2019une rencontre qui a dure\u0301 environ une heure et demie au Palais de l\u2019E\u0301lyse\u0301e. De son co\u0302te\u0301, N\u2019Djamena a insiste\u0301 sur le caracte\u0300re strictement ope\u0301rationnel de la visite, cherchant a\u0300 re\u0301duire les attentes politiques qui y sont associe\u0301es.<\/p>\n<p>Cependant, le contexte de cette visite re\u0301ve\u0300le des dimensions strate\u0301giques plus profondes, lie\u0301es a\u0300 la perte d\u2019influence de la France dans la re\u0301gion du Sahel et en Afrique centrale ces dernie\u0300res anne\u0301es, et a\u0300 son de\u0301sir de retrouver une position par un repositionnement diplomatique, ce qui place le Tchad devant un de\u0301fi re\u0301gional de\u0301licat.<\/p>\n<p><b> La France a besoin du Tchad&#8230; plus qu\u2019il n\u2019y parai\u0302t<\/b><\/p>\n<p>Le journal africain \u2018\u2019Jeune Afrique\u2019\u2019, dans un article publie\u0301 le 29 janvier 2026, a souligne\u0301 que l\u2019objectif franc\u0327ais de la normalisation les relations avec le Tchad n\u2019est pas motive\u0301 par l\u2019amitie\u0301 ou l\u2019histoire commune, mais par le plan de Paris pour retrouver son influence perdue dans le Sahel et en Afrique centrale et contenir l\u2019expansion des pays concurrents. Selon la me\u0302me source, le Tchad repre\u0301sente un pivot strate\u0301gique incontournable, en raison de sa position ge\u0301ographique, de ses capacite\u0301s militaires et de son ro\u0302le diplomatique croissant.<\/p>\n<p>L\u2019article a e\u0301galement pre\u0301cise\u0301 que, par cette initiative, Paris cherche a\u0300 porter un coup diplomatique a\u0300 l\u2019Alliance des E\u0301tats du Sahel (AES), au moment me\u0302me ou\u0300 le Tchad a re\u0301cemment renforce\u0301 ses relations avec cette alliance. Des me\u0301dias internationaux tels que l\u2019agence \u2018\u2019Reuters\u2019\u2019 ont me\u0302me rapporte\u0301 que l\u2019adhe\u0301sion du Tchad a\u0300 l\u2019AES ne serait qu\u2019une question de temps, ce qui alarme Paris.<\/p>\n<p><b>N\u2019Djamena et la priorite\u0301 a\u0300 la souverainete\u0301<\/b><\/p>\n<p>De son co\u0302te\u0301, la direction tchadienne appre\u0301hende la situation sous un angle totalement diffe\u0301rent. Selon \u2018\u2019Jeune Afrique\u2019\u2019, la rupture de l\u2019accord militaire avec la France est attribue\u0301e a\u0300 la volonte\u0301 du pre\u0301sident De\u0301by de privile\u0301gier le principe de souverainete\u0301 et de diversifier les partenariats internationaux et re\u0301gionaux, afin d\u2019e\u0301viter d\u2019apparai\u0302tre comme un \u00ab allie\u0301 pro-franc\u0327ais \u00bb aux yeux des E\u0301tats de l\u2019AES et des pays voisins qui ont rompu leurs accords militaires avec Paris.<\/p>\n<p>Gra\u0302ce a\u0300 cette politique panafricaine et souveraine, De\u0301by a re\u0301ussi a\u0300 pre\u0301senter le Tchad comme un acteur diplomatique inde\u0301pendant, et non comme une simple annexe strate\u0301gique d\u2019une puissance e\u0301trange\u0300re. C\u2019est dans ce contexte que l\u2019ide\u0301e de revenir a\u0300 des \u00ab relations privile\u0301gie\u0301es \u00bb avec Paris, comme par le passe\u0301, apparai\u0302t davantage comme un pas en arrie\u0300re que comme un progre\u0300s, selon l\u2019analyse de \u2018\u2019Jeune Afrique\u2019\u2019, car elle contredirait la trajectoire que N\u2019Djamena a choisie pour rede\u0301finir sa position re\u0301gionale et internationale.<\/p>\n<p><b>Des divergences profondes au-dela\u0300 du protocole<\/b><\/p>\n<p>Malgre\u0301 les tentatives de conciliation diplomatique que pourrait entreprendre Emmanuel Macron lors de sa rencontre avec De\u0301by, les divergences structurelles sont bien pre\u0301sentes. Paris s\u2019inquie\u0300te particulie\u0300rement de l\u2019e\u0301largissement du re\u0301seau de relations du Tchad avec les E\u0301tats de l\u2019AES, craignant une e\u0301ventuelle adhe\u0301sion de N\u2019Djamena a\u0300 cette alliance a\u0300 l\u2019avenir.<\/p>\n<p>Par ailleurs, la France a exprime\u0301 son me\u0301contentement face aux re\u0301formes constitutionnelles, notamment la suppression de la limitation du nombre de mandats pre\u0301sidentiels, ce qui, selon Paris, ne favorise pas ses inte\u0301re\u0302ts dans le contexte du maintien de la politique souveraine de De\u0301by.<\/p>\n<p>Selon Jeune Afrique, ces facteurs expliquent e\u0301galement pourquoi Paris a active\u0301 des dossiers internes sensibles au Tchad, visant a\u0300 exercer une pression sur De\u0301by, a\u0300 ternir sa re\u0301putation ou a\u0300 chercher son e\u0301viction.<\/p>\n<p>Parmi ces dossiers, la me\u0301diatisation de l\u2019arrestation du leader du parti \u00ab Les Transformateurs \u00bb, Succe\u0300s Masra, est notable: Paris a envoye\u0301 des avocats pour le de\u0301fendre, puis a active\u0301 ses re\u0301seaux au sein du Parlement europe\u0301en, du Parlement franc\u0327ais et des organisations internationales, ce que N\u2019Djamena conside\u0300re comme une atteinte directe a\u0300 sa souverainete\u0301 judiciaire. Selon les autorite\u0301s tchadiennes, plus grave encore est l\u2019accueil par la France de l\u2019opposition politique et arme\u0301e le 26 octobre 2025, mene\u0301e par la Front pour l\u2019Alternance et la Concorde au Tchad (FACT), visant a\u0300 renverser le pre\u0301sident De\u0301by.<\/p>\n<p>Sans oublier la re\u0301ouverture des enque\u0302tes sur le de\u0301tournement de fonds publics concernant la pre\u0301sidence tchadienne en juillet 2024 par le Parquet national financier (PNF) franc\u0327ais, perc\u0327ue a\u0300 N\u2019Djamena comme un instrument de pression politique ciblant personnellement le pre\u0301sident De\u0301by.<\/p>\n<p><b>La souverainete\u0301: un choix strate\u0301gique irre\u0301versible<\/b><\/p>\n<p>Au vu de ces e\u0301le\u0301ments, les experts estiment que le Tchad n\u2019a pas a\u0300 faire de concessions ni a\u0300 se plier a\u0300 des calculs de \u00ab normalisation \u00bb avec Paris. N\u2019Djamena a choisi une voie souveraine, fonde\u0301e sur la diversification des partenariats, le renforcement de l\u2019inde\u0301pendance de\u0301cisionnelle nationale et l\u2019affirmation de son ro\u0302le comme puissance re\u0301gionale e\u0301quilibre\u0301e, libre de toute influence externe.<\/p>\n<p>Les experts soulignent que tout engagement dans une approche franc\u0327aise visant a\u0300 restaurer une influence perdue dans le Sahel et en Afrique centrale ne servirait que les inte\u0301re\u0302ts de Paris, tout en exposant le Tchad a\u0300 des pressions politiques et en affaiblissant la confiance de ses partenaires re\u0301gionaux, en particulier les E\u0301tats de l\u2019AES.<\/p>\n<p><b>Source: Journal du Tchad<\/b><\/p>\n<p><strong>Pour plus d&rsquo;informations et d&rsquo;analyses sur la <span style=\"color: #ff6600\">Tchad<\/span>, suivez <span style=\"color: #ff6600\">Africa-Press<\/span><\/strong><\/p>\n","protected":false},"excerpt":{"rendered":"<p>par Drissa Traor\u00e9 Africa-Press &#8211; Tchad. Dans un contexte re\u0301gional et international particulie\u0300rement sensible, le pre\u0301sident tchadien Mahamat Idriss De\u0301by Itno s\u2019est rendu a\u0300 Paris le mercredi 28 novembre 2026, a\u0300 l\u2019invitation de son homologue franc\u0327ais, Emmanuel Macron. Officiellement, cette visite a e\u0301te\u0301 qualifie\u0301e de \u00ab visite de travail amicale \u00bb, et son objectif annonce\u0301 [&hellip;]<\/p>\n","protected":false},"author":82,"featured_media":98817,"comment_status":"open","ping_status":"closed","sticky":false,"template":"","format":"standard","meta":{"footnotes":""},"categories":[7,20,10],"tags":[29],"class_list":["post-98818","post","type-post","status-publish","format-standard","has-post-thumbnail","hentry","category-dossiers","category-top-nouvelles","category-toutes-les-actualites","tag-tchad"],"yoast_head":"<!-- This site is optimized with the Yoast SEO Premium plugin v26.1 (Yoast SEO v27.0) - https:\/\/yoast.com\/product\/yoast-seo-premium-wordpress\/ -->\n<title>D\u00e9by Met-il en Danger les Liens du Tchad avec l&#039;AES - tchad<\/title>\n<meta name=\"description\" content=\"Dans un contexte re\u0301gional et international particulie\u0300rement sensible, le pre\u0301sident tchadien Mahamat Idriss De\u0301by I ...\" \/>\n<meta name=\"robots\" content=\"index, follow, max-snippet:-1, max-image-preview:large, max-video-preview:-1\" \/>\n<link rel=\"canonical\" href=\"https:\/\/www.africa-press.net\/tchad\/dossiers\/deby-met-il-en-danger-les-liens-du-tchad-avec-laes\" \/>\n<meta property=\"og:locale\" content=\"fr_FR\" \/>\n<meta property=\"og:type\" content=\"article\" \/>\n<meta property=\"og:title\" content=\"D\u00e9by Met-il en Danger les Liens du Tchad avec l&#039;AES\" \/>\n<meta property=\"og:description\" content=\"Dans un contexte re\u0301gional et international particulie\u0300rement sensible, le pre\u0301sident tchadien Mahamat Idriss De\u0301by I ...\" \/>\n<meta property=\"og:url\" content=\"https:\/\/www.africa-press.net\/tchad\/dossiers\/deby-met-il-en-danger-les-liens-du-tchad-avec-laes\" \/>\n<meta property=\"og:site_name\" content=\"tchad\" \/>\n<meta property=\"article:published_time\" content=\"2026-02-01T13:57:58+00:00\" \/>\n<meta property=\"article:modified_time\" content=\"2026-02-02T11:33:55+00:00\" \/>\n<meta property=\"og:image\" content=\"https:\/\/static.africa-press.net\/tchad\/sites\/41\/2026\/02\/sm_1769945581.58385.jpg\" \/>\n\t<meta property=\"og:image:width\" content=\"780\" \/>\n\t<meta property=\"og:image:height\" content=\"440\" \/>\n\t<meta property=\"og:image:type\" content=\"image\/jpeg\" \/>\n<meta name=\"author\" content=\"cfeditorfr\" \/>\n<meta name=\"twitter:card\" content=\"summary_large_image\" \/>\n<meta name=\"twitter:label1\" content=\"\u00c9crit par\" \/>\n\t<meta name=\"twitter:data1\" content=\"cfeditorfr\" \/>\n\t<meta name=\"twitter:label2\" content=\"Dur\u00e9e de lecture estim\u00e9e\" \/>\n\t<meta name=\"twitter:data2\" content=\"5 minutes\" \/>\n<script type=\"application\/ld+json\" class=\"yoast-schema-graph\">{\"@context\":\"https:\/\/schema.org\",\"@graph\":[{\"@type\":\"Article\",\"@id\":\"https:\/\/www.africa-press.net\/tchad\/dossiers\/deby-met-il-en-danger-les-liens-du-tchad-avec-laes#article\",\"isPartOf\":{\"@id\":\"https:\/\/www.africa-press.net\/tchad\/dossiers\/deby-met-il-en-danger-les-liens-du-tchad-avec-laes\"},\"author\":{\"name\":\"cfeditorfr\",\"@id\":\"https:\/\/www.africa-press.net\/tchad\/#\/schema\/person\/2b1cf3cd81a31e3cd26889ca66d677f1\"},\"headline\":\"D\u00e9by Met-il en Danger les Liens du Tchad avec l&rsquo;AES\",\"datePublished\":\"2026-02-01T13:57:58+00:00\",\"dateModified\":\"2026-02-02T11:33:55+00:00\",\"mainEntityOfPage\":{\"@id\":\"https:\/\/www.africa-press.net\/tchad\/dossiers\/deby-met-il-en-danger-les-liens-du-tchad-avec-laes\"},\"wordCount\":1059,\"commentCount\":0,\"image\":{\"@id\":\"https:\/\/www.africa-press.net\/tchad\/dossiers\/deby-met-il-en-danger-les-liens-du-tchad-avec-laes#primaryimage\"},\"thumbnailUrl\":\"https:\/\/static.africa-press.net\/tchad\/sites\/41\/2026\/02\/sm_1769945581.58385.jpg\",\"keywords\":[\"Tchad\"],\"articleSection\":[\"Dossiers\",\"Top Nouvelles\",\"Toutes les actualit\u00e9s\"],\"inLanguage\":\"fr-FR\",\"potentialAction\":[{\"@type\":\"CommentAction\",\"name\":\"Comment\",\"target\":[\"https:\/\/www.africa-press.net\/tchad\/dossiers\/deby-met-il-en-danger-les-liens-du-tchad-avec-laes#respond\"]}]},{\"@type\":\"WebPage\",\"@id\":\"https:\/\/www.africa-press.net\/tchad\/dossiers\/deby-met-il-en-danger-les-liens-du-tchad-avec-laes\",\"url\":\"https:\/\/www.africa-press.net\/tchad\/dossiers\/deby-met-il-en-danger-les-liens-du-tchad-avec-laes\",\"name\":\"D\u00e9by Met-il en Danger les Liens du Tchad avec l'AES - tchad\",\"isPartOf\":{\"@id\":\"https:\/\/www.africa-press.net\/tchad\/#website\"},\"primaryImageOfPage\":{\"@id\":\"https:\/\/www.africa-press.net\/tchad\/dossiers\/deby-met-il-en-danger-les-liens-du-tchad-avec-laes#primaryimage\"},\"image\":{\"@id\":\"https:\/\/www.africa-press.net\/tchad\/dossiers\/deby-met-il-en-danger-les-liens-du-tchad-avec-laes#primaryimage\"},\"thumbnailUrl\":\"https:\/\/static.africa-press.net\/tchad\/sites\/41\/2026\/02\/sm_1769945581.58385.jpg\",\"datePublished\":\"2026-02-01T13:57:58+00:00\",\"dateModified\":\"2026-02-02T11:33:55+00:00\",\"author\":{\"@id\":\"https:\/\/www.africa-press.net\/tchad\/#\/schema\/person\/2b1cf3cd81a31e3cd26889ca66d677f1\"},\"description\":\"Dans un contexte re\u0301gional et international particulie\u0300rement sensible, le pre\u0301sident tchadien Mahamat Idriss De\u0301by I ...\",\"breadcrumb\":{\"@id\":\"https:\/\/www.africa-press.net\/tchad\/dossiers\/deby-met-il-en-danger-les-liens-du-tchad-avec-laes#breadcrumb\"},\"inLanguage\":\"fr-FR\",\"potentialAction\":[{\"@type\":\"ReadAction\",\"target\":[\"https:\/\/www.africa-press.net\/tchad\/dossiers\/deby-met-il-en-danger-les-liens-du-tchad-avec-laes\"]}]},{\"@type\":\"ImageObject\",\"inLanguage\":\"fr-FR\",\"@id\":\"https:\/\/www.africa-press.net\/tchad\/dossiers\/deby-met-il-en-danger-les-liens-du-tchad-avec-laes#primaryimage\",\"url\":\"https:\/\/static.africa-press.net\/tchad\/sites\/41\/2026\/02\/sm_1769945581.58385.jpg\",\"contentUrl\":\"https:\/\/static.africa-press.net\/tchad\/sites\/41\/2026\/02\/sm_1769945581.58385.jpg\",\"width\":780,\"height\":440,\"caption\":\"D\u00e9by Met-il en Danger les Liens du Tchad avec l'AES\"},{\"@type\":\"BreadcrumbList\",\"@id\":\"https:\/\/www.africa-press.net\/tchad\/dossiers\/deby-met-il-en-danger-les-liens-du-tchad-avec-laes#breadcrumb\",\"itemListElement\":[{\"@type\":\"ListItem\",\"position\":1,\"name\":\"Accueil\",\"item\":\"https:\/\/www.africa-press.net\/tchad\/\"},{\"@type\":\"ListItem\",\"position\":2,\"name\":\"D\u00e9by Met-il en Danger les Liens du Tchad avec l&#8217;AES\"}]},{\"@type\":\"WebSite\",\"@id\":\"https:\/\/www.africa-press.net\/tchad\/#website\",\"url\":\"https:\/\/www.africa-press.net\/tchad\/\",\"name\":\"tchad\",\"description\":\"Just another Africa News Agency Sites site\",\"potentialAction\":[{\"@type\":\"SearchAction\",\"target\":{\"@type\":\"EntryPoint\",\"urlTemplate\":\"https:\/\/www.africa-press.net\/tchad\/?s={search_term_string}\"},\"query-input\":{\"@type\":\"PropertyValueSpecification\",\"valueRequired\":true,\"valueName\":\"search_term_string\"}}],\"inLanguage\":\"fr-FR\"},{\"@type\":\"Person\",\"@id\":\"https:\/\/www.africa-press.net\/tchad\/#\/schema\/person\/2b1cf3cd81a31e3cd26889ca66d677f1\",\"name\":\"cfeditorfr\"}]}<\/script>\n<!-- \/ Yoast SEO Premium plugin. -->","yoast_head_json":{"title":"D\u00e9by Met-il en Danger les Liens du Tchad avec l'AES - tchad","description":"Dans un contexte re\u0301gional et international particulie\u0300rement sensible, le pre\u0301sident tchadien Mahamat Idriss De\u0301by I ...","robots":{"index":"index","follow":"follow","max-snippet":"max-snippet:-1","max-image-preview":"max-image-preview:large","max-video-preview":"max-video-preview:-1"},"canonical":"https:\/\/www.africa-press.net\/tchad\/dossiers\/deby-met-il-en-danger-les-liens-du-tchad-avec-laes","og_locale":"fr_FR","og_type":"article","og_title":"D\u00e9by Met-il en Danger les Liens du Tchad avec l'AES","og_description":"Dans un contexte re\u0301gional et international particulie\u0300rement sensible, le pre\u0301sident tchadien Mahamat Idriss De\u0301by I ...","og_url":"https:\/\/www.africa-press.net\/tchad\/dossiers\/deby-met-il-en-danger-les-liens-du-tchad-avec-laes","og_site_name":"tchad","article_published_time":"2026-02-01T13:57:58+00:00","article_modified_time":"2026-02-02T11:33:55+00:00","og_image":[{"width":780,"height":440,"url":"https:\/\/static.africa-press.net\/tchad\/sites\/41\/2026\/02\/sm_1769945581.58385.jpg","type":"image\/jpeg"}],"author":"cfeditorfr","twitter_card":"summary_large_image","twitter_misc":{"\u00c9crit par":"cfeditorfr","Dur\u00e9e de lecture estim\u00e9e":"5 minutes"},"schema":{"@context":"https:\/\/schema.org","@graph":[{"@type":"Article","@id":"https:\/\/www.africa-press.net\/tchad\/dossiers\/deby-met-il-en-danger-les-liens-du-tchad-avec-laes#article","isPartOf":{"@id":"https:\/\/www.africa-press.net\/tchad\/dossiers\/deby-met-il-en-danger-les-liens-du-tchad-avec-laes"},"author":{"name":"cfeditorfr","@id":"https:\/\/www.africa-press.net\/tchad\/#\/schema\/person\/2b1cf3cd81a31e3cd26889ca66d677f1"},"headline":"D\u00e9by Met-il en Danger les Liens du Tchad avec l&rsquo;AES","datePublished":"2026-02-01T13:57:58+00:00","dateModified":"2026-02-02T11:33:55+00:00","mainEntityOfPage":{"@id":"https:\/\/www.africa-press.net\/tchad\/dossiers\/deby-met-il-en-danger-les-liens-du-tchad-avec-laes"},"wordCount":1059,"commentCount":0,"image":{"@id":"https:\/\/www.africa-press.net\/tchad\/dossiers\/deby-met-il-en-danger-les-liens-du-tchad-avec-laes#primaryimage"},"thumbnailUrl":"https:\/\/static.africa-press.net\/tchad\/sites\/41\/2026\/02\/sm_1769945581.58385.jpg","keywords":["Tchad"],"articleSection":["Dossiers","Top Nouvelles","Toutes les actualit\u00e9s"],"inLanguage":"fr-FR","potentialAction":[{"@type":"CommentAction","name":"Comment","target":["https:\/\/www.africa-press.net\/tchad\/dossiers\/deby-met-il-en-danger-les-liens-du-tchad-avec-laes#respond"]}]},{"@type":"WebPage","@id":"https:\/\/www.africa-press.net\/tchad\/dossiers\/deby-met-il-en-danger-les-liens-du-tchad-avec-laes","url":"https:\/\/www.africa-press.net\/tchad\/dossiers\/deby-met-il-en-danger-les-liens-du-tchad-avec-laes","name":"D\u00e9by Met-il en Danger les Liens du Tchad avec l'AES - tchad","isPartOf":{"@id":"https:\/\/www.africa-press.net\/tchad\/#website"},"primaryImageOfPage":{"@id":"https:\/\/www.africa-press.net\/tchad\/dossiers\/deby-met-il-en-danger-les-liens-du-tchad-avec-laes#primaryimage"},"image":{"@id":"https:\/\/www.africa-press.net\/tchad\/dossiers\/deby-met-il-en-danger-les-liens-du-tchad-avec-laes#primaryimage"},"thumbnailUrl":"https:\/\/static.africa-press.net\/tchad\/sites\/41\/2026\/02\/sm_1769945581.58385.jpg","datePublished":"2026-02-01T13:57:58+00:00","dateModified":"2026-02-02T11:33:55+00:00","author":{"@id":"https:\/\/www.africa-press.net\/tchad\/#\/schema\/person\/2b1cf3cd81a31e3cd26889ca66d677f1"},"description":"Dans un contexte re\u0301gional et international particulie\u0300rement sensible, le pre\u0301sident tchadien Mahamat Idriss De\u0301by I ...","breadcrumb":{"@id":"https:\/\/www.africa-press.net\/tchad\/dossiers\/deby-met-il-en-danger-les-liens-du-tchad-avec-laes#breadcrumb"},"inLanguage":"fr-FR","potentialAction":[{"@type":"ReadAction","target":["https:\/\/www.africa-press.net\/tchad\/dossiers\/deby-met-il-en-danger-les-liens-du-tchad-avec-laes"]}]},{"@type":"ImageObject","inLanguage":"fr-FR","@id":"https:\/\/www.africa-press.net\/tchad\/dossiers\/deby-met-il-en-danger-les-liens-du-tchad-avec-laes#primaryimage","url":"https:\/\/static.africa-press.net\/tchad\/sites\/41\/2026\/02\/sm_1769945581.58385.jpg","contentUrl":"https:\/\/static.africa-press.net\/tchad\/sites\/41\/2026\/02\/sm_1769945581.58385.jpg","width":780,"height":440,"caption":"D\u00e9by Met-il en Danger les Liens du Tchad avec l'AES"},{"@type":"BreadcrumbList","@id":"https:\/\/www.africa-press.net\/tchad\/dossiers\/deby-met-il-en-danger-les-liens-du-tchad-avec-laes#breadcrumb","itemListElement":[{"@type":"ListItem","position":1,"name":"Accueil","item":"https:\/\/www.africa-press.net\/tchad\/"},{"@type":"ListItem","position":2,"name":"D\u00e9by Met-il en Danger les Liens du Tchad avec l&#8217;AES"}]},{"@type":"WebSite","@id":"https:\/\/www.africa-press.net\/tchad\/#website","url":"https:\/\/www.africa-press.net\/tchad\/","name":"tchad","description":"Just another Africa News Agency Sites site","potentialAction":[{"@type":"SearchAction","target":{"@type":"EntryPoint","urlTemplate":"https:\/\/www.africa-press.net\/tchad\/?s={search_term_string}"},"query-input":{"@type":"PropertyValueSpecification","valueRequired":true,"valueName":"search_term_string"}}],"inLanguage":"fr-FR"},{"@type":"Person","@id":"https:\/\/www.africa-press.net\/tchad\/#\/schema\/person\/2b1cf3cd81a31e3cd26889ca66d677f1","name":"cfeditorfr"}]}},"_links":{"self":[{"href":"https:\/\/www.africa-press.net\/tchad\/wp-json\/wp\/v2\/posts\/98818","targetHints":{"allow":["GET"]}}],"collection":[{"href":"https:\/\/www.africa-press.net\/tchad\/wp-json\/wp\/v2\/posts"}],"about":[{"href":"https:\/\/www.africa-press.net\/tchad\/wp-json\/wp\/v2\/types\/post"}],"author":[{"embeddable":true,"href":"https:\/\/www.africa-press.net\/tchad\/wp-json\/wp\/v2\/users\/82"}],"replies":[{"embeddable":true,"href":"https:\/\/www.africa-press.net\/tchad\/wp-json\/wp\/v2\/comments?post=98818"}],"version-history":[{"count":0,"href":"https:\/\/www.africa-press.net\/tchad\/wp-json\/wp\/v2\/posts\/98818\/revisions"}],"wp:featuredmedia":[{"embeddable":true,"href":"https:\/\/www.africa-press.net\/tchad\/wp-json\/wp\/v2\/media\/98817"}],"wp:attachment":[{"href":"https:\/\/www.africa-press.net\/tchad\/wp-json\/wp\/v2\/media?parent=98818"}],"wp:term":[{"taxonomy":"category","embeddable":true,"href":"https:\/\/www.africa-press.net\/tchad\/wp-json\/wp\/v2\/categories?post=98818"},{"taxonomy":"post_tag","embeddable":true,"href":"https:\/\/www.africa-press.net\/tchad\/wp-json\/wp\/v2\/tags?post=98818"}],"curies":[{"name":"wp","href":"https:\/\/api.w.org\/{rel}","templated":true}]}}