{"id":9925,"date":"2021-08-22T17:16:55","date_gmt":"2021-08-22T17:16:55","guid":{"rendered":"https:\/\/www.africa-press.net\/tchad\/politique\/nouveau-bilan-de-6-morts-dans-les-violences-a-tiyo"},"modified":"2021-08-22T20:58:42","modified_gmt":"2021-08-22T20:58:42","slug":"nouveau-bilan-de-6-morts-dans-les-violences-a-tiyo","status":"publish","type":"post","link":"https:\/\/www.africa-press.net\/tchad\/toutes-les-actualites\/nouveau-bilan-de-6-morts-dans-les-violences-a-tiyo","title":{"rendered":"nouveau bilan de 6 morts dans les violences \u00e0 Tiyo"},"content":{"rendered":"<p><span style=\"color: #ff6600\"><strong><a href=\"https:\/\/www.africa-press.net\/\">Africa-Press<\/a> &#8211; <a href=\"https:\/\/www.africa-press.net\/tchad\">Tchad<\/a>. <\/strong><\/span>Le bilan des affrontements de vendredi au Ouadda\u00ef est revu \u00e0 la hausse. Six personnes ont trouv\u00e9 la mort apr\u00e8s des violences survenues entre \u00e9leveurs et agriculteurs \u00e0 Tiyo, localit\u00e9 situ\u00e9e \u00e0 une quarantaine de kilom\u00e8tres au Sud-Est d&rsquo;Ab\u00e9ch\u00e9.<\/p>\n<p>Une personne qui fuyait les forces de l&rsquo;ordre est d\u00e9c\u00e9d\u00e9e apr\u00e8s une chute accidentelle de son cheval. Malgr\u00e9 la pr\u00e9sence des forces de l&rsquo;ordre sur le terrain, la tension n&rsquo;est toujours pas retomb\u00e9e car des regroupements de bellig\u00e9rants sont signal\u00e9s dans toute la zone du conflit.<\/p>\n","protected":false},"excerpt":{"rendered":"<p>Africa-Press &#8211; Tchad. Le bilan des affrontements de vendredi au Ouadda\u00ef est revu \u00e0 la hausse. Six personnes ont trouv\u00e9 la mort apr\u00e8s des violences survenues entre \u00e9leveurs et agriculteurs \u00e0 Tiyo, localit\u00e9 situ\u00e9e \u00e0 une quarantaine de kilom\u00e8tres au Sud-Est d&rsquo;Ab\u00e9ch\u00e9. Une personne qui fuyait les forces de l&rsquo;ordre est d\u00e9c\u00e9d\u00e9e apr\u00e8s une chute [&hellip;]<\/p>\n","protected":false},"author":82,"featured_media":9924,"comment_status":"open","ping_status":"closed","sticky":false,"template":"","format":"standard","meta":{"footnotes":""},"categories":[21,11,10],"tags":[37,292,90,29,149],"class_list":["post-9925","post","type-post","status-publish","format-standard","has-post-thumbnail","hentry","category-communaute","category-homepage-french","category-toutes-les-actualites","tag-africa-press","tag-africa-press-tchad","tag-bilan","tag-tchad","tag-violences"],"yoast_head":"<!-- This site is optimized with the Yoast SEO Premium plugin v26.1 (Yoast SEO v27.0) - https:\/\/yoast.com\/product\/yoast-seo-premium-wordpress\/ -->\n<title>nouveau bilan de 6 morts dans les violences \u00e0 Tiyo - tchad<\/title>\n<meta name=\"description\" content=\"Le bilan des affrontements de vendredi au Ouadda\u00ef est revu \u00e0 la hausse. Six personnes ont trouv\u00e9 la mort apr\u00e8s des viole ...\" \/>\n<meta name=\"robots\" content=\"index, follow, max-snippet:-1, max-image-preview:large, max-video-preview:-1\" \/>\n<link rel=\"canonical\" href=\"https:\/\/www.africa-press.net\/tchad\/toutes-les-actualites\/nouveau-bilan-de-6-morts-dans-les-violences-a-tiyo\" \/>\n<meta property=\"og:locale\" content=\"fr_FR\" \/>\n<meta property=\"og:type\" content=\"article\" \/>\n<meta property=\"og:title\" content=\"nouveau bilan de 6 morts dans les violences \u00e0 Tiyo\" \/>\n<meta property=\"og:description\" content=\"Le bilan des affrontements de vendredi au Ouadda\u00ef est revu \u00e0 la hausse. Six personnes ont trouv\u00e9 la mort apr\u00e8s des viole ...\" \/>\n<meta property=\"og:url\" content=\"https:\/\/www.africa-press.net\/tchad\/toutes-les-actualites\/nouveau-bilan-de-6-morts-dans-les-violences-a-tiyo\" \/>\n<meta property=\"og:site_name\" content=\"tchad\" \/>\n<meta property=\"article:published_time\" content=\"2021-08-22T17:16:55+00:00\" \/>\n<meta property=\"article:modified_time\" content=\"2021-08-22T20:58:42+00:00\" \/>\n<meta property=\"og:image\" content=\"https:\/\/static.africa-press.net\/tchad\/sites\/41\/2021\/08\/img-6122b67f344df.jpg\" \/>\n\t<meta property=\"og:image:width\" content=\"869\" \/>\n\t<meta property=\"og:image:height\" content=\"589\" \/>\n\t<meta property=\"og:image:type\" content=\"image\/jpeg\" \/>\n<meta name=\"author\" content=\"cfeditorfr\" \/>\n<meta name=\"twitter:card\" content=\"summary_large_image\" \/>\n<meta name=\"twitter:label1\" content=\"\u00c9crit par\" \/>\n\t<meta name=\"twitter:data1\" content=\"cfeditorfr\" \/>\n<script type=\"application\/ld+json\" class=\"yoast-schema-graph\">{\"@context\":\"https:\/\/schema.org\",\"@graph\":[{\"@type\":\"Article\",\"@id\":\"https:\/\/www.africa-press.net\/tchad\/toutes-les-actualites\/nouveau-bilan-de-6-morts-dans-les-violences-a-tiyo#article\",\"isPartOf\":{\"@id\":\"https:\/\/www.africa-press.net\/tchad\/toutes-les-actualites\/nouveau-bilan-de-6-morts-dans-les-violences-a-tiyo\"},\"author\":{\"name\":\"cfeditorfr\",\"@id\":\"https:\/\/www.africa-press.net\/tchad\/#\/schema\/person\/2b1cf3cd81a31e3cd26889ca66d677f1\"},\"headline\":\"nouveau bilan de 6 morts dans les violences \u00e0 Tiyo\",\"datePublished\":\"2021-08-22T17:16:55+00:00\",\"dateModified\":\"2021-08-22T20:58:42+00:00\",\"mainEntityOfPage\":{\"@id\":\"https:\/\/www.africa-press.net\/tchad\/toutes-les-actualites\/nouveau-bilan-de-6-morts-dans-les-violences-a-tiyo\"},\"wordCount\":109,\"commentCount\":0,\"image\":{\"@id\":\"https:\/\/www.africa-press.net\/tchad\/toutes-les-actualites\/nouveau-bilan-de-6-morts-dans-les-violences-a-tiyo#primaryimage\"},\"thumbnailUrl\":\"https:\/\/static.africa-press.net\/tchad\/sites\/41\/2021\/08\/img-6122b67f344df.jpg\",\"keywords\":[\"Africa Press\",\"Africa Press-Tchad\",\"Bilan\",\"Tchad\",\"Violences\"],\"articleSection\":[\"Communaut\u00e9\",\"homepage-french\",\"Toutes les actualit\u00e9s\"],\"inLanguage\":\"fr-FR\",\"potentialAction\":[{\"@type\":\"CommentAction\",\"name\":\"Comment\",\"target\":[\"https:\/\/www.africa-press.net\/tchad\/toutes-les-actualites\/nouveau-bilan-de-6-morts-dans-les-violences-a-tiyo#respond\"]}]},{\"@type\":\"WebPage\",\"@id\":\"https:\/\/www.africa-press.net\/tchad\/toutes-les-actualites\/nouveau-bilan-de-6-morts-dans-les-violences-a-tiyo\",\"url\":\"https:\/\/www.africa-press.net\/tchad\/toutes-les-actualites\/nouveau-bilan-de-6-morts-dans-les-violences-a-tiyo\",\"name\":\"nouveau bilan de 6 morts dans les violences \u00e0 Tiyo - tchad\",\"isPartOf\":{\"@id\":\"https:\/\/www.africa-press.net\/tchad\/#website\"},\"primaryImageOfPage\":{\"@id\":\"https:\/\/www.africa-press.net\/tchad\/toutes-les-actualites\/nouveau-bilan-de-6-morts-dans-les-violences-a-tiyo#primaryimage\"},\"image\":{\"@id\":\"https:\/\/www.africa-press.net\/tchad\/toutes-les-actualites\/nouveau-bilan-de-6-morts-dans-les-violences-a-tiyo#primaryimage\"},\"thumbnailUrl\":\"https:\/\/static.africa-press.net\/tchad\/sites\/41\/2021\/08\/img-6122b67f344df.jpg\",\"datePublished\":\"2021-08-22T17:16:55+00:00\",\"dateModified\":\"2021-08-22T20:58:42+00:00\",\"author\":{\"@id\":\"https:\/\/www.africa-press.net\/tchad\/#\/schema\/person\/2b1cf3cd81a31e3cd26889ca66d677f1\"},\"description\":\"Le bilan des affrontements de vendredi au Ouadda\u00ef est revu \u00e0 la hausse. Six personnes ont trouv\u00e9 la mort apr\u00e8s des viole ...\",\"breadcrumb\":{\"@id\":\"https:\/\/www.africa-press.net\/tchad\/toutes-les-actualites\/nouveau-bilan-de-6-morts-dans-les-violences-a-tiyo#breadcrumb\"},\"inLanguage\":\"fr-FR\",\"potentialAction\":[{\"@type\":\"ReadAction\",\"target\":[\"https:\/\/www.africa-press.net\/tchad\/toutes-les-actualites\/nouveau-bilan-de-6-morts-dans-les-violences-a-tiyo\"]}]},{\"@type\":\"ImageObject\",\"inLanguage\":\"fr-FR\",\"@id\":\"https:\/\/www.africa-press.net\/tchad\/toutes-les-actualites\/nouveau-bilan-de-6-morts-dans-les-violences-a-tiyo#primaryimage\",\"url\":\"https:\/\/static.africa-press.net\/tchad\/sites\/41\/2021\/08\/img-6122b67f344df.jpg\",\"contentUrl\":\"https:\/\/static.africa-press.net\/tchad\/sites\/41\/2021\/08\/img-6122b67f344df.jpg\",\"width\":869,\"height\":589,\"caption\":\"nouveau bilan de 6 morts dans les violences \u00e0 Tiyo\"},{\"@type\":\"BreadcrumbList\",\"@id\":\"https:\/\/www.africa-press.net\/tchad\/toutes-les-actualites\/nouveau-bilan-de-6-morts-dans-les-violences-a-tiyo#breadcrumb\",\"itemListElement\":[{\"@type\":\"ListItem\",\"position\":1,\"name\":\"Accueil\",\"item\":\"https:\/\/www.africa-press.net\/tchad\/\"},{\"@type\":\"ListItem\",\"position\":2,\"name\":\"nouveau bilan de 6 morts dans les violences \u00e0 Tiyo\"}]},{\"@type\":\"WebSite\",\"@id\":\"https:\/\/www.africa-press.net\/tchad\/#website\",\"url\":\"https:\/\/www.africa-press.net\/tchad\/\",\"name\":\"tchad\",\"description\":\"Just another Africa News Agency Sites site\",\"potentialAction\":[{\"@type\":\"SearchAction\",\"target\":{\"@type\":\"EntryPoint\",\"urlTemplate\":\"https:\/\/www.africa-press.net\/tchad\/?s={search_term_string}\"},\"query-input\":{\"@type\":\"PropertyValueSpecification\",\"valueRequired\":true,\"valueName\":\"search_term_string\"}}],\"inLanguage\":\"fr-FR\"},{\"@type\":\"Person\",\"@id\":\"https:\/\/www.africa-press.net\/tchad\/#\/schema\/person\/2b1cf3cd81a31e3cd26889ca66d677f1\",\"name\":\"cfeditorfr\"}]}<\/script>\n<!-- \/ Yoast SEO Premium plugin. -->","yoast_head_json":{"title":"nouveau bilan de 6 morts dans les violences \u00e0 Tiyo - tchad","description":"Le bilan des affrontements de vendredi au Ouadda\u00ef est revu \u00e0 la hausse. Six personnes ont trouv\u00e9 la mort apr\u00e8s des viole ...","robots":{"index":"index","follow":"follow","max-snippet":"max-snippet:-1","max-image-preview":"max-image-preview:large","max-video-preview":"max-video-preview:-1"},"canonical":"https:\/\/www.africa-press.net\/tchad\/toutes-les-actualites\/nouveau-bilan-de-6-morts-dans-les-violences-a-tiyo","og_locale":"fr_FR","og_type":"article","og_title":"nouveau bilan de 6 morts dans les violences \u00e0 Tiyo","og_description":"Le bilan des affrontements de vendredi au Ouadda\u00ef est revu \u00e0 la hausse. Six personnes ont trouv\u00e9 la mort apr\u00e8s des viole ...","og_url":"https:\/\/www.africa-press.net\/tchad\/toutes-les-actualites\/nouveau-bilan-de-6-morts-dans-les-violences-a-tiyo","og_site_name":"tchad","article_published_time":"2021-08-22T17:16:55+00:00","article_modified_time":"2021-08-22T20:58:42+00:00","og_image":[{"width":869,"height":589,"url":"https:\/\/static.africa-press.net\/tchad\/sites\/41\/2021\/08\/img-6122b67f344df.jpg","type":"image\/jpeg"}],"author":"cfeditorfr","twitter_card":"summary_large_image","twitter_misc":{"\u00c9crit par":"cfeditorfr"},"schema":{"@context":"https:\/\/schema.org","@graph":[{"@type":"Article","@id":"https:\/\/www.africa-press.net\/tchad\/toutes-les-actualites\/nouveau-bilan-de-6-morts-dans-les-violences-a-tiyo#article","isPartOf":{"@id":"https:\/\/www.africa-press.net\/tchad\/toutes-les-actualites\/nouveau-bilan-de-6-morts-dans-les-violences-a-tiyo"},"author":{"name":"cfeditorfr","@id":"https:\/\/www.africa-press.net\/tchad\/#\/schema\/person\/2b1cf3cd81a31e3cd26889ca66d677f1"},"headline":"nouveau bilan de 6 morts dans les violences \u00e0 Tiyo","datePublished":"2021-08-22T17:16:55+00:00","dateModified":"2021-08-22T20:58:42+00:00","mainEntityOfPage":{"@id":"https:\/\/www.africa-press.net\/tchad\/toutes-les-actualites\/nouveau-bilan-de-6-morts-dans-les-violences-a-tiyo"},"wordCount":109,"commentCount":0,"image":{"@id":"https:\/\/www.africa-press.net\/tchad\/toutes-les-actualites\/nouveau-bilan-de-6-morts-dans-les-violences-a-tiyo#primaryimage"},"thumbnailUrl":"https:\/\/static.africa-press.net\/tchad\/sites\/41\/2021\/08\/img-6122b67f344df.jpg","keywords":["Africa Press","Africa Press-Tchad","Bilan","Tchad","Violences"],"articleSection":["Communaut\u00e9","homepage-french","Toutes les actualit\u00e9s"],"inLanguage":"fr-FR","potentialAction":[{"@type":"CommentAction","name":"Comment","target":["https:\/\/www.africa-press.net\/tchad\/toutes-les-actualites\/nouveau-bilan-de-6-morts-dans-les-violences-a-tiyo#respond"]}]},{"@type":"WebPage","@id":"https:\/\/www.africa-press.net\/tchad\/toutes-les-actualites\/nouveau-bilan-de-6-morts-dans-les-violences-a-tiyo","url":"https:\/\/www.africa-press.net\/tchad\/toutes-les-actualites\/nouveau-bilan-de-6-morts-dans-les-violences-a-tiyo","name":"nouveau bilan de 6 morts dans les violences \u00e0 Tiyo - tchad","isPartOf":{"@id":"https:\/\/www.africa-press.net\/tchad\/#website"},"primaryImageOfPage":{"@id":"https:\/\/www.africa-press.net\/tchad\/toutes-les-actualites\/nouveau-bilan-de-6-morts-dans-les-violences-a-tiyo#primaryimage"},"image":{"@id":"https:\/\/www.africa-press.net\/tchad\/toutes-les-actualites\/nouveau-bilan-de-6-morts-dans-les-violences-a-tiyo#primaryimage"},"thumbnailUrl":"https:\/\/static.africa-press.net\/tchad\/sites\/41\/2021\/08\/img-6122b67f344df.jpg","datePublished":"2021-08-22T17:16:55+00:00","dateModified":"2021-08-22T20:58:42+00:00","author":{"@id":"https:\/\/www.africa-press.net\/tchad\/#\/schema\/person\/2b1cf3cd81a31e3cd26889ca66d677f1"},"description":"Le bilan des affrontements de vendredi au Ouadda\u00ef est revu \u00e0 la hausse. Six personnes ont trouv\u00e9 la mort apr\u00e8s des viole ...","breadcrumb":{"@id":"https:\/\/www.africa-press.net\/tchad\/toutes-les-actualites\/nouveau-bilan-de-6-morts-dans-les-violences-a-tiyo#breadcrumb"},"inLanguage":"fr-FR","potentialAction":[{"@type":"ReadAction","target":["https:\/\/www.africa-press.net\/tchad\/toutes-les-actualites\/nouveau-bilan-de-6-morts-dans-les-violences-a-tiyo"]}]},{"@type":"ImageObject","inLanguage":"fr-FR","@id":"https:\/\/www.africa-press.net\/tchad\/toutes-les-actualites\/nouveau-bilan-de-6-morts-dans-les-violences-a-tiyo#primaryimage","url":"https:\/\/static.africa-press.net\/tchad\/sites\/41\/2021\/08\/img-6122b67f344df.jpg","contentUrl":"https:\/\/static.africa-press.net\/tchad\/sites\/41\/2021\/08\/img-6122b67f344df.jpg","width":869,"height":589,"caption":"nouveau bilan de 6 morts dans les violences \u00e0 Tiyo"},{"@type":"BreadcrumbList","@id":"https:\/\/www.africa-press.net\/tchad\/toutes-les-actualites\/nouveau-bilan-de-6-morts-dans-les-violences-a-tiyo#breadcrumb","itemListElement":[{"@type":"ListItem","position":1,"name":"Accueil","item":"https:\/\/www.africa-press.net\/tchad\/"},{"@type":"ListItem","position":2,"name":"nouveau bilan de 6 morts dans les violences \u00e0 Tiyo"}]},{"@type":"WebSite","@id":"https:\/\/www.africa-press.net\/tchad\/#website","url":"https:\/\/www.africa-press.net\/tchad\/","name":"tchad","description":"Just another Africa News Agency Sites site","potentialAction":[{"@type":"SearchAction","target":{"@type":"EntryPoint","urlTemplate":"https:\/\/www.africa-press.net\/tchad\/?s={search_term_string}"},"query-input":{"@type":"PropertyValueSpecification","valueRequired":true,"valueName":"search_term_string"}}],"inLanguage":"fr-FR"},{"@type":"Person","@id":"https:\/\/www.africa-press.net\/tchad\/#\/schema\/person\/2b1cf3cd81a31e3cd26889ca66d677f1","name":"cfeditorfr"}]}},"_links":{"self":[{"href":"https:\/\/www.africa-press.net\/tchad\/wp-json\/wp\/v2\/posts\/9925","targetHints":{"allow":["GET"]}}],"collection":[{"href":"https:\/\/www.africa-press.net\/tchad\/wp-json\/wp\/v2\/posts"}],"about":[{"href":"https:\/\/www.africa-press.net\/tchad\/wp-json\/wp\/v2\/types\/post"}],"author":[{"embeddable":true,"href":"https:\/\/www.africa-press.net\/tchad\/wp-json\/wp\/v2\/users\/82"}],"replies":[{"embeddable":true,"href":"https:\/\/www.africa-press.net\/tchad\/wp-json\/wp\/v2\/comments?post=9925"}],"version-history":[{"count":0,"href":"https:\/\/www.africa-press.net\/tchad\/wp-json\/wp\/v2\/posts\/9925\/revisions"}],"wp:featuredmedia":[{"embeddable":true,"href":"https:\/\/www.africa-press.net\/tchad\/wp-json\/wp\/v2\/media\/9924"}],"wp:attachment":[{"href":"https:\/\/www.africa-press.net\/tchad\/wp-json\/wp\/v2\/media?parent=9925"}],"wp:term":[{"taxonomy":"category","embeddable":true,"href":"https:\/\/www.africa-press.net\/tchad\/wp-json\/wp\/v2\/categories?post=9925"},{"taxonomy":"post_tag","embeddable":true,"href":"https:\/\/www.africa-press.net\/tchad\/wp-json\/wp\/v2\/tags?post=9925"}],"curies":[{"name":"wp","href":"https:\/\/api.w.org\/{rel}","templated":true}]}}