{"id":1012,"date":"2021-05-19T19:48:04","date_gmt":"2021-05-19T19:48:04","guid":{"rendered":"https:\/\/www.africa-press.net\/togo\/?p=1012"},"modified":"2021-05-19T19:42:38","modified_gmt":"2021-05-19T19:42:38","slug":"togo%e2%80%af-malgre-lexil-dagbeyome-kodjo-la-dmk-repart-a-loffensive","status":"publish","type":"post","link":"https:\/\/www.africa-press.net\/togo\/parties\/togo%e2%80%af-malgre-lexil-dagbeyome-kodjo-la-dmk-repart-a-loffensive","title":{"rendered":"malgr\u00e9 l\u2019exil d\u2019Agb\u00e9yom\u00e9 Kodjo, la DMK repart \u00e0 l\u2019offensive"},"content":{"rendered":"<p><span style=\"color: #ff6600\"><strong><a href=\"https:\/\/www.africa-press.net\/\">Africa-Press<\/a> &#8211; <a href=\"https:\/\/www.africa-press.net\/togo\">Togo<\/a>. <\/strong><\/span>Ce regroupement de l\u2019opposition, qui continue de r\u00e9clamer la victoire de son candidat \u00e0 la pr\u00e9sidentielle, a sollicit\u00e9 par courrier l\u2019intervention des chancelleries \u00e9trang\u00e8res pour esp\u00e9rer sortir de la crise politique.<\/p>\n<p>Dans le m\u00e9morandum d\u00e9pos\u00e9 le 17 mai aupr\u00e8s des ambassades de France, d\u2019Allemagne, et des \u00c9tats-Unis, mais aussi de la Coordination du syst\u00e8me des Nations unies au Togo et de la d\u00e9l\u00e9gation de l\u2019Union europ\u00e9enne (UE), la Dynamique Monseigneur Kpodzro (DMK) sollicite l\u2019implication de la communaut\u00e9 internationale dans la lev\u00e9e des poursuites judiciaires contre ses cadres.<\/p>\n<p><b>Agb\u00e9yom\u00e9 Kodjo<\/b><\/p>\n<p>, que ce regroupement a soutenu lors de la pr\u00e9sidentielle de 2020, a depuis \u00ab pris le maquis \u00bb et vraisemblablement quitt\u00e9 le pays, mais continue de r\u00e9clamer sa victoire. La justice togolaise a d\u00e9livr\u00e9 \u00e0 son encontre un mandat d\u2019arr\u00eat international. Son ex-directeur de campagne, Fulbert Atisso, et celle qui fut sa porte-parole, Brigitte Kafui Adjamagbo-Johnson sont, tout comme lui, poursuivis pour \u00ab atteinte \u00e0 la s\u00e9curit\u00e9 int\u00e9rieure de l\u2019\u00c9tat \u00bb, \u00ab diffusion de fausses informations \u00bb et \u00ab troubles aggrav\u00e9s \u00e0 l\u2019ordre public \u00bb.<\/p>\n","protected":false},"excerpt":{"rendered":"<p>Africa-Press &#8211; Togo. Ce regroupement de l\u2019opposition, qui continue de r\u00e9clamer la victoire de son candidat \u00e0 la pr\u00e9sidentielle, a sollicit\u00e9 par courrier l\u2019intervention des chancelleries \u00e9trang\u00e8res pour esp\u00e9rer sortir de la crise politique. Dans le m\u00e9morandum d\u00e9pos\u00e9 le 17 mai aupr\u00e8s des ambassades de France, d\u2019Allemagne, et des \u00c9tats-Unis, mais aussi de la Coordination [&hellip;]<\/p>\n","protected":false},"author":82,"featured_media":1011,"comment_status":"open","ping_status":"closed","sticky":false,"template":"","format":"standard","meta":{"footnotes":""},"categories":[11,4,56,10],"tags":[36,49,50],"class_list":["post-1012","post","type-post","status-publish","format-standard","has-post-thumbnail","hentry","category-homepage-french","category-parties","category-to-homepage","category-toutes-les-actualites","tag-africa-press","tag-africa-press-togo","tag-togo"],"yoast_head":"<!-- This site is optimized with the Yoast SEO Premium plugin v26.1 (Yoast SEO v27.0) - https:\/\/yoast.com\/product\/yoast-seo-premium-wordpress\/ -->\n<title>malgr\u00e9 l\u2019exil d\u2019Agb\u00e9yom\u00e9 Kodjo, la DMK repart \u00e0 l\u2019offensive - Togo<\/title>\n<meta name=\"description\" content=\"Ce regroupement de l\u2019opposition, qui continue de r\u00e9clamer la victoire de son candidat \u00e0 la pr\u00e9sidentielle, a sollicit\u00e9 p ...\" \/>\n<meta name=\"robots\" content=\"index, follow, max-snippet:-1, max-image-preview:large, max-video-preview:-1\" \/>\n<link rel=\"canonical\" href=\"https:\/\/www.africa-press.net\/togo\/parties\/togo\u202f-malgre-lexil-dagbeyome-kodjo-la-dmk-repart-a-loffensive\" \/>\n<meta property=\"og:locale\" content=\"fr_FR\" \/>\n<meta property=\"og:type\" content=\"article\" \/>\n<meta property=\"og:title\" content=\"malgr\u00e9 l\u2019exil d\u2019Agb\u00e9yom\u00e9 Kodjo, la DMK repart \u00e0 l\u2019offensive\" \/>\n<meta property=\"og:description\" content=\"Ce regroupement de l\u2019opposition, qui continue de r\u00e9clamer la victoire de son candidat \u00e0 la pr\u00e9sidentielle, a sollicit\u00e9 p ...\" \/>\n<meta property=\"og:url\" content=\"https:\/\/www.africa-press.net\/togo\/parties\/togo\u202f-malgre-lexil-dagbeyome-kodjo-la-dmk-repart-a-loffensive\" \/>\n<meta property=\"og:site_name\" content=\"Togo\" \/>\n<meta property=\"article:published_time\" content=\"2021-05-19T19:48:04+00:00\" \/>\n<meta property=\"og:image\" content=\"https:\/\/static.africa-press.net\/togo\/sites\/58\/2021\/05\/img-60a5694ff3b75.jpg\" \/>\n\t<meta property=\"og:image:width\" content=\"720\" \/>\n\t<meta property=\"og:image:height\" content=\"360\" \/>\n\t<meta property=\"og:image:type\" content=\"image\/jpeg\" \/>\n<meta name=\"author\" content=\"cfeditorfr\" \/>\n<meta name=\"twitter:card\" content=\"summary_large_image\" \/>\n<meta name=\"twitter:label1\" content=\"\u00c9crit par\" \/>\n\t<meta name=\"twitter:data1\" content=\"cfeditorfr\" \/>\n\t<meta name=\"twitter:label2\" content=\"Dur\u00e9e de lecture estim\u00e9e\" \/>\n\t<meta name=\"twitter:data2\" content=\"1 minute\" \/>\n<script type=\"application\/ld+json\" class=\"yoast-schema-graph\">{\"@context\":\"https:\/\/schema.org\",\"@graph\":[{\"@type\":\"Article\",\"@id\":\"https:\/\/www.africa-press.net\/togo\/parties\/togo%e2%80%af-malgre-lexil-dagbeyome-kodjo-la-dmk-repart-a-loffensive#article\",\"isPartOf\":{\"@id\":\"https:\/\/www.africa-press.net\/togo\/parties\/togo%e2%80%af-malgre-lexil-dagbeyome-kodjo-la-dmk-repart-a-loffensive\"},\"author\":{\"name\":\"cfeditorfr\",\"@id\":\"https:\/\/www.africa-press.net\/togo\/#\/schema\/person\/2b1cf3cd81a31e3cd26889ca66d677f1\"},\"headline\":\"malgr\u00e9 l\u2019exil d\u2019Agb\u00e9yom\u00e9 Kodjo, la DMK repart \u00e0 l\u2019offensive\",\"datePublished\":\"2021-05-19T19:48:04+00:00\",\"mainEntityOfPage\":{\"@id\":\"https:\/\/www.africa-press.net\/togo\/parties\/togo%e2%80%af-malgre-lexil-dagbeyome-kodjo-la-dmk-repart-a-loffensive\"},\"wordCount\":203,\"commentCount\":0,\"image\":{\"@id\":\"https:\/\/www.africa-press.net\/togo\/parties\/togo%e2%80%af-malgre-lexil-dagbeyome-kodjo-la-dmk-repart-a-loffensive#primaryimage\"},\"thumbnailUrl\":\"https:\/\/static.africa-press.net\/togo\/sites\/58\/2021\/05\/img-60a5694ff3b75.jpg\",\"keywords\":[\"Africa Press\",\"Africa Press-Togo\",\"Togo\"],\"articleSection\":[\"homepage-french\",\"Parties\",\"to-homepage\",\"Toutes les actualit\u00e9s\"],\"inLanguage\":\"fr-FR\",\"potentialAction\":[{\"@type\":\"CommentAction\",\"name\":\"Comment\",\"target\":[\"https:\/\/www.africa-press.net\/togo\/parties\/togo%e2%80%af-malgre-lexil-dagbeyome-kodjo-la-dmk-repart-a-loffensive#respond\"]}]},{\"@type\":\"WebPage\",\"@id\":\"https:\/\/www.africa-press.net\/togo\/parties\/togo%e2%80%af-malgre-lexil-dagbeyome-kodjo-la-dmk-repart-a-loffensive\",\"url\":\"https:\/\/www.africa-press.net\/togo\/parties\/togo%e2%80%af-malgre-lexil-dagbeyome-kodjo-la-dmk-repart-a-loffensive\",\"name\":\"malgr\u00e9 l\u2019exil d\u2019Agb\u00e9yom\u00e9 Kodjo, la DMK repart \u00e0 l\u2019offensive - Togo\",\"isPartOf\":{\"@id\":\"https:\/\/www.africa-press.net\/togo\/#website\"},\"primaryImageOfPage\":{\"@id\":\"https:\/\/www.africa-press.net\/togo\/parties\/togo%e2%80%af-malgre-lexil-dagbeyome-kodjo-la-dmk-repart-a-loffensive#primaryimage\"},\"image\":{\"@id\":\"https:\/\/www.africa-press.net\/togo\/parties\/togo%e2%80%af-malgre-lexil-dagbeyome-kodjo-la-dmk-repart-a-loffensive#primaryimage\"},\"thumbnailUrl\":\"https:\/\/static.africa-press.net\/togo\/sites\/58\/2021\/05\/img-60a5694ff3b75.jpg\",\"datePublished\":\"2021-05-19T19:48:04+00:00\",\"author\":{\"@id\":\"https:\/\/www.africa-press.net\/togo\/#\/schema\/person\/2b1cf3cd81a31e3cd26889ca66d677f1\"},\"description\":\"Ce regroupement de l\u2019opposition, qui continue de r\u00e9clamer la victoire de son candidat \u00e0 la pr\u00e9sidentielle, a sollicit\u00e9 p ...\",\"breadcrumb\":{\"@id\":\"https:\/\/www.africa-press.net\/togo\/parties\/togo%e2%80%af-malgre-lexil-dagbeyome-kodjo-la-dmk-repart-a-loffensive#breadcrumb\"},\"inLanguage\":\"fr-FR\",\"potentialAction\":[{\"@type\":\"ReadAction\",\"target\":[\"https:\/\/www.africa-press.net\/togo\/parties\/togo%e2%80%af-malgre-lexil-dagbeyome-kodjo-la-dmk-repart-a-loffensive\"]}]},{\"@type\":\"ImageObject\",\"inLanguage\":\"fr-FR\",\"@id\":\"https:\/\/www.africa-press.net\/togo\/parties\/togo%e2%80%af-malgre-lexil-dagbeyome-kodjo-la-dmk-repart-a-loffensive#primaryimage\",\"url\":\"https:\/\/static.africa-press.net\/togo\/sites\/58\/2021\/05\/img-60a5694ff3b75.jpg\",\"contentUrl\":\"https:\/\/static.africa-press.net\/togo\/sites\/58\/2021\/05\/img-60a5694ff3b75.jpg\",\"width\":720,\"height\":360,\"caption\":\"Togo\u202f: malgr\u00e9 l\u2019exil d\u2019Agb\u00e9yom\u00e9 Kodjo, la DMK repart \u00e0 l\u2019offensive\"},{\"@type\":\"BreadcrumbList\",\"@id\":\"https:\/\/www.africa-press.net\/togo\/parties\/togo%e2%80%af-malgre-lexil-dagbeyome-kodjo-la-dmk-repart-a-loffensive#breadcrumb\",\"itemListElement\":[{\"@type\":\"ListItem\",\"position\":1,\"name\":\"Accueil\",\"item\":\"https:\/\/www.africa-press.net\/togo\/\"},{\"@type\":\"ListItem\",\"position\":2,\"name\":\"malgr\u00e9 l\u2019exil d\u2019Agb\u00e9yom\u00e9 Kodjo, la DMK repart \u00e0 l\u2019offensive\"}]},{\"@type\":\"WebSite\",\"@id\":\"https:\/\/www.africa-press.net\/togo\/#website\",\"url\":\"https:\/\/www.africa-press.net\/togo\/\",\"name\":\"Togo\",\"description\":\"Just another Africa News Agency Sites site\",\"potentialAction\":[{\"@type\":\"SearchAction\",\"target\":{\"@type\":\"EntryPoint\",\"urlTemplate\":\"https:\/\/www.africa-press.net\/togo\/?s={search_term_string}\"},\"query-input\":{\"@type\":\"PropertyValueSpecification\",\"valueRequired\":true,\"valueName\":\"search_term_string\"}}],\"inLanguage\":\"fr-FR\"},{\"@type\":\"Person\",\"@id\":\"https:\/\/www.africa-press.net\/togo\/#\/schema\/person\/2b1cf3cd81a31e3cd26889ca66d677f1\",\"name\":\"cfeditorfr\"}]}<\/script>\n<!-- \/ Yoast SEO Premium plugin. -->","yoast_head_json":{"title":"malgr\u00e9 l\u2019exil d\u2019Agb\u00e9yom\u00e9 Kodjo, la DMK repart \u00e0 l\u2019offensive - Togo","description":"Ce regroupement de l\u2019opposition, qui continue de r\u00e9clamer la victoire de son candidat \u00e0 la pr\u00e9sidentielle, a sollicit\u00e9 p ...","robots":{"index":"index","follow":"follow","max-snippet":"max-snippet:-1","max-image-preview":"max-image-preview:large","max-video-preview":"max-video-preview:-1"},"canonical":"https:\/\/www.africa-press.net\/togo\/parties\/togo\u202f-malgre-lexil-dagbeyome-kodjo-la-dmk-repart-a-loffensive","og_locale":"fr_FR","og_type":"article","og_title":"malgr\u00e9 l\u2019exil d\u2019Agb\u00e9yom\u00e9 Kodjo, la DMK repart \u00e0 l\u2019offensive","og_description":"Ce regroupement de l\u2019opposition, qui continue de r\u00e9clamer la victoire de son candidat \u00e0 la pr\u00e9sidentielle, a sollicit\u00e9 p ...","og_url":"https:\/\/www.africa-press.net\/togo\/parties\/togo\u202f-malgre-lexil-dagbeyome-kodjo-la-dmk-repart-a-loffensive","og_site_name":"Togo","article_published_time":"2021-05-19T19:48:04+00:00","og_image":[{"width":720,"height":360,"url":"https:\/\/static.africa-press.net\/togo\/sites\/58\/2021\/05\/img-60a5694ff3b75.jpg","type":"image\/jpeg"}],"author":"cfeditorfr","twitter_card":"summary_large_image","twitter_misc":{"\u00c9crit par":"cfeditorfr","Dur\u00e9e de lecture estim\u00e9e":"1 minute"},"schema":{"@context":"https:\/\/schema.org","@graph":[{"@type":"Article","@id":"https:\/\/www.africa-press.net\/togo\/parties\/togo%e2%80%af-malgre-lexil-dagbeyome-kodjo-la-dmk-repart-a-loffensive#article","isPartOf":{"@id":"https:\/\/www.africa-press.net\/togo\/parties\/togo%e2%80%af-malgre-lexil-dagbeyome-kodjo-la-dmk-repart-a-loffensive"},"author":{"name":"cfeditorfr","@id":"https:\/\/www.africa-press.net\/togo\/#\/schema\/person\/2b1cf3cd81a31e3cd26889ca66d677f1"},"headline":"malgr\u00e9 l\u2019exil d\u2019Agb\u00e9yom\u00e9 Kodjo, la DMK repart \u00e0 l\u2019offensive","datePublished":"2021-05-19T19:48:04+00:00","mainEntityOfPage":{"@id":"https:\/\/www.africa-press.net\/togo\/parties\/togo%e2%80%af-malgre-lexil-dagbeyome-kodjo-la-dmk-repart-a-loffensive"},"wordCount":203,"commentCount":0,"image":{"@id":"https:\/\/www.africa-press.net\/togo\/parties\/togo%e2%80%af-malgre-lexil-dagbeyome-kodjo-la-dmk-repart-a-loffensive#primaryimage"},"thumbnailUrl":"https:\/\/static.africa-press.net\/togo\/sites\/58\/2021\/05\/img-60a5694ff3b75.jpg","keywords":["Africa Press","Africa Press-Togo","Togo"],"articleSection":["homepage-french","Parties","to-homepage","Toutes les actualit\u00e9s"],"inLanguage":"fr-FR","potentialAction":[{"@type":"CommentAction","name":"Comment","target":["https:\/\/www.africa-press.net\/togo\/parties\/togo%e2%80%af-malgre-lexil-dagbeyome-kodjo-la-dmk-repart-a-loffensive#respond"]}]},{"@type":"WebPage","@id":"https:\/\/www.africa-press.net\/togo\/parties\/togo%e2%80%af-malgre-lexil-dagbeyome-kodjo-la-dmk-repart-a-loffensive","url":"https:\/\/www.africa-press.net\/togo\/parties\/togo%e2%80%af-malgre-lexil-dagbeyome-kodjo-la-dmk-repart-a-loffensive","name":"malgr\u00e9 l\u2019exil d\u2019Agb\u00e9yom\u00e9 Kodjo, la DMK repart \u00e0 l\u2019offensive - Togo","isPartOf":{"@id":"https:\/\/www.africa-press.net\/togo\/#website"},"primaryImageOfPage":{"@id":"https:\/\/www.africa-press.net\/togo\/parties\/togo%e2%80%af-malgre-lexil-dagbeyome-kodjo-la-dmk-repart-a-loffensive#primaryimage"},"image":{"@id":"https:\/\/www.africa-press.net\/togo\/parties\/togo%e2%80%af-malgre-lexil-dagbeyome-kodjo-la-dmk-repart-a-loffensive#primaryimage"},"thumbnailUrl":"https:\/\/static.africa-press.net\/togo\/sites\/58\/2021\/05\/img-60a5694ff3b75.jpg","datePublished":"2021-05-19T19:48:04+00:00","author":{"@id":"https:\/\/www.africa-press.net\/togo\/#\/schema\/person\/2b1cf3cd81a31e3cd26889ca66d677f1"},"description":"Ce regroupement de l\u2019opposition, qui continue de r\u00e9clamer la victoire de son candidat \u00e0 la pr\u00e9sidentielle, a sollicit\u00e9 p ...","breadcrumb":{"@id":"https:\/\/www.africa-press.net\/togo\/parties\/togo%e2%80%af-malgre-lexil-dagbeyome-kodjo-la-dmk-repart-a-loffensive#breadcrumb"},"inLanguage":"fr-FR","potentialAction":[{"@type":"ReadAction","target":["https:\/\/www.africa-press.net\/togo\/parties\/togo%e2%80%af-malgre-lexil-dagbeyome-kodjo-la-dmk-repart-a-loffensive"]}]},{"@type":"ImageObject","inLanguage":"fr-FR","@id":"https:\/\/www.africa-press.net\/togo\/parties\/togo%e2%80%af-malgre-lexil-dagbeyome-kodjo-la-dmk-repart-a-loffensive#primaryimage","url":"https:\/\/static.africa-press.net\/togo\/sites\/58\/2021\/05\/img-60a5694ff3b75.jpg","contentUrl":"https:\/\/static.africa-press.net\/togo\/sites\/58\/2021\/05\/img-60a5694ff3b75.jpg","width":720,"height":360,"caption":"Togo\u202f: malgr\u00e9 l\u2019exil d\u2019Agb\u00e9yom\u00e9 Kodjo, la DMK repart \u00e0 l\u2019offensive"},{"@type":"BreadcrumbList","@id":"https:\/\/www.africa-press.net\/togo\/parties\/togo%e2%80%af-malgre-lexil-dagbeyome-kodjo-la-dmk-repart-a-loffensive#breadcrumb","itemListElement":[{"@type":"ListItem","position":1,"name":"Accueil","item":"https:\/\/www.africa-press.net\/togo\/"},{"@type":"ListItem","position":2,"name":"malgr\u00e9 l\u2019exil d\u2019Agb\u00e9yom\u00e9 Kodjo, la DMK repart \u00e0 l\u2019offensive"}]},{"@type":"WebSite","@id":"https:\/\/www.africa-press.net\/togo\/#website","url":"https:\/\/www.africa-press.net\/togo\/","name":"Togo","description":"Just another Africa News Agency Sites site","potentialAction":[{"@type":"SearchAction","target":{"@type":"EntryPoint","urlTemplate":"https:\/\/www.africa-press.net\/togo\/?s={search_term_string}"},"query-input":{"@type":"PropertyValueSpecification","valueRequired":true,"valueName":"search_term_string"}}],"inLanguage":"fr-FR"},{"@type":"Person","@id":"https:\/\/www.africa-press.net\/togo\/#\/schema\/person\/2b1cf3cd81a31e3cd26889ca66d677f1","name":"cfeditorfr"}]}},"_links":{"self":[{"href":"https:\/\/www.africa-press.net\/togo\/wp-json\/wp\/v2\/posts\/1012","targetHints":{"allow":["GET"]}}],"collection":[{"href":"https:\/\/www.africa-press.net\/togo\/wp-json\/wp\/v2\/posts"}],"about":[{"href":"https:\/\/www.africa-press.net\/togo\/wp-json\/wp\/v2\/types\/post"}],"author":[{"embeddable":true,"href":"https:\/\/www.africa-press.net\/togo\/wp-json\/wp\/v2\/users\/82"}],"replies":[{"embeddable":true,"href":"https:\/\/www.africa-press.net\/togo\/wp-json\/wp\/v2\/comments?post=1012"}],"version-history":[{"count":0,"href":"https:\/\/www.africa-press.net\/togo\/wp-json\/wp\/v2\/posts\/1012\/revisions"}],"wp:featuredmedia":[{"embeddable":true,"href":"https:\/\/www.africa-press.net\/togo\/wp-json\/wp\/v2\/media\/1011"}],"wp:attachment":[{"href":"https:\/\/www.africa-press.net\/togo\/wp-json\/wp\/v2\/media?parent=1012"}],"wp:term":[{"taxonomy":"category","embeddable":true,"href":"https:\/\/www.africa-press.net\/togo\/wp-json\/wp\/v2\/categories?post=1012"},{"taxonomy":"post_tag","embeddable":true,"href":"https:\/\/www.africa-press.net\/togo\/wp-json\/wp\/v2\/tags?post=1012"}],"curies":[{"name":"wp","href":"https:\/\/api.w.org\/{rel}","templated":true}]}}