{"id":1096,"date":"2021-07-12T19:58:50","date_gmt":"2021-07-12T19:58:50","guid":{"rendered":"https:\/\/www.africa-press.net\/togo\/politique\/togo-des-femmes-entrepreneures-simpliquent-dans-le-processus-de-mise-en-oeuvre-de-la-zlecaf"},"modified":"2021-07-12T19:58:51","modified_gmt":"2021-07-12T19:58:51","slug":"togo-des-femmes-entrepreneures-simpliquent-dans-le-processus-de-mise-en-oeuvre-de-la-zlecaf","status":"publish","type":"post","link":"https:\/\/www.africa-press.net\/togo\/toutes-les-actualites\/togo-des-femmes-entrepreneures-simpliquent-dans-le-processus-de-mise-en-oeuvre-de-la-zlecaf","title":{"rendered":"Togo : des femmes entrepreneures s\u2019impliquent dans le processus de mise en \u0153uvre de la ZLECAf"},"content":{"rendered":"<p><span style=\"color: #ff6600\"><strong><a href=\"https:\/\/www.africa-press.net\/\">Africa-Press<\/a> &#8211; <a href=\"https:\/\/www.africa-press.net\/togo\">Togo<\/a>. <\/strong><\/span>Le Minist\u00e8re du commerce, de l\u2019industrie et de la consommation locale a entam\u00e9 le 1er juillet 2021, une session de formation des commer\u00e7antes et femmes entrepreneures sur les th\u00e9matiques de la Zone de libre-\u00e9change continentale africaine (ZLECAf).<br \/>\nOrganis\u00e9e en collaboration avec la Commission \u00e9conomique des nations unies pour l\u2019Afrique (CEA), la rencontre de formation devrait permettre aux participantes d\u2019identifier les opportunit\u00e9s qu\u2019offre la zone de libre-\u00e9change.<br \/>\nDe m\u00eame, elles prendront connaissance des mesures prises par le Togo pour tirer meilleur parti de la ZLECAf, \u00e0 travers l\u2019identification des p\u00f4les d\u2019attraction pour les marchandises export\u00e9es par le Togo.<br \/>\nLe minist\u00e8re du commerce, \u00e0 travers la rencontre, fera conna\u00eetre \u00e0 ces entrepreneures, la documentation n\u00e9cessaire exig\u00e9e dans les processus d\u2019exportation.<br \/>\n\u00ab L\u2019application convenable des dispositions pr\u00e9vues par cet Accord, demande une parfaite compr\u00e9hension et ma\u00eetrise des proc\u00e9dures ainsi que des conditions auxquelles les marchandises doivent satisfaire pour b\u00e9n\u00e9ficier de la pr\u00e9f\u00e9rence continentale \u00bb, a d\u00e9clar\u00e9 le Secr\u00e9taire g\u00e9n\u00e9ral du Minist\u00e8re du commerce, Claude Talime Abe, qui s\u2019est r\u00e9joui de l\u2019implication du secteur priv\u00e9 en g\u00e9n\u00e9ral et des femmes en particulier dans le processus de mise en \u0153uvre de la ZLECAf au Togo.<br \/>\nCette rencontre pr\u00e9vue pour se d\u00e9rouler dans plusieurs jours du pays, b\u00e9n\u00e9ficie de l\u2019appui technique et financier de la d\u00e9l\u00e9gation de l\u2019Union europ\u00e9enne au Togo.<\/p>\n","protected":false},"excerpt":{"rendered":"<p>Africa-Press &#8211; Togo. Le Minist\u00e8re du commerce, de l\u2019industrie et de la consommation locale a entam\u00e9 le 1er juillet 2021, une session de formation des commer\u00e7antes et femmes entrepreneures sur les th\u00e9matiques de la Zone de libre-\u00e9change continentale africaine (ZLECAf). Organis\u00e9e en collaboration avec la Commission \u00e9conomique des nations unies pour l\u2019Afrique (CEA), la rencontre [&hellip;]<\/p>\n","protected":false},"author":82,"featured_media":1095,"comment_status":"open","ping_status":"closed","sticky":false,"template":"","format":"standard","meta":{"footnotes":""},"categories":[11,10],"tags":[36,49,92,93,50],"class_list":["post-1096","post","type-post","status-publish","format-standard","has-post-thumbnail","hentry","category-homepage-french","category-toutes-les-actualites","tag-africa-press","tag-africa-press-togo","tag-la-zlecaf","tag-les-femmes-entrepreneures","tag-togo"],"yoast_head":"<!-- This site is optimized with the Yoast SEO Premium plugin v26.1 (Yoast SEO v27.0) - https:\/\/yoast.com\/product\/yoast-seo-premium-wordpress\/ -->\n<title>Togo : des femmes entrepreneures s\u2019impliquent dans le processus de mise en \u0153uvre de la ZLECAf - Togo<\/title>\n<meta name=\"description\" content=\"Le Minist\u00e8re du commerce, de l\u2019industrie et de la consommation locale a entam\u00e9 le 1er juillet 2021, une session de forma ...\" \/>\n<meta name=\"robots\" content=\"index, follow, max-snippet:-1, max-image-preview:large, max-video-preview:-1\" \/>\n<link rel=\"canonical\" href=\"https:\/\/www.africa-press.net\/togo\/toutes-les-actualites\/togo-des-femmes-entrepreneures-simpliquent-dans-le-processus-de-mise-en-oeuvre-de-la-zlecaf\" \/>\n<meta property=\"og:locale\" content=\"fr_FR\" \/>\n<meta property=\"og:type\" content=\"article\" \/>\n<meta property=\"og:title\" content=\"Togo : des femmes entrepreneures s\u2019impliquent dans le processus de mise en \u0153uvre de la ZLECAf\" \/>\n<meta property=\"og:description\" content=\"Le Minist\u00e8re du commerce, de l\u2019industrie et de la consommation locale a entam\u00e9 le 1er juillet 2021, une session de forma ...\" \/>\n<meta property=\"og:url\" content=\"https:\/\/www.africa-press.net\/togo\/toutes-les-actualites\/togo-des-femmes-entrepreneures-simpliquent-dans-le-processus-de-mise-en-oeuvre-de-la-zlecaf\" \/>\n<meta property=\"og:site_name\" content=\"Togo\" \/>\n<meta property=\"article:published_time\" content=\"2021-07-12T19:58:50+00:00\" \/>\n<meta property=\"article:modified_time\" content=\"2021-07-12T19:58:51+00:00\" \/>\n<meta property=\"og:image\" content=\"https:\/\/static.africa-press.net\/togo\/sites\/58\/2021\/07\/img-60ec9eb22589f.jpg\" \/>\n\t<meta property=\"og:image:width\" content=\"600\" \/>\n\t<meta property=\"og:image:height\" content=\"199\" \/>\n\t<meta property=\"og:image:type\" content=\"image\/jpeg\" \/>\n<meta name=\"author\" content=\"cfeditorfr\" \/>\n<meta name=\"twitter:card\" content=\"summary_large_image\" \/>\n<meta name=\"twitter:label1\" content=\"\u00c9crit par\" \/>\n\t<meta name=\"twitter:data1\" content=\"cfeditorfr\" \/>\n\t<meta name=\"twitter:label2\" content=\"Dur\u00e9e de lecture estim\u00e9e\" \/>\n\t<meta name=\"twitter:data2\" content=\"1 minute\" \/>\n<script type=\"application\/ld+json\" class=\"yoast-schema-graph\">{\"@context\":\"https:\/\/schema.org\",\"@graph\":[{\"@type\":\"Article\",\"@id\":\"https:\/\/www.africa-press.net\/togo\/toutes-les-actualites\/togo-des-femmes-entrepreneures-simpliquent-dans-le-processus-de-mise-en-oeuvre-de-la-zlecaf#article\",\"isPartOf\":{\"@id\":\"https:\/\/www.africa-press.net\/togo\/toutes-les-actualites\/togo-des-femmes-entrepreneures-simpliquent-dans-le-processus-de-mise-en-oeuvre-de-la-zlecaf\"},\"author\":{\"name\":\"cfeditorfr\",\"@id\":\"https:\/\/www.africa-press.net\/togo\/#\/schema\/person\/2b1cf3cd81a31e3cd26889ca66d677f1\"},\"headline\":\"Togo : des femmes entrepreneures s\u2019impliquent dans le processus de mise en \u0153uvre de la ZLECAf\",\"datePublished\":\"2021-07-12T19:58:50+00:00\",\"dateModified\":\"2021-07-12T19:58:51+00:00\",\"mainEntityOfPage\":{\"@id\":\"https:\/\/www.africa-press.net\/togo\/toutes-les-actualites\/togo-des-femmes-entrepreneures-simpliquent-dans-le-processus-de-mise-en-oeuvre-de-la-zlecaf\"},\"wordCount\":277,\"commentCount\":0,\"image\":{\"@id\":\"https:\/\/www.africa-press.net\/togo\/toutes-les-actualites\/togo-des-femmes-entrepreneures-simpliquent-dans-le-processus-de-mise-en-oeuvre-de-la-zlecaf#primaryimage\"},\"thumbnailUrl\":\"https:\/\/static.africa-press.net\/togo\/sites\/58\/2021\/07\/img-60ec9eb22589f.jpg\",\"keywords\":[\"Africa Press\",\"Africa Press-Togo\",\"la ZLECAf\",\"Les femmes entrepreneures\",\"Togo\"],\"articleSection\":[\"homepage-french\",\"Toutes les actualit\u00e9s\"],\"inLanguage\":\"fr-FR\",\"potentialAction\":[{\"@type\":\"CommentAction\",\"name\":\"Comment\",\"target\":[\"https:\/\/www.africa-press.net\/togo\/toutes-les-actualites\/togo-des-femmes-entrepreneures-simpliquent-dans-le-processus-de-mise-en-oeuvre-de-la-zlecaf#respond\"]}]},{\"@type\":\"WebPage\",\"@id\":\"https:\/\/www.africa-press.net\/togo\/toutes-les-actualites\/togo-des-femmes-entrepreneures-simpliquent-dans-le-processus-de-mise-en-oeuvre-de-la-zlecaf\",\"url\":\"https:\/\/www.africa-press.net\/togo\/toutes-les-actualites\/togo-des-femmes-entrepreneures-simpliquent-dans-le-processus-de-mise-en-oeuvre-de-la-zlecaf\",\"name\":\"Togo : des femmes entrepreneures s\u2019impliquent dans le processus de mise en \u0153uvre de la ZLECAf - Togo\",\"isPartOf\":{\"@id\":\"https:\/\/www.africa-press.net\/togo\/#website\"},\"primaryImageOfPage\":{\"@id\":\"https:\/\/www.africa-press.net\/togo\/toutes-les-actualites\/togo-des-femmes-entrepreneures-simpliquent-dans-le-processus-de-mise-en-oeuvre-de-la-zlecaf#primaryimage\"},\"image\":{\"@id\":\"https:\/\/www.africa-press.net\/togo\/toutes-les-actualites\/togo-des-femmes-entrepreneures-simpliquent-dans-le-processus-de-mise-en-oeuvre-de-la-zlecaf#primaryimage\"},\"thumbnailUrl\":\"https:\/\/static.africa-press.net\/togo\/sites\/58\/2021\/07\/img-60ec9eb22589f.jpg\",\"datePublished\":\"2021-07-12T19:58:50+00:00\",\"dateModified\":\"2021-07-12T19:58:51+00:00\",\"author\":{\"@id\":\"https:\/\/www.africa-press.net\/togo\/#\/schema\/person\/2b1cf3cd81a31e3cd26889ca66d677f1\"},\"description\":\"Le Minist\u00e8re du commerce, de l\u2019industrie et de la consommation locale a entam\u00e9 le 1er juillet 2021, une session de forma ...\",\"breadcrumb\":{\"@id\":\"https:\/\/www.africa-press.net\/togo\/toutes-les-actualites\/togo-des-femmes-entrepreneures-simpliquent-dans-le-processus-de-mise-en-oeuvre-de-la-zlecaf#breadcrumb\"},\"inLanguage\":\"fr-FR\",\"potentialAction\":[{\"@type\":\"ReadAction\",\"target\":[\"https:\/\/www.africa-press.net\/togo\/toutes-les-actualites\/togo-des-femmes-entrepreneures-simpliquent-dans-le-processus-de-mise-en-oeuvre-de-la-zlecaf\"]}]},{\"@type\":\"ImageObject\",\"inLanguage\":\"fr-FR\",\"@id\":\"https:\/\/www.africa-press.net\/togo\/toutes-les-actualites\/togo-des-femmes-entrepreneures-simpliquent-dans-le-processus-de-mise-en-oeuvre-de-la-zlecaf#primaryimage\",\"url\":\"https:\/\/static.africa-press.net\/togo\/sites\/58\/2021\/07\/img-60ec9eb22589f.jpg\",\"contentUrl\":\"https:\/\/static.africa-press.net\/togo\/sites\/58\/2021\/07\/img-60ec9eb22589f.jpg\",\"width\":600,\"height\":199,\"caption\":\"Togo : des femmes entrepreneures s\u2019impliquent dans le processus de mise en \u0153uvre de la ZLECAf\"},{\"@type\":\"BreadcrumbList\",\"@id\":\"https:\/\/www.africa-press.net\/togo\/toutes-les-actualites\/togo-des-femmes-entrepreneures-simpliquent-dans-le-processus-de-mise-en-oeuvre-de-la-zlecaf#breadcrumb\",\"itemListElement\":[{\"@type\":\"ListItem\",\"position\":1,\"name\":\"Accueil\",\"item\":\"https:\/\/www.africa-press.net\/togo\/\"},{\"@type\":\"ListItem\",\"position\":2,\"name\":\"Togo : des femmes entrepreneures s\u2019impliquent dans le processus de mise en \u0153uvre de la ZLECAf\"}]},{\"@type\":\"WebSite\",\"@id\":\"https:\/\/www.africa-press.net\/togo\/#website\",\"url\":\"https:\/\/www.africa-press.net\/togo\/\",\"name\":\"Togo\",\"description\":\"Just another Africa News Agency Sites site\",\"potentialAction\":[{\"@type\":\"SearchAction\",\"target\":{\"@type\":\"EntryPoint\",\"urlTemplate\":\"https:\/\/www.africa-press.net\/togo\/?s={search_term_string}\"},\"query-input\":{\"@type\":\"PropertyValueSpecification\",\"valueRequired\":true,\"valueName\":\"search_term_string\"}}],\"inLanguage\":\"fr-FR\"},{\"@type\":\"Person\",\"@id\":\"https:\/\/www.africa-press.net\/togo\/#\/schema\/person\/2b1cf3cd81a31e3cd26889ca66d677f1\",\"name\":\"cfeditorfr\"}]}<\/script>\n<!-- \/ Yoast SEO Premium plugin. -->","yoast_head_json":{"title":"Togo : des femmes entrepreneures s\u2019impliquent dans le processus de mise en \u0153uvre de la ZLECAf - Togo","description":"Le Minist\u00e8re du commerce, de l\u2019industrie et de la consommation locale a entam\u00e9 le 1er juillet 2021, une session de forma ...","robots":{"index":"index","follow":"follow","max-snippet":"max-snippet:-1","max-image-preview":"max-image-preview:large","max-video-preview":"max-video-preview:-1"},"canonical":"https:\/\/www.africa-press.net\/togo\/toutes-les-actualites\/togo-des-femmes-entrepreneures-simpliquent-dans-le-processus-de-mise-en-oeuvre-de-la-zlecaf","og_locale":"fr_FR","og_type":"article","og_title":"Togo : des femmes entrepreneures s\u2019impliquent dans le processus de mise en \u0153uvre de la ZLECAf","og_description":"Le Minist\u00e8re du commerce, de l\u2019industrie et de la consommation locale a entam\u00e9 le 1er juillet 2021, une session de forma ...","og_url":"https:\/\/www.africa-press.net\/togo\/toutes-les-actualites\/togo-des-femmes-entrepreneures-simpliquent-dans-le-processus-de-mise-en-oeuvre-de-la-zlecaf","og_site_name":"Togo","article_published_time":"2021-07-12T19:58:50+00:00","article_modified_time":"2021-07-12T19:58:51+00:00","og_image":[{"width":600,"height":199,"url":"https:\/\/static.africa-press.net\/togo\/sites\/58\/2021\/07\/img-60ec9eb22589f.jpg","type":"image\/jpeg"}],"author":"cfeditorfr","twitter_card":"summary_large_image","twitter_misc":{"\u00c9crit par":"cfeditorfr","Dur\u00e9e de lecture estim\u00e9e":"1 minute"},"schema":{"@context":"https:\/\/schema.org","@graph":[{"@type":"Article","@id":"https:\/\/www.africa-press.net\/togo\/toutes-les-actualites\/togo-des-femmes-entrepreneures-simpliquent-dans-le-processus-de-mise-en-oeuvre-de-la-zlecaf#article","isPartOf":{"@id":"https:\/\/www.africa-press.net\/togo\/toutes-les-actualites\/togo-des-femmes-entrepreneures-simpliquent-dans-le-processus-de-mise-en-oeuvre-de-la-zlecaf"},"author":{"name":"cfeditorfr","@id":"https:\/\/www.africa-press.net\/togo\/#\/schema\/person\/2b1cf3cd81a31e3cd26889ca66d677f1"},"headline":"Togo : des femmes entrepreneures s\u2019impliquent dans le processus de mise en \u0153uvre de la ZLECAf","datePublished":"2021-07-12T19:58:50+00:00","dateModified":"2021-07-12T19:58:51+00:00","mainEntityOfPage":{"@id":"https:\/\/www.africa-press.net\/togo\/toutes-les-actualites\/togo-des-femmes-entrepreneures-simpliquent-dans-le-processus-de-mise-en-oeuvre-de-la-zlecaf"},"wordCount":277,"commentCount":0,"image":{"@id":"https:\/\/www.africa-press.net\/togo\/toutes-les-actualites\/togo-des-femmes-entrepreneures-simpliquent-dans-le-processus-de-mise-en-oeuvre-de-la-zlecaf#primaryimage"},"thumbnailUrl":"https:\/\/static.africa-press.net\/togo\/sites\/58\/2021\/07\/img-60ec9eb22589f.jpg","keywords":["Africa Press","Africa Press-Togo","la ZLECAf","Les femmes entrepreneures","Togo"],"articleSection":["homepage-french","Toutes les actualit\u00e9s"],"inLanguage":"fr-FR","potentialAction":[{"@type":"CommentAction","name":"Comment","target":["https:\/\/www.africa-press.net\/togo\/toutes-les-actualites\/togo-des-femmes-entrepreneures-simpliquent-dans-le-processus-de-mise-en-oeuvre-de-la-zlecaf#respond"]}]},{"@type":"WebPage","@id":"https:\/\/www.africa-press.net\/togo\/toutes-les-actualites\/togo-des-femmes-entrepreneures-simpliquent-dans-le-processus-de-mise-en-oeuvre-de-la-zlecaf","url":"https:\/\/www.africa-press.net\/togo\/toutes-les-actualites\/togo-des-femmes-entrepreneures-simpliquent-dans-le-processus-de-mise-en-oeuvre-de-la-zlecaf","name":"Togo : des femmes entrepreneures s\u2019impliquent dans le processus de mise en \u0153uvre de la ZLECAf - Togo","isPartOf":{"@id":"https:\/\/www.africa-press.net\/togo\/#website"},"primaryImageOfPage":{"@id":"https:\/\/www.africa-press.net\/togo\/toutes-les-actualites\/togo-des-femmes-entrepreneures-simpliquent-dans-le-processus-de-mise-en-oeuvre-de-la-zlecaf#primaryimage"},"image":{"@id":"https:\/\/www.africa-press.net\/togo\/toutes-les-actualites\/togo-des-femmes-entrepreneures-simpliquent-dans-le-processus-de-mise-en-oeuvre-de-la-zlecaf#primaryimage"},"thumbnailUrl":"https:\/\/static.africa-press.net\/togo\/sites\/58\/2021\/07\/img-60ec9eb22589f.jpg","datePublished":"2021-07-12T19:58:50+00:00","dateModified":"2021-07-12T19:58:51+00:00","author":{"@id":"https:\/\/www.africa-press.net\/togo\/#\/schema\/person\/2b1cf3cd81a31e3cd26889ca66d677f1"},"description":"Le Minist\u00e8re du commerce, de l\u2019industrie et de la consommation locale a entam\u00e9 le 1er juillet 2021, une session de forma ...","breadcrumb":{"@id":"https:\/\/www.africa-press.net\/togo\/toutes-les-actualites\/togo-des-femmes-entrepreneures-simpliquent-dans-le-processus-de-mise-en-oeuvre-de-la-zlecaf#breadcrumb"},"inLanguage":"fr-FR","potentialAction":[{"@type":"ReadAction","target":["https:\/\/www.africa-press.net\/togo\/toutes-les-actualites\/togo-des-femmes-entrepreneures-simpliquent-dans-le-processus-de-mise-en-oeuvre-de-la-zlecaf"]}]},{"@type":"ImageObject","inLanguage":"fr-FR","@id":"https:\/\/www.africa-press.net\/togo\/toutes-les-actualites\/togo-des-femmes-entrepreneures-simpliquent-dans-le-processus-de-mise-en-oeuvre-de-la-zlecaf#primaryimage","url":"https:\/\/static.africa-press.net\/togo\/sites\/58\/2021\/07\/img-60ec9eb22589f.jpg","contentUrl":"https:\/\/static.africa-press.net\/togo\/sites\/58\/2021\/07\/img-60ec9eb22589f.jpg","width":600,"height":199,"caption":"Togo : des femmes entrepreneures s\u2019impliquent dans le processus de mise en \u0153uvre de la ZLECAf"},{"@type":"BreadcrumbList","@id":"https:\/\/www.africa-press.net\/togo\/toutes-les-actualites\/togo-des-femmes-entrepreneures-simpliquent-dans-le-processus-de-mise-en-oeuvre-de-la-zlecaf#breadcrumb","itemListElement":[{"@type":"ListItem","position":1,"name":"Accueil","item":"https:\/\/www.africa-press.net\/togo\/"},{"@type":"ListItem","position":2,"name":"Togo : des femmes entrepreneures s\u2019impliquent dans le processus de mise en \u0153uvre de la ZLECAf"}]},{"@type":"WebSite","@id":"https:\/\/www.africa-press.net\/togo\/#website","url":"https:\/\/www.africa-press.net\/togo\/","name":"Togo","description":"Just another Africa News Agency Sites site","potentialAction":[{"@type":"SearchAction","target":{"@type":"EntryPoint","urlTemplate":"https:\/\/www.africa-press.net\/togo\/?s={search_term_string}"},"query-input":{"@type":"PropertyValueSpecification","valueRequired":true,"valueName":"search_term_string"}}],"inLanguage":"fr-FR"},{"@type":"Person","@id":"https:\/\/www.africa-press.net\/togo\/#\/schema\/person\/2b1cf3cd81a31e3cd26889ca66d677f1","name":"cfeditorfr"}]}},"_links":{"self":[{"href":"https:\/\/www.africa-press.net\/togo\/wp-json\/wp\/v2\/posts\/1096","targetHints":{"allow":["GET"]}}],"collection":[{"href":"https:\/\/www.africa-press.net\/togo\/wp-json\/wp\/v2\/posts"}],"about":[{"href":"https:\/\/www.africa-press.net\/togo\/wp-json\/wp\/v2\/types\/post"}],"author":[{"embeddable":true,"href":"https:\/\/www.africa-press.net\/togo\/wp-json\/wp\/v2\/users\/82"}],"replies":[{"embeddable":true,"href":"https:\/\/www.africa-press.net\/togo\/wp-json\/wp\/v2\/comments?post=1096"}],"version-history":[{"count":0,"href":"https:\/\/www.africa-press.net\/togo\/wp-json\/wp\/v2\/posts\/1096\/revisions"}],"wp:featuredmedia":[{"embeddable":true,"href":"https:\/\/www.africa-press.net\/togo\/wp-json\/wp\/v2\/media\/1095"}],"wp:attachment":[{"href":"https:\/\/www.africa-press.net\/togo\/wp-json\/wp\/v2\/media?parent=1096"}],"wp:term":[{"taxonomy":"category","embeddable":true,"href":"https:\/\/www.africa-press.net\/togo\/wp-json\/wp\/v2\/categories?post=1096"},{"taxonomy":"post_tag","embeddable":true,"href":"https:\/\/www.africa-press.net\/togo\/wp-json\/wp\/v2\/tags?post=1096"}],"curies":[{"name":"wp","href":"https:\/\/api.w.org\/{rel}","templated":true}]}}