{"id":1108,"date":"2021-07-13T20:10:57","date_gmt":"2021-07-13T20:10:57","guid":{"rendered":"https:\/\/www.africa-press.net\/togo\/?p=1108"},"modified":"2021-07-13T20:10:05","modified_gmt":"2021-07-13T20:10:05","slug":"dialogue-boukpessi-contredit-lanc-de-jean-pierre-fabre","status":"publish","type":"post","link":"https:\/\/www.africa-press.net\/togo\/politique\/dialogue-boukpessi-contredit-lanc-de-jean-pierre-fabre","title":{"rendered":"Dialogue: Boukpessi contredit l\u2019ANC de Jean-Pierre Fabre"},"content":{"rendered":"<p><span style=\"color: #ff6600\"><strong><a href=\"https:\/\/www.africa-press.net\/\">Africa-Press<\/a> &#8211; <a href=\"https:\/\/www.africa-press.net\/togo\">Togo<\/a>. <\/strong><\/span>Payadowa Boukpessi r\u00e9agit \u00e0 la sortie de l\u2019Alliance nationale pour le changement (ANC) de la Concertation nationale des acteurs politiques (CNAP). Le ministre togolais en charge de l\u2019administration territoriale s\u2019offusque que le parti de Jean Pierre Fabre ait quitt\u00e9 le dialogue \u00e0 la veille de la cl\u00f4ture des discussions. Il estime par ailleurs que les propositions du parti ont \u00e9t\u00e9 prises en compte.<br \/>\nA nos confr\u00e8res de Republicoftogo le ministre d\u2019Etat, ministre de l\u2019administration territoriale, de la d\u00e9centralisation et du d\u00e9veloppement du territoire a confirm\u00e9 avoir re\u00e7u une lettre de l\u2019ANC annon\u00e7ant sa suspension au CNAP.<br \/>\nM. Boukpessi pr\u00e9cise que la note du parti a \u00e9t\u00e9 envoy\u00e9e et re\u00e7ue au moment o\u00f9 les travaux sont en train d\u2019\u00eatre pris fin.<br \/>\n\u00ab Ils ont envoy\u00e9 un courrier hier alors que les travaux de la CNAP prennent fin aujourd\u2019hui. Vous avez particip\u00e9 aux travaux pendant six mois et tout le monde sait qu\u2019aujourd\u2019hui c\u2019est le dernier jour et hier vous dites que vous quittez \u00bb, a-t-il dit.<br \/>\n<b>Incompr\u00e9hension de Boukpessi <\/b><br \/>\nPayadowa Boukpessi, ministre du gouvernement mais \u00e9galement facilitateur de ce cadre organis\u00e9 par le pouvoir pour principalement assainir le cadre \u00e9lectoral au Togo r\u00e9v\u00e8le que l\u2019ANC a particip\u00e9 \u00e0 presque tous les travaux.<br \/>\nLe parti a pris part \u00e0 17 r\u00e9unions ordinaires et 10 r\u00e9unions pl\u00e9ni\u00e8res sur les 11 qui ont eu lieu. Ses propositions ont \u00e9t\u00e9 prises en compte.<br \/>\n\u00ab S\u2019ils \u00e9taient partis plus t\u00f4t, comme le CAR, on aurait pu comprendre, mais ils ont particip\u00e9 \u00e0 tout et on a tenu compte de ce qu\u2019ils ont propos\u00e9 \u00bb, a d\u00e9clar\u00e9 le ministre Boukpessi.<\/p>\n<p>Dans sa lettre, l\u2019ANC a rappel\u00e9 que pour l\u2019am\u00e9lioration du cadre \u00e9lectoral, la communaut\u00e9 internationale a formul\u00e9, par l\u2019interm\u00e9diaire de l\u2019Union Europ\u00e9enne (UE), l\u2019Organisation Internationale de la Francophonie (OIF) et les Nations Unies (PNUD), \u00e0 maintes reprises, \u00e0 travers de nombreux rapports d\u2019observation et d\u2019\u00e9valuation des \u00e9lections et des processus \u00e9lectoraux au Togo, \u00ab des recommandations pertinentes qui sont demeur\u00e9es lettres mortes \u00e0 ce jour \u00bb.<\/p>\n","protected":false},"excerpt":{"rendered":"<p>Africa-Press &#8211; Togo. Payadowa Boukpessi r\u00e9agit \u00e0 la sortie de l\u2019Alliance nationale pour le changement (ANC) de la Concertation nationale des acteurs politiques (CNAP). Le ministre togolais en charge de l\u2019administration territoriale s\u2019offusque que le parti de Jean Pierre Fabre ait quitt\u00e9 le dialogue \u00e0 la veille de la cl\u00f4ture des discussions. Il estime par [&hellip;]<\/p>\n","protected":false},"author":82,"featured_media":1107,"comment_status":"open","ping_status":"closed","sticky":false,"template":"","format":"standard","meta":{"footnotes":""},"categories":[11,2,10],"tags":[36,49,102,100,101,50],"class_list":["post-1108","post","type-post","status-publish","format-standard","has-post-thumbnail","hentry","category-homepage-french","category-politique","category-toutes-les-actualites","tag-africa-press","tag-africa-press-togo","tag-lalliance-nationale-pour-le-changement-anc","tag-la-concertation-nationale-des-acteurs-politiques-cnap","tag-payadowa-boukpessi","tag-togo"],"yoast_head":"<!-- This site is optimized with the Yoast SEO Premium plugin v26.1 (Yoast SEO v27.0) - https:\/\/yoast.com\/product\/yoast-seo-premium-wordpress\/ -->\n<title>Dialogue: Boukpessi contredit l\u2019ANC de Jean-Pierre Fabre - Togo<\/title>\n<meta name=\"description\" content=\"Payadowa Boukpessi r\u00e9agit \u00e0 la sortie de l\u2019Alliance nationale pour le changement (ANC) de la Concertation nationale des ...\" \/>\n<meta name=\"robots\" content=\"index, follow, max-snippet:-1, max-image-preview:large, max-video-preview:-1\" \/>\n<link rel=\"canonical\" href=\"https:\/\/www.africa-press.net\/togo\/politique\/dialogue-boukpessi-contredit-lanc-de-jean-pierre-fabre\" \/>\n<meta property=\"og:locale\" content=\"fr_FR\" \/>\n<meta property=\"og:type\" content=\"article\" \/>\n<meta property=\"og:title\" content=\"Dialogue: Boukpessi contredit l\u2019ANC de Jean-Pierre Fabre\" \/>\n<meta property=\"og:description\" content=\"Payadowa Boukpessi r\u00e9agit \u00e0 la sortie de l\u2019Alliance nationale pour le changement (ANC) de la Concertation nationale des ...\" \/>\n<meta property=\"og:url\" content=\"https:\/\/www.africa-press.net\/togo\/politique\/dialogue-boukpessi-contredit-lanc-de-jean-pierre-fabre\" \/>\n<meta property=\"og:site_name\" content=\"Togo\" \/>\n<meta property=\"article:published_time\" content=\"2021-07-13T20:10:57+00:00\" \/>\n<meta property=\"og:image\" content=\"https:\/\/static.africa-press.net\/togo\/sites\/58\/2021\/07\/img-60edf2afe1741.jpg\" \/>\n\t<meta property=\"og:image:width\" content=\"1280\" \/>\n\t<meta property=\"og:image:height\" content=\"900\" \/>\n\t<meta property=\"og:image:type\" content=\"image\/jpeg\" \/>\n<meta name=\"author\" content=\"cfeditorfr\" \/>\n<meta name=\"twitter:card\" content=\"summary_large_image\" \/>\n<meta name=\"twitter:label1\" content=\"\u00c9crit par\" \/>\n\t<meta name=\"twitter:data1\" content=\"cfeditorfr\" \/>\n\t<meta name=\"twitter:label2\" content=\"Dur\u00e9e de lecture estim\u00e9e\" \/>\n\t<meta name=\"twitter:data2\" content=\"2 minutes\" \/>\n<script type=\"application\/ld+json\" class=\"yoast-schema-graph\">{\"@context\":\"https:\/\/schema.org\",\"@graph\":[{\"@type\":\"Article\",\"@id\":\"https:\/\/www.africa-press.net\/togo\/politique\/dialogue-boukpessi-contredit-lanc-de-jean-pierre-fabre#article\",\"isPartOf\":{\"@id\":\"https:\/\/www.africa-press.net\/togo\/politique\/dialogue-boukpessi-contredit-lanc-de-jean-pierre-fabre\"},\"author\":{\"name\":\"cfeditorfr\",\"@id\":\"https:\/\/www.africa-press.net\/togo\/#\/schema\/person\/2b1cf3cd81a31e3cd26889ca66d677f1\"},\"headline\":\"Dialogue: Boukpessi contredit l\u2019ANC de Jean-Pierre Fabre\",\"datePublished\":\"2021-07-13T20:10:57+00:00\",\"mainEntityOfPage\":{\"@id\":\"https:\/\/www.africa-press.net\/togo\/politique\/dialogue-boukpessi-contredit-lanc-de-jean-pierre-fabre\"},\"wordCount\":367,\"commentCount\":0,\"image\":{\"@id\":\"https:\/\/www.africa-press.net\/togo\/politique\/dialogue-boukpessi-contredit-lanc-de-jean-pierre-fabre#primaryimage\"},\"thumbnailUrl\":\"https:\/\/static.africa-press.net\/togo\/sites\/58\/2021\/07\/img-60edf2afe1741.jpg\",\"keywords\":[\"Africa Press\",\"Africa Press-Togo\",\"l\u2019Alliance nationale pour le changement (ANC)\",\"la Concertation nationale des acteurs politiques (CNAP).\",\"Payadowa Boukpessi\",\"Togo\"],\"articleSection\":[\"homepage-french\",\"Politique\",\"Toutes les actualit\u00e9s\"],\"inLanguage\":\"fr-FR\",\"potentialAction\":[{\"@type\":\"CommentAction\",\"name\":\"Comment\",\"target\":[\"https:\/\/www.africa-press.net\/togo\/politique\/dialogue-boukpessi-contredit-lanc-de-jean-pierre-fabre#respond\"]}]},{\"@type\":\"WebPage\",\"@id\":\"https:\/\/www.africa-press.net\/togo\/politique\/dialogue-boukpessi-contredit-lanc-de-jean-pierre-fabre\",\"url\":\"https:\/\/www.africa-press.net\/togo\/politique\/dialogue-boukpessi-contredit-lanc-de-jean-pierre-fabre\",\"name\":\"Dialogue: Boukpessi contredit l\u2019ANC de Jean-Pierre Fabre - Togo\",\"isPartOf\":{\"@id\":\"https:\/\/www.africa-press.net\/togo\/#website\"},\"primaryImageOfPage\":{\"@id\":\"https:\/\/www.africa-press.net\/togo\/politique\/dialogue-boukpessi-contredit-lanc-de-jean-pierre-fabre#primaryimage\"},\"image\":{\"@id\":\"https:\/\/www.africa-press.net\/togo\/politique\/dialogue-boukpessi-contredit-lanc-de-jean-pierre-fabre#primaryimage\"},\"thumbnailUrl\":\"https:\/\/static.africa-press.net\/togo\/sites\/58\/2021\/07\/img-60edf2afe1741.jpg\",\"datePublished\":\"2021-07-13T20:10:57+00:00\",\"author\":{\"@id\":\"https:\/\/www.africa-press.net\/togo\/#\/schema\/person\/2b1cf3cd81a31e3cd26889ca66d677f1\"},\"description\":\"Payadowa Boukpessi r\u00e9agit \u00e0 la sortie de l\u2019Alliance nationale pour le changement (ANC) de la Concertation nationale des ...\",\"breadcrumb\":{\"@id\":\"https:\/\/www.africa-press.net\/togo\/politique\/dialogue-boukpessi-contredit-lanc-de-jean-pierre-fabre#breadcrumb\"},\"inLanguage\":\"fr-FR\",\"potentialAction\":[{\"@type\":\"ReadAction\",\"target\":[\"https:\/\/www.africa-press.net\/togo\/politique\/dialogue-boukpessi-contredit-lanc-de-jean-pierre-fabre\"]}]},{\"@type\":\"ImageObject\",\"inLanguage\":\"fr-FR\",\"@id\":\"https:\/\/www.africa-press.net\/togo\/politique\/dialogue-boukpessi-contredit-lanc-de-jean-pierre-fabre#primaryimage\",\"url\":\"https:\/\/static.africa-press.net\/togo\/sites\/58\/2021\/07\/img-60edf2afe1741.jpg\",\"contentUrl\":\"https:\/\/static.africa-press.net\/togo\/sites\/58\/2021\/07\/img-60edf2afe1741.jpg\",\"width\":1280,\"height\":900,\"caption\":\"Dialogue: Boukpessi contredit l\u2019ANC de Jean-Pierre Fabre\"},{\"@type\":\"BreadcrumbList\",\"@id\":\"https:\/\/www.africa-press.net\/togo\/politique\/dialogue-boukpessi-contredit-lanc-de-jean-pierre-fabre#breadcrumb\",\"itemListElement\":[{\"@type\":\"ListItem\",\"position\":1,\"name\":\"Accueil\",\"item\":\"https:\/\/www.africa-press.net\/togo\/\"},{\"@type\":\"ListItem\",\"position\":2,\"name\":\"Dialogue: Boukpessi contredit l\u2019ANC de Jean-Pierre Fabre\"}]},{\"@type\":\"WebSite\",\"@id\":\"https:\/\/www.africa-press.net\/togo\/#website\",\"url\":\"https:\/\/www.africa-press.net\/togo\/\",\"name\":\"Togo\",\"description\":\"Just another Africa News Agency Sites site\",\"potentialAction\":[{\"@type\":\"SearchAction\",\"target\":{\"@type\":\"EntryPoint\",\"urlTemplate\":\"https:\/\/www.africa-press.net\/togo\/?s={search_term_string}\"},\"query-input\":{\"@type\":\"PropertyValueSpecification\",\"valueRequired\":true,\"valueName\":\"search_term_string\"}}],\"inLanguage\":\"fr-FR\"},{\"@type\":\"Person\",\"@id\":\"https:\/\/www.africa-press.net\/togo\/#\/schema\/person\/2b1cf3cd81a31e3cd26889ca66d677f1\",\"name\":\"cfeditorfr\"}]}<\/script>\n<!-- \/ Yoast SEO Premium plugin. -->","yoast_head_json":{"title":"Dialogue: Boukpessi contredit l\u2019ANC de Jean-Pierre Fabre - Togo","description":"Payadowa Boukpessi r\u00e9agit \u00e0 la sortie de l\u2019Alliance nationale pour le changement (ANC) de la Concertation nationale des ...","robots":{"index":"index","follow":"follow","max-snippet":"max-snippet:-1","max-image-preview":"max-image-preview:large","max-video-preview":"max-video-preview:-1"},"canonical":"https:\/\/www.africa-press.net\/togo\/politique\/dialogue-boukpessi-contredit-lanc-de-jean-pierre-fabre","og_locale":"fr_FR","og_type":"article","og_title":"Dialogue: Boukpessi contredit l\u2019ANC de Jean-Pierre Fabre","og_description":"Payadowa Boukpessi r\u00e9agit \u00e0 la sortie de l\u2019Alliance nationale pour le changement (ANC) de la Concertation nationale des ...","og_url":"https:\/\/www.africa-press.net\/togo\/politique\/dialogue-boukpessi-contredit-lanc-de-jean-pierre-fabre","og_site_name":"Togo","article_published_time":"2021-07-13T20:10:57+00:00","og_image":[{"width":1280,"height":900,"url":"https:\/\/static.africa-press.net\/togo\/sites\/58\/2021\/07\/img-60edf2afe1741.jpg","type":"image\/jpeg"}],"author":"cfeditorfr","twitter_card":"summary_large_image","twitter_misc":{"\u00c9crit par":"cfeditorfr","Dur\u00e9e de lecture estim\u00e9e":"2 minutes"},"schema":{"@context":"https:\/\/schema.org","@graph":[{"@type":"Article","@id":"https:\/\/www.africa-press.net\/togo\/politique\/dialogue-boukpessi-contredit-lanc-de-jean-pierre-fabre#article","isPartOf":{"@id":"https:\/\/www.africa-press.net\/togo\/politique\/dialogue-boukpessi-contredit-lanc-de-jean-pierre-fabre"},"author":{"name":"cfeditorfr","@id":"https:\/\/www.africa-press.net\/togo\/#\/schema\/person\/2b1cf3cd81a31e3cd26889ca66d677f1"},"headline":"Dialogue: Boukpessi contredit l\u2019ANC de Jean-Pierre Fabre","datePublished":"2021-07-13T20:10:57+00:00","mainEntityOfPage":{"@id":"https:\/\/www.africa-press.net\/togo\/politique\/dialogue-boukpessi-contredit-lanc-de-jean-pierre-fabre"},"wordCount":367,"commentCount":0,"image":{"@id":"https:\/\/www.africa-press.net\/togo\/politique\/dialogue-boukpessi-contredit-lanc-de-jean-pierre-fabre#primaryimage"},"thumbnailUrl":"https:\/\/static.africa-press.net\/togo\/sites\/58\/2021\/07\/img-60edf2afe1741.jpg","keywords":["Africa Press","Africa Press-Togo","l\u2019Alliance nationale pour le changement (ANC)","la Concertation nationale des acteurs politiques (CNAP).","Payadowa Boukpessi","Togo"],"articleSection":["homepage-french","Politique","Toutes les actualit\u00e9s"],"inLanguage":"fr-FR","potentialAction":[{"@type":"CommentAction","name":"Comment","target":["https:\/\/www.africa-press.net\/togo\/politique\/dialogue-boukpessi-contredit-lanc-de-jean-pierre-fabre#respond"]}]},{"@type":"WebPage","@id":"https:\/\/www.africa-press.net\/togo\/politique\/dialogue-boukpessi-contredit-lanc-de-jean-pierre-fabre","url":"https:\/\/www.africa-press.net\/togo\/politique\/dialogue-boukpessi-contredit-lanc-de-jean-pierre-fabre","name":"Dialogue: Boukpessi contredit l\u2019ANC de Jean-Pierre Fabre - Togo","isPartOf":{"@id":"https:\/\/www.africa-press.net\/togo\/#website"},"primaryImageOfPage":{"@id":"https:\/\/www.africa-press.net\/togo\/politique\/dialogue-boukpessi-contredit-lanc-de-jean-pierre-fabre#primaryimage"},"image":{"@id":"https:\/\/www.africa-press.net\/togo\/politique\/dialogue-boukpessi-contredit-lanc-de-jean-pierre-fabre#primaryimage"},"thumbnailUrl":"https:\/\/static.africa-press.net\/togo\/sites\/58\/2021\/07\/img-60edf2afe1741.jpg","datePublished":"2021-07-13T20:10:57+00:00","author":{"@id":"https:\/\/www.africa-press.net\/togo\/#\/schema\/person\/2b1cf3cd81a31e3cd26889ca66d677f1"},"description":"Payadowa Boukpessi r\u00e9agit \u00e0 la sortie de l\u2019Alliance nationale pour le changement (ANC) de la Concertation nationale des ...","breadcrumb":{"@id":"https:\/\/www.africa-press.net\/togo\/politique\/dialogue-boukpessi-contredit-lanc-de-jean-pierre-fabre#breadcrumb"},"inLanguage":"fr-FR","potentialAction":[{"@type":"ReadAction","target":["https:\/\/www.africa-press.net\/togo\/politique\/dialogue-boukpessi-contredit-lanc-de-jean-pierre-fabre"]}]},{"@type":"ImageObject","inLanguage":"fr-FR","@id":"https:\/\/www.africa-press.net\/togo\/politique\/dialogue-boukpessi-contredit-lanc-de-jean-pierre-fabre#primaryimage","url":"https:\/\/static.africa-press.net\/togo\/sites\/58\/2021\/07\/img-60edf2afe1741.jpg","contentUrl":"https:\/\/static.africa-press.net\/togo\/sites\/58\/2021\/07\/img-60edf2afe1741.jpg","width":1280,"height":900,"caption":"Dialogue: Boukpessi contredit l\u2019ANC de Jean-Pierre Fabre"},{"@type":"BreadcrumbList","@id":"https:\/\/www.africa-press.net\/togo\/politique\/dialogue-boukpessi-contredit-lanc-de-jean-pierre-fabre#breadcrumb","itemListElement":[{"@type":"ListItem","position":1,"name":"Accueil","item":"https:\/\/www.africa-press.net\/togo\/"},{"@type":"ListItem","position":2,"name":"Dialogue: Boukpessi contredit l\u2019ANC de Jean-Pierre Fabre"}]},{"@type":"WebSite","@id":"https:\/\/www.africa-press.net\/togo\/#website","url":"https:\/\/www.africa-press.net\/togo\/","name":"Togo","description":"Just another Africa News Agency Sites site","potentialAction":[{"@type":"SearchAction","target":{"@type":"EntryPoint","urlTemplate":"https:\/\/www.africa-press.net\/togo\/?s={search_term_string}"},"query-input":{"@type":"PropertyValueSpecification","valueRequired":true,"valueName":"search_term_string"}}],"inLanguage":"fr-FR"},{"@type":"Person","@id":"https:\/\/www.africa-press.net\/togo\/#\/schema\/person\/2b1cf3cd81a31e3cd26889ca66d677f1","name":"cfeditorfr"}]}},"_links":{"self":[{"href":"https:\/\/www.africa-press.net\/togo\/wp-json\/wp\/v2\/posts\/1108","targetHints":{"allow":["GET"]}}],"collection":[{"href":"https:\/\/www.africa-press.net\/togo\/wp-json\/wp\/v2\/posts"}],"about":[{"href":"https:\/\/www.africa-press.net\/togo\/wp-json\/wp\/v2\/types\/post"}],"author":[{"embeddable":true,"href":"https:\/\/www.africa-press.net\/togo\/wp-json\/wp\/v2\/users\/82"}],"replies":[{"embeddable":true,"href":"https:\/\/www.africa-press.net\/togo\/wp-json\/wp\/v2\/comments?post=1108"}],"version-history":[{"count":0,"href":"https:\/\/www.africa-press.net\/togo\/wp-json\/wp\/v2\/posts\/1108\/revisions"}],"wp:featuredmedia":[{"embeddable":true,"href":"https:\/\/www.africa-press.net\/togo\/wp-json\/wp\/v2\/media\/1107"}],"wp:attachment":[{"href":"https:\/\/www.africa-press.net\/togo\/wp-json\/wp\/v2\/media?parent=1108"}],"wp:term":[{"taxonomy":"category","embeddable":true,"href":"https:\/\/www.africa-press.net\/togo\/wp-json\/wp\/v2\/categories?post=1108"},{"taxonomy":"post_tag","embeddable":true,"href":"https:\/\/www.africa-press.net\/togo\/wp-json\/wp\/v2\/tags?post=1108"}],"curies":[{"name":"wp","href":"https:\/\/api.w.org\/{rel}","templated":true}]}}