{"id":1123,"date":"2021-07-17T17:28:47","date_gmt":"2021-07-17T17:28:47","guid":{"rendered":"https:\/\/www.africa-press.net\/togo\/?p=1123"},"modified":"2021-07-17T17:27:28","modified_gmt":"2021-07-17T17:27:28","slug":"gabon-bilie-by-nze-confirme-la-liberalisation-de-la-distribution-de-leau-et-de-lelectricite","status":"publish","type":"post","link":"https:\/\/www.africa-press.net\/togo\/toutes-les-actualites\/gabon-bilie-by-nze-confirme-la-liberalisation-de-la-distribution-de-leau-et-de-lelectricite","title":{"rendered":"Gabon: Bilie-By-Nze confirme la lib\u00e9ralisation de la distribution de l`eau et de l`\u00e9lectricit\u00e9"},"content":{"rendered":"<p><span style=\"color: #ff6600\"><strong><a href=\"https:\/\/www.africa-press.net\/\">Africa-Press<\/a> &#8211; <a href=\"https:\/\/www.africa-press.net\/togo\">Togo<\/a>. <\/strong><\/span>Pr\u00e9sent vendredi 25 juin dernier sur le plateau de l\u2019\u00e9mission \u00ab Face \u00e0 vous \u00bb, le ministre d\u2019\u00c9tat en charge de l\u2019\u00c9nergie et des Ressources hydrauliques, Alain-Claude Bilie-By-Nz\u00e9, a fait le tour des questions relatives \u00e0 la probl\u00e9matique d\u2019acc\u00e8s \u00e0 l\u2019eau potable et \u00e0 l\u2019\u00e9lectricit\u00e9. Revenant ainsi sur les difficult\u00e9s que rencontrent les populations au quotidien, le membre du gouvernement a annonc\u00e9 la fin prochaine de ces situations de stress, avec notamment la lib\u00e9ralisation de la distribution de l\u2019eau et de l\u2019\u00e9lectricit\u00e9.<br \/>\nBien d\u00e9cid\u00e9 \u00e0 \u00ab favoriser une plus grande implication du secteur priv\u00e9 dans la production, le transport et la distribution de l\u2019eau potable et de l\u2019\u00e9nergie \u00e9lectrique \u00bb comme il le martelait face aux d\u00e9put\u00e9s membres de la Commission des Affaires \u00c9conomiques de l\u2019Assembl\u00e9e le 7 mai dernier, Alain-Claude Bilie-By-Nz\u00e9 l\u2019a une nouvelle fois r\u00e9p\u00e9t\u00e9 il y a moins d\u2019une semaine. Sur le plateau de l\u2019\u00e9mission \u00ab Face \u00e0 vous \u00bb, le ministre d\u2019\u00c9tat charg\u00e9 de l\u2019\u00c9nergie et des Ressources hydrauliques, a ainsi r\u00e9affirm\u00e9 sa volont\u00e9 de lib\u00e9raliser ce secteur.<br \/>\nEn effet, faisant le tour des questions relatives aussi bien aux probl\u00e9matiques de facturation et de stress hydrique, qu\u2019\u00e0 celle li\u00e9e \u00e0 l\u2019acc\u00e8s \u00e0 l\u2019eau potable sur toute l\u2019\u00e9tendue du territoire, le membre du gouvernement a insist\u00e9 sur la n\u00e9cessit\u00e9 d\u2019int\u00e9grer d\u2019autres op\u00e9rateurs dans ce march\u00e9, rappelant notamment que \u00ab sur le principe, nous n\u2019avons plus de monopole de droit dans le pays \u00bb conform\u00e9ment \u00e0 l\u2019ordonnance n\u00b0007\/PR\/2021, du 19 f\u00e9vrier 2021 portant modification de l\u2019article 8 de la loi n\u00b0024\/2019 du 26 d\u00e9cembre 2016.<br \/>\nJugeant plus que n\u00e9cessaire la lib\u00e9ralisation d\u2019un secteur capital pour un d\u00e9veloppement durable et inclusif, Bilie By Nze a donc rappel\u00e9 que \u00ab la priorit\u00e9 aujourd\u2019hui est d\u2019apporter de l\u2019eau aux populations, de restructurer le secteur, de le rendre \u00e9conomiquement viable, pour que le priv\u00e9 puisse trouver son compte et que le particulier trouve \u00e9galement le sien \u00bb. Longtemps en proie \u00e0 des difficult\u00e9s li\u00e9es au \u00ab manque de planification \u00bb, le secteur eau et \u00e9nergie boulevers\u00e9 par la privatisation de la SEEG en 1997, pourrait donc op\u00e9rer sa mue. Toute chose qui pourrait am\u00e9liorer le quotidien des populations.<\/p>\n","protected":false},"excerpt":{"rendered":"<p>Africa-Press &#8211; Togo. Pr\u00e9sent vendredi 25 juin dernier sur le plateau de l\u2019\u00e9mission \u00ab Face \u00e0 vous \u00bb, le ministre d\u2019\u00c9tat en charge de l\u2019\u00c9nergie et des Ressources hydrauliques, Alain-Claude Bilie-By-Nz\u00e9, a fait le tour des questions relatives \u00e0 la probl\u00e9matique d\u2019acc\u00e8s \u00e0 l\u2019eau potable et \u00e0 l\u2019\u00e9lectricit\u00e9. Revenant ainsi sur les difficult\u00e9s que rencontrent [&hellip;]<\/p>\n","protected":false},"author":82,"featured_media":1122,"comment_status":"open","ping_status":"closed","sticky":false,"template":"","format":"standard","meta":{"footnotes":""},"categories":[11,10],"tags":[36,49,110,111,50],"class_list":["post-1123","post","type-post","status-publish","format-standard","has-post-thumbnail","hentry","category-homepage-french","category-toutes-les-actualites","tag-africa-press","tag-africa-press-togo","tag-bilie-by-nze","tag-la-liberalisation-de-la-distribution","tag-togo"],"yoast_head":"<!-- This site is optimized with the Yoast SEO Premium plugin v26.1 (Yoast SEO v27.0) - https:\/\/yoast.com\/product\/yoast-seo-premium-wordpress\/ -->\n<title>Gabon: Bilie-By-Nze confirme la lib\u00e9ralisation de la distribution de l`eau et de l`\u00e9lectricit\u00e9 - Togo<\/title>\n<meta name=\"description\" content=\"Pr\u00e9sent vendredi 25 juin dernier sur le plateau de l\u2019\u00e9mission \u00ab Face \u00e0 vous \u00bb, le ministre d\u2019\u00c9tat en charge de l\u2019\u00c9nergie ...\" \/>\n<meta name=\"robots\" content=\"index, follow, max-snippet:-1, max-image-preview:large, max-video-preview:-1\" \/>\n<link rel=\"canonical\" href=\"https:\/\/www.africa-press.net\/togo\/toutes-les-actualites\/gabon-bilie-by-nze-confirme-la-liberalisation-de-la-distribution-de-leau-et-de-lelectricite\" \/>\n<meta property=\"og:locale\" content=\"fr_FR\" \/>\n<meta property=\"og:type\" content=\"article\" \/>\n<meta property=\"og:title\" content=\"Gabon: Bilie-By-Nze confirme la lib\u00e9ralisation de la distribution de l`eau et de l`\u00e9lectricit\u00e9\" \/>\n<meta property=\"og:description\" content=\"Pr\u00e9sent vendredi 25 juin dernier sur le plateau de l\u2019\u00e9mission \u00ab Face \u00e0 vous \u00bb, le ministre d\u2019\u00c9tat en charge de l\u2019\u00c9nergie ...\" \/>\n<meta property=\"og:url\" content=\"https:\/\/www.africa-press.net\/togo\/toutes-les-actualites\/gabon-bilie-by-nze-confirme-la-liberalisation-de-la-distribution-de-leau-et-de-lelectricite\" \/>\n<meta property=\"og:site_name\" content=\"Togo\" \/>\n<meta property=\"article:published_time\" content=\"2021-07-17T17:28:47+00:00\" \/>\n<meta property=\"og:image\" content=\"https:\/\/static.africa-press.net\/togo\/sites\/58\/2021\/07\/img-60f312cd7db97.jpg\" \/>\n\t<meta property=\"og:image:width\" content=\"720\" \/>\n\t<meta property=\"og:image:height\" content=\"405\" \/>\n\t<meta property=\"og:image:type\" content=\"image\/jpeg\" \/>\n<meta name=\"author\" content=\"cfeditorfr\" \/>\n<meta name=\"twitter:card\" content=\"summary_large_image\" \/>\n<meta name=\"twitter:label1\" content=\"\u00c9crit par\" \/>\n\t<meta name=\"twitter:data1\" content=\"cfeditorfr\" \/>\n\t<meta name=\"twitter:label2\" content=\"Dur\u00e9e de lecture estim\u00e9e\" \/>\n\t<meta name=\"twitter:data2\" content=\"2 minutes\" \/>\n<script type=\"application\/ld+json\" class=\"yoast-schema-graph\">{\"@context\":\"https:\/\/schema.org\",\"@graph\":[{\"@type\":\"Article\",\"@id\":\"https:\/\/www.africa-press.net\/togo\/toutes-les-actualites\/gabon-bilie-by-nze-confirme-la-liberalisation-de-la-distribution-de-leau-et-de-lelectricite#article\",\"isPartOf\":{\"@id\":\"https:\/\/www.africa-press.net\/togo\/toutes-les-actualites\/gabon-bilie-by-nze-confirme-la-liberalisation-de-la-distribution-de-leau-et-de-lelectricite\"},\"author\":{\"name\":\"cfeditorfr\",\"@id\":\"https:\/\/www.africa-press.net\/togo\/#\/schema\/person\/2b1cf3cd81a31e3cd26889ca66d677f1\"},\"headline\":\"Gabon: Bilie-By-Nze confirme la lib\u00e9ralisation de la distribution de l`eau et de l`\u00e9lectricit\u00e9\",\"datePublished\":\"2021-07-17T17:28:47+00:00\",\"mainEntityOfPage\":{\"@id\":\"https:\/\/www.africa-press.net\/togo\/toutes-les-actualites\/gabon-bilie-by-nze-confirme-la-liberalisation-de-la-distribution-de-leau-et-de-lelectricite\"},\"wordCount\":403,\"commentCount\":0,\"image\":{\"@id\":\"https:\/\/www.africa-press.net\/togo\/toutes-les-actualites\/gabon-bilie-by-nze-confirme-la-liberalisation-de-la-distribution-de-leau-et-de-lelectricite#primaryimage\"},\"thumbnailUrl\":\"https:\/\/static.africa-press.net\/togo\/sites\/58\/2021\/07\/img-60f312cd7db97.jpg\",\"keywords\":[\"Africa Press\",\"Africa Press-Togo\",\"Bilie-By-Nze\",\"la lib\u00e9ralisation de la distribution\",\"Togo\"],\"articleSection\":[\"homepage-french\",\"Toutes les actualit\u00e9s\"],\"inLanguage\":\"fr-FR\",\"potentialAction\":[{\"@type\":\"CommentAction\",\"name\":\"Comment\",\"target\":[\"https:\/\/www.africa-press.net\/togo\/toutes-les-actualites\/gabon-bilie-by-nze-confirme-la-liberalisation-de-la-distribution-de-leau-et-de-lelectricite#respond\"]}]},{\"@type\":\"WebPage\",\"@id\":\"https:\/\/www.africa-press.net\/togo\/toutes-les-actualites\/gabon-bilie-by-nze-confirme-la-liberalisation-de-la-distribution-de-leau-et-de-lelectricite\",\"url\":\"https:\/\/www.africa-press.net\/togo\/toutes-les-actualites\/gabon-bilie-by-nze-confirme-la-liberalisation-de-la-distribution-de-leau-et-de-lelectricite\",\"name\":\"Gabon: Bilie-By-Nze confirme la lib\u00e9ralisation de la distribution de l`eau et de l`\u00e9lectricit\u00e9 - Togo\",\"isPartOf\":{\"@id\":\"https:\/\/www.africa-press.net\/togo\/#website\"},\"primaryImageOfPage\":{\"@id\":\"https:\/\/www.africa-press.net\/togo\/toutes-les-actualites\/gabon-bilie-by-nze-confirme-la-liberalisation-de-la-distribution-de-leau-et-de-lelectricite#primaryimage\"},\"image\":{\"@id\":\"https:\/\/www.africa-press.net\/togo\/toutes-les-actualites\/gabon-bilie-by-nze-confirme-la-liberalisation-de-la-distribution-de-leau-et-de-lelectricite#primaryimage\"},\"thumbnailUrl\":\"https:\/\/static.africa-press.net\/togo\/sites\/58\/2021\/07\/img-60f312cd7db97.jpg\",\"datePublished\":\"2021-07-17T17:28:47+00:00\",\"author\":{\"@id\":\"https:\/\/www.africa-press.net\/togo\/#\/schema\/person\/2b1cf3cd81a31e3cd26889ca66d677f1\"},\"description\":\"Pr\u00e9sent vendredi 25 juin dernier sur le plateau de l\u2019\u00e9mission \u00ab Face \u00e0 vous \u00bb, le ministre d\u2019\u00c9tat en charge de l\u2019\u00c9nergie ...\",\"breadcrumb\":{\"@id\":\"https:\/\/www.africa-press.net\/togo\/toutes-les-actualites\/gabon-bilie-by-nze-confirme-la-liberalisation-de-la-distribution-de-leau-et-de-lelectricite#breadcrumb\"},\"inLanguage\":\"fr-FR\",\"potentialAction\":[{\"@type\":\"ReadAction\",\"target\":[\"https:\/\/www.africa-press.net\/togo\/toutes-les-actualites\/gabon-bilie-by-nze-confirme-la-liberalisation-de-la-distribution-de-leau-et-de-lelectricite\"]}]},{\"@type\":\"ImageObject\",\"inLanguage\":\"fr-FR\",\"@id\":\"https:\/\/www.africa-press.net\/togo\/toutes-les-actualites\/gabon-bilie-by-nze-confirme-la-liberalisation-de-la-distribution-de-leau-et-de-lelectricite#primaryimage\",\"url\":\"https:\/\/static.africa-press.net\/togo\/sites\/58\/2021\/07\/img-60f312cd7db97.jpg\",\"contentUrl\":\"https:\/\/static.africa-press.net\/togo\/sites\/58\/2021\/07\/img-60f312cd7db97.jpg\",\"width\":720,\"height\":405,\"caption\":\"Gabon: Bilie-By-Nze confirme la lib\u00e9ralisation de la distribution de l`eau et de l`\u00e9lectricit\u00e9\"},{\"@type\":\"BreadcrumbList\",\"@id\":\"https:\/\/www.africa-press.net\/togo\/toutes-les-actualites\/gabon-bilie-by-nze-confirme-la-liberalisation-de-la-distribution-de-leau-et-de-lelectricite#breadcrumb\",\"itemListElement\":[{\"@type\":\"ListItem\",\"position\":1,\"name\":\"Accueil\",\"item\":\"https:\/\/www.africa-press.net\/togo\/\"},{\"@type\":\"ListItem\",\"position\":2,\"name\":\"Gabon: Bilie-By-Nze confirme la lib\u00e9ralisation de la distribution de l`eau et de l`\u00e9lectricit\u00e9\"}]},{\"@type\":\"WebSite\",\"@id\":\"https:\/\/www.africa-press.net\/togo\/#website\",\"url\":\"https:\/\/www.africa-press.net\/togo\/\",\"name\":\"Togo\",\"description\":\"Just another Africa News Agency Sites site\",\"potentialAction\":[{\"@type\":\"SearchAction\",\"target\":{\"@type\":\"EntryPoint\",\"urlTemplate\":\"https:\/\/www.africa-press.net\/togo\/?s={search_term_string}\"},\"query-input\":{\"@type\":\"PropertyValueSpecification\",\"valueRequired\":true,\"valueName\":\"search_term_string\"}}],\"inLanguage\":\"fr-FR\"},{\"@type\":\"Person\",\"@id\":\"https:\/\/www.africa-press.net\/togo\/#\/schema\/person\/2b1cf3cd81a31e3cd26889ca66d677f1\",\"name\":\"cfeditorfr\"}]}<\/script>\n<!-- \/ Yoast SEO Premium plugin. -->","yoast_head_json":{"title":"Gabon: Bilie-By-Nze confirme la lib\u00e9ralisation de la distribution de l`eau et de l`\u00e9lectricit\u00e9 - Togo","description":"Pr\u00e9sent vendredi 25 juin dernier sur le plateau de l\u2019\u00e9mission \u00ab Face \u00e0 vous \u00bb, le ministre d\u2019\u00c9tat en charge de l\u2019\u00c9nergie ...","robots":{"index":"index","follow":"follow","max-snippet":"max-snippet:-1","max-image-preview":"max-image-preview:large","max-video-preview":"max-video-preview:-1"},"canonical":"https:\/\/www.africa-press.net\/togo\/toutes-les-actualites\/gabon-bilie-by-nze-confirme-la-liberalisation-de-la-distribution-de-leau-et-de-lelectricite","og_locale":"fr_FR","og_type":"article","og_title":"Gabon: Bilie-By-Nze confirme la lib\u00e9ralisation de la distribution de l`eau et de l`\u00e9lectricit\u00e9","og_description":"Pr\u00e9sent vendredi 25 juin dernier sur le plateau de l\u2019\u00e9mission \u00ab Face \u00e0 vous \u00bb, le ministre d\u2019\u00c9tat en charge de l\u2019\u00c9nergie ...","og_url":"https:\/\/www.africa-press.net\/togo\/toutes-les-actualites\/gabon-bilie-by-nze-confirme-la-liberalisation-de-la-distribution-de-leau-et-de-lelectricite","og_site_name":"Togo","article_published_time":"2021-07-17T17:28:47+00:00","og_image":[{"width":720,"height":405,"url":"https:\/\/static.africa-press.net\/togo\/sites\/58\/2021\/07\/img-60f312cd7db97.jpg","type":"image\/jpeg"}],"author":"cfeditorfr","twitter_card":"summary_large_image","twitter_misc":{"\u00c9crit par":"cfeditorfr","Dur\u00e9e de lecture estim\u00e9e":"2 minutes"},"schema":{"@context":"https:\/\/schema.org","@graph":[{"@type":"Article","@id":"https:\/\/www.africa-press.net\/togo\/toutes-les-actualites\/gabon-bilie-by-nze-confirme-la-liberalisation-de-la-distribution-de-leau-et-de-lelectricite#article","isPartOf":{"@id":"https:\/\/www.africa-press.net\/togo\/toutes-les-actualites\/gabon-bilie-by-nze-confirme-la-liberalisation-de-la-distribution-de-leau-et-de-lelectricite"},"author":{"name":"cfeditorfr","@id":"https:\/\/www.africa-press.net\/togo\/#\/schema\/person\/2b1cf3cd81a31e3cd26889ca66d677f1"},"headline":"Gabon: Bilie-By-Nze confirme la lib\u00e9ralisation de la distribution de l`eau et de l`\u00e9lectricit\u00e9","datePublished":"2021-07-17T17:28:47+00:00","mainEntityOfPage":{"@id":"https:\/\/www.africa-press.net\/togo\/toutes-les-actualites\/gabon-bilie-by-nze-confirme-la-liberalisation-de-la-distribution-de-leau-et-de-lelectricite"},"wordCount":403,"commentCount":0,"image":{"@id":"https:\/\/www.africa-press.net\/togo\/toutes-les-actualites\/gabon-bilie-by-nze-confirme-la-liberalisation-de-la-distribution-de-leau-et-de-lelectricite#primaryimage"},"thumbnailUrl":"https:\/\/static.africa-press.net\/togo\/sites\/58\/2021\/07\/img-60f312cd7db97.jpg","keywords":["Africa Press","Africa Press-Togo","Bilie-By-Nze","la lib\u00e9ralisation de la distribution","Togo"],"articleSection":["homepage-french","Toutes les actualit\u00e9s"],"inLanguage":"fr-FR","potentialAction":[{"@type":"CommentAction","name":"Comment","target":["https:\/\/www.africa-press.net\/togo\/toutes-les-actualites\/gabon-bilie-by-nze-confirme-la-liberalisation-de-la-distribution-de-leau-et-de-lelectricite#respond"]}]},{"@type":"WebPage","@id":"https:\/\/www.africa-press.net\/togo\/toutes-les-actualites\/gabon-bilie-by-nze-confirme-la-liberalisation-de-la-distribution-de-leau-et-de-lelectricite","url":"https:\/\/www.africa-press.net\/togo\/toutes-les-actualites\/gabon-bilie-by-nze-confirme-la-liberalisation-de-la-distribution-de-leau-et-de-lelectricite","name":"Gabon: Bilie-By-Nze confirme la lib\u00e9ralisation de la distribution de l`eau et de l`\u00e9lectricit\u00e9 - Togo","isPartOf":{"@id":"https:\/\/www.africa-press.net\/togo\/#website"},"primaryImageOfPage":{"@id":"https:\/\/www.africa-press.net\/togo\/toutes-les-actualites\/gabon-bilie-by-nze-confirme-la-liberalisation-de-la-distribution-de-leau-et-de-lelectricite#primaryimage"},"image":{"@id":"https:\/\/www.africa-press.net\/togo\/toutes-les-actualites\/gabon-bilie-by-nze-confirme-la-liberalisation-de-la-distribution-de-leau-et-de-lelectricite#primaryimage"},"thumbnailUrl":"https:\/\/static.africa-press.net\/togo\/sites\/58\/2021\/07\/img-60f312cd7db97.jpg","datePublished":"2021-07-17T17:28:47+00:00","author":{"@id":"https:\/\/www.africa-press.net\/togo\/#\/schema\/person\/2b1cf3cd81a31e3cd26889ca66d677f1"},"description":"Pr\u00e9sent vendredi 25 juin dernier sur le plateau de l\u2019\u00e9mission \u00ab Face \u00e0 vous \u00bb, le ministre d\u2019\u00c9tat en charge de l\u2019\u00c9nergie ...","breadcrumb":{"@id":"https:\/\/www.africa-press.net\/togo\/toutes-les-actualites\/gabon-bilie-by-nze-confirme-la-liberalisation-de-la-distribution-de-leau-et-de-lelectricite#breadcrumb"},"inLanguage":"fr-FR","potentialAction":[{"@type":"ReadAction","target":["https:\/\/www.africa-press.net\/togo\/toutes-les-actualites\/gabon-bilie-by-nze-confirme-la-liberalisation-de-la-distribution-de-leau-et-de-lelectricite"]}]},{"@type":"ImageObject","inLanguage":"fr-FR","@id":"https:\/\/www.africa-press.net\/togo\/toutes-les-actualites\/gabon-bilie-by-nze-confirme-la-liberalisation-de-la-distribution-de-leau-et-de-lelectricite#primaryimage","url":"https:\/\/static.africa-press.net\/togo\/sites\/58\/2021\/07\/img-60f312cd7db97.jpg","contentUrl":"https:\/\/static.africa-press.net\/togo\/sites\/58\/2021\/07\/img-60f312cd7db97.jpg","width":720,"height":405,"caption":"Gabon: Bilie-By-Nze confirme la lib\u00e9ralisation de la distribution de l`eau et de l`\u00e9lectricit\u00e9"},{"@type":"BreadcrumbList","@id":"https:\/\/www.africa-press.net\/togo\/toutes-les-actualites\/gabon-bilie-by-nze-confirme-la-liberalisation-de-la-distribution-de-leau-et-de-lelectricite#breadcrumb","itemListElement":[{"@type":"ListItem","position":1,"name":"Accueil","item":"https:\/\/www.africa-press.net\/togo\/"},{"@type":"ListItem","position":2,"name":"Gabon: Bilie-By-Nze confirme la lib\u00e9ralisation de la distribution de l`eau et de l`\u00e9lectricit\u00e9"}]},{"@type":"WebSite","@id":"https:\/\/www.africa-press.net\/togo\/#website","url":"https:\/\/www.africa-press.net\/togo\/","name":"Togo","description":"Just another Africa News Agency Sites site","potentialAction":[{"@type":"SearchAction","target":{"@type":"EntryPoint","urlTemplate":"https:\/\/www.africa-press.net\/togo\/?s={search_term_string}"},"query-input":{"@type":"PropertyValueSpecification","valueRequired":true,"valueName":"search_term_string"}}],"inLanguage":"fr-FR"},{"@type":"Person","@id":"https:\/\/www.africa-press.net\/togo\/#\/schema\/person\/2b1cf3cd81a31e3cd26889ca66d677f1","name":"cfeditorfr"}]}},"_links":{"self":[{"href":"https:\/\/www.africa-press.net\/togo\/wp-json\/wp\/v2\/posts\/1123","targetHints":{"allow":["GET"]}}],"collection":[{"href":"https:\/\/www.africa-press.net\/togo\/wp-json\/wp\/v2\/posts"}],"about":[{"href":"https:\/\/www.africa-press.net\/togo\/wp-json\/wp\/v2\/types\/post"}],"author":[{"embeddable":true,"href":"https:\/\/www.africa-press.net\/togo\/wp-json\/wp\/v2\/users\/82"}],"replies":[{"embeddable":true,"href":"https:\/\/www.africa-press.net\/togo\/wp-json\/wp\/v2\/comments?post=1123"}],"version-history":[{"count":0,"href":"https:\/\/www.africa-press.net\/togo\/wp-json\/wp\/v2\/posts\/1123\/revisions"}],"wp:featuredmedia":[{"embeddable":true,"href":"https:\/\/www.africa-press.net\/togo\/wp-json\/wp\/v2\/media\/1122"}],"wp:attachment":[{"href":"https:\/\/www.africa-press.net\/togo\/wp-json\/wp\/v2\/media?parent=1123"}],"wp:term":[{"taxonomy":"category","embeddable":true,"href":"https:\/\/www.africa-press.net\/togo\/wp-json\/wp\/v2\/categories?post=1123"},{"taxonomy":"post_tag","embeddable":true,"href":"https:\/\/www.africa-press.net\/togo\/wp-json\/wp\/v2\/tags?post=1123"}],"curies":[{"name":"wp","href":"https:\/\/api.w.org\/{rel}","templated":true}]}}