{"id":1129,"date":"2021-07-18T17:43:35","date_gmt":"2021-07-18T17:43:35","guid":{"rendered":"https:\/\/www.africa-press.net\/togo\/?p=1129"},"modified":"2021-07-18T17:39:16","modified_gmt":"2021-07-18T17:39:16","slug":"fin-des-travaux-de-la-concertation-nationale-des-acteurs-politiques","status":"publish","type":"post","link":"https:\/\/www.africa-press.net\/togo\/politique\/fin-des-travaux-de-la-concertation-nationale-des-acteurs-politiques","title":{"rendered":"Fin des travaux de la Concertation nationale des acteurs politiques"},"content":{"rendered":"<p><span style=\"color: #ff6600\"><strong><a href=\"https:\/\/www.africa-press.net\/\">Africa-Press<\/a> &#8211; <a href=\"https:\/\/www.africa-press.net\/togo\">Togo<\/a>. <\/strong><\/span>Six mois apr\u00e8s avoir \u00e9t\u00e9 lanc\u00e9s, les travaux de la Concertation nationale des acteurs politiques (CNAP) se sont achev\u00e9s cette semaine \u00e0 Lom\u00e9. Ce cadre d\u2019\u00e9changes inclusif avait \u00e9t\u00e9 mis en place sur instruction du Pr\u00e9sident de la R\u00e9publique et apr\u00e8s avis du Conseil des ministres, \u00e0 la suite des premi\u00e8res discussions sur les futures \u00e9lections r\u00e9gionales.<br \/>\nDu 19 janvier au 13 juillet, la concertation a regroup\u00e9 des d\u00e9l\u00e9gu\u00e9s de 17 partis politiques ayant particip\u00e9 \u00e0 l\u2019une des \u00e9lections organis\u00e9es durant les trois derni\u00e8res ann\u00e9es au Togo (21 formations remplissaient ce crit\u00e8re). Les discussions ont notamment port\u00e9 sur l\u2019am\u00e9lioration du cadre \u00e9lectoral, les manifestations pacifiques publiques, la d\u00e9centralisation et libert\u00e9s locales, la charte des partis politiques, les mesures d\u2019apaisement, ou encore la constitution.<br \/>\nA l\u2019issue des travaux, caract\u00e9ris\u00e9s par 17 r\u00e9unions du comit\u00e9 d\u2019appui et 11 s\u00e9ances pl\u00e9ni\u00e8res (principaux organes du CNAP), 52 propositions ont \u00e9t\u00e9 faites par les acteurs politiques sur la base du consensus, principal mode de prise de d\u00e9cision, et seront transmises au gouvernement pour examen, mais \u00e9galement \u00e0 la CENI et aux partis politiques, y compris les points de d\u00e9saccord.<\/p>\n","protected":false},"excerpt":{"rendered":"<p>Africa-Press &#8211; Togo. Six mois apr\u00e8s avoir \u00e9t\u00e9 lanc\u00e9s, les travaux de la Concertation nationale des acteurs politiques (CNAP) se sont achev\u00e9s cette semaine \u00e0 Lom\u00e9. Ce cadre d\u2019\u00e9changes inclusif avait \u00e9t\u00e9 mis en place sur instruction du Pr\u00e9sident de la R\u00e9publique et apr\u00e8s avis du Conseil des ministres, \u00e0 la suite des premi\u00e8res discussions [&hellip;]<\/p>\n","protected":false},"author":82,"featured_media":1128,"comment_status":"open","ping_status":"closed","sticky":false,"template":"","format":"standard","meta":{"footnotes":""},"categories":[11,2,10],"tags":[114,36,49,115,50],"class_list":["post-1129","post","type-post","status-publish","format-standard","has-post-thumbnail","hentry","category-homepage-french","category-politique","category-toutes-les-actualites","tag-acteurs-politiques","tag-africa-press","tag-africa-press-togo","tag-la-concertation","tag-togo"],"yoast_head":"<!-- This site is optimized with the Yoast SEO Premium plugin v26.1 (Yoast SEO v27.0) - https:\/\/yoast.com\/product\/yoast-seo-premium-wordpress\/ -->\n<title>Fin des travaux de la Concertation nationale des acteurs politiques - Togo<\/title>\n<meta name=\"description\" content=\"Six mois apr\u00e8s avoir \u00e9t\u00e9 lanc\u00e9s, les travaux de la Concertation nationale des acteurs politiques (CNAP) se sont achev\u00e9s ...\" \/>\n<meta name=\"robots\" content=\"index, follow, max-snippet:-1, max-image-preview:large, max-video-preview:-1\" \/>\n<link rel=\"canonical\" href=\"https:\/\/www.africa-press.net\/togo\/politique\/fin-des-travaux-de-la-concertation-nationale-des-acteurs-politiques\" \/>\n<meta property=\"og:locale\" content=\"fr_FR\" \/>\n<meta property=\"og:type\" content=\"article\" \/>\n<meta property=\"og:title\" content=\"Fin des travaux de la Concertation nationale des acteurs politiques\" \/>\n<meta property=\"og:description\" content=\"Six mois apr\u00e8s avoir \u00e9t\u00e9 lanc\u00e9s, les travaux de la Concertation nationale des acteurs politiques (CNAP) se sont achev\u00e9s ...\" \/>\n<meta property=\"og:url\" content=\"https:\/\/www.africa-press.net\/togo\/politique\/fin-des-travaux-de-la-concertation-nationale-des-acteurs-politiques\" \/>\n<meta property=\"og:site_name\" content=\"Togo\" \/>\n<meta property=\"article:published_time\" content=\"2021-07-18T17:43:35+00:00\" \/>\n<meta property=\"og:image\" content=\"https:\/\/static.africa-press.net\/togo\/sites\/58\/2021\/07\/img-60f4670e3726a.jpg\" \/>\n\t<meta property=\"og:image:width\" content=\"500\" \/>\n\t<meta property=\"og:image:height\" content=\"333\" \/>\n\t<meta property=\"og:image:type\" content=\"image\/jpeg\" \/>\n<meta name=\"author\" content=\"cfeditorfr\" \/>\n<meta name=\"twitter:card\" content=\"summary_large_image\" \/>\n<meta name=\"twitter:label1\" content=\"\u00c9crit par\" \/>\n\t<meta name=\"twitter:data1\" content=\"cfeditorfr\" \/>\n\t<meta name=\"twitter:label2\" content=\"Dur\u00e9e de lecture estim\u00e9e\" \/>\n\t<meta name=\"twitter:data2\" content=\"1 minute\" \/>\n<script type=\"application\/ld+json\" class=\"yoast-schema-graph\">{\"@context\":\"https:\/\/schema.org\",\"@graph\":[{\"@type\":\"Article\",\"@id\":\"https:\/\/www.africa-press.net\/togo\/politique\/fin-des-travaux-de-la-concertation-nationale-des-acteurs-politiques#article\",\"isPartOf\":{\"@id\":\"https:\/\/www.africa-press.net\/togo\/politique\/fin-des-travaux-de-la-concertation-nationale-des-acteurs-politiques\"},\"author\":{\"name\":\"cfeditorfr\",\"@id\":\"https:\/\/www.africa-press.net\/togo\/#\/schema\/person\/2b1cf3cd81a31e3cd26889ca66d677f1\"},\"headline\":\"Fin des travaux de la Concertation nationale des acteurs politiques\",\"datePublished\":\"2021-07-18T17:43:35+00:00\",\"mainEntityOfPage\":{\"@id\":\"https:\/\/www.africa-press.net\/togo\/politique\/fin-des-travaux-de-la-concertation-nationale-des-acteurs-politiques\"},\"wordCount\":218,\"commentCount\":0,\"image\":{\"@id\":\"https:\/\/www.africa-press.net\/togo\/politique\/fin-des-travaux-de-la-concertation-nationale-des-acteurs-politiques#primaryimage\"},\"thumbnailUrl\":\"https:\/\/static.africa-press.net\/togo\/sites\/58\/2021\/07\/img-60f4670e3726a.jpg\",\"keywords\":[\"acteurs politiques\",\"Africa Press\",\"Africa Press-Togo\",\"la Concertation\",\"Togo\"],\"articleSection\":[\"homepage-french\",\"Politique\",\"Toutes les actualit\u00e9s\"],\"inLanguage\":\"fr-FR\",\"potentialAction\":[{\"@type\":\"CommentAction\",\"name\":\"Comment\",\"target\":[\"https:\/\/www.africa-press.net\/togo\/politique\/fin-des-travaux-de-la-concertation-nationale-des-acteurs-politiques#respond\"]}]},{\"@type\":\"WebPage\",\"@id\":\"https:\/\/www.africa-press.net\/togo\/politique\/fin-des-travaux-de-la-concertation-nationale-des-acteurs-politiques\",\"url\":\"https:\/\/www.africa-press.net\/togo\/politique\/fin-des-travaux-de-la-concertation-nationale-des-acteurs-politiques\",\"name\":\"Fin des travaux de la Concertation nationale des acteurs politiques - Togo\",\"isPartOf\":{\"@id\":\"https:\/\/www.africa-press.net\/togo\/#website\"},\"primaryImageOfPage\":{\"@id\":\"https:\/\/www.africa-press.net\/togo\/politique\/fin-des-travaux-de-la-concertation-nationale-des-acteurs-politiques#primaryimage\"},\"image\":{\"@id\":\"https:\/\/www.africa-press.net\/togo\/politique\/fin-des-travaux-de-la-concertation-nationale-des-acteurs-politiques#primaryimage\"},\"thumbnailUrl\":\"https:\/\/static.africa-press.net\/togo\/sites\/58\/2021\/07\/img-60f4670e3726a.jpg\",\"datePublished\":\"2021-07-18T17:43:35+00:00\",\"author\":{\"@id\":\"https:\/\/www.africa-press.net\/togo\/#\/schema\/person\/2b1cf3cd81a31e3cd26889ca66d677f1\"},\"description\":\"Six mois apr\u00e8s avoir \u00e9t\u00e9 lanc\u00e9s, les travaux de la Concertation nationale des acteurs politiques (CNAP) se sont achev\u00e9s ...\",\"breadcrumb\":{\"@id\":\"https:\/\/www.africa-press.net\/togo\/politique\/fin-des-travaux-de-la-concertation-nationale-des-acteurs-politiques#breadcrumb\"},\"inLanguage\":\"fr-FR\",\"potentialAction\":[{\"@type\":\"ReadAction\",\"target\":[\"https:\/\/www.africa-press.net\/togo\/politique\/fin-des-travaux-de-la-concertation-nationale-des-acteurs-politiques\"]}]},{\"@type\":\"ImageObject\",\"inLanguage\":\"fr-FR\",\"@id\":\"https:\/\/www.africa-press.net\/togo\/politique\/fin-des-travaux-de-la-concertation-nationale-des-acteurs-politiques#primaryimage\",\"url\":\"https:\/\/static.africa-press.net\/togo\/sites\/58\/2021\/07\/img-60f4670e3726a.jpg\",\"contentUrl\":\"https:\/\/static.africa-press.net\/togo\/sites\/58\/2021\/07\/img-60f4670e3726a.jpg\",\"width\":500,\"height\":333,\"caption\":\"Fin des travaux de la Concertation nationale des acteurs politiques\"},{\"@type\":\"BreadcrumbList\",\"@id\":\"https:\/\/www.africa-press.net\/togo\/politique\/fin-des-travaux-de-la-concertation-nationale-des-acteurs-politiques#breadcrumb\",\"itemListElement\":[{\"@type\":\"ListItem\",\"position\":1,\"name\":\"Accueil\",\"item\":\"https:\/\/www.africa-press.net\/togo\/\"},{\"@type\":\"ListItem\",\"position\":2,\"name\":\"Fin des travaux de la Concertation nationale des acteurs politiques\"}]},{\"@type\":\"WebSite\",\"@id\":\"https:\/\/www.africa-press.net\/togo\/#website\",\"url\":\"https:\/\/www.africa-press.net\/togo\/\",\"name\":\"Togo\",\"description\":\"Just another Africa News Agency Sites site\",\"potentialAction\":[{\"@type\":\"SearchAction\",\"target\":{\"@type\":\"EntryPoint\",\"urlTemplate\":\"https:\/\/www.africa-press.net\/togo\/?s={search_term_string}\"},\"query-input\":{\"@type\":\"PropertyValueSpecification\",\"valueRequired\":true,\"valueName\":\"search_term_string\"}}],\"inLanguage\":\"fr-FR\"},{\"@type\":\"Person\",\"@id\":\"https:\/\/www.africa-press.net\/togo\/#\/schema\/person\/2b1cf3cd81a31e3cd26889ca66d677f1\",\"name\":\"cfeditorfr\"}]}<\/script>\n<!-- \/ Yoast SEO Premium plugin. -->","yoast_head_json":{"title":"Fin des travaux de la Concertation nationale des acteurs politiques - Togo","description":"Six mois apr\u00e8s avoir \u00e9t\u00e9 lanc\u00e9s, les travaux de la Concertation nationale des acteurs politiques (CNAP) se sont achev\u00e9s ...","robots":{"index":"index","follow":"follow","max-snippet":"max-snippet:-1","max-image-preview":"max-image-preview:large","max-video-preview":"max-video-preview:-1"},"canonical":"https:\/\/www.africa-press.net\/togo\/politique\/fin-des-travaux-de-la-concertation-nationale-des-acteurs-politiques","og_locale":"fr_FR","og_type":"article","og_title":"Fin des travaux de la Concertation nationale des acteurs politiques","og_description":"Six mois apr\u00e8s avoir \u00e9t\u00e9 lanc\u00e9s, les travaux de la Concertation nationale des acteurs politiques (CNAP) se sont achev\u00e9s ...","og_url":"https:\/\/www.africa-press.net\/togo\/politique\/fin-des-travaux-de-la-concertation-nationale-des-acteurs-politiques","og_site_name":"Togo","article_published_time":"2021-07-18T17:43:35+00:00","og_image":[{"width":500,"height":333,"url":"https:\/\/static.africa-press.net\/togo\/sites\/58\/2021\/07\/img-60f4670e3726a.jpg","type":"image\/jpeg"}],"author":"cfeditorfr","twitter_card":"summary_large_image","twitter_misc":{"\u00c9crit par":"cfeditorfr","Dur\u00e9e de lecture estim\u00e9e":"1 minute"},"schema":{"@context":"https:\/\/schema.org","@graph":[{"@type":"Article","@id":"https:\/\/www.africa-press.net\/togo\/politique\/fin-des-travaux-de-la-concertation-nationale-des-acteurs-politiques#article","isPartOf":{"@id":"https:\/\/www.africa-press.net\/togo\/politique\/fin-des-travaux-de-la-concertation-nationale-des-acteurs-politiques"},"author":{"name":"cfeditorfr","@id":"https:\/\/www.africa-press.net\/togo\/#\/schema\/person\/2b1cf3cd81a31e3cd26889ca66d677f1"},"headline":"Fin des travaux de la Concertation nationale des acteurs politiques","datePublished":"2021-07-18T17:43:35+00:00","mainEntityOfPage":{"@id":"https:\/\/www.africa-press.net\/togo\/politique\/fin-des-travaux-de-la-concertation-nationale-des-acteurs-politiques"},"wordCount":218,"commentCount":0,"image":{"@id":"https:\/\/www.africa-press.net\/togo\/politique\/fin-des-travaux-de-la-concertation-nationale-des-acteurs-politiques#primaryimage"},"thumbnailUrl":"https:\/\/static.africa-press.net\/togo\/sites\/58\/2021\/07\/img-60f4670e3726a.jpg","keywords":["acteurs politiques","Africa Press","Africa Press-Togo","la Concertation","Togo"],"articleSection":["homepage-french","Politique","Toutes les actualit\u00e9s"],"inLanguage":"fr-FR","potentialAction":[{"@type":"CommentAction","name":"Comment","target":["https:\/\/www.africa-press.net\/togo\/politique\/fin-des-travaux-de-la-concertation-nationale-des-acteurs-politiques#respond"]}]},{"@type":"WebPage","@id":"https:\/\/www.africa-press.net\/togo\/politique\/fin-des-travaux-de-la-concertation-nationale-des-acteurs-politiques","url":"https:\/\/www.africa-press.net\/togo\/politique\/fin-des-travaux-de-la-concertation-nationale-des-acteurs-politiques","name":"Fin des travaux de la Concertation nationale des acteurs politiques - Togo","isPartOf":{"@id":"https:\/\/www.africa-press.net\/togo\/#website"},"primaryImageOfPage":{"@id":"https:\/\/www.africa-press.net\/togo\/politique\/fin-des-travaux-de-la-concertation-nationale-des-acteurs-politiques#primaryimage"},"image":{"@id":"https:\/\/www.africa-press.net\/togo\/politique\/fin-des-travaux-de-la-concertation-nationale-des-acteurs-politiques#primaryimage"},"thumbnailUrl":"https:\/\/static.africa-press.net\/togo\/sites\/58\/2021\/07\/img-60f4670e3726a.jpg","datePublished":"2021-07-18T17:43:35+00:00","author":{"@id":"https:\/\/www.africa-press.net\/togo\/#\/schema\/person\/2b1cf3cd81a31e3cd26889ca66d677f1"},"description":"Six mois apr\u00e8s avoir \u00e9t\u00e9 lanc\u00e9s, les travaux de la Concertation nationale des acteurs politiques (CNAP) se sont achev\u00e9s ...","breadcrumb":{"@id":"https:\/\/www.africa-press.net\/togo\/politique\/fin-des-travaux-de-la-concertation-nationale-des-acteurs-politiques#breadcrumb"},"inLanguage":"fr-FR","potentialAction":[{"@type":"ReadAction","target":["https:\/\/www.africa-press.net\/togo\/politique\/fin-des-travaux-de-la-concertation-nationale-des-acteurs-politiques"]}]},{"@type":"ImageObject","inLanguage":"fr-FR","@id":"https:\/\/www.africa-press.net\/togo\/politique\/fin-des-travaux-de-la-concertation-nationale-des-acteurs-politiques#primaryimage","url":"https:\/\/static.africa-press.net\/togo\/sites\/58\/2021\/07\/img-60f4670e3726a.jpg","contentUrl":"https:\/\/static.africa-press.net\/togo\/sites\/58\/2021\/07\/img-60f4670e3726a.jpg","width":500,"height":333,"caption":"Fin des travaux de la Concertation nationale des acteurs politiques"},{"@type":"BreadcrumbList","@id":"https:\/\/www.africa-press.net\/togo\/politique\/fin-des-travaux-de-la-concertation-nationale-des-acteurs-politiques#breadcrumb","itemListElement":[{"@type":"ListItem","position":1,"name":"Accueil","item":"https:\/\/www.africa-press.net\/togo\/"},{"@type":"ListItem","position":2,"name":"Fin des travaux de la Concertation nationale des acteurs politiques"}]},{"@type":"WebSite","@id":"https:\/\/www.africa-press.net\/togo\/#website","url":"https:\/\/www.africa-press.net\/togo\/","name":"Togo","description":"Just another Africa News Agency Sites site","potentialAction":[{"@type":"SearchAction","target":{"@type":"EntryPoint","urlTemplate":"https:\/\/www.africa-press.net\/togo\/?s={search_term_string}"},"query-input":{"@type":"PropertyValueSpecification","valueRequired":true,"valueName":"search_term_string"}}],"inLanguage":"fr-FR"},{"@type":"Person","@id":"https:\/\/www.africa-press.net\/togo\/#\/schema\/person\/2b1cf3cd81a31e3cd26889ca66d677f1","name":"cfeditorfr"}]}},"_links":{"self":[{"href":"https:\/\/www.africa-press.net\/togo\/wp-json\/wp\/v2\/posts\/1129","targetHints":{"allow":["GET"]}}],"collection":[{"href":"https:\/\/www.africa-press.net\/togo\/wp-json\/wp\/v2\/posts"}],"about":[{"href":"https:\/\/www.africa-press.net\/togo\/wp-json\/wp\/v2\/types\/post"}],"author":[{"embeddable":true,"href":"https:\/\/www.africa-press.net\/togo\/wp-json\/wp\/v2\/users\/82"}],"replies":[{"embeddable":true,"href":"https:\/\/www.africa-press.net\/togo\/wp-json\/wp\/v2\/comments?post=1129"}],"version-history":[{"count":0,"href":"https:\/\/www.africa-press.net\/togo\/wp-json\/wp\/v2\/posts\/1129\/revisions"}],"wp:featuredmedia":[{"embeddable":true,"href":"https:\/\/www.africa-press.net\/togo\/wp-json\/wp\/v2\/media\/1128"}],"wp:attachment":[{"href":"https:\/\/www.africa-press.net\/togo\/wp-json\/wp\/v2\/media?parent=1129"}],"wp:term":[{"taxonomy":"category","embeddable":true,"href":"https:\/\/www.africa-press.net\/togo\/wp-json\/wp\/v2\/categories?post=1129"},{"taxonomy":"post_tag","embeddable":true,"href":"https:\/\/www.africa-press.net\/togo\/wp-json\/wp\/v2\/tags?post=1129"}],"curies":[{"name":"wp","href":"https:\/\/api.w.org\/{rel}","templated":true}]}}