{"id":11419,"date":"2022-09-23T22:13:05","date_gmt":"2022-09-23T22:13:05","guid":{"rendered":"https:\/\/www.africa-press.net\/togo\/politique\/togo-cafe-cacao-la-campagne-de-commercialisation-2022-2023-a-debute"},"modified":"2022-09-23T22:27:57","modified_gmt":"2022-09-23T22:27:57","slug":"togo-cafe-cacao-la-campagne-de-commercialisation-2022-2023-a-debute","status":"publish","type":"post","link":"https:\/\/www.africa-press.net\/togo\/economie\/togo-cafe-cacao-la-campagne-de-commercialisation-2022-2023-a-debute","title":{"rendered":"Togo-Caf\u00e9-cacao : la campagne de commercialisation 2022-2023 a d\u00e9but\u00e9"},"content":{"rendered":"<p><span style=\"color: #ff6600\"><strong>Africa-Press &#8211; Togo. <\/strong><\/span><b>C\u2019est le ministre du Commerce, de l\u2019Industrie et de la Consommation locale lui-me\u0302me qui a lance\u0301 ce jeudi 22 septembre 2022 a\u0300 Kpalime\u0301, la campagne de commercialisation 2022-2023 du cafe\u0301 et du cacao.<\/b><\/p>\n<p>Kodjo Adedze donne le coup d\u2019envoi de la commercialisation du cafe\u0301 et du cacao. La ce\u0301re\u0301monie officielle du lancement s\u2019est de\u0301roule\u0301e hier jeudi dans la ville de Kpalime\u0301, situe\u0301e a\u0300 120 km de Lome\u0301, la capitale.<\/p>\n<p>\u00ab La ce\u0301re\u0301monie de ce jour s\u2019inscrit dans la dynamique insuffle\u0301e par le chef de l\u2019Etat pour faciliter et encourager les activite\u0301s de production, de transformation et de mise sur le marche\u0301 des produits locaux en ge\u0301ne\u0301ral et en particulier du cafe\u0301 et du cacao. Ceci, afin d\u2019ame\u0301liorer de fac\u0327on significative et durable les conditions de vie de nos concitoyens en commenc\u0327ant par celles de nos braves producteurs \u00bb, a de\u0301clare\u0301 notamment le ministre du Commerce, de l\u2019Industrie et de la Consommation locale.<\/p>\n<p>Le gouvernement ambitionne que ces deux produits puissent e\u0302tre transforme\u0301s en terre togolaise afin de contribuer a\u0300 booster la consommation locale, cre\u0301ant ainsi des emplois et de la richesse.<\/p>\n<p>Selon Enselme Gouthon, le Secre\u0301taire ge\u0301ne\u0301ral de la Coordination pour les filie\u0300res cafe\u0301 et cacao (CCFCC), l\u2019important n\u2019est pas la quantite\u0301 produite, mais la qualite\u0301, d\u2019autant plus que c\u2019est cette dernie\u0300re \u00ab qui nous cre\u0301dibilise a\u0300 l\u2019international \u00bb.<\/p>\n<p><strong>Pour plus d&rsquo;informations et d&rsquo;analyses sur la <a href=\"https:\/\/www.africa-press.net\/togo\">Togo<\/a>, suivez <a href=\"https:\/\/www.africa-press.net\/\">Africa-Press<\/a><\/strong><\/p>\n","protected":false},"excerpt":{"rendered":"<p>Africa-Press &#8211; Togo. C\u2019est le ministre du Commerce, de l\u2019Industrie et de la Consommation locale lui-me\u0302me qui a lance\u0301 ce jeudi 22 septembre 2022 a\u0300 Kpalime\u0301, la campagne de commercialisation 2022-2023 du cafe\u0301 et du cacao. Kodjo Adedze donne le coup d\u2019envoi de la commercialisation du cafe\u0301 et du cacao. La ce\u0301re\u0301monie officielle du lancement [&hellip;]<\/p>\n","protected":false},"author":82,"featured_media":11418,"comment_status":"open","ping_status":"closed","sticky":false,"template":"","format":"standard","meta":{"footnotes":""},"categories":[3,10],"tags":[36,49,50],"class_list":["post-11419","post","type-post","status-publish","format-standard","has-post-thumbnail","hentry","category-economie","category-toutes-les-actualites","tag-africa-press","tag-africa-press-togo","tag-togo"],"yoast_head":"<!-- This site is optimized with the Yoast SEO Premium plugin v26.1 (Yoast SEO v27.0) - https:\/\/yoast.com\/product\/yoast-seo-premium-wordpress\/ -->\n<title>Togo-Caf\u00e9-cacao : la campagne de commercialisation 2022-2023 a d\u00e9but\u00e9 - Togo<\/title>\n<meta name=\"description\" content=\"C\u2019est le ministre du Commerce, de l\u2019Industrie et de la Consommation locale lui-me\u0302me qui a lance\u0301 ce jeudi 22 septemb ...\" \/>\n<meta name=\"robots\" content=\"index, follow, max-snippet:-1, max-image-preview:large, max-video-preview:-1\" \/>\n<link rel=\"canonical\" href=\"https:\/\/www.africa-press.net\/togo\/economie\/togo-cafe-cacao-la-campagne-de-commercialisation-2022-2023-a-debute\" \/>\n<meta property=\"og:locale\" content=\"fr_FR\" \/>\n<meta property=\"og:type\" content=\"article\" \/>\n<meta property=\"og:title\" content=\"Togo-Caf\u00e9-cacao : la campagne de commercialisation 2022-2023 a d\u00e9but\u00e9\" \/>\n<meta property=\"og:description\" content=\"C\u2019est le ministre du Commerce, de l\u2019Industrie et de la Consommation locale lui-me\u0302me qui a lance\u0301 ce jeudi 22 septemb ...\" \/>\n<meta property=\"og:url\" content=\"https:\/\/www.africa-press.net\/togo\/economie\/togo-cafe-cacao-la-campagne-de-commercialisation-2022-2023-a-debute\" \/>\n<meta property=\"og:site_name\" content=\"Togo\" \/>\n<meta property=\"article:published_time\" content=\"2022-09-23T22:13:05+00:00\" \/>\n<meta property=\"article:modified_time\" content=\"2022-09-23T22:27:57+00:00\" \/>\n<meta property=\"og:image\" content=\"https:\/\/static.africa-press.net\/togo\/sites\/58\/2022\/09\/postQueueImg_7-632e32cfe76ae.jpg\" \/>\n\t<meta property=\"og:image:width\" content=\"1280\" \/>\n\t<meta property=\"og:image:height\" content=\"800\" \/>\n\t<meta property=\"og:image:type\" content=\"image\/jpeg\" \/>\n<meta name=\"author\" content=\"cfeditorfr\" \/>\n<meta name=\"twitter:card\" content=\"summary_large_image\" \/>\n<meta name=\"twitter:label1\" content=\"\u00c9crit par\" \/>\n\t<meta name=\"twitter:data1\" content=\"cfeditorfr\" \/>\n\t<meta name=\"twitter:label2\" content=\"Dur\u00e9e de lecture estim\u00e9e\" \/>\n\t<meta name=\"twitter:data2\" content=\"2 minutes\" \/>\n<script type=\"application\/ld+json\" class=\"yoast-schema-graph\">{\"@context\":\"https:\/\/schema.org\",\"@graph\":[{\"@type\":\"Article\",\"@id\":\"https:\/\/www.africa-press.net\/togo\/economie\/togo-cafe-cacao-la-campagne-de-commercialisation-2022-2023-a-debute#article\",\"isPartOf\":{\"@id\":\"https:\/\/www.africa-press.net\/togo\/economie\/togo-cafe-cacao-la-campagne-de-commercialisation-2022-2023-a-debute\"},\"author\":{\"name\":\"cfeditorfr\",\"@id\":\"https:\/\/www.africa-press.net\/togo\/#\/schema\/person\/2b1cf3cd81a31e3cd26889ca66d677f1\"},\"headline\":\"Togo-Caf\u00e9-cacao : la campagne de commercialisation 2022-2023 a d\u00e9but\u00e9\",\"datePublished\":\"2022-09-23T22:13:05+00:00\",\"dateModified\":\"2022-09-23T22:27:57+00:00\",\"mainEntityOfPage\":{\"@id\":\"https:\/\/www.africa-press.net\/togo\/economie\/togo-cafe-cacao-la-campagne-de-commercialisation-2022-2023-a-debute\"},\"wordCount\":275,\"commentCount\":0,\"image\":{\"@id\":\"https:\/\/www.africa-press.net\/togo\/economie\/togo-cafe-cacao-la-campagne-de-commercialisation-2022-2023-a-debute#primaryimage\"},\"thumbnailUrl\":\"https:\/\/static.africa-press.net\/togo\/sites\/58\/2022\/09\/postQueueImg_7-632e32cfe76ae.jpg\",\"keywords\":[\"Africa Press\",\"Africa Press-Togo\",\"Togo\"],\"articleSection\":[\"\u00c9conomie\",\"Toutes les actualit\u00e9s\"],\"inLanguage\":\"fr-FR\",\"potentialAction\":[{\"@type\":\"CommentAction\",\"name\":\"Comment\",\"target\":[\"https:\/\/www.africa-press.net\/togo\/economie\/togo-cafe-cacao-la-campagne-de-commercialisation-2022-2023-a-debute#respond\"]}]},{\"@type\":\"WebPage\",\"@id\":\"https:\/\/www.africa-press.net\/togo\/economie\/togo-cafe-cacao-la-campagne-de-commercialisation-2022-2023-a-debute\",\"url\":\"https:\/\/www.africa-press.net\/togo\/economie\/togo-cafe-cacao-la-campagne-de-commercialisation-2022-2023-a-debute\",\"name\":\"Togo-Caf\u00e9-cacao : la campagne de commercialisation 2022-2023 a d\u00e9but\u00e9 - Togo\",\"isPartOf\":{\"@id\":\"https:\/\/www.africa-press.net\/togo\/#website\"},\"primaryImageOfPage\":{\"@id\":\"https:\/\/www.africa-press.net\/togo\/economie\/togo-cafe-cacao-la-campagne-de-commercialisation-2022-2023-a-debute#primaryimage\"},\"image\":{\"@id\":\"https:\/\/www.africa-press.net\/togo\/economie\/togo-cafe-cacao-la-campagne-de-commercialisation-2022-2023-a-debute#primaryimage\"},\"thumbnailUrl\":\"https:\/\/static.africa-press.net\/togo\/sites\/58\/2022\/09\/postQueueImg_7-632e32cfe76ae.jpg\",\"datePublished\":\"2022-09-23T22:13:05+00:00\",\"dateModified\":\"2022-09-23T22:27:57+00:00\",\"author\":{\"@id\":\"https:\/\/www.africa-press.net\/togo\/#\/schema\/person\/2b1cf3cd81a31e3cd26889ca66d677f1\"},\"description\":\"C\u2019est le ministre du Commerce, de l\u2019Industrie et de la Consommation locale lui-me\u0302me qui a lance\u0301 ce jeudi 22 septemb ...\",\"breadcrumb\":{\"@id\":\"https:\/\/www.africa-press.net\/togo\/economie\/togo-cafe-cacao-la-campagne-de-commercialisation-2022-2023-a-debute#breadcrumb\"},\"inLanguage\":\"fr-FR\",\"potentialAction\":[{\"@type\":\"ReadAction\",\"target\":[\"https:\/\/www.africa-press.net\/togo\/economie\/togo-cafe-cacao-la-campagne-de-commercialisation-2022-2023-a-debute\"]}]},{\"@type\":\"ImageObject\",\"inLanguage\":\"fr-FR\",\"@id\":\"https:\/\/www.africa-press.net\/togo\/economie\/togo-cafe-cacao-la-campagne-de-commercialisation-2022-2023-a-debute#primaryimage\",\"url\":\"https:\/\/static.africa-press.net\/togo\/sites\/58\/2022\/09\/postQueueImg_7-632e32cfe76ae.jpg\",\"contentUrl\":\"https:\/\/static.africa-press.net\/togo\/sites\/58\/2022\/09\/postQueueImg_7-632e32cfe76ae.jpg\",\"width\":1280,\"height\":800,\"caption\":\"Togo-Caf\u00e9-cacao : la campagne de commercialisation 2022-2023 a d\u00e9but\u00e9\"},{\"@type\":\"BreadcrumbList\",\"@id\":\"https:\/\/www.africa-press.net\/togo\/economie\/togo-cafe-cacao-la-campagne-de-commercialisation-2022-2023-a-debute#breadcrumb\",\"itemListElement\":[{\"@type\":\"ListItem\",\"position\":1,\"name\":\"Accueil\",\"item\":\"https:\/\/www.africa-press.net\/togo\/\"},{\"@type\":\"ListItem\",\"position\":2,\"name\":\"Togo-Caf\u00e9-cacao : la campagne de commercialisation 2022-2023 a d\u00e9but\u00e9\"}]},{\"@type\":\"WebSite\",\"@id\":\"https:\/\/www.africa-press.net\/togo\/#website\",\"url\":\"https:\/\/www.africa-press.net\/togo\/\",\"name\":\"Togo\",\"description\":\"Just another Africa News Agency Sites site\",\"potentialAction\":[{\"@type\":\"SearchAction\",\"target\":{\"@type\":\"EntryPoint\",\"urlTemplate\":\"https:\/\/www.africa-press.net\/togo\/?s={search_term_string}\"},\"query-input\":{\"@type\":\"PropertyValueSpecification\",\"valueRequired\":true,\"valueName\":\"search_term_string\"}}],\"inLanguage\":\"fr-FR\"},{\"@type\":\"Person\",\"@id\":\"https:\/\/www.africa-press.net\/togo\/#\/schema\/person\/2b1cf3cd81a31e3cd26889ca66d677f1\",\"name\":\"cfeditorfr\"}]}<\/script>\n<!-- \/ Yoast SEO Premium plugin. -->","yoast_head_json":{"title":"Togo-Caf\u00e9-cacao : la campagne de commercialisation 2022-2023 a d\u00e9but\u00e9 - Togo","description":"C\u2019est le ministre du Commerce, de l\u2019Industrie et de la Consommation locale lui-me\u0302me qui a lance\u0301 ce jeudi 22 septemb ...","robots":{"index":"index","follow":"follow","max-snippet":"max-snippet:-1","max-image-preview":"max-image-preview:large","max-video-preview":"max-video-preview:-1"},"canonical":"https:\/\/www.africa-press.net\/togo\/economie\/togo-cafe-cacao-la-campagne-de-commercialisation-2022-2023-a-debute","og_locale":"fr_FR","og_type":"article","og_title":"Togo-Caf\u00e9-cacao : la campagne de commercialisation 2022-2023 a d\u00e9but\u00e9","og_description":"C\u2019est le ministre du Commerce, de l\u2019Industrie et de la Consommation locale lui-me\u0302me qui a lance\u0301 ce jeudi 22 septemb ...","og_url":"https:\/\/www.africa-press.net\/togo\/economie\/togo-cafe-cacao-la-campagne-de-commercialisation-2022-2023-a-debute","og_site_name":"Togo","article_published_time":"2022-09-23T22:13:05+00:00","article_modified_time":"2022-09-23T22:27:57+00:00","og_image":[{"width":1280,"height":800,"url":"https:\/\/static.africa-press.net\/togo\/sites\/58\/2022\/09\/postQueueImg_7-632e32cfe76ae.jpg","type":"image\/jpeg"}],"author":"cfeditorfr","twitter_card":"summary_large_image","twitter_misc":{"\u00c9crit par":"cfeditorfr","Dur\u00e9e de lecture estim\u00e9e":"2 minutes"},"schema":{"@context":"https:\/\/schema.org","@graph":[{"@type":"Article","@id":"https:\/\/www.africa-press.net\/togo\/economie\/togo-cafe-cacao-la-campagne-de-commercialisation-2022-2023-a-debute#article","isPartOf":{"@id":"https:\/\/www.africa-press.net\/togo\/economie\/togo-cafe-cacao-la-campagne-de-commercialisation-2022-2023-a-debute"},"author":{"name":"cfeditorfr","@id":"https:\/\/www.africa-press.net\/togo\/#\/schema\/person\/2b1cf3cd81a31e3cd26889ca66d677f1"},"headline":"Togo-Caf\u00e9-cacao : la campagne de commercialisation 2022-2023 a d\u00e9but\u00e9","datePublished":"2022-09-23T22:13:05+00:00","dateModified":"2022-09-23T22:27:57+00:00","mainEntityOfPage":{"@id":"https:\/\/www.africa-press.net\/togo\/economie\/togo-cafe-cacao-la-campagne-de-commercialisation-2022-2023-a-debute"},"wordCount":275,"commentCount":0,"image":{"@id":"https:\/\/www.africa-press.net\/togo\/economie\/togo-cafe-cacao-la-campagne-de-commercialisation-2022-2023-a-debute#primaryimage"},"thumbnailUrl":"https:\/\/static.africa-press.net\/togo\/sites\/58\/2022\/09\/postQueueImg_7-632e32cfe76ae.jpg","keywords":["Africa Press","Africa Press-Togo","Togo"],"articleSection":["\u00c9conomie","Toutes les actualit\u00e9s"],"inLanguage":"fr-FR","potentialAction":[{"@type":"CommentAction","name":"Comment","target":["https:\/\/www.africa-press.net\/togo\/economie\/togo-cafe-cacao-la-campagne-de-commercialisation-2022-2023-a-debute#respond"]}]},{"@type":"WebPage","@id":"https:\/\/www.africa-press.net\/togo\/economie\/togo-cafe-cacao-la-campagne-de-commercialisation-2022-2023-a-debute","url":"https:\/\/www.africa-press.net\/togo\/economie\/togo-cafe-cacao-la-campagne-de-commercialisation-2022-2023-a-debute","name":"Togo-Caf\u00e9-cacao : la campagne de commercialisation 2022-2023 a d\u00e9but\u00e9 - Togo","isPartOf":{"@id":"https:\/\/www.africa-press.net\/togo\/#website"},"primaryImageOfPage":{"@id":"https:\/\/www.africa-press.net\/togo\/economie\/togo-cafe-cacao-la-campagne-de-commercialisation-2022-2023-a-debute#primaryimage"},"image":{"@id":"https:\/\/www.africa-press.net\/togo\/economie\/togo-cafe-cacao-la-campagne-de-commercialisation-2022-2023-a-debute#primaryimage"},"thumbnailUrl":"https:\/\/static.africa-press.net\/togo\/sites\/58\/2022\/09\/postQueueImg_7-632e32cfe76ae.jpg","datePublished":"2022-09-23T22:13:05+00:00","dateModified":"2022-09-23T22:27:57+00:00","author":{"@id":"https:\/\/www.africa-press.net\/togo\/#\/schema\/person\/2b1cf3cd81a31e3cd26889ca66d677f1"},"description":"C\u2019est le ministre du Commerce, de l\u2019Industrie et de la Consommation locale lui-me\u0302me qui a lance\u0301 ce jeudi 22 septemb ...","breadcrumb":{"@id":"https:\/\/www.africa-press.net\/togo\/economie\/togo-cafe-cacao-la-campagne-de-commercialisation-2022-2023-a-debute#breadcrumb"},"inLanguage":"fr-FR","potentialAction":[{"@type":"ReadAction","target":["https:\/\/www.africa-press.net\/togo\/economie\/togo-cafe-cacao-la-campagne-de-commercialisation-2022-2023-a-debute"]}]},{"@type":"ImageObject","inLanguage":"fr-FR","@id":"https:\/\/www.africa-press.net\/togo\/economie\/togo-cafe-cacao-la-campagne-de-commercialisation-2022-2023-a-debute#primaryimage","url":"https:\/\/static.africa-press.net\/togo\/sites\/58\/2022\/09\/postQueueImg_7-632e32cfe76ae.jpg","contentUrl":"https:\/\/static.africa-press.net\/togo\/sites\/58\/2022\/09\/postQueueImg_7-632e32cfe76ae.jpg","width":1280,"height":800,"caption":"Togo-Caf\u00e9-cacao : la campagne de commercialisation 2022-2023 a d\u00e9but\u00e9"},{"@type":"BreadcrumbList","@id":"https:\/\/www.africa-press.net\/togo\/economie\/togo-cafe-cacao-la-campagne-de-commercialisation-2022-2023-a-debute#breadcrumb","itemListElement":[{"@type":"ListItem","position":1,"name":"Accueil","item":"https:\/\/www.africa-press.net\/togo\/"},{"@type":"ListItem","position":2,"name":"Togo-Caf\u00e9-cacao : la campagne de commercialisation 2022-2023 a d\u00e9but\u00e9"}]},{"@type":"WebSite","@id":"https:\/\/www.africa-press.net\/togo\/#website","url":"https:\/\/www.africa-press.net\/togo\/","name":"Togo","description":"Just another Africa News Agency Sites site","potentialAction":[{"@type":"SearchAction","target":{"@type":"EntryPoint","urlTemplate":"https:\/\/www.africa-press.net\/togo\/?s={search_term_string}"},"query-input":{"@type":"PropertyValueSpecification","valueRequired":true,"valueName":"search_term_string"}}],"inLanguage":"fr-FR"},{"@type":"Person","@id":"https:\/\/www.africa-press.net\/togo\/#\/schema\/person\/2b1cf3cd81a31e3cd26889ca66d677f1","name":"cfeditorfr"}]}},"_links":{"self":[{"href":"https:\/\/www.africa-press.net\/togo\/wp-json\/wp\/v2\/posts\/11419","targetHints":{"allow":["GET"]}}],"collection":[{"href":"https:\/\/www.africa-press.net\/togo\/wp-json\/wp\/v2\/posts"}],"about":[{"href":"https:\/\/www.africa-press.net\/togo\/wp-json\/wp\/v2\/types\/post"}],"author":[{"embeddable":true,"href":"https:\/\/www.africa-press.net\/togo\/wp-json\/wp\/v2\/users\/82"}],"replies":[{"embeddable":true,"href":"https:\/\/www.africa-press.net\/togo\/wp-json\/wp\/v2\/comments?post=11419"}],"version-history":[{"count":0,"href":"https:\/\/www.africa-press.net\/togo\/wp-json\/wp\/v2\/posts\/11419\/revisions"}],"wp:featuredmedia":[{"embeddable":true,"href":"https:\/\/www.africa-press.net\/togo\/wp-json\/wp\/v2\/media\/11418"}],"wp:attachment":[{"href":"https:\/\/www.africa-press.net\/togo\/wp-json\/wp\/v2\/media?parent=11419"}],"wp:term":[{"taxonomy":"category","embeddable":true,"href":"https:\/\/www.africa-press.net\/togo\/wp-json\/wp\/v2\/categories?post=11419"},{"taxonomy":"post_tag","embeddable":true,"href":"https:\/\/www.africa-press.net\/togo\/wp-json\/wp\/v2\/tags?post=11419"}],"curies":[{"name":"wp","href":"https:\/\/api.w.org\/{rel}","templated":true}]}}