{"id":11422,"date":"2022-09-23T22:13:19","date_gmt":"2022-09-23T22:13:19","guid":{"rendered":"https:\/\/www.africa-press.net\/togo\/politique\/togo-dans-la-confusion-la-couleur-de-la-359eme-pierre-sacree-est-blanche-immaculee"},"modified":"2022-09-23T22:28:27","modified_gmt":"2022-09-23T22:28:27","slug":"togo-dans-la-confusion-la-couleur-de-la-359eme-pierre-sacree-est-blanche-immaculee","status":"publish","type":"post","link":"https:\/\/www.africa-press.net\/togo\/toutes-les-actualites\/togo-dans-la-confusion-la-couleur-de-la-359eme-pierre-sacree-est-blanche-immaculee","title":{"rendered":"Togo-Dans la confusion, la couleur de la 359\u00e8me pierre sacr\u00e9e est blanche immacul\u00e9e"},"content":{"rendered":"<p><span style=\"color: #ff6600\"><strong>Africa-Press &#8211; Togo. <\/strong><\/span><b>Dans la division, voire la confusion, la ce\u0301re\u0301monie de la prise de la pierre sacre\u0301e s\u2019est de\u0301roule\u0301e ce jeudi 22 septembre 2022 a\u0300 Avegbatso. Sa couleur, blanche immacule\u0301e. Son message : prospe\u0301rite\u0301.<\/b><\/p>\n<p>Bien que boycotte\u0301e par une partie importante des dignitaires de culte vodou dans la localite\u0301, l\u2019e\u0301dition 359e\u0300 de Kpessosso a eu lieu comme annonce\u0301e il y a plusieurs semaines. Le blanc immacule\u0301, sa couleur, signifierait, selon l\u2019oracle, qu\u2019il y aurait de la prospe\u0301rite\u0301 dans la communaute\u0301 Ge\u0302.<\/p>\n<p>Toutefois, recommande-t-il, il faut faire d\u2019abord un certain nombre de rites afin de mettre fin aux querelles internes qui minent le vivre-ensemble et l\u2019harmonie.<\/p>\n<p>La communaute\u0301 Zowla, elle, a lance\u0301 un appel de boycott a\u0300 la veille de l\u2019e\u0301ve\u0300nement. Car elle a e\u0301te\u0301 empe\u0302che\u0301e par les autorite\u0301s pre\u0301fectorales et militaires d\u2019organisation la ce\u0301re\u0301monie de \u00ab situtu \u00bb en pre\u0301lude a\u0300 la prise de la pierre sacre\u0301e.<\/p>\n<p><strong>Pour plus d&rsquo;informations et d&rsquo;analyses sur la <a href=\"https:\/\/www.africa-press.net\/togo\">Togo<\/a>, suivez <a href=\"https:\/\/www.africa-press.net\/\">Africa-Press<\/a><\/strong><\/p>\n","protected":false},"excerpt":{"rendered":"<p>Africa-Press &#8211; Togo. Dans la division, voire la confusion, la ce\u0301re\u0301monie de la prise de la pierre sacre\u0301e s\u2019est de\u0301roule\u0301e ce jeudi 22 septembre 2022 a\u0300 Avegbatso. Sa couleur, blanche immacule\u0301e. Son message : prospe\u0301rite\u0301. Bien que boycotte\u0301e par une partie importante des dignitaires de culte vodou dans la localite\u0301, l\u2019e\u0301dition 359e\u0300 de Kpessosso a [&hellip;]<\/p>\n","protected":false},"author":82,"featured_media":11421,"comment_status":"open","ping_status":"closed","sticky":false,"template":"","format":"standard","meta":{"footnotes":""},"categories":[21,10],"tags":[36,49,50],"class_list":["post-11422","post","type-post","status-publish","format-standard","has-post-thumbnail","hentry","category-communaute","category-toutes-les-actualites","tag-africa-press","tag-africa-press-togo","tag-togo"],"yoast_head":"<!-- This site is optimized with the Yoast SEO Premium plugin v26.1 (Yoast SEO v27.0) - https:\/\/yoast.com\/product\/yoast-seo-premium-wordpress\/ -->\n<title>Togo-Dans la confusion, la couleur de la 359\u00e8me pierre sacr\u00e9e est blanche immacul\u00e9e - Togo<\/title>\n<meta name=\"description\" content=\"Dans la division, voire la confusion, la ce\u0301re\u0301monie de la prise de la pierre sacre\u0301e s\u2019est de\u0301roule\u0301e ce jeudi 22 se ...\" \/>\n<meta name=\"robots\" content=\"index, follow, max-snippet:-1, max-image-preview:large, max-video-preview:-1\" \/>\n<link rel=\"canonical\" href=\"https:\/\/www.africa-press.net\/togo\/toutes-les-actualites\/togo-dans-la-confusion-la-couleur-de-la-359eme-pierre-sacree-est-blanche-immaculee\" \/>\n<meta property=\"og:locale\" content=\"fr_FR\" \/>\n<meta property=\"og:type\" content=\"article\" \/>\n<meta property=\"og:title\" content=\"Togo-Dans la confusion, la couleur de la 359\u00e8me pierre sacr\u00e9e est blanche immacul\u00e9e\" \/>\n<meta property=\"og:description\" content=\"Dans la division, voire la confusion, la ce\u0301re\u0301monie de la prise de la pierre sacre\u0301e s\u2019est de\u0301roule\u0301e ce jeudi 22 se ...\" \/>\n<meta property=\"og:url\" content=\"https:\/\/www.africa-press.net\/togo\/toutes-les-actualites\/togo-dans-la-confusion-la-couleur-de-la-359eme-pierre-sacree-est-blanche-immaculee\" \/>\n<meta property=\"og:site_name\" content=\"Togo\" \/>\n<meta property=\"article:published_time\" content=\"2022-09-23T22:13:19+00:00\" \/>\n<meta property=\"article:modified_time\" content=\"2022-09-23T22:28:27+00:00\" \/>\n<meta property=\"og:image\" content=\"https:\/\/static.africa-press.net\/togo\/sites\/58\/2022\/09\/postQueueImg_8-632e32f31ca4b.jpg\" \/>\n\t<meta property=\"og:image:width\" content=\"1280\" \/>\n\t<meta property=\"og:image:height\" content=\"800\" \/>\n\t<meta property=\"og:image:type\" content=\"image\/jpeg\" \/>\n<meta name=\"author\" content=\"cfeditorfr\" \/>\n<meta name=\"twitter:card\" content=\"summary_large_image\" \/>\n<meta name=\"twitter:label1\" content=\"\u00c9crit par\" \/>\n\t<meta name=\"twitter:data1\" content=\"cfeditorfr\" \/>\n\t<meta name=\"twitter:label2\" content=\"Dur\u00e9e de lecture estim\u00e9e\" \/>\n\t<meta name=\"twitter:data2\" content=\"1 minute\" \/>\n<script type=\"application\/ld+json\" class=\"yoast-schema-graph\">{\"@context\":\"https:\/\/schema.org\",\"@graph\":[{\"@type\":\"Article\",\"@id\":\"https:\/\/www.africa-press.net\/togo\/toutes-les-actualites\/togo-dans-la-confusion-la-couleur-de-la-359eme-pierre-sacree-est-blanche-immaculee#article\",\"isPartOf\":{\"@id\":\"https:\/\/www.africa-press.net\/togo\/toutes-les-actualites\/togo-dans-la-confusion-la-couleur-de-la-359eme-pierre-sacree-est-blanche-immaculee\"},\"author\":{\"name\":\"cfeditorfr\",\"@id\":\"https:\/\/www.africa-press.net\/togo\/#\/schema\/person\/2b1cf3cd81a31e3cd26889ca66d677f1\"},\"headline\":\"Togo-Dans la confusion, la couleur de la 359\u00e8me pierre sacr\u00e9e est blanche immacul\u00e9e\",\"datePublished\":\"2022-09-23T22:13:19+00:00\",\"dateModified\":\"2022-09-23T22:28:27+00:00\",\"mainEntityOfPage\":{\"@id\":\"https:\/\/www.africa-press.net\/togo\/toutes-les-actualites\/togo-dans-la-confusion-la-couleur-de-la-359eme-pierre-sacree-est-blanche-immaculee\"},\"wordCount\":200,\"commentCount\":0,\"image\":{\"@id\":\"https:\/\/www.africa-press.net\/togo\/toutes-les-actualites\/togo-dans-la-confusion-la-couleur-de-la-359eme-pierre-sacree-est-blanche-immaculee#primaryimage\"},\"thumbnailUrl\":\"https:\/\/static.africa-press.net\/togo\/sites\/58\/2022\/09\/postQueueImg_8-632e32f31ca4b.jpg\",\"keywords\":[\"Africa Press\",\"Africa Press-Togo\",\"Togo\"],\"articleSection\":[\"Communaut\u00e9\",\"Toutes les actualit\u00e9s\"],\"inLanguage\":\"fr-FR\",\"potentialAction\":[{\"@type\":\"CommentAction\",\"name\":\"Comment\",\"target\":[\"https:\/\/www.africa-press.net\/togo\/toutes-les-actualites\/togo-dans-la-confusion-la-couleur-de-la-359eme-pierre-sacree-est-blanche-immaculee#respond\"]}]},{\"@type\":\"WebPage\",\"@id\":\"https:\/\/www.africa-press.net\/togo\/toutes-les-actualites\/togo-dans-la-confusion-la-couleur-de-la-359eme-pierre-sacree-est-blanche-immaculee\",\"url\":\"https:\/\/www.africa-press.net\/togo\/toutes-les-actualites\/togo-dans-la-confusion-la-couleur-de-la-359eme-pierre-sacree-est-blanche-immaculee\",\"name\":\"Togo-Dans la confusion, la couleur de la 359\u00e8me pierre sacr\u00e9e est blanche immacul\u00e9e - Togo\",\"isPartOf\":{\"@id\":\"https:\/\/www.africa-press.net\/togo\/#website\"},\"primaryImageOfPage\":{\"@id\":\"https:\/\/www.africa-press.net\/togo\/toutes-les-actualites\/togo-dans-la-confusion-la-couleur-de-la-359eme-pierre-sacree-est-blanche-immaculee#primaryimage\"},\"image\":{\"@id\":\"https:\/\/www.africa-press.net\/togo\/toutes-les-actualites\/togo-dans-la-confusion-la-couleur-de-la-359eme-pierre-sacree-est-blanche-immaculee#primaryimage\"},\"thumbnailUrl\":\"https:\/\/static.africa-press.net\/togo\/sites\/58\/2022\/09\/postQueueImg_8-632e32f31ca4b.jpg\",\"datePublished\":\"2022-09-23T22:13:19+00:00\",\"dateModified\":\"2022-09-23T22:28:27+00:00\",\"author\":{\"@id\":\"https:\/\/www.africa-press.net\/togo\/#\/schema\/person\/2b1cf3cd81a31e3cd26889ca66d677f1\"},\"description\":\"Dans la division, voire la confusion, la ce\u0301re\u0301monie de la prise de la pierre sacre\u0301e s\u2019est de\u0301roule\u0301e ce jeudi 22 se ...\",\"breadcrumb\":{\"@id\":\"https:\/\/www.africa-press.net\/togo\/toutes-les-actualites\/togo-dans-la-confusion-la-couleur-de-la-359eme-pierre-sacree-est-blanche-immaculee#breadcrumb\"},\"inLanguage\":\"fr-FR\",\"potentialAction\":[{\"@type\":\"ReadAction\",\"target\":[\"https:\/\/www.africa-press.net\/togo\/toutes-les-actualites\/togo-dans-la-confusion-la-couleur-de-la-359eme-pierre-sacree-est-blanche-immaculee\"]}]},{\"@type\":\"ImageObject\",\"inLanguage\":\"fr-FR\",\"@id\":\"https:\/\/www.africa-press.net\/togo\/toutes-les-actualites\/togo-dans-la-confusion-la-couleur-de-la-359eme-pierre-sacree-est-blanche-immaculee#primaryimage\",\"url\":\"https:\/\/static.africa-press.net\/togo\/sites\/58\/2022\/09\/postQueueImg_8-632e32f31ca4b.jpg\",\"contentUrl\":\"https:\/\/static.africa-press.net\/togo\/sites\/58\/2022\/09\/postQueueImg_8-632e32f31ca4b.jpg\",\"width\":1280,\"height\":800,\"caption\":\"Togo-Dans la confusion, la couleur de la 359\u00e8me pierre sacr\u00e9e est blanche immacul\u00e9e\"},{\"@type\":\"BreadcrumbList\",\"@id\":\"https:\/\/www.africa-press.net\/togo\/toutes-les-actualites\/togo-dans-la-confusion-la-couleur-de-la-359eme-pierre-sacree-est-blanche-immaculee#breadcrumb\",\"itemListElement\":[{\"@type\":\"ListItem\",\"position\":1,\"name\":\"Accueil\",\"item\":\"https:\/\/www.africa-press.net\/togo\/\"},{\"@type\":\"ListItem\",\"position\":2,\"name\":\"Togo-Dans la confusion, la couleur de la 359\u00e8me pierre sacr\u00e9e est blanche immacul\u00e9e\"}]},{\"@type\":\"WebSite\",\"@id\":\"https:\/\/www.africa-press.net\/togo\/#website\",\"url\":\"https:\/\/www.africa-press.net\/togo\/\",\"name\":\"Togo\",\"description\":\"Just another Africa News Agency Sites site\",\"potentialAction\":[{\"@type\":\"SearchAction\",\"target\":{\"@type\":\"EntryPoint\",\"urlTemplate\":\"https:\/\/www.africa-press.net\/togo\/?s={search_term_string}\"},\"query-input\":{\"@type\":\"PropertyValueSpecification\",\"valueRequired\":true,\"valueName\":\"search_term_string\"}}],\"inLanguage\":\"fr-FR\"},{\"@type\":\"Person\",\"@id\":\"https:\/\/www.africa-press.net\/togo\/#\/schema\/person\/2b1cf3cd81a31e3cd26889ca66d677f1\",\"name\":\"cfeditorfr\"}]}<\/script>\n<!-- \/ Yoast SEO Premium plugin. -->","yoast_head_json":{"title":"Togo-Dans la confusion, la couleur de la 359\u00e8me pierre sacr\u00e9e est blanche immacul\u00e9e - Togo","description":"Dans la division, voire la confusion, la ce\u0301re\u0301monie de la prise de la pierre sacre\u0301e s\u2019est de\u0301roule\u0301e ce jeudi 22 se ...","robots":{"index":"index","follow":"follow","max-snippet":"max-snippet:-1","max-image-preview":"max-image-preview:large","max-video-preview":"max-video-preview:-1"},"canonical":"https:\/\/www.africa-press.net\/togo\/toutes-les-actualites\/togo-dans-la-confusion-la-couleur-de-la-359eme-pierre-sacree-est-blanche-immaculee","og_locale":"fr_FR","og_type":"article","og_title":"Togo-Dans la confusion, la couleur de la 359\u00e8me pierre sacr\u00e9e est blanche immacul\u00e9e","og_description":"Dans la division, voire la confusion, la ce\u0301re\u0301monie de la prise de la pierre sacre\u0301e s\u2019est de\u0301roule\u0301e ce jeudi 22 se ...","og_url":"https:\/\/www.africa-press.net\/togo\/toutes-les-actualites\/togo-dans-la-confusion-la-couleur-de-la-359eme-pierre-sacree-est-blanche-immaculee","og_site_name":"Togo","article_published_time":"2022-09-23T22:13:19+00:00","article_modified_time":"2022-09-23T22:28:27+00:00","og_image":[{"width":1280,"height":800,"url":"https:\/\/static.africa-press.net\/togo\/sites\/58\/2022\/09\/postQueueImg_8-632e32f31ca4b.jpg","type":"image\/jpeg"}],"author":"cfeditorfr","twitter_card":"summary_large_image","twitter_misc":{"\u00c9crit par":"cfeditorfr","Dur\u00e9e de lecture estim\u00e9e":"1 minute"},"schema":{"@context":"https:\/\/schema.org","@graph":[{"@type":"Article","@id":"https:\/\/www.africa-press.net\/togo\/toutes-les-actualites\/togo-dans-la-confusion-la-couleur-de-la-359eme-pierre-sacree-est-blanche-immaculee#article","isPartOf":{"@id":"https:\/\/www.africa-press.net\/togo\/toutes-les-actualites\/togo-dans-la-confusion-la-couleur-de-la-359eme-pierre-sacree-est-blanche-immaculee"},"author":{"name":"cfeditorfr","@id":"https:\/\/www.africa-press.net\/togo\/#\/schema\/person\/2b1cf3cd81a31e3cd26889ca66d677f1"},"headline":"Togo-Dans la confusion, la couleur de la 359\u00e8me pierre sacr\u00e9e est blanche immacul\u00e9e","datePublished":"2022-09-23T22:13:19+00:00","dateModified":"2022-09-23T22:28:27+00:00","mainEntityOfPage":{"@id":"https:\/\/www.africa-press.net\/togo\/toutes-les-actualites\/togo-dans-la-confusion-la-couleur-de-la-359eme-pierre-sacree-est-blanche-immaculee"},"wordCount":200,"commentCount":0,"image":{"@id":"https:\/\/www.africa-press.net\/togo\/toutes-les-actualites\/togo-dans-la-confusion-la-couleur-de-la-359eme-pierre-sacree-est-blanche-immaculee#primaryimage"},"thumbnailUrl":"https:\/\/static.africa-press.net\/togo\/sites\/58\/2022\/09\/postQueueImg_8-632e32f31ca4b.jpg","keywords":["Africa Press","Africa Press-Togo","Togo"],"articleSection":["Communaut\u00e9","Toutes les actualit\u00e9s"],"inLanguage":"fr-FR","potentialAction":[{"@type":"CommentAction","name":"Comment","target":["https:\/\/www.africa-press.net\/togo\/toutes-les-actualites\/togo-dans-la-confusion-la-couleur-de-la-359eme-pierre-sacree-est-blanche-immaculee#respond"]}]},{"@type":"WebPage","@id":"https:\/\/www.africa-press.net\/togo\/toutes-les-actualites\/togo-dans-la-confusion-la-couleur-de-la-359eme-pierre-sacree-est-blanche-immaculee","url":"https:\/\/www.africa-press.net\/togo\/toutes-les-actualites\/togo-dans-la-confusion-la-couleur-de-la-359eme-pierre-sacree-est-blanche-immaculee","name":"Togo-Dans la confusion, la couleur de la 359\u00e8me pierre sacr\u00e9e est blanche immacul\u00e9e - Togo","isPartOf":{"@id":"https:\/\/www.africa-press.net\/togo\/#website"},"primaryImageOfPage":{"@id":"https:\/\/www.africa-press.net\/togo\/toutes-les-actualites\/togo-dans-la-confusion-la-couleur-de-la-359eme-pierre-sacree-est-blanche-immaculee#primaryimage"},"image":{"@id":"https:\/\/www.africa-press.net\/togo\/toutes-les-actualites\/togo-dans-la-confusion-la-couleur-de-la-359eme-pierre-sacree-est-blanche-immaculee#primaryimage"},"thumbnailUrl":"https:\/\/static.africa-press.net\/togo\/sites\/58\/2022\/09\/postQueueImg_8-632e32f31ca4b.jpg","datePublished":"2022-09-23T22:13:19+00:00","dateModified":"2022-09-23T22:28:27+00:00","author":{"@id":"https:\/\/www.africa-press.net\/togo\/#\/schema\/person\/2b1cf3cd81a31e3cd26889ca66d677f1"},"description":"Dans la division, voire la confusion, la ce\u0301re\u0301monie de la prise de la pierre sacre\u0301e s\u2019est de\u0301roule\u0301e ce jeudi 22 se ...","breadcrumb":{"@id":"https:\/\/www.africa-press.net\/togo\/toutes-les-actualites\/togo-dans-la-confusion-la-couleur-de-la-359eme-pierre-sacree-est-blanche-immaculee#breadcrumb"},"inLanguage":"fr-FR","potentialAction":[{"@type":"ReadAction","target":["https:\/\/www.africa-press.net\/togo\/toutes-les-actualites\/togo-dans-la-confusion-la-couleur-de-la-359eme-pierre-sacree-est-blanche-immaculee"]}]},{"@type":"ImageObject","inLanguage":"fr-FR","@id":"https:\/\/www.africa-press.net\/togo\/toutes-les-actualites\/togo-dans-la-confusion-la-couleur-de-la-359eme-pierre-sacree-est-blanche-immaculee#primaryimage","url":"https:\/\/static.africa-press.net\/togo\/sites\/58\/2022\/09\/postQueueImg_8-632e32f31ca4b.jpg","contentUrl":"https:\/\/static.africa-press.net\/togo\/sites\/58\/2022\/09\/postQueueImg_8-632e32f31ca4b.jpg","width":1280,"height":800,"caption":"Togo-Dans la confusion, la couleur de la 359\u00e8me pierre sacr\u00e9e est blanche immacul\u00e9e"},{"@type":"BreadcrumbList","@id":"https:\/\/www.africa-press.net\/togo\/toutes-les-actualites\/togo-dans-la-confusion-la-couleur-de-la-359eme-pierre-sacree-est-blanche-immaculee#breadcrumb","itemListElement":[{"@type":"ListItem","position":1,"name":"Accueil","item":"https:\/\/www.africa-press.net\/togo\/"},{"@type":"ListItem","position":2,"name":"Togo-Dans la confusion, la couleur de la 359\u00e8me pierre sacr\u00e9e est blanche immacul\u00e9e"}]},{"@type":"WebSite","@id":"https:\/\/www.africa-press.net\/togo\/#website","url":"https:\/\/www.africa-press.net\/togo\/","name":"Togo","description":"Just another Africa News Agency Sites site","potentialAction":[{"@type":"SearchAction","target":{"@type":"EntryPoint","urlTemplate":"https:\/\/www.africa-press.net\/togo\/?s={search_term_string}"},"query-input":{"@type":"PropertyValueSpecification","valueRequired":true,"valueName":"search_term_string"}}],"inLanguage":"fr-FR"},{"@type":"Person","@id":"https:\/\/www.africa-press.net\/togo\/#\/schema\/person\/2b1cf3cd81a31e3cd26889ca66d677f1","name":"cfeditorfr"}]}},"_links":{"self":[{"href":"https:\/\/www.africa-press.net\/togo\/wp-json\/wp\/v2\/posts\/11422","targetHints":{"allow":["GET"]}}],"collection":[{"href":"https:\/\/www.africa-press.net\/togo\/wp-json\/wp\/v2\/posts"}],"about":[{"href":"https:\/\/www.africa-press.net\/togo\/wp-json\/wp\/v2\/types\/post"}],"author":[{"embeddable":true,"href":"https:\/\/www.africa-press.net\/togo\/wp-json\/wp\/v2\/users\/82"}],"replies":[{"embeddable":true,"href":"https:\/\/www.africa-press.net\/togo\/wp-json\/wp\/v2\/comments?post=11422"}],"version-history":[{"count":0,"href":"https:\/\/www.africa-press.net\/togo\/wp-json\/wp\/v2\/posts\/11422\/revisions"}],"wp:featuredmedia":[{"embeddable":true,"href":"https:\/\/www.africa-press.net\/togo\/wp-json\/wp\/v2\/media\/11421"}],"wp:attachment":[{"href":"https:\/\/www.africa-press.net\/togo\/wp-json\/wp\/v2\/media?parent=11422"}],"wp:term":[{"taxonomy":"category","embeddable":true,"href":"https:\/\/www.africa-press.net\/togo\/wp-json\/wp\/v2\/categories?post=11422"},{"taxonomy":"post_tag","embeddable":true,"href":"https:\/\/www.africa-press.net\/togo\/wp-json\/wp\/v2\/tags?post=11422"}],"curies":[{"name":"wp","href":"https:\/\/api.w.org\/{rel}","templated":true}]}}